{"id":6363,"date":"2015-05-04T12:45:10","date_gmt":"2015-05-04T12:45:10","guid":{"rendered":"https:\/\/www.joliehistoire.com\/lu\/uncategorized-lu\/la-seance-fiancailles-de-ms\/"},"modified":"2015-12-10T21:12:44","modified_gmt":"2015-12-10T21:12:44","slug":"seance-fiancailles-kirchberg","status":"publish","type":"post","link":"https:\/\/www.joliehistoire.com\/lu\/blog-lu\/seance-fiancailles-kirchberg\/","title":{"rendered":"La s\u00e9ance fian\u00e7ailles de M&#038;S"},"content":{"rendered":"<p>M&amp;S se marieront \u00e0 <a href=\"http:\/\/fr.wikipedia.org\/wiki\/Bettembourg\">Bettembourg, au sud de Luxembourg<\/a> en Juillet prochain et ils m&#8217;ont fait confiance pour \u00eatre leur <strong>photographe de mariage<\/strong>. Afin de mieux pr\u00e9parer cette journ\u00e9e, de mieux se conna\u00eetre et ainsi de lever toute appr\u00e9hension par rapport aux photos, je leur ai propos\u00e9 une&nbsp;s\u00e9ance fian\u00e7ailles (ou s\u00e9ance&nbsp;engagement).<\/p>\n<h3>Une s\u00e9ance fian\u00e7ailles au Kirchberg<\/h3>\n<p>Finalement tr\u00e8s \u00e0 leur aise devant l&#8217;objectif, nous avons pass\u00e9 un bon moment autour du parc des Trois Glands au Kirchberg. Nous nous sommes promen\u00e9s entre le fort Th\u00fcngen et le Philharmonie,&nbsp;et malgr\u00e9 la grisaille de ces derniers jours nous avons r\u00e9ussi \u00e0 faire quelques belles photos de couple, naturelles et spontan\u00e9es comme je les aime.<\/p>\n<h3>Le lien entre le photographe et les futurs mari\u00e9s<\/h3>\n<p>Je ne con\u00e7ois pas de r\u00e9aliser le reportage complet d&#8217;un mariage sans avoir au pr\u00e9alable passer du temps avec les futurs mari\u00e9s. Il est important d&#8217;\u00e9tablir un lien entre nous et de s&#8217;assurer que nous sommes fait pour nous entendre. Bien entendu, le jour du mariage nos \u00e9changes seront limit\u00e9s car<strong> lors d&#8217;un reportage je me fait discret afin d&#8217;obtenir des photos naturelles prises sur le vif.<\/strong> N\u00e9anmoins, vous serez beaucoup plus \u00e0 votre aise si nous nous entendons bien, et vos invit\u00e9s le ressentiront \u00e9galement, ce qui leur permettra de ne pas avoir d&#8217;apr\u00e9hension \u00e0 mon \u00e9gard, et m\u00eame d&#8217;en oublier ma pr\u00e9sence. Ce qui est d&#8217;ailleur le but recherch\u00e9.<\/p>\n<p>Peu de photographes jugent n\u00e9cessaire cette s\u00e9ance qui pour moi est indispensable. Et puis c&#8217;est \u00e0 chaque fois un moment fun qui se termine bien souvent autour d&#8217;un verre. Vous aurez \u00e9galement des photos suppl\u00e9mentaires que vous pourrez r\u00e9utiliser \u00e0 votre guise. Par exemple pour vos invitations ou Save the date, vos menus de table, vos plan de tables, votre encore votre livre d&#8217;or !<\/p>\n<p><a href=\"https:\/\/www.joliehistoire.com\/lu\/blog-lu\/photo-reportage-mariage-bettembourg\/\">Retrouvez le reportage mariage de M&amp;S dans cet article<\/a>.<\/p>\n\n\t\t<style type=\"text\/css\">\n\t\t\t#gallery-1 {\n\t\t\t\tmargin: auto;\n\t\t\t}\n\t\t\t#gallery-1 .gallery-item {\n\t\t\t\tfloat: left;\n\t\t\t\tmargin-top: 10px;\n\t\t\t\ttext-align: center;\n\t\t\t\twidth: 100%;\n\t\t\t}\n\t\t\t#gallery-1 img {\n\t\t\t\tborder: 2px solid #cfcfcf;\n\t\t\t}\n\t\t\t#gallery-1 .gallery-caption {\n\t\t\t\tmargin-left: 0;\n\t\t\t}\n\t\t\t\/* see gallery_shortcode() in wp-includes\/media.php *\/\n\t\t<\/style>\n\t\t<div id=\"gallery-1\" class=\"gallery galleryid-6363 gallery-columns-1 gallery-size-large ilightbox_gallery\" data-options=\"{attr:'source',path:'horizontal'}\"><dl class=\"gallery-item\">\n\t\t\t<dt class=\"gallery-icon landscape\">\n\t\t\t\t<noscript><img decoding=\"async\" width=\"800\" height=\"534\" src=\"https:\/\/www.joliehistoire.com\/wp-content\/uploads\/2015\/05\/le-photographe-a-zoome-sur-les-mains-des-amoureux.jpg\" class=\"attachment-large size-large\" alt=\"le photographe a zoom\u00e9 sur les mains des amoureux\" srcset=\"https:\/\/www.joliehistoire.com\/wp-content\/uploads\/2015\/05\/le-photographe-a-zoome-sur-les-mains-des-amoureux.jpg 800w, https:\/\/www.joliehistoire.com\/wp-content\/uploads\/2015\/05\/le-photographe-a-zoome-sur-les-mains-des-amoureux-300x200.jpg 300w, https:\/\/www.joliehistoire.com\/wp-content\/uploads\/2015\/05\/le-photographe-a-zoome-sur-les-mains-des-amoureux-749x500.jpg 749w, https:\/\/www.joliehistoire.com\/wp-content\/uploads\/2015\/05\/le-photographe-a-zoome-sur-les-mains-des-amoureux-480x320.jpg 480w\" sizes=\"(max-width: 800px) 100vw, 800px\"><\/noscript><img decoding=\"async\" width=\"800\" height=\"534\" src=\"data:image\/svg+xml,%3Csvg%20xmlns%3D%22http%3A%2F%2Fwww.w3.org%2F2000%2Fsvg%22%20viewBox%3D%220%200%20800%20534%22%3E%3C%2Fsvg%3E\" class=\"attachment-large size-large lazyload\" alt=\"le photographe a zoom\u00e9 sur les mains des amoureux\" srcset=\"data:image\/svg+xml,%3Csvg%20xmlns%3D%22http%3A%2F%2Fwww.w3.org%2F2000%2Fsvg%22%20viewBox%3D%220%200%20800%20534%22%3E%3C%2Fsvg%3E 800w\" sizes=\"(max-width: 800px) 100vw, 800px\" data-srcset=\"https:\/\/www.joliehistoire.com\/wp-content\/uploads\/2015\/05\/le-photographe-a-zoome-sur-les-mains-des-amoureux.jpg 800w, https:\/\/www.joliehistoire.com\/wp-content\/uploads\/2015\/05\/le-photographe-a-zoome-sur-les-mains-des-amoureux-300x200.jpg 300w, https:\/\/www.joliehistoire.com\/wp-content\/uploads\/2015\/05\/le-photographe-a-zoome-sur-les-mains-des-amoureux-749x500.jpg 749w, https:\/\/www.joliehistoire.com\/wp-content\/uploads\/2015\/05\/le-photographe-a-zoome-sur-les-mains-des-amoureux-480x320.jpg 480w\" data-src=\"https:\/\/www.joliehistoire.com\/wp-content\/uploads\/2015\/05\/le-photographe-a-zoome-sur-les-mains-des-amoureux.jpg\">\n\t\t\t<\/dt><\/dl><br style=\"clear: both\"><dl class=\"gallery-item\">\n\t\t\t<dt class=\"gallery-icon portrait\">\n\t\t\t\t<noscript><img decoding=\"async\" width=\"683\" height=\"1024\" src=\"https:\/\/www.joliehistoire.com\/wp-content\/uploads\/2015\/05\/utilisation-de-la-reflection-du-philharmonie-par-le-photographe-683x1024.jpg\" class=\"attachment-large size-large\" alt=\"utilisation de la r\u00e9flection du philharmonie par le photographe\" srcset=\"https:\/\/www.joliehistoire.com\/wp-content\/uploads\/2015\/05\/utilisation-de-la-reflection-du-philharmonie-par-le-photographe.jpg 683w, https:\/\/www.joliehistoire.com\/wp-content\/uploads\/2015\/05\/utilisation-de-la-reflection-du-philharmonie-par-le-photographe-200x300.jpg 200w, https:\/\/www.joliehistoire.com\/wp-content\/uploads\/2015\/05\/utilisation-de-la-reflection-du-philharmonie-par-le-photographe-333x500.jpg 333w, https:\/\/www.joliehistoire.com\/wp-content\/uploads\/2015\/05\/utilisation-de-la-reflection-du-philharmonie-par-le-photographe-480x720.jpg 480w\" sizes=\"(max-width: 683px) 100vw, 683px\"><\/noscript><img decoding=\"async\" width=\"683\" height=\"1024\" src=\"data:image\/svg+xml,%3Csvg%20xmlns%3D%22http%3A%2F%2Fwww.w3.org%2F2000%2Fsvg%22%20viewBox%3D%220%200%20683%201024%22%3E%3C%2Fsvg%3E\" class=\"attachment-large size-large lazyload\" alt=\"utilisation de la r\u00e9flection du philharmonie par le photographe\" srcset=\"data:image\/svg+xml,%3Csvg%20xmlns%3D%22http%3A%2F%2Fwww.w3.org%2F2000%2Fsvg%22%20viewBox%3D%220%200%20683%201024%22%3E%3C%2Fsvg%3E 683w\" sizes=\"(max-width: 683px) 100vw, 683px\" data-srcset=\"https:\/\/www.joliehistoire.com\/wp-content\/uploads\/2015\/05\/utilisation-de-la-reflection-du-philharmonie-par-le-photographe.jpg 683w, https:\/\/www.joliehistoire.com\/wp-content\/uploads\/2015\/05\/utilisation-de-la-reflection-du-philharmonie-par-le-photographe-200x300.jpg 200w, https:\/\/www.joliehistoire.com\/wp-content\/uploads\/2015\/05\/utilisation-de-la-reflection-du-philharmonie-par-le-photographe-333x500.jpg 333w, https:\/\/www.joliehistoire.com\/wp-content\/uploads\/2015\/05\/utilisation-de-la-reflection-du-philharmonie-par-le-photographe-480x720.jpg 480w\" data-src=\"https:\/\/www.joliehistoire.com\/wp-content\/uploads\/2015\/05\/utilisation-de-la-reflection-du-philharmonie-par-le-photographe-683x1024.jpg\">\n\t\t\t<\/dt><\/dl><br style=\"clear: both\"><dl class=\"gallery-item\">\n\t\t\t<dt class=\"gallery-icon landscape\">\n\t\t\t\t<noscript><img decoding=\"async\" width=\"1024\" height=\"683\" src=\"https:\/\/www.joliehistoire.com\/wp-content\/uploads\/2015\/05\/magnifique-instant-de-joie-capte-par-le-photographe-1024x683.jpg\" class=\"attachment-large size-large\" alt=\"magnifique instant de joie capt\u00e9 par le photographe\" srcset=\"https:\/\/www.joliehistoire.com\/wp-content\/uploads\/2015\/05\/magnifique-instant-de-joie-capte-par-le-photographe.jpg 1024w, https:\/\/www.joliehistoire.com\/wp-content\/uploads\/2015\/05\/magnifique-instant-de-joie-capte-par-le-photographe-300x200.jpg 300w, https:\/\/www.joliehistoire.com\/wp-content\/uploads\/2015\/05\/magnifique-instant-de-joie-capte-par-le-photographe-750x500.jpg 750w, https:\/\/www.joliehistoire.com\/wp-content\/uploads\/2015\/05\/magnifique-instant-de-joie-capte-par-le-photographe-480x320.jpg 480w, https:\/\/www.joliehistoire.com\/wp-content\/uploads\/2015\/05\/magnifique-instant-de-joie-capte-par-le-photographe-800x534.jpg 800w\" sizes=\"(max-width: 1024px) 100vw, 1024px\"><\/noscript><img decoding=\"async\" width=\"1024\" height=\"683\" src=\"data:image\/svg+xml,%3Csvg%20xmlns%3D%22http%3A%2F%2Fwww.w3.org%2F2000%2Fsvg%22%20viewBox%3D%220%200%201024%20683%22%3E%3C%2Fsvg%3E\" class=\"attachment-large size-large lazyload\" alt=\"magnifique instant de joie capt\u00e9 par le photographe\" srcset=\"data:image\/svg+xml,%3Csvg%20xmlns%3D%22http%3A%2F%2Fwww.w3.org%2F2000%2Fsvg%22%20viewBox%3D%220%200%201024%20683%22%3E%3C%2Fsvg%3E 1024w\" sizes=\"(max-width: 1024px) 100vw, 1024px\" data-srcset=\"https:\/\/www.joliehistoire.com\/wp-content\/uploads\/2015\/05\/magnifique-instant-de-joie-capte-par-le-photographe.jpg 1024w, https:\/\/www.joliehistoire.com\/wp-content\/uploads\/2015\/05\/magnifique-instant-de-joie-capte-par-le-photographe-300x200.jpg 300w, https:\/\/www.joliehistoire.com\/wp-content\/uploads\/2015\/05\/magnifique-instant-de-joie-capte-par-le-photographe-750x500.jpg 750w, https:\/\/www.joliehistoire.com\/wp-content\/uploads\/2015\/05\/magnifique-instant-de-joie-capte-par-le-photographe-480x320.jpg 480w, https:\/\/www.joliehistoire.com\/wp-content\/uploads\/2015\/05\/magnifique-instant-de-joie-capte-par-le-photographe-800x534.jpg 800w\" data-src=\"https:\/\/www.joliehistoire.com\/wp-content\/uploads\/2015\/05\/magnifique-instant-de-joie-capte-par-le-photographe-1024x683.jpg\">\n\t\t\t<\/dt><\/dl><br style=\"clear: both\"><dl class=\"gallery-item\">\n\t\t\t<dt class=\"gallery-icon landscape\">\n\t\t\t\t<noscript><img decoding=\"async\" width=\"1024\" height=\"603\" src=\"https:\/\/www.joliehistoire.com\/wp-content\/uploads\/2015\/05\/photo-fiancailles-engagment-luxembourg-10-1024x603-1024x603.jpg\" class=\"attachment-large size-large\" alt=\"couple devant l&#039;op\u00e9ra du luxembourg\" srcset=\"https:\/\/www.joliehistoire.com\/wp-content\/uploads\/2015\/05\/photo-fiancailles-engagment-luxembourg-10-1024x603.jpg 1024w, https:\/\/www.joliehistoire.com\/wp-content\/uploads\/2015\/05\/photo-fiancailles-engagment-luxembourg-10-1024x603-300x177.jpg 300w, https:\/\/www.joliehistoire.com\/wp-content\/uploads\/2015\/05\/photo-fiancailles-engagment-luxembourg-10-1024x603-849x500.jpg 849w, https:\/\/www.joliehistoire.com\/wp-content\/uploads\/2015\/05\/photo-fiancailles-engagment-luxembourg-10-1024x603-480x283.jpg 480w, https:\/\/www.joliehistoire.com\/wp-content\/uploads\/2015\/05\/photo-fiancailles-engagment-luxembourg-10-1024x603-800x471.jpg 800w\" sizes=\"(max-width: 1024px) 100vw, 1024px\"><\/noscript><img decoding=\"async\" width=\"1024\" height=\"603\" src=\"data:image\/svg+xml,%3Csvg%20xmlns%3D%22http%3A%2F%2Fwww.w3.org%2F2000%2Fsvg%22%20viewBox%3D%220%200%201024%20603%22%3E%3C%2Fsvg%3E\" class=\"attachment-large size-large lazyload\" alt=\"couple devant l&#039;op\u00e9ra du luxembourg\" srcset=\"data:image\/svg+xml,%3Csvg%20xmlns%3D%22http%3A%2F%2Fwww.w3.org%2F2000%2Fsvg%22%20viewBox%3D%220%200%201024%20603%22%3E%3C%2Fsvg%3E 1024w\" sizes=\"(max-width: 1024px) 100vw, 1024px\" data-srcset=\"https:\/\/www.joliehistoire.com\/wp-content\/uploads\/2015\/05\/photo-fiancailles-engagment-luxembourg-10-1024x603.jpg 1024w, https:\/\/www.joliehistoire.com\/wp-content\/uploads\/2015\/05\/photo-fiancailles-engagment-luxembourg-10-1024x603-300x177.jpg 300w, https:\/\/www.joliehistoire.com\/wp-content\/uploads\/2015\/05\/photo-fiancailles-engagment-luxembourg-10-1024x603-849x500.jpg 849w, https:\/\/www.joliehistoire.com\/wp-content\/uploads\/2015\/05\/photo-fiancailles-engagment-luxembourg-10-1024x603-480x283.jpg 480w, https:\/\/www.joliehistoire.com\/wp-content\/uploads\/2015\/05\/photo-fiancailles-engagment-luxembourg-10-1024x603-800x471.jpg 800w\" data-src=\"https:\/\/www.joliehistoire.com\/wp-content\/uploads\/2015\/05\/photo-fiancailles-engagment-luxembourg-10-1024x603-1024x603.jpg\">\n\t\t\t<\/dt><\/dl><br style=\"clear: both\"><dl class=\"gallery-item\">\n\t\t\t<dt class=\"gallery-icon landscape\">\n\t\t\t\t<noscript><img decoding=\"async\" width=\"800\" height=\"534\" src=\"https:\/\/www.joliehistoire.com\/wp-content\/uploads\/2015\/05\/un-couple-photographie-au-fort-thungen.jpg\" class=\"attachment-large size-large\" alt=\"un couple photographi\u00e9 au fort th\u00fcngen\" srcset=\"https:\/\/www.joliehistoire.com\/wp-content\/uploads\/2015\/05\/un-couple-photographie-au-fort-thungen.jpg 800w, https:\/\/www.joliehistoire.com\/wp-content\/uploads\/2015\/05\/un-couple-photographie-au-fort-thungen-300x200.jpg 300w, https:\/\/www.joliehistoire.com\/wp-content\/uploads\/2015\/05\/un-couple-photographie-au-fort-thungen-749x500.jpg 749w, https:\/\/www.joliehistoire.com\/wp-content\/uploads\/2015\/05\/un-couple-photographie-au-fort-thungen-480x320.jpg 480w\" sizes=\"(max-width: 800px) 100vw, 800px\"><\/noscript><img decoding=\"async\" width=\"800\" height=\"534\" src=\"data:image\/svg+xml,%3Csvg%20xmlns%3D%22http%3A%2F%2Fwww.w3.org%2F2000%2Fsvg%22%20viewBox%3D%220%200%20800%20534%22%3E%3C%2Fsvg%3E\" class=\"attachment-large size-large lazyload\" alt=\"un couple photographi\u00e9 au fort th\u00fcngen\" srcset=\"data:image\/svg+xml,%3Csvg%20xmlns%3D%22http%3A%2F%2Fwww.w3.org%2F2000%2Fsvg%22%20viewBox%3D%220%200%20800%20534%22%3E%3C%2Fsvg%3E 800w\" sizes=\"(max-width: 800px) 100vw, 800px\" data-srcset=\"https:\/\/www.joliehistoire.com\/wp-content\/uploads\/2015\/05\/un-couple-photographie-au-fort-thungen.jpg 800w, https:\/\/www.joliehistoire.com\/wp-content\/uploads\/2015\/05\/un-couple-photographie-au-fort-thungen-300x200.jpg 300w, https:\/\/www.joliehistoire.com\/wp-content\/uploads\/2015\/05\/un-couple-photographie-au-fort-thungen-749x500.jpg 749w, https:\/\/www.joliehistoire.com\/wp-content\/uploads\/2015\/05\/un-couple-photographie-au-fort-thungen-480x320.jpg 480w\" data-src=\"https:\/\/www.joliehistoire.com\/wp-content\/uploads\/2015\/05\/un-couple-photographie-au-fort-thungen.jpg\">\n\t\t\t<\/dt><\/dl><br style=\"clear: both\"><dl class=\"gallery-item\">\n\t\t\t<dt class=\"gallery-icon portrait\">\n\t\t\t\t<noscript><img decoding=\"async\" width=\"683\" height=\"1024\" src=\"https:\/\/www.joliehistoire.com\/wp-content\/uploads\/2015\/05\/le-couple-se-tient-les-mains-debout-sur-un-mur-683x1024.jpg\" class=\"attachment-large size-large\" alt=\"le couple se tient les mains debout sur un mur\" srcset=\"https:\/\/www.joliehistoire.com\/wp-content\/uploads\/2015\/05\/le-couple-se-tient-les-mains-debout-sur-un-mur.jpg 683w, https:\/\/www.joliehistoire.com\/wp-content\/uploads\/2015\/05\/le-couple-se-tient-les-mains-debout-sur-un-mur-200x300.jpg 200w, https:\/\/www.joliehistoire.com\/wp-content\/uploads\/2015\/05\/le-couple-se-tient-les-mains-debout-sur-un-mur-333x500.jpg 333w, https:\/\/www.joliehistoire.com\/wp-content\/uploads\/2015\/05\/le-couple-se-tient-les-mains-debout-sur-un-mur-480x720.jpg 480w\" sizes=\"(max-width: 683px) 100vw, 683px\"><\/noscript><img decoding=\"async\" width=\"683\" height=\"1024\" src=\"data:image\/svg+xml,%3Csvg%20xmlns%3D%22http%3A%2F%2Fwww.w3.org%2F2000%2Fsvg%22%20viewBox%3D%220%200%20683%201024%22%3E%3C%2Fsvg%3E\" class=\"attachment-large size-large lazyload\" alt=\"le couple se tient les mains debout sur un mur\" srcset=\"data:image\/svg+xml,%3Csvg%20xmlns%3D%22http%3A%2F%2Fwww.w3.org%2F2000%2Fsvg%22%20viewBox%3D%220%200%20683%201024%22%3E%3C%2Fsvg%3E 683w\" sizes=\"(max-width: 683px) 100vw, 683px\" data-srcset=\"https:\/\/www.joliehistoire.com\/wp-content\/uploads\/2015\/05\/le-couple-se-tient-les-mains-debout-sur-un-mur.jpg 683w, https:\/\/www.joliehistoire.com\/wp-content\/uploads\/2015\/05\/le-couple-se-tient-les-mains-debout-sur-un-mur-200x300.jpg 200w, https:\/\/www.joliehistoire.com\/wp-content\/uploads\/2015\/05\/le-couple-se-tient-les-mains-debout-sur-un-mur-333x500.jpg 333w, https:\/\/www.joliehistoire.com\/wp-content\/uploads\/2015\/05\/le-couple-se-tient-les-mains-debout-sur-un-mur-480x720.jpg 480w\" data-src=\"https:\/\/www.joliehistoire.com\/wp-content\/uploads\/2015\/05\/le-couple-se-tient-les-mains-debout-sur-un-mur-683x1024.jpg\">\n\t\t\t<\/dt><\/dl><br style=\"clear: both\"><dl class=\"gallery-item\">\n\t\t\t<dt class=\"gallery-icon landscape\">\n\t\t\t\t<noscript><img decoding=\"async\" width=\"800\" height=\"533\" src=\"https:\/\/www.joliehistoire.com\/wp-content\/uploads\/2015\/05\/jolie-photo-de-fiancailles-devant-le-philharmonie.jpg\" class=\"attachment-large size-large\" alt srcset=\"https:\/\/www.joliehistoire.com\/wp-content\/uploads\/2015\/05\/jolie-photo-de-fiancailles-devant-le-philharmonie.jpg 800w, https:\/\/www.joliehistoire.com\/wp-content\/uploads\/2015\/05\/jolie-photo-de-fiancailles-devant-le-philharmonie-300x200.jpg 300w, https:\/\/www.joliehistoire.com\/wp-content\/uploads\/2015\/05\/jolie-photo-de-fiancailles-devant-le-philharmonie-750x500.jpg 750w, https:\/\/www.joliehistoire.com\/wp-content\/uploads\/2015\/05\/jolie-photo-de-fiancailles-devant-le-philharmonie-480x320.jpg 480w\" sizes=\"(max-width: 800px) 100vw, 800px\"><\/noscript><img decoding=\"async\" width=\"800\" height=\"533\" src=\"data:image\/svg+xml,%3Csvg%20xmlns%3D%22http%3A%2F%2Fwww.w3.org%2F2000%2Fsvg%22%20viewBox%3D%220%200%20800%20533%22%3E%3C%2Fsvg%3E\" class=\"attachment-large size-large lazyload\" alt srcset=\"data:image\/svg+xml,%3Csvg%20xmlns%3D%22http%3A%2F%2Fwww.w3.org%2F2000%2Fsvg%22%20viewBox%3D%220%200%20800%20533%22%3E%3C%2Fsvg%3E 800w\" sizes=\"(max-width: 800px) 100vw, 800px\" data-srcset=\"https:\/\/www.joliehistoire.com\/wp-content\/uploads\/2015\/05\/jolie-photo-de-fiancailles-devant-le-philharmonie.jpg 800w, https:\/\/www.joliehistoire.com\/wp-content\/uploads\/2015\/05\/jolie-photo-de-fiancailles-devant-le-philharmonie-300x200.jpg 300w, https:\/\/www.joliehistoire.com\/wp-content\/uploads\/2015\/05\/jolie-photo-de-fiancailles-devant-le-philharmonie-750x500.jpg 750w, https:\/\/www.joliehistoire.com\/wp-content\/uploads\/2015\/05\/jolie-photo-de-fiancailles-devant-le-philharmonie-480x320.jpg 480w\" data-src=\"https:\/\/www.joliehistoire.com\/wp-content\/uploads\/2015\/05\/jolie-photo-de-fiancailles-devant-le-philharmonie.jpg\">\n\t\t\t<\/dt><\/dl><br style=\"clear: both\"><dl class=\"gallery-item\">\n\t\t\t<dt class=\"gallery-icon landscape\">\n\t\t\t\t<noscript><img decoding=\"async\" width=\"1024\" height=\"683\" src=\"https:\/\/www.joliehistoire.com\/wp-content\/uploads\/2015\/05\/le-photographe-fait-monter-le-couple-en-haut-du-mur-sous-un-ciel-orageux-1024x683.jpg\" class=\"attachment-large size-large\" alt=\"le photographe fait monter le couple en haut du mur sous un ciel orageux\" srcset=\"https:\/\/www.joliehistoire.com\/wp-content\/uploads\/2015\/05\/le-photographe-fait-monter-le-couple-en-haut-du-mur-sous-un-ciel-orageux.jpg 1024w, https:\/\/www.joliehistoire.com\/wp-content\/uploads\/2015\/05\/le-photographe-fait-monter-le-couple-en-haut-du-mur-sous-un-ciel-orageux-300x200.jpg 300w, https:\/\/www.joliehistoire.com\/wp-content\/uploads\/2015\/05\/le-photographe-fait-monter-le-couple-en-haut-du-mur-sous-un-ciel-orageux-750x500.jpg 750w, https:\/\/www.joliehistoire.com\/wp-content\/uploads\/2015\/05\/le-photographe-fait-monter-le-couple-en-haut-du-mur-sous-un-ciel-orageux-480x320.jpg 480w, https:\/\/www.joliehistoire.com\/wp-content\/uploads\/2015\/05\/le-photographe-fait-monter-le-couple-en-haut-du-mur-sous-un-ciel-orageux-800x534.jpg 800w\" sizes=\"(max-width: 1024px) 100vw, 1024px\"><\/noscript><img decoding=\"async\" width=\"1024\" height=\"683\" src=\"data:image\/svg+xml,%3Csvg%20xmlns%3D%22http%3A%2F%2Fwww.w3.org%2F2000%2Fsvg%22%20viewBox%3D%220%200%201024%20683%22%3E%3C%2Fsvg%3E\" class=\"attachment-large size-large lazyload\" alt=\"le photographe fait monter le couple en haut du mur sous un ciel orageux\" srcset=\"data:image\/svg+xml,%3Csvg%20xmlns%3D%22http%3A%2F%2Fwww.w3.org%2F2000%2Fsvg%22%20viewBox%3D%220%200%201024%20683%22%3E%3C%2Fsvg%3E 1024w\" sizes=\"(max-width: 1024px) 100vw, 1024px\" data-srcset=\"https:\/\/www.joliehistoire.com\/wp-content\/uploads\/2015\/05\/le-photographe-fait-monter-le-couple-en-haut-du-mur-sous-un-ciel-orageux.jpg 1024w, https:\/\/www.joliehistoire.com\/wp-content\/uploads\/2015\/05\/le-photographe-fait-monter-le-couple-en-haut-du-mur-sous-un-ciel-orageux-300x200.jpg 300w, https:\/\/www.joliehistoire.com\/wp-content\/uploads\/2015\/05\/le-photographe-fait-monter-le-couple-en-haut-du-mur-sous-un-ciel-orageux-750x500.jpg 750w, https:\/\/www.joliehistoire.com\/wp-content\/uploads\/2015\/05\/le-photographe-fait-monter-le-couple-en-haut-du-mur-sous-un-ciel-orageux-480x320.jpg 480w, https:\/\/www.joliehistoire.com\/wp-content\/uploads\/2015\/05\/le-photographe-fait-monter-le-couple-en-haut-du-mur-sous-un-ciel-orageux-800x534.jpg 800w\" data-src=\"https:\/\/www.joliehistoire.com\/wp-content\/uploads\/2015\/05\/le-photographe-fait-monter-le-couple-en-haut-du-mur-sous-un-ciel-orageux-1024x683.jpg\">\n\t\t\t<\/dt><\/dl><br style=\"clear: both\"><dl class=\"gallery-item\">\n\t\t\t<dt class=\"gallery-icon landscape\">\n\t\t\t\t<noscript><img decoding=\"async\" width=\"1024\" height=\"683\" src=\"https:\/\/www.joliehistoire.com\/wp-content\/uploads\/2015\/05\/les-fiances-court-au-kirchberg-1024x683.jpg\" class=\"attachment-large size-large\" alt=\"les fian\u00e7\u00e9s court au kirchberg\" srcset=\"https:\/\/www.joliehistoire.com\/wp-content\/uploads\/2015\/05\/les-fiances-court-au-kirchberg.jpg 1024w, https:\/\/www.joliehistoire.com\/wp-content\/uploads\/2015\/05\/les-fiances-court-au-kirchberg-300x200.jpg 300w, https:\/\/www.joliehistoire.com\/wp-content\/uploads\/2015\/05\/les-fiances-court-au-kirchberg-750x500.jpg 750w, https:\/\/www.joliehistoire.com\/wp-content\/uploads\/2015\/05\/les-fiances-court-au-kirchberg-480x320.jpg 480w, https:\/\/www.joliehistoire.com\/wp-content\/uploads\/2015\/05\/les-fiances-court-au-kirchberg-800x534.jpg 800w\" sizes=\"(max-width: 1024px) 100vw, 1024px\"><\/noscript><img decoding=\"async\" width=\"1024\" height=\"683\" src=\"data:image\/svg+xml,%3Csvg%20xmlns%3D%22http%3A%2F%2Fwww.w3.org%2F2000%2Fsvg%22%20viewBox%3D%220%200%201024%20683%22%3E%3C%2Fsvg%3E\" class=\"attachment-large size-large lazyload\" alt=\"les fian\u00e7\u00e9s court au kirchberg\" srcset=\"data:image\/svg+xml,%3Csvg%20xmlns%3D%22http%3A%2F%2Fwww.w3.org%2F2000%2Fsvg%22%20viewBox%3D%220%200%201024%20683%22%3E%3C%2Fsvg%3E 1024w\" sizes=\"(max-width: 1024px) 100vw, 1024px\" data-srcset=\"https:\/\/www.joliehistoire.com\/wp-content\/uploads\/2015\/05\/les-fiances-court-au-kirchberg.jpg 1024w, https:\/\/www.joliehistoire.com\/wp-content\/uploads\/2015\/05\/les-fiances-court-au-kirchberg-300x200.jpg 300w, https:\/\/www.joliehistoire.com\/wp-content\/uploads\/2015\/05\/les-fiances-court-au-kirchberg-750x500.jpg 750w, https:\/\/www.joliehistoire.com\/wp-content\/uploads\/2015\/05\/les-fiances-court-au-kirchberg-480x320.jpg 480w, https:\/\/www.joliehistoire.com\/wp-content\/uploads\/2015\/05\/les-fiances-court-au-kirchberg-800x534.jpg 800w\" data-src=\"https:\/\/www.joliehistoire.com\/wp-content\/uploads\/2015\/05\/les-fiances-court-au-kirchberg-1024x683.jpg\">\n\t\t\t<\/dt><\/dl><br style=\"clear: both\"><dl class=\"gallery-item\">\n\t\t\t<dt class=\"gallery-icon landscape\">\n\t\t\t\t<noscript><img decoding=\"async\" width=\"800\" height=\"534\" src=\"https:\/\/www.joliehistoire.com\/wp-content\/uploads\/2015\/05\/le-photographe-fait-poser-avec-des-ardoises-a-message.jpg\" class=\"attachment-large size-large\" alt=\"le photographe fait poser avec des ardoises \u00e0 message\" srcset=\"https:\/\/www.joliehistoire.com\/wp-content\/uploads\/2015\/05\/le-photographe-fait-poser-avec-des-ardoises-a-message.jpg 800w, https:\/\/www.joliehistoire.com\/wp-content\/uploads\/2015\/05\/le-photographe-fait-poser-avec-des-ardoises-a-message-300x200.jpg 300w, https:\/\/www.joliehistoire.com\/wp-content\/uploads\/2015\/05\/le-photographe-fait-poser-avec-des-ardoises-a-message-749x500.jpg 749w, https:\/\/www.joliehistoire.com\/wp-content\/uploads\/2015\/05\/le-photographe-fait-poser-avec-des-ardoises-a-message-480x320.jpg 480w\" sizes=\"(max-width: 800px) 100vw, 800px\"><\/noscript><img decoding=\"async\" width=\"800\" height=\"534\" src=\"data:image\/svg+xml,%3Csvg%20xmlns%3D%22http%3A%2F%2Fwww.w3.org%2F2000%2Fsvg%22%20viewBox%3D%220%200%20800%20534%22%3E%3C%2Fsvg%3E\" class=\"attachment-large size-large lazyload\" alt=\"le photographe fait poser avec des ardoises \u00e0 message\" srcset=\"data:image\/svg+xml,%3Csvg%20xmlns%3D%22http%3A%2F%2Fwww.w3.org%2F2000%2Fsvg%22%20viewBox%3D%220%200%20800%20534%22%3E%3C%2Fsvg%3E 800w\" sizes=\"(max-width: 800px) 100vw, 800px\" data-srcset=\"https:\/\/www.joliehistoire.com\/wp-content\/uploads\/2015\/05\/le-photographe-fait-poser-avec-des-ardoises-a-message.jpg 800w, https:\/\/www.joliehistoire.com\/wp-content\/uploads\/2015\/05\/le-photographe-fait-poser-avec-des-ardoises-a-message-300x200.jpg 300w, https:\/\/www.joliehistoire.com\/wp-content\/uploads\/2015\/05\/le-photographe-fait-poser-avec-des-ardoises-a-message-749x500.jpg 749w, https:\/\/www.joliehistoire.com\/wp-content\/uploads\/2015\/05\/le-photographe-fait-poser-avec-des-ardoises-a-message-480x320.jpg 480w\" data-src=\"https:\/\/www.joliehistoire.com\/wp-content\/uploads\/2015\/05\/le-photographe-fait-poser-avec-des-ardoises-a-message.jpg\">\n\t\t\t<\/dt><\/dl><br style=\"clear: both\"><dl class=\"gallery-item\">\n\t\t\t<dt class=\"gallery-icon landscape\">\n\t\t\t\t<noscript><img decoding=\"async\" width=\"800\" height=\"534\" src=\"https:\/\/www.joliehistoire.com\/wp-content\/uploads\/2015\/05\/photo-de-couple-devant-un-arbre-en-automne.jpg\" class=\"attachment-large size-large\" alt=\"photo de couple devant un arbre en automne\" srcset=\"https:\/\/www.joliehistoire.com\/wp-content\/uploads\/2015\/05\/photo-de-couple-devant-un-arbre-en-automne.jpg 800w, https:\/\/www.joliehistoire.com\/wp-content\/uploads\/2015\/05\/photo-de-couple-devant-un-arbre-en-automne-300x200.jpg 300w, https:\/\/www.joliehistoire.com\/wp-content\/uploads\/2015\/05\/photo-de-couple-devant-un-arbre-en-automne-749x500.jpg 749w, https:\/\/www.joliehistoire.com\/wp-content\/uploads\/2015\/05\/photo-de-couple-devant-un-arbre-en-automne-480x320.jpg 480w\" sizes=\"(max-width: 800px) 100vw, 800px\"><\/noscript><img decoding=\"async\" width=\"800\" height=\"534\" src=\"data:image\/svg+xml,%3Csvg%20xmlns%3D%22http%3A%2F%2Fwww.w3.org%2F2000%2Fsvg%22%20viewBox%3D%220%200%20800%20534%22%3E%3C%2Fsvg%3E\" class=\"attachment-large size-large lazyload\" alt=\"photo de couple devant un arbre en automne\" srcset=\"data:image\/svg+xml,%3Csvg%20xmlns%3D%22http%3A%2F%2Fwww.w3.org%2F2000%2Fsvg%22%20viewBox%3D%220%200%20800%20534%22%3E%3C%2Fsvg%3E 800w\" sizes=\"(max-width: 800px) 100vw, 800px\" data-srcset=\"https:\/\/www.joliehistoire.com\/wp-content\/uploads\/2015\/05\/photo-de-couple-devant-un-arbre-en-automne.jpg 800w, https:\/\/www.joliehistoire.com\/wp-content\/uploads\/2015\/05\/photo-de-couple-devant-un-arbre-en-automne-300x200.jpg 300w, https:\/\/www.joliehistoire.com\/wp-content\/uploads\/2015\/05\/photo-de-couple-devant-un-arbre-en-automne-749x500.jpg 749w, https:\/\/www.joliehistoire.com\/wp-content\/uploads\/2015\/05\/photo-de-couple-devant-un-arbre-en-automne-480x320.jpg 480w\" data-src=\"https:\/\/www.joliehistoire.com\/wp-content\/uploads\/2015\/05\/photo-de-couple-devant-un-arbre-en-automne.jpg\">\n\t\t\t<\/dt><\/dl><br style=\"clear: both\">\n\t\t<\/div>\n\n","protected":false},"excerpt":{"rendered":"<p>M&amp;S se marieront \u00e0 Bettembourg, au sud de Luxembourg en Juillet prochain et ils m&#8217;ont fait confiance pour \u00eatre leur photographe de mariage. Afin de mieux pr\u00e9parer cette journ\u00e9e, de mieux se conna\u00eetre et ainsi de lever toute appr\u00e9hension par rapport aux photos, je leur ai propos\u00e9 une\u00a0s\u00e9ance fian\u00e7ailles (ou s\u00e9ance\u00a0engagement). Une s\u00e9ance fian\u00e7ailles au [&hellip;]<\/p>\n","protected":false},"author":1,"featured_media":10663,"comment_status":"open","ping_status":"open","sticky":false,"template":"","format":"standard","meta":{"footnotes":""},"categories":[48,51],"tags":[],"class_list":["post-6363","post","type-post","status-publish","format-standard","has-post-thumbnail","hentry","category-blog-lu","category-fiancailles-lu"],"yoast_head":"<!-- This site is optimized with the Yoast SEO plugin v27.4 - https:\/\/yoast.com\/product\/yoast-seo-wordpress\/ -->\n<title>Une s\u00e9ance fian\u00e7ailles ou engagement au Luxembourg<\/title>\n<meta name=\"description\" content=\"Photographe de leur mariage pr\u00e9vu \u00e0 Bettembourg en Juillet, nous avons fait ensemble une session engagement (s\u00e9ance fian\u00e7ailles) pour mieux se connaitre.\" \/>\n<meta name=\"robots\" content=\"index, follow, max-snippet:-1, max-image-preview:large, max-video-preview:-1\" \/>\n<link rel=\"canonical\" href=\"https:\/\/www.joliehistoire.com\/lu\/blog-lu\/seance-fiancailles-kirchberg\/\" \/>\n<meta name=\"twitter:card\" content=\"summary_large_image\" \/>\n<meta name=\"twitter:title\" content=\"Une s\u00e9ance fian\u00e7ailles ou engagement au Luxembourg\" \/>\n<meta name=\"twitter:description\" content=\"Photographe de leur mariage pr\u00e9vu \u00e0 Bettembourg en Juillet, nous avons fait ensemble une session engagement (s\u00e9ance fian\u00e7ailles) pour mieux se connaitre.\" \/>\n<meta name=\"twitter:image\" content=\"https:\/\/www.joliehistoire.com\/wp-content\/uploads\/2015\/05\/photographe-avec-un-couple-pendant-le-mariage.jpg\" \/>\n<meta name=\"twitter:label1\" content=\"Written by\" \/>\n\t<meta name=\"twitter:data1\" content=\"photographe luxembourg\" \/>\n\t<meta name=\"twitter:label2\" content=\"Est. reading time\" \/>\n\t<meta name=\"twitter:data2\" content=\"2 minutes\" \/>\n<script type=\"application\/ld+json\" class=\"yoast-schema-graph\">{\"@context\":\"https:\\\/\\\/schema.org\",\"@graph\":[{\"@type\":\"Article\",\"@id\":\"https:\\\/\\\/www.joliehistoire.com\\\/lu\\\/blog-lu\\\/seance-fiancailles-kirchberg\\\/#article\",\"isPartOf\":{\"@id\":\"https:\\\/\\\/www.joliehistoire.com\\\/lu\\\/blog-lu\\\/seance-fiancailles-kirchberg\\\/\"},\"author\":{\"name\":\"photographe luxembourg\",\"@id\":\"https:\\\/\\\/www.joliehistoire.com\\\/#\\\/schema\\\/person\\\/bd008c25130122120b7a541135b27f8b\"},\"headline\":\"La s\u00e9ance fian\u00e7ailles de M&#038;S\",\"datePublished\":\"2015-05-04T12:45:10+00:00\",\"dateModified\":\"2015-12-10T21:12:44+00:00\",\"mainEntityOfPage\":{\"@id\":\"https:\\\/\\\/www.joliehistoire.com\\\/lu\\\/blog-lu\\\/seance-fiancailles-kirchberg\\\/\"},\"wordCount\":364,\"commentCount\":0,\"image\":{\"@id\":\"https:\\\/\\\/www.joliehistoire.com\\\/lu\\\/blog-lu\\\/seance-fiancailles-kirchberg\\\/#primaryimage\"},\"thumbnailUrl\":\"https:\\\/\\\/www.joliehistoire.com\\\/wp-content\\\/uploads\\\/2015\\\/05\\\/photographe-avec-un-couple-pendant-le-mariage.jpg\",\"articleSection\":[\"blog\",\"fian\u00e7ailles\"],\"inLanguage\":\"fr-LU\",\"potentialAction\":[{\"@type\":\"CommentAction\",\"name\":\"Comment\",\"target\":[\"https:\\\/\\\/www.joliehistoire.com\\\/lu\\\/blog-lu\\\/seance-fiancailles-kirchberg\\\/#respond\"]}]},{\"@type\":\"WebPage\",\"@id\":\"https:\\\/\\\/www.joliehistoire.com\\\/lu\\\/blog-lu\\\/seance-fiancailles-kirchberg\\\/\",\"url\":\"https:\\\/\\\/www.joliehistoire.com\\\/lu\\\/blog-lu\\\/seance-fiancailles-kirchberg\\\/\",\"name\":\"Une s\u00e9ance fian\u00e7ailles ou engagement au Luxembourg\",\"isPartOf\":{\"@id\":\"https:\\\/\\\/www.joliehistoire.com\\\/#website\"},\"primaryImageOfPage\":{\"@id\":\"https:\\\/\\\/www.joliehistoire.com\\\/lu\\\/blog-lu\\\/seance-fiancailles-kirchberg\\\/#primaryimage\"},\"image\":{\"@id\":\"https:\\\/\\\/www.joliehistoire.com\\\/lu\\\/blog-lu\\\/seance-fiancailles-kirchberg\\\/#primaryimage\"},\"thumbnailUrl\":\"https:\\\/\\\/www.joliehistoire.com\\\/wp-content\\\/uploads\\\/2015\\\/05\\\/photographe-avec-un-couple-pendant-le-mariage.jpg\",\"datePublished\":\"2015-05-04T12:45:10+00:00\",\"dateModified\":\"2015-12-10T21:12:44+00:00\",\"author\":{\"@id\":\"https:\\\/\\\/www.joliehistoire.com\\\/#\\\/schema\\\/person\\\/bd008c25130122120b7a541135b27f8b\"},\"description\":\"Photographe de leur mariage pr\u00e9vu \u00e0 Bettembourg en Juillet, nous avons fait ensemble une session engagement (s\u00e9ance fian\u00e7ailles) pour mieux se connaitre.\",\"breadcrumb\":{\"@id\":\"https:\\\/\\\/www.joliehistoire.com\\\/lu\\\/blog-lu\\\/seance-fiancailles-kirchberg\\\/#breadcrumb\"},\"inLanguage\":\"fr-LU\",\"potentialAction\":[{\"@type\":\"ReadAction\",\"target\":[\"https:\\\/\\\/www.joliehistoire.com\\\/lu\\\/blog-lu\\\/seance-fiancailles-kirchberg\\\/\"]}]},{\"@type\":\"ImageObject\",\"inLanguage\":\"fr-LU\",\"@id\":\"https:\\\/\\\/www.joliehistoire.com\\\/lu\\\/blog-lu\\\/seance-fiancailles-kirchberg\\\/#primaryimage\",\"url\":\"https:\\\/\\\/www.joliehistoire.com\\\/wp-content\\\/uploads\\\/2015\\\/05\\\/photographe-avec-un-couple-pendant-le-mariage.jpg\",\"contentUrl\":\"https:\\\/\\\/www.joliehistoire.com\\\/wp-content\\\/uploads\\\/2015\\\/05\\\/photographe-avec-un-couple-pendant-le-mariage.jpg\",\"width\":800,\"height\":533},{\"@type\":\"BreadcrumbList\",\"@id\":\"https:\\\/\\\/www.joliehistoire.com\\\/lu\\\/blog-lu\\\/seance-fiancailles-kirchberg\\\/#breadcrumb\",\"itemListElement\":[{\"@type\":\"ListItem\",\"position\":1,\"name\":\"Home\",\"item\":\"https:\\\/\\\/www.joliehistoire.com\\\/lu\\\/\"},{\"@type\":\"ListItem\",\"position\":2,\"name\":\"La s\u00e9ance fian\u00e7ailles de M&#038;S\"}]},{\"@type\":\"WebSite\",\"@id\":\"https:\\\/\\\/www.joliehistoire.com\\\/#website\",\"url\":\"https:\\\/\\\/www.joliehistoire.com\\\/\",\"name\":\"joliehistoire\",\"description\":\"wedding photographer\",\"potentialAction\":[{\"@type\":\"SearchAction\",\"target\":{\"@type\":\"EntryPoint\",\"urlTemplate\":\"https:\\\/\\\/www.joliehistoire.com\\\/?s={search_term_string}\"},\"query-input\":{\"@type\":\"PropertyValueSpecification\",\"valueRequired\":true,\"valueName\":\"search_term_string\"}}],\"inLanguage\":\"fr-LU\"},{\"@type\":\"Person\",\"@id\":\"https:\\\/\\\/www.joliehistoire.com\\\/#\\\/schema\\\/person\\\/bd008c25130122120b7a541135b27f8b\",\"name\":\"photographe luxembourg\",\"image\":{\"@type\":\"ImageObject\",\"inLanguage\":\"fr-LU\",\"@id\":\"https:\\\/\\\/secure.gravatar.com\\\/avatar\\\/03679d8c33ffd4c1861f7eb3f232c608660617a0925ee9f5edb0d1de0df20058?s=96&d=mm&r=g\",\"url\":\"https:\\\/\\\/secure.gravatar.com\\\/avatar\\\/03679d8c33ffd4c1861f7eb3f232c608660617a0925ee9f5edb0d1de0df20058?s=96&d=mm&r=g\",\"contentUrl\":\"https:\\\/\\\/secure.gravatar.com\\\/avatar\\\/03679d8c33ffd4c1861f7eb3f232c608660617a0925ee9f5edb0d1de0df20058?s=96&d=mm&r=g\",\"caption\":\"photographe luxembourg\"}}]}<\/script>\n<!-- \/ Yoast SEO plugin. -->","yoast_head_json":{"title":"Une s\u00e9ance fian\u00e7ailles ou engagement au Luxembourg","description":"Photographe de leur mariage pr\u00e9vu \u00e0 Bettembourg en Juillet, nous avons fait ensemble une session engagement (s\u00e9ance fian\u00e7ailles) pour mieux se connaitre.","robots":{"index":"index","follow":"follow","max-snippet":"max-snippet:-1","max-image-preview":"max-image-preview:large","max-video-preview":"max-video-preview:-1"},"canonical":"https:\/\/www.joliehistoire.com\/lu\/blog-lu\/seance-fiancailles-kirchberg\/","twitter_card":"summary_large_image","twitter_title":"Une s\u00e9ance fian\u00e7ailles ou engagement au Luxembourg","twitter_description":"Photographe de leur mariage pr\u00e9vu \u00e0 Bettembourg en Juillet, nous avons fait ensemble une session engagement (s\u00e9ance fian\u00e7ailles) pour mieux se connaitre.","twitter_image":"https:\/\/www.joliehistoire.com\/wp-content\/uploads\/2015\/05\/photographe-avec-un-couple-pendant-le-mariage.jpg","twitter_misc":{"Written by":"photographe luxembourg","Est. reading time":"2 minutes"},"schema":{"@context":"https:\/\/schema.org","@graph":[{"@type":"Article","@id":"https:\/\/www.joliehistoire.com\/lu\/blog-lu\/seance-fiancailles-kirchberg\/#article","isPartOf":{"@id":"https:\/\/www.joliehistoire.com\/lu\/blog-lu\/seance-fiancailles-kirchberg\/"},"author":{"name":"photographe luxembourg","@id":"https:\/\/www.joliehistoire.com\/#\/schema\/person\/bd008c25130122120b7a541135b27f8b"},"headline":"La s\u00e9ance fian\u00e7ailles de M&#038;S","datePublished":"2015-05-04T12:45:10+00:00","dateModified":"2015-12-10T21:12:44+00:00","mainEntityOfPage":{"@id":"https:\/\/www.joliehistoire.com\/lu\/blog-lu\/seance-fiancailles-kirchberg\/"},"wordCount":364,"commentCount":0,"image":{"@id":"https:\/\/www.joliehistoire.com\/lu\/blog-lu\/seance-fiancailles-kirchberg\/#primaryimage"},"thumbnailUrl":"https:\/\/www.joliehistoire.com\/wp-content\/uploads\/2015\/05\/photographe-avec-un-couple-pendant-le-mariage.jpg","articleSection":["blog","fian\u00e7ailles"],"inLanguage":"fr-LU","potentialAction":[{"@type":"CommentAction","name":"Comment","target":["https:\/\/www.joliehistoire.com\/lu\/blog-lu\/seance-fiancailles-kirchberg\/#respond"]}]},{"@type":"WebPage","@id":"https:\/\/www.joliehistoire.com\/lu\/blog-lu\/seance-fiancailles-kirchberg\/","url":"https:\/\/www.joliehistoire.com\/lu\/blog-lu\/seance-fiancailles-kirchberg\/","name":"Une s\u00e9ance fian\u00e7ailles ou engagement au Luxembourg","isPartOf":{"@id":"https:\/\/www.joliehistoire.com\/#website"},"primaryImageOfPage":{"@id":"https:\/\/www.joliehistoire.com\/lu\/blog-lu\/seance-fiancailles-kirchberg\/#primaryimage"},"image":{"@id":"https:\/\/www.joliehistoire.com\/lu\/blog-lu\/seance-fiancailles-kirchberg\/#primaryimage"},"thumbnailUrl":"https:\/\/www.joliehistoire.com\/wp-content\/uploads\/2015\/05\/photographe-avec-un-couple-pendant-le-mariage.jpg","datePublished":"2015-05-04T12:45:10+00:00","dateModified":"2015-12-10T21:12:44+00:00","author":{"@id":"https:\/\/www.joliehistoire.com\/#\/schema\/person\/bd008c25130122120b7a541135b27f8b"},"description":"Photographe de leur mariage pr\u00e9vu \u00e0 Bettembourg en Juillet, nous avons fait ensemble une session engagement (s\u00e9ance fian\u00e7ailles) pour mieux se connaitre.","breadcrumb":{"@id":"https:\/\/www.joliehistoire.com\/lu\/blog-lu\/seance-fiancailles-kirchberg\/#breadcrumb"},"inLanguage":"fr-LU","potentialAction":[{"@type":"ReadAction","target":["https:\/\/www.joliehistoire.com\/lu\/blog-lu\/seance-fiancailles-kirchberg\/"]}]},{"@type":"ImageObject","inLanguage":"fr-LU","@id":"https:\/\/www.joliehistoire.com\/lu\/blog-lu\/seance-fiancailles-kirchberg\/#primaryimage","url":"https:\/\/www.joliehistoire.com\/wp-content\/uploads\/2015\/05\/photographe-avec-un-couple-pendant-le-mariage.jpg","contentUrl":"https:\/\/www.joliehistoire.com\/wp-content\/uploads\/2015\/05\/photographe-avec-un-couple-pendant-le-mariage.jpg","width":800,"height":533},{"@type":"BreadcrumbList","@id":"https:\/\/www.joliehistoire.com\/lu\/blog-lu\/seance-fiancailles-kirchberg\/#breadcrumb","itemListElement":[{"@type":"ListItem","position":1,"name":"Home","item":"https:\/\/www.joliehistoire.com\/lu\/"},{"@type":"ListItem","position":2,"name":"La s\u00e9ance fian\u00e7ailles de M&#038;S"}]},{"@type":"WebSite","@id":"https:\/\/www.joliehistoire.com\/#website","url":"https:\/\/www.joliehistoire.com\/","name":"joliehistoire","description":"wedding photographer","potentialAction":[{"@type":"SearchAction","target":{"@type":"EntryPoint","urlTemplate":"https:\/\/www.joliehistoire.com\/?s={search_term_string}"},"query-input":{"@type":"PropertyValueSpecification","valueRequired":true,"valueName":"search_term_string"}}],"inLanguage":"fr-LU"},{"@type":"Person","@id":"https:\/\/www.joliehistoire.com\/#\/schema\/person\/bd008c25130122120b7a541135b27f8b","name":"photographe luxembourg","image":{"@type":"ImageObject","inLanguage":"fr-LU","@id":"https:\/\/secure.gravatar.com\/avatar\/03679d8c33ffd4c1861f7eb3f232c608660617a0925ee9f5edb0d1de0df20058?s=96&d=mm&r=g","url":"https:\/\/secure.gravatar.com\/avatar\/03679d8c33ffd4c1861f7eb3f232c608660617a0925ee9f5edb0d1de0df20058?s=96&d=mm&r=g","contentUrl":"https:\/\/secure.gravatar.com\/avatar\/03679d8c33ffd4c1861f7eb3f232c608660617a0925ee9f5edb0d1de0df20058?s=96&d=mm&r=g","caption":"photographe luxembourg"}}]}},"_links":{"self":[{"href":"https:\/\/www.joliehistoire.com\/lu\/wp-json\/wp\/v2\/posts\/6363\/"}],"collection":[{"href":"https:\/\/www.joliehistoire.com\/lu\/wp-json\/wp\/v2\/posts\/"}],"about":[{"href":"https:\/\/www.joliehistoire.com\/lu\/wp-json\/wp\/v2\/types\/post\/"}],"author":[{"embeddable":true,"href":"https:\/\/www.joliehistoire.com\/lu\/wp-json\/wp\/v2\/users\/1\/"}],"replies":[{"embeddable":true,"href":"https:\/\/www.joliehistoire.com\/lu\/wp-json\/wp\/v2\/comments\/?post=6363"}],"version-history":[{"count":9,"href":"https:\/\/www.joliehistoire.com\/lu\/wp-json\/wp\/v2\/posts\/6363\/revisions\/"}],"predecessor-version":[{"id":7869,"href":"https:\/\/www.joliehistoire.com\/lu\/wp-json\/wp\/v2\/posts\/6363\/revisions\/7869\/"}],"wp:featuredmedia":[{"embeddable":true,"href":"https:\/\/www.joliehistoire.com\/lu\/wp-json\/wp\/v2\/media\/10663\/"}],"wp:attachment":[{"href":"https:\/\/www.joliehistoire.com\/lu\/wp-json\/wp\/v2\/media\/?parent=6363"}],"wp:term":[{"taxonomy":"category","embeddable":true,"href":"https:\/\/www.joliehistoire.com\/lu\/wp-json\/wp\/v2\/categories\/?post=6363"},{"taxonomy":"post_tag","embeddable":true,"href":"https:\/\/www.joliehistoire.com\/lu\/wp-json\/wp\/v2\/tags\/?post=6363"}],"curies":[{"name":"wp","href":"https:\/\/api.w.org\/{rel}","templated":true}]}}