{"id":6311,"date":"2015-03-31T21:11:42","date_gmt":"2015-03-31T21:11:42","guid":{"rendered":"https:\/\/www.joliehistoire.com\/lu\/?p=6311"},"modified":"2015-12-10T20:30:49","modified_gmt":"2015-12-10T20:30:49","slug":"preparation-seance-fiancailles","status":"publish","type":"post","link":"https:\/\/www.joliehistoire.com\/lu\/blog-lu\/preparation-seance-fiancailles\/","title":{"rendered":"Conseils de photographe de mariage: bien pr\u00e9parer sa s\u00e9ance fian\u00e7ailles"},"content":{"rendered":"<p>Si vous lisez cet article c&#8217;est que vous avez peut-\u00eatre d\u00e9j\u00e0 r\u00e9serv\u00e9&nbsp;<a title=\"La s\u00e9ance fian\u00e7ailles est incluse dans toutes mes formules\" href=\"https:\/\/www.joliehistoire.com\/lu\/blog-lu\/seance-fiancailles-incluse\/\">votre s\u00e9ance photos fian\u00e7ailles<\/a>&nbsp;(ou s\u00e9ance engagement) avec moi et c&#8217;est tant mieux ! C&#8217;est un moment fun que j&#8217;affectionne particuli\u00e8rement, puisque non seulement je peux <strong>apprendre \u00e0 vous conna\u00eetre<\/strong> mais vous allez \u00e9galement <strong>d\u00e9couvrir ma fa\u00e7on de travailler<\/strong> et je vais voir \u00e0 quel point vous \u00eates mal \u00e0 l&#8217;aise devant un objectif ( moment sadique \ud83d\ude42 ). Non vraiment, c&#8217;est fun et en tant que photographe c&#8217;est une session que je recommande vivement \u00e0 tous mes clients. N\u00e9anmoins, vous vous posez sans doute les questions suivantes:<\/p>\n<h2>La s\u00e9ance photo fian\u00e7ailles: votre photographe r\u00e9pond aux questions<\/h2>\n<p>Avant toute chose, vous retrouverez sur ce blog <strong>des <a href=\"https:\/\/www.joliehistoire.com\/lu\/blog-lu\/mariage-original-au-luxembourg\/\">exemples de s\u00e9ances fian\u00e7ailles<\/a><\/strong> pour vous donner une id\u00e9e.<\/p>\n<h3>&#8211; Je ne sais pas comment m&#8217;habiller ?!<\/h3>\n<p>Je recommande toujours \u00e0 mes clients de porter <strong>des v\u00eatements dans lesquels ils se sentent \u00e0 l&#8217;aise<\/strong>. Ne portez pas trop d&#8217;accessoires et surtout pas une tenue que vous ne porteriez pas au quotidien. Vous pouvez \u00e9galement venir avec deux tenues. Une plut\u00f4t classe (ou tr\u00e8s classe si vous le souhaitez) et quelque chose de plus d\u00e9contract\u00e9, jean\/t-shirt par exemple. Par ailleurs, n&#8217;essayez pas d&#8217;\u00eatre trop raccords. Vos tenues doivent \u00eatre compl\u00e9mentaires. N&#8217;h\u00e9sitez pas \u00e0 <a title=\"quelle tenue porter pour la s\u00e9ance fian\u00e7ailles\" href=\"https:\/\/www.joliehistoire.com\/lu\/contact\/\">m&#8217;\u00e9crire un email pour en discuter<\/a>.<\/p>\n<p><a href=\"https:\/\/www.joliehistoire.com\/wp-content\/uploads\/2015\/04\/photo-fiancailles-luxembourg-kirchberg-0047.jpg\"><noscript><img decoding=\"async\" class=\"alignnone wp-image-1520 size-medium\" title=\"le photographe capte la demande en mariage\" src=\"https:\/\/www.joliehistoire.com\/wp-content\/uploads\/2015\/04\/photo-fiancailles-luxembourg-kirchberg-0047-300x200.jpg\" alt=\"le photographe capte la demande en mariage\" width=\"300\" height=\"200\" srcset=\"https:\/\/www.joliehistoire.com\/wp-content\/uploads\/2015\/04\/photo-fiancailles-luxembourg-kirchberg-0047-300x200.jpg 300w, https:\/\/www.joliehistoire.com\/wp-content\/uploads\/2015\/04\/photo-fiancailles-luxembourg-kirchberg-0047-750x500.jpg 750w, https:\/\/www.joliehistoire.com\/wp-content\/uploads\/2015\/04\/photo-fiancailles-luxembourg-kirchberg-0047-480x320.jpg 480w, https:\/\/www.joliehistoire.com\/wp-content\/uploads\/2015\/04\/photo-fiancailles-luxembourg-kirchberg-0047.jpg 800w\" sizes=\"(max-width: 300px) 100vw, 300px\"><\/noscript><img decoding=\"async\" class=\"alignnone wp-image-1520 size-medium lazyload\" title=\"le photographe capte la demande en mariage\" src=\"data:image\/svg+xml,%3Csvg%20xmlns%3D%22http%3A%2F%2Fwww.w3.org%2F2000%2Fsvg%22%20viewBox%3D%220%200%20300%20200%22%3E%3C%2Fsvg%3E\" alt=\"le photographe capte la demande en mariage\" width=\"300\" height=\"200\" srcset=\"data:image\/svg+xml,%3Csvg%20xmlns%3D%22http%3A%2F%2Fwww.w3.org%2F2000%2Fsvg%22%20viewBox%3D%220%200%20300%20200%22%3E%3C%2Fsvg%3E 300w\" sizes=\"(max-width: 300px) 100vw, 300px\" data-srcset=\"https:\/\/www.joliehistoire.com\/wp-content\/uploads\/2015\/04\/photo-fiancailles-luxembourg-kirchberg-0047-300x200.jpg 300w, https:\/\/www.joliehistoire.com\/wp-content\/uploads\/2015\/04\/photo-fiancailles-luxembourg-kirchberg-0047-750x500.jpg 750w, https:\/\/www.joliehistoire.com\/wp-content\/uploads\/2015\/04\/photo-fiancailles-luxembourg-kirchberg-0047-480x320.jpg 480w, https:\/\/www.joliehistoire.com\/wp-content\/uploads\/2015\/04\/photo-fiancailles-luxembourg-kirchberg-0047.jpg 800w\" data-src=\"https:\/\/www.joliehistoire.com\/wp-content\/uploads\/2015\/04\/photo-fiancailles-luxembourg-kirchberg-0047-300x200.jpg\"><\/a><\/p>\n<h3>&#8211; Dois-je me maquiller ?<\/h3>\n<p>Pour le futur mari\u00e9 ce n&#8217;est pas n\u00e9cessaire :p.. Sinon oui, c&#8217;est m\u00eame une bonne occasion pour faire un essai maquillage avant le mariage. Mais cela reste une s\u00e9ance fian\u00e7ailles donc il est pr\u00e9f\u00e9rable de na pas trop en faire. Un peu de ligneur pour renforcer le trait des yeux mais restez dans des tons l\u00e9gers. Qui peut le plus, peut le moins<\/p>\n<h3><strong>&#8211; <\/strong>O\u00f9 allons-nous faire la session photos ?<\/h3>\n<p>En tant que photographe,&nbsp;le lieu a pour moi &nbsp;une importance particuli\u00e8re car il est une <strong>source d&#8217;inspiration<\/strong> dans ma mani\u00e8re de composer. Mais il est \u00e9galement important que le lieu soit parlant pour le couple. Une fois que vous vous \u00eates d\u00e9cid\u00e9s \u00e0 faire la session, prenez le temps de bien r\u00e9fl\u00e9chir \u00e0 ce que vous aimez faire ensemble. Si vous aimez essayer de nouveaux restaurants, pourquoi ne pas vous faire photographier \u00e0 une terrasse ? Vous aimez les&nbsp;balades \u00e0 v\u00e9lo ? Je sais tenir le guidon d&#8217;une main et l&#8217;appareil dans l&#8217;autre ! Ne vous sentez pas limit\u00e9 par ce que vous avez vu ici et l\u00e0 ou par ce qui semble \u00eatre &#8220;normal&#8221;. <strong>Appropriez vous cette session<\/strong> et faites en sorte qu&#8217;elle soit unique !<\/p>\n<h3>&#8211; Devons-nous venir avec des accessoires, des objets ?<\/h3>\n<p>Il arrive que certains couples apportent un ou deux objets qui leur sont chers et qu&#8217;ils souhaitent faire appara\u00eetre sur les photos. J&#8217;ai \u00e9galement l&#8217;intention de commencer \u00e0 utiliser des ardoises pour mes prochaines sessions afin d&#8217;ajouter un peu de fun en demandant aux couples d&#8217;\u00e9crire ce qui leur passe par la t\u00eate.<\/p>\n<p><a href=\"https:\/\/www.joliehistoire.com\/wp-content\/uploads\/2015\/04\/photo-fiancailles-luxembourg-kirchberg-0014-800x4601.jpg\"><noscript><img decoding=\"async\" class=\"alignnone size-full wp-image-2498\" src=\"https:\/\/www.joliehistoire.com\/wp-content\/uploads\/2015\/04\/photo-fiancailles-luxembourg-kirchberg-0014-800x4601.jpg\" alt=\"les fian\u00e7\u00e9s tiennent des ardoises dans leur mains\" width=\"253\" height=\"145\"><\/noscript><img decoding=\"async\" class=\"alignnone size-full wp-image-2498 lazyload\" src=\"data:image\/svg+xml,%3Csvg%20xmlns%3D%22http%3A%2F%2Fwww.w3.org%2F2000%2Fsvg%22%20viewBox%3D%220%200%20253%20145%22%3E%3C%2Fsvg%3E\" alt=\"les fian\u00e7\u00e9s tiennent des ardoises dans leur mains\" width=\"253\" height=\"145\" data-src=\"https:\/\/www.joliehistoire.com\/wp-content\/uploads\/2015\/04\/photo-fiancailles-luxembourg-kirchberg-0014-800x4601.jpg\"><\/a><\/p>\n<h3>&#8211; Nous nous sommes rencontr\u00e9s \u00e0 Londres et nous adorerions y faire notre s\u00e9ance fian\u00e7ailles&#8230;. Voyagez-vous ?<\/h3>\n<p>ABSOLUMENT ! Mille fois oui ! J&#8217;adore voyager et je vous suivrais volontiers afin de trouver l&#8217;endroit qui vous convient le mieux (des frais de d\u00e9placement s&#8217;appliqueront en dehors du Luxembourg). L&#8217;avantage de la s\u00e9ance fian\u00e7ailles est que contrairement au mariage, nous ne sommes pas limit\u00e9 \u00e0 un lieu et \u00e0 un planning pr\u00e9cis.<\/p>\n<h3>&#8211; Combien de temps faut-il pour avoir nos photos ?<\/h3>\n<p>1 semaine grand maximum pour avoir les photos en t\u00e9l\u00e9chargement et une galerie internet pour les partager avec vos proches.<\/p>\n<h3>&#8211; Combien de temps avant le mariage devons-nous faire la s\u00e9ance ?<\/h3>\n<p>En g\u00e9n\u00e9ral cela se fait entre 6 mois et 1 an avant le jour du mariage. Mais il est toujours possible de s&#8217;y prendre \u00e0 la derni\u00e8re minute au besoin. Il est pr\u00e9f\u00e9rable toutefois de la faire suffisamment \u00e0 l&#8217;avance afin de profiter au maximum des photos pour, par exemple, les utiliser avec vos cartes d&#8217;invitation au mariage !<\/p>\n<h3>&#8211; Je suis tr\u00e8s nerveux(se) \u00e0 l&#8217;id\u00e9e d&#8217;\u00eatre photographi\u00e9(e) !<\/h3>\n<p>Cooool. Relax ! Nous allons juste nous amuser en prenant quelques photos, on ne va pas passer un examen ! Soyez juste amoureux et je ferais le reste !<\/p>\n<h2>quelques d\u00e9tails auxquels penser<\/h2>\n<p>&#8211; n&#8217;oubliez pas d&#8217;apporter un en-cas (rien qui ne t\u00e2che par piti\u00e9 !) ainsi qu&#8217;une bouteille d&#8217;eau. La s\u00e9ance peut \u00eatre fatigante.<\/p>\n<p>&#8211; dormez bien la veille ! Assurez vous d&#8217;avoir bien mang\u00e9 avant la s\u00e9ance, ce n&#8217;est pas le moment pour s&#8217;\u00e9vanouir !<\/p>\n<p>&#8211; ne fa\u00eetes pas des s\u00e9ances d&#8217;UV pendant 2 semaines avant de faire les photos: le bronzage rend votre peau sale et sans relief sur les photos.<\/p>\n<p>&#8211; je prendrais des photos de la bague de fian\u00e7ailles, promis je vous la rend apr\u00e8s !<\/p>\n","protected":false},"excerpt":{"rendered":"<p>Si vous lisez cet article c&#8217;est que vous avez peut-\u00eatre d\u00e9j\u00e0 r\u00e9serv\u00e9&nbsp;votre s\u00e9ance photos fian\u00e7ailles&nbsp;(ou s\u00e9ance engagement) avec moi et c&#8217;est tant mieux ! C&#8217;est un moment fun que j&#8217;affectionne particuli\u00e8rement, puisque non seulement je peux apprendre \u00e0 vous conna\u00eetre mais vous allez \u00e9galement d\u00e9couvrir ma fa\u00e7on de travailler et je vais voir \u00e0 quel [&hellip;]<\/p>\n","protected":false},"author":1,"featured_media":10612,"comment_status":"open","ping_status":"open","sticky":false,"template":"","format":"standard","meta":{"footnotes":""},"categories":[48,51],"tags":[],"class_list":["post-6311","post","type-post","status-publish","format-standard","has-post-thumbnail","hentry","category-blog-lu","category-fiancailles-lu"],"yoast_head":"<!-- This site is optimized with the Yoast SEO plugin v27.4 - https:\/\/yoast.com\/product\/yoast-seo-wordpress\/ -->\n<title>Photographe de mariage et la s\u00e9ance photos fian\u00e7ailles<\/title>\n<meta name=\"description\" content=\"Votre photographe vous livre quelques conseils pour bien pr\u00e9parer votre s\u00e9ance fian\u00e7ailles, le choix du lieu et quelques clarifications sur la s\u00e9ance.\" \/>\n<meta name=\"robots\" content=\"index, follow, max-snippet:-1, max-image-preview:large, max-video-preview:-1\" \/>\n<link rel=\"canonical\" href=\"https:\/\/www.joliehistoire.com\/lu\/blog-lu\/preparation-seance-fiancailles\/\" \/>\n<meta name=\"twitter:card\" content=\"summary_large_image\" \/>\n<meta name=\"twitter:title\" content=\"Photographe de mariage et la s\u00e9ance photos fian\u00e7ailles\" \/>\n<meta name=\"twitter:description\" content=\"Votre photographe vous livre quelques conseils pour bien pr\u00e9parer votre s\u00e9ance fian\u00e7ailles, le choix du lieu et quelques clarifications sur la s\u00e9ance.\" \/>\n<meta name=\"twitter:image\" content=\"https:\/\/www.joliehistoire.com\/wp-content\/uploads\/2015\/03\/le-photographe-avec-un-couple-de-musicien-pendant-une-seance-fiancailles.jpg\" \/>\n<meta name=\"twitter:label1\" content=\"Written by\" \/>\n\t<meta name=\"twitter:data1\" content=\"photographe luxembourg\" \/>\n\t<meta name=\"twitter:label2\" content=\"Est. reading time\" \/>\n\t<meta name=\"twitter:data2\" content=\"4 minutes\" \/>\n<script type=\"application\/ld+json\" class=\"yoast-schema-graph\">{\"@context\":\"https:\\\/\\\/schema.org\",\"@graph\":[{\"@type\":\"Article\",\"@id\":\"https:\\\/\\\/www.joliehistoire.com\\\/lu\\\/blog-lu\\\/preparation-seance-fiancailles\\\/#article\",\"isPartOf\":{\"@id\":\"https:\\\/\\\/www.joliehistoire.com\\\/lu\\\/blog-lu\\\/preparation-seance-fiancailles\\\/\"},\"author\":{\"name\":\"photographe luxembourg\",\"@id\":\"https:\\\/\\\/www.joliehistoire.com\\\/#\\\/schema\\\/person\\\/bd008c25130122120b7a541135b27f8b\"},\"headline\":\"Conseils de photographe de mariage: bien pr\u00e9parer sa s\u00e9ance fian\u00e7ailles\",\"datePublished\":\"2015-03-31T21:11:42+00:00\",\"dateModified\":\"2015-12-10T20:30:49+00:00\",\"mainEntityOfPage\":{\"@id\":\"https:\\\/\\\/www.joliehistoire.com\\\/lu\\\/blog-lu\\\/preparation-seance-fiancailles\\\/\"},\"wordCount\":861,\"commentCount\":0,\"image\":{\"@id\":\"https:\\\/\\\/www.joliehistoire.com\\\/lu\\\/blog-lu\\\/preparation-seance-fiancailles\\\/#primaryimage\"},\"thumbnailUrl\":\"https:\\\/\\\/www.joliehistoire.com\\\/wp-content\\\/uploads\\\/2015\\\/03\\\/le-photographe-avec-un-couple-de-musicien-pendant-une-seance-fiancailles.jpg\",\"articleSection\":[\"blog\",\"fian\u00e7ailles\"],\"inLanguage\":\"fr-LU\",\"potentialAction\":[{\"@type\":\"CommentAction\",\"name\":\"Comment\",\"target\":[\"https:\\\/\\\/www.joliehistoire.com\\\/lu\\\/blog-lu\\\/preparation-seance-fiancailles\\\/#respond\"]}]},{\"@type\":\"WebPage\",\"@id\":\"https:\\\/\\\/www.joliehistoire.com\\\/lu\\\/blog-lu\\\/preparation-seance-fiancailles\\\/\",\"url\":\"https:\\\/\\\/www.joliehistoire.com\\\/lu\\\/blog-lu\\\/preparation-seance-fiancailles\\\/\",\"name\":\"Photographe de mariage et la s\u00e9ance photos fian\u00e7ailles\",\"isPartOf\":{\"@id\":\"https:\\\/\\\/www.joliehistoire.com\\\/#website\"},\"primaryImageOfPage\":{\"@id\":\"https:\\\/\\\/www.joliehistoire.com\\\/lu\\\/blog-lu\\\/preparation-seance-fiancailles\\\/#primaryimage\"},\"image\":{\"@id\":\"https:\\\/\\\/www.joliehistoire.com\\\/lu\\\/blog-lu\\\/preparation-seance-fiancailles\\\/#primaryimage\"},\"thumbnailUrl\":\"https:\\\/\\\/www.joliehistoire.com\\\/wp-content\\\/uploads\\\/2015\\\/03\\\/le-photographe-avec-un-couple-de-musicien-pendant-une-seance-fiancailles.jpg\",\"datePublished\":\"2015-03-31T21:11:42+00:00\",\"dateModified\":\"2015-12-10T20:30:49+00:00\",\"author\":{\"@id\":\"https:\\\/\\\/www.joliehistoire.com\\\/#\\\/schema\\\/person\\\/bd008c25130122120b7a541135b27f8b\"},\"description\":\"Votre photographe vous livre quelques conseils pour bien pr\u00e9parer votre s\u00e9ance fian\u00e7ailles, le choix du lieu et quelques clarifications sur la s\u00e9ance.\",\"breadcrumb\":{\"@id\":\"https:\\\/\\\/www.joliehistoire.com\\\/lu\\\/blog-lu\\\/preparation-seance-fiancailles\\\/#breadcrumb\"},\"inLanguage\":\"fr-LU\",\"potentialAction\":[{\"@type\":\"ReadAction\",\"target\":[\"https:\\\/\\\/www.joliehistoire.com\\\/lu\\\/blog-lu\\\/preparation-seance-fiancailles\\\/\"]}]},{\"@type\":\"ImageObject\",\"inLanguage\":\"fr-LU\",\"@id\":\"https:\\\/\\\/www.joliehistoire.com\\\/lu\\\/blog-lu\\\/preparation-seance-fiancailles\\\/#primaryimage\",\"url\":\"https:\\\/\\\/www.joliehistoire.com\\\/wp-content\\\/uploads\\\/2015\\\/03\\\/le-photographe-avec-un-couple-de-musicien-pendant-une-seance-fiancailles.jpg\",\"contentUrl\":\"https:\\\/\\\/www.joliehistoire.com\\\/wp-content\\\/uploads\\\/2015\\\/03\\\/le-photographe-avec-un-couple-de-musicien-pendant-une-seance-fiancailles.jpg\",\"width\":800,\"height\":533},{\"@type\":\"BreadcrumbList\",\"@id\":\"https:\\\/\\\/www.joliehistoire.com\\\/lu\\\/blog-lu\\\/preparation-seance-fiancailles\\\/#breadcrumb\",\"itemListElement\":[{\"@type\":\"ListItem\",\"position\":1,\"name\":\"Home\",\"item\":\"https:\\\/\\\/www.joliehistoire.com\\\/lu\\\/\"},{\"@type\":\"ListItem\",\"position\":2,\"name\":\"Conseils de photographe de mariage: bien pr\u00e9parer sa s\u00e9ance fian\u00e7ailles\"}]},{\"@type\":\"WebSite\",\"@id\":\"https:\\\/\\\/www.joliehistoire.com\\\/#website\",\"url\":\"https:\\\/\\\/www.joliehistoire.com\\\/\",\"name\":\"joliehistoire\",\"description\":\"wedding photographer\",\"potentialAction\":[{\"@type\":\"SearchAction\",\"target\":{\"@type\":\"EntryPoint\",\"urlTemplate\":\"https:\\\/\\\/www.joliehistoire.com\\\/?s={search_term_string}\"},\"query-input\":{\"@type\":\"PropertyValueSpecification\",\"valueRequired\":true,\"valueName\":\"search_term_string\"}}],\"inLanguage\":\"fr-LU\"},{\"@type\":\"Person\",\"@id\":\"https:\\\/\\\/www.joliehistoire.com\\\/#\\\/schema\\\/person\\\/bd008c25130122120b7a541135b27f8b\",\"name\":\"photographe luxembourg\",\"image\":{\"@type\":\"ImageObject\",\"inLanguage\":\"fr-LU\",\"@id\":\"https:\\\/\\\/secure.gravatar.com\\\/avatar\\\/03679d8c33ffd4c1861f7eb3f232c608660617a0925ee9f5edb0d1de0df20058?s=96&d=mm&r=g\",\"url\":\"https:\\\/\\\/secure.gravatar.com\\\/avatar\\\/03679d8c33ffd4c1861f7eb3f232c608660617a0925ee9f5edb0d1de0df20058?s=96&d=mm&r=g\",\"contentUrl\":\"https:\\\/\\\/secure.gravatar.com\\\/avatar\\\/03679d8c33ffd4c1861f7eb3f232c608660617a0925ee9f5edb0d1de0df20058?s=96&d=mm&r=g\",\"caption\":\"photographe luxembourg\"}}]}<\/script>\n<!-- \/ Yoast SEO plugin. -->","yoast_head_json":{"title":"Photographe de mariage et la s\u00e9ance photos fian\u00e7ailles","description":"Votre photographe vous livre quelques conseils pour bien pr\u00e9parer votre s\u00e9ance fian\u00e7ailles, le choix du lieu et quelques clarifications sur la s\u00e9ance.","robots":{"index":"index","follow":"follow","max-snippet":"max-snippet:-1","max-image-preview":"max-image-preview:large","max-video-preview":"max-video-preview:-1"},"canonical":"https:\/\/www.joliehistoire.com\/lu\/blog-lu\/preparation-seance-fiancailles\/","twitter_card":"summary_large_image","twitter_title":"Photographe de mariage et la s\u00e9ance photos fian\u00e7ailles","twitter_description":"Votre photographe vous livre quelques conseils pour bien pr\u00e9parer votre s\u00e9ance fian\u00e7ailles, le choix du lieu et quelques clarifications sur la s\u00e9ance.","twitter_image":"https:\/\/www.joliehistoire.com\/wp-content\/uploads\/2015\/03\/le-photographe-avec-un-couple-de-musicien-pendant-une-seance-fiancailles.jpg","twitter_misc":{"Written by":"photographe luxembourg","Est. reading time":"4 minutes"},"schema":{"@context":"https:\/\/schema.org","@graph":[{"@type":"Article","@id":"https:\/\/www.joliehistoire.com\/lu\/blog-lu\/preparation-seance-fiancailles\/#article","isPartOf":{"@id":"https:\/\/www.joliehistoire.com\/lu\/blog-lu\/preparation-seance-fiancailles\/"},"author":{"name":"photographe luxembourg","@id":"https:\/\/www.joliehistoire.com\/#\/schema\/person\/bd008c25130122120b7a541135b27f8b"},"headline":"Conseils de photographe de mariage: bien pr\u00e9parer sa s\u00e9ance fian\u00e7ailles","datePublished":"2015-03-31T21:11:42+00:00","dateModified":"2015-12-10T20:30:49+00:00","mainEntityOfPage":{"@id":"https:\/\/www.joliehistoire.com\/lu\/blog-lu\/preparation-seance-fiancailles\/"},"wordCount":861,"commentCount":0,"image":{"@id":"https:\/\/www.joliehistoire.com\/lu\/blog-lu\/preparation-seance-fiancailles\/#primaryimage"},"thumbnailUrl":"https:\/\/www.joliehistoire.com\/wp-content\/uploads\/2015\/03\/le-photographe-avec-un-couple-de-musicien-pendant-une-seance-fiancailles.jpg","articleSection":["blog","fian\u00e7ailles"],"inLanguage":"fr-LU","potentialAction":[{"@type":"CommentAction","name":"Comment","target":["https:\/\/www.joliehistoire.com\/lu\/blog-lu\/preparation-seance-fiancailles\/#respond"]}]},{"@type":"WebPage","@id":"https:\/\/www.joliehistoire.com\/lu\/blog-lu\/preparation-seance-fiancailles\/","url":"https:\/\/www.joliehistoire.com\/lu\/blog-lu\/preparation-seance-fiancailles\/","name":"Photographe de mariage et la s\u00e9ance photos fian\u00e7ailles","isPartOf":{"@id":"https:\/\/www.joliehistoire.com\/#website"},"primaryImageOfPage":{"@id":"https:\/\/www.joliehistoire.com\/lu\/blog-lu\/preparation-seance-fiancailles\/#primaryimage"},"image":{"@id":"https:\/\/www.joliehistoire.com\/lu\/blog-lu\/preparation-seance-fiancailles\/#primaryimage"},"thumbnailUrl":"https:\/\/www.joliehistoire.com\/wp-content\/uploads\/2015\/03\/le-photographe-avec-un-couple-de-musicien-pendant-une-seance-fiancailles.jpg","datePublished":"2015-03-31T21:11:42+00:00","dateModified":"2015-12-10T20:30:49+00:00","author":{"@id":"https:\/\/www.joliehistoire.com\/#\/schema\/person\/bd008c25130122120b7a541135b27f8b"},"description":"Votre photographe vous livre quelques conseils pour bien pr\u00e9parer votre s\u00e9ance fian\u00e7ailles, le choix du lieu et quelques clarifications sur la s\u00e9ance.","breadcrumb":{"@id":"https:\/\/www.joliehistoire.com\/lu\/blog-lu\/preparation-seance-fiancailles\/#breadcrumb"},"inLanguage":"fr-LU","potentialAction":[{"@type":"ReadAction","target":["https:\/\/www.joliehistoire.com\/lu\/blog-lu\/preparation-seance-fiancailles\/"]}]},{"@type":"ImageObject","inLanguage":"fr-LU","@id":"https:\/\/www.joliehistoire.com\/lu\/blog-lu\/preparation-seance-fiancailles\/#primaryimage","url":"https:\/\/www.joliehistoire.com\/wp-content\/uploads\/2015\/03\/le-photographe-avec-un-couple-de-musicien-pendant-une-seance-fiancailles.jpg","contentUrl":"https:\/\/www.joliehistoire.com\/wp-content\/uploads\/2015\/03\/le-photographe-avec-un-couple-de-musicien-pendant-une-seance-fiancailles.jpg","width":800,"height":533},{"@type":"BreadcrumbList","@id":"https:\/\/www.joliehistoire.com\/lu\/blog-lu\/preparation-seance-fiancailles\/#breadcrumb","itemListElement":[{"@type":"ListItem","position":1,"name":"Home","item":"https:\/\/www.joliehistoire.com\/lu\/"},{"@type":"ListItem","position":2,"name":"Conseils de photographe de mariage: bien pr\u00e9parer sa s\u00e9ance fian\u00e7ailles"}]},{"@type":"WebSite","@id":"https:\/\/www.joliehistoire.com\/#website","url":"https:\/\/www.joliehistoire.com\/","name":"joliehistoire","description":"wedding photographer","potentialAction":[{"@type":"SearchAction","target":{"@type":"EntryPoint","urlTemplate":"https:\/\/www.joliehistoire.com\/?s={search_term_string}"},"query-input":{"@type":"PropertyValueSpecification","valueRequired":true,"valueName":"search_term_string"}}],"inLanguage":"fr-LU"},{"@type":"Person","@id":"https:\/\/www.joliehistoire.com\/#\/schema\/person\/bd008c25130122120b7a541135b27f8b","name":"photographe luxembourg","image":{"@type":"ImageObject","inLanguage":"fr-LU","@id":"https:\/\/secure.gravatar.com\/avatar\/03679d8c33ffd4c1861f7eb3f232c608660617a0925ee9f5edb0d1de0df20058?s=96&d=mm&r=g","url":"https:\/\/secure.gravatar.com\/avatar\/03679d8c33ffd4c1861f7eb3f232c608660617a0925ee9f5edb0d1de0df20058?s=96&d=mm&r=g","contentUrl":"https:\/\/secure.gravatar.com\/avatar\/03679d8c33ffd4c1861f7eb3f232c608660617a0925ee9f5edb0d1de0df20058?s=96&d=mm&r=g","caption":"photographe luxembourg"}}]}},"_links":{"self":[{"href":"https:\/\/www.joliehistoire.com\/lu\/wp-json\/wp\/v2\/posts\/6311\/"}],"collection":[{"href":"https:\/\/www.joliehistoire.com\/lu\/wp-json\/wp\/v2\/posts\/"}],"about":[{"href":"https:\/\/www.joliehistoire.com\/lu\/wp-json\/wp\/v2\/types\/post\/"}],"author":[{"embeddable":true,"href":"https:\/\/www.joliehistoire.com\/lu\/wp-json\/wp\/v2\/users\/1\/"}],"replies":[{"embeddable":true,"href":"https:\/\/www.joliehistoire.com\/lu\/wp-json\/wp\/v2\/comments\/?post=6311"}],"version-history":[{"count":3,"href":"https:\/\/www.joliehistoire.com\/lu\/wp-json\/wp\/v2\/posts\/6311\/revisions\/"}],"predecessor-version":[{"id":7847,"href":"https:\/\/www.joliehistoire.com\/lu\/wp-json\/wp\/v2\/posts\/6311\/revisions\/7847\/"}],"wp:featuredmedia":[{"embeddable":true,"href":"https:\/\/www.joliehistoire.com\/lu\/wp-json\/wp\/v2\/media\/10612\/"}],"wp:attachment":[{"href":"https:\/\/www.joliehistoire.com\/lu\/wp-json\/wp\/v2\/media\/?parent=6311"}],"wp:term":[{"taxonomy":"category","embeddable":true,"href":"https:\/\/www.joliehistoire.com\/lu\/wp-json\/wp\/v2\/categories\/?post=6311"},{"taxonomy":"post_tag","embeddable":true,"href":"https:\/\/www.joliehistoire.com\/lu\/wp-json\/wp\/v2\/tags\/?post=6311"}],"curies":[{"name":"wp","href":"https:\/\/api.w.org\/{rel}","templated":true}]}}