{"id":6113,"date":"2014-10-04T20:09:24","date_gmt":"2014-10-04T20:09:24","guid":{"rendered":"https:\/\/www.joliehistoire.com\/lu\/?p=6113"},"modified":"2015-12-10T15:41:20","modified_gmt":"2015-12-10T15:41:20","slug":"mariage-en-lorraine","status":"publish","type":"post","link":"https:\/\/www.joliehistoire.com\/lu\/blog-lu\/mariage-en-lorraine\/","title":{"rendered":"Les photos du mariage de S&#038;H, en Lorraine"},"content":{"rendered":"<blockquote>\n<p style=\"font-style: italic; color: #6e6c74;\">&#8220;Nous avions un projet pour nos photos de mariage loin des photos traditionnelles, et Samuel a su capter notre journ\u00e9e comme nous le voulions , sous 35 degr\u00e9s mais dans une bonne humeur incroyable nous avons gr\u00e2ce a lui de magnifiques souvenirs de notre mariage. Merci Samuel &#8220;<\/p>\n<div class=\"author\" style=\"font-style: italic; color: #6e6c74;\">&#8211; S&amp;H<\/div>\n<\/blockquote>\n<p><span style=\"color: #808080;\">Voici une s\u00e9lection des<a style=\"color: #808080;\" title=\"les photos des reportages de mariages\" href=\"\/?page_id=653\"><strong> photos du mariage<\/strong><\/a> de&nbsp;S&amp;H qui m&#8217;avaient fait confiance pour&nbsp;\u00eatre le <a href=\"https:\/\/www.joliehistoire.com\/lu\/\">photographe&nbsp;de leur mariage, \u00e0 Fameck en <strong>Lorraine<\/strong>.<\/a><\/span><\/p>\n<h3>Les pr\u00e9paratifs du mariage \u00e0 Fameck<\/h3>\n<p>C&#8217;est par les pr\u00e9paratifs que cette journ\u00e9e-marathon a d\u00e9but\u00e9. Je suis donc arriv\u00e9 de bonne heure au domicile des mari\u00e9s. En arrivant j&#8217;ai pu faire quelques photos de la robe pour encha\u00eener ensuite par les pr\u00e9paratifs. Traditionnellement ceux-ci commencent soit par le maquillage de la mari\u00e9e ou bien par la coiffure. Cette fois-ci, c&#8217;\u00e9tait&nbsp;par un <strong>magnifique tatouage&nbsp;au Henn\u00e9<\/strong> !<\/p>\n<p>J&#8217;adore les pr\u00e9paratifs car<strong> il y a toujours des moments de vie \u00e0 photographier<\/strong>. Et l\u00e0, de la vie il y en avait ! Bien s\u00fbr il y avait les t\u00e9moins, pr\u00e9sent pour aider les mari\u00e9s. Mais il y avait surtout les enfants du couple, et en particulier un petit bout de chou de deux ans qui ne comprennait pas trop ce qui se passait et qui voulait simplement jouer avec sa maman ! Je me suis r\u00e9gal\u00e9 \u00e0 le photographier \ud83d\ude42<\/p>\n<p>Les pr\u00e9paratifs ont dur\u00e9 toute la matin\u00e9e et se sont conclus par la rencontre des mari\u00e9s en bas des escaliers. Ce n&#8217;\u00e9tait pas simple \u00e0 photographier car il y avait beaucoup de monde autour de moi.<\/p>\n<h3>Des photos de couple d\u00e9cal\u00e9es \u00e0 Uckange<\/h3>\n<p>Le projet de la mari\u00e9e &#8211; et c&#8217;est \u00e9galement pour cela qu&#8217;elle m&#8217;a fait confiance &#8211; \u00e9tait de r\u00e9aliser leur photo de couple sur <strong>une friche industrielle abandonn\u00e9e en Lorraine.&nbsp;<\/strong>Malgr\u00e9 une chaleur accablante en plein milieu de journ\u00e9e (il \u00e9tait midi!) nous avons r\u00e9ussi \u00e0 faire quelques tr\u00e8s belles photos.<\/p>\n<h3>Une c\u00e9r\u00e9monie civile<\/h3>\n<p>C&#8217;est d\u00e9goulinant de sueur et la chemise tremp\u00e9e que je suis arriv\u00e9 essoufl\u00e9 \u00e0 la c\u00e9r\u00e9monie ! Heureusement que mon travail consiste \u00e0 d\u00e9clencher mes appareils et non \u00e0 prononcer des discours, j&#8217;en aurais \u00e9t\u00e9 incappable !<\/p>\n<h3>La soir\u00e9e pr\u00e8s de Thionville, en Lorraine<\/h3>\n<p>La prestation se terminait par une soir\u00e9e dans une salle de f\u00eate en Lorraine. L&#8217;entr\u00e9e des mari\u00e9s \u00e9tait magnifique. Je vous laisse d\u00e9courvrir un aper\u00e7u du reportage ci-dessous.<\/p>\n<p>A noter que l&#8217;organisation du mariage \u00e9tait assur\u00e9e par <a href=\"http:\/\/www.wedream.fr\">le wedding planner WeDream<\/a>.<\/p>\n\n\t\t<style type=\"text\/css\">\n\t\t\t#gallery-1 {\n\t\t\t\tmargin: auto;\n\t\t\t}\n\t\t\t#gallery-1 .gallery-item {\n\t\t\t\tfloat: left;\n\t\t\t\tmargin-top: 10px;\n\t\t\t\ttext-align: center;\n\t\t\t\twidth: 100%;\n\t\t\t}\n\t\t\t#gallery-1 img {\n\t\t\t\tborder: 2px solid #cfcfcf;\n\t\t\t}\n\t\t\t#gallery-1 .gallery-caption {\n\t\t\t\tmargin-left: 0;\n\t\t\t}\n\t\t\t\/* see gallery_shortcode() in wp-includes\/media.php *\/\n\t\t<\/style>\n\t\t<div id=\"gallery-1\" class=\"gallery galleryid-6113 gallery-columns-1 gallery-size-large ilightbox_gallery\" data-options=\"{attr:'source',path:'horizontal'}\"><dl class=\"gallery-item\">\n\t\t\t<dt class=\"gallery-icon landscape\">\n\t\t\t\t<noscript><img decoding=\"async\" width=\"800\" height=\"533\" src=\"https:\/\/www.joliehistoire.com\/wp-content\/uploads\/2014\/10\/moment-de-vie-pendant-les-preparatifs-du-mariage.jpg\" class=\"attachment-large size-large\" alt=\"moment de vie pendant les pr\u00e9paratifs du mariage\" srcset=\"https:\/\/www.joliehistoire.com\/wp-content\/uploads\/2014\/10\/moment-de-vie-pendant-les-preparatifs-du-mariage.jpg 800w, https:\/\/www.joliehistoire.com\/wp-content\/uploads\/2014\/10\/moment-de-vie-pendant-les-preparatifs-du-mariage-300x200.jpg 300w, https:\/\/www.joliehistoire.com\/wp-content\/uploads\/2014\/10\/moment-de-vie-pendant-les-preparatifs-du-mariage-768x512.jpg 768w, https:\/\/www.joliehistoire.com\/wp-content\/uploads\/2014\/10\/moment-de-vie-pendant-les-preparatifs-du-mariage-750x500.jpg 750w, https:\/\/www.joliehistoire.com\/wp-content\/uploads\/2014\/10\/moment-de-vie-pendant-les-preparatifs-du-mariage-480x320.jpg 480w\" sizes=\"(max-width: 800px) 100vw, 800px\"><\/noscript><img decoding=\"async\" width=\"800\" height=\"533\" src=\"data:image\/svg+xml,%3Csvg%20xmlns%3D%22http%3A%2F%2Fwww.w3.org%2F2000%2Fsvg%22%20viewBox%3D%220%200%20800%20533%22%3E%3C%2Fsvg%3E\" class=\"attachment-large size-large lazyload\" alt=\"moment de vie pendant les pr\u00e9paratifs du mariage\" srcset=\"data:image\/svg+xml,%3Csvg%20xmlns%3D%22http%3A%2F%2Fwww.w3.org%2F2000%2Fsvg%22%20viewBox%3D%220%200%20800%20533%22%3E%3C%2Fsvg%3E 800w\" sizes=\"(max-width: 800px) 100vw, 800px\" data-srcset=\"https:\/\/www.joliehistoire.com\/wp-content\/uploads\/2014\/10\/moment-de-vie-pendant-les-preparatifs-du-mariage.jpg 800w, https:\/\/www.joliehistoire.com\/wp-content\/uploads\/2014\/10\/moment-de-vie-pendant-les-preparatifs-du-mariage-300x200.jpg 300w, https:\/\/www.joliehistoire.com\/wp-content\/uploads\/2014\/10\/moment-de-vie-pendant-les-preparatifs-du-mariage-768x512.jpg 768w, https:\/\/www.joliehistoire.com\/wp-content\/uploads\/2014\/10\/moment-de-vie-pendant-les-preparatifs-du-mariage-750x500.jpg 750w, https:\/\/www.joliehistoire.com\/wp-content\/uploads\/2014\/10\/moment-de-vie-pendant-les-preparatifs-du-mariage-480x320.jpg 480w\" data-src=\"https:\/\/www.joliehistoire.com\/wp-content\/uploads\/2014\/10\/moment-de-vie-pendant-les-preparatifs-du-mariage.jpg\">\n\t\t\t<\/dt><\/dl><br style=\"clear: both\"><dl class=\"gallery-item\">\n\t\t\t<dt class=\"gallery-icon landscape\">\n\t\t\t\t<noscript><img decoding=\"async\" width=\"1024\" height=\"683\" src=\"https:\/\/www.joliehistoire.com\/wp-content\/uploads\/2014\/10\/une-femme-fait-un-tatouage-au-hennin-a-la-mariee-1024x683.jpg\" class=\"attachment-large size-large\" alt=\"une femme fait un tatouage au hennin \u00e0 la mari\u00e9e\" srcset=\"https:\/\/www.joliehistoire.com\/wp-content\/uploads\/2014\/10\/une-femme-fait-un-tatouage-au-hennin-a-la-mariee.jpg 1024w, https:\/\/www.joliehistoire.com\/wp-content\/uploads\/2014\/10\/une-femme-fait-un-tatouage-au-hennin-a-la-mariee-300x200.jpg 300w, https:\/\/www.joliehistoire.com\/wp-content\/uploads\/2014\/10\/une-femme-fait-un-tatouage-au-hennin-a-la-mariee-768x512.jpg 768w, https:\/\/www.joliehistoire.com\/wp-content\/uploads\/2014\/10\/une-femme-fait-un-tatouage-au-hennin-a-la-mariee-750x500.jpg 750w, https:\/\/www.joliehistoire.com\/wp-content\/uploads\/2014\/10\/une-femme-fait-un-tatouage-au-hennin-a-la-mariee-480x320.jpg 480w, https:\/\/www.joliehistoire.com\/wp-content\/uploads\/2014\/10\/une-femme-fait-un-tatouage-au-hennin-a-la-mariee-800x534.jpg 800w\" sizes=\"(max-width: 1024px) 100vw, 1024px\"><\/noscript><img decoding=\"async\" width=\"1024\" height=\"683\" src=\"data:image\/svg+xml,%3Csvg%20xmlns%3D%22http%3A%2F%2Fwww.w3.org%2F2000%2Fsvg%22%20viewBox%3D%220%200%201024%20683%22%3E%3C%2Fsvg%3E\" class=\"attachment-large size-large lazyload\" alt=\"une femme fait un tatouage au hennin \u00e0 la mari\u00e9e\" srcset=\"data:image\/svg+xml,%3Csvg%20xmlns%3D%22http%3A%2F%2Fwww.w3.org%2F2000%2Fsvg%22%20viewBox%3D%220%200%201024%20683%22%3E%3C%2Fsvg%3E 1024w\" sizes=\"(max-width: 1024px) 100vw, 1024px\" data-srcset=\"https:\/\/www.joliehistoire.com\/wp-content\/uploads\/2014\/10\/une-femme-fait-un-tatouage-au-hennin-a-la-mariee.jpg 1024w, https:\/\/www.joliehistoire.com\/wp-content\/uploads\/2014\/10\/une-femme-fait-un-tatouage-au-hennin-a-la-mariee-300x200.jpg 300w, https:\/\/www.joliehistoire.com\/wp-content\/uploads\/2014\/10\/une-femme-fait-un-tatouage-au-hennin-a-la-mariee-768x512.jpg 768w, https:\/\/www.joliehistoire.com\/wp-content\/uploads\/2014\/10\/une-femme-fait-un-tatouage-au-hennin-a-la-mariee-750x500.jpg 750w, https:\/\/www.joliehistoire.com\/wp-content\/uploads\/2014\/10\/une-femme-fait-un-tatouage-au-hennin-a-la-mariee-480x320.jpg 480w, https:\/\/www.joliehistoire.com\/wp-content\/uploads\/2014\/10\/une-femme-fait-un-tatouage-au-hennin-a-la-mariee-800x534.jpg 800w\" data-src=\"https:\/\/www.joliehistoire.com\/wp-content\/uploads\/2014\/10\/une-femme-fait-un-tatouage-au-hennin-a-la-mariee-1024x683.jpg\">\n\t\t\t<\/dt><\/dl><br style=\"clear: both\"><dl class=\"gallery-item\">\n\t\t\t<dt class=\"gallery-icon landscape\">\n\t\t\t\t<noscript><img decoding=\"async\" width=\"1024\" height=\"683\" src=\"https:\/\/www.joliehistoire.com\/wp-content\/uploads\/2014\/10\/la-mariee-se-fait-tatouer-au-hennin-1024x683.jpg\" class=\"attachment-large size-large\" alt=\"la mari\u00e9e se fait tatouer au hennin\" srcset=\"https:\/\/www.joliehistoire.com\/wp-content\/uploads\/2014\/10\/la-mariee-se-fait-tatouer-au-hennin.jpg 1024w, https:\/\/www.joliehistoire.com\/wp-content\/uploads\/2014\/10\/la-mariee-se-fait-tatouer-au-hennin-300x200.jpg 300w, https:\/\/www.joliehistoire.com\/wp-content\/uploads\/2014\/10\/la-mariee-se-fait-tatouer-au-hennin-768x512.jpg 768w, https:\/\/www.joliehistoire.com\/wp-content\/uploads\/2014\/10\/la-mariee-se-fait-tatouer-au-hennin-750x500.jpg 750w, https:\/\/www.joliehistoire.com\/wp-content\/uploads\/2014\/10\/la-mariee-se-fait-tatouer-au-hennin-480x320.jpg 480w, https:\/\/www.joliehistoire.com\/wp-content\/uploads\/2014\/10\/la-mariee-se-fait-tatouer-au-hennin-800x534.jpg 800w\" sizes=\"(max-width: 1024px) 100vw, 1024px\"><\/noscript><img decoding=\"async\" width=\"1024\" height=\"683\" src=\"data:image\/svg+xml,%3Csvg%20xmlns%3D%22http%3A%2F%2Fwww.w3.org%2F2000%2Fsvg%22%20viewBox%3D%220%200%201024%20683%22%3E%3C%2Fsvg%3E\" class=\"attachment-large size-large lazyload\" alt=\"la mari\u00e9e se fait tatouer au hennin\" srcset=\"data:image\/svg+xml,%3Csvg%20xmlns%3D%22http%3A%2F%2Fwww.w3.org%2F2000%2Fsvg%22%20viewBox%3D%220%200%201024%20683%22%3E%3C%2Fsvg%3E 1024w\" sizes=\"(max-width: 1024px) 100vw, 1024px\" data-srcset=\"https:\/\/www.joliehistoire.com\/wp-content\/uploads\/2014\/10\/la-mariee-se-fait-tatouer-au-hennin.jpg 1024w, https:\/\/www.joliehistoire.com\/wp-content\/uploads\/2014\/10\/la-mariee-se-fait-tatouer-au-hennin-300x200.jpg 300w, https:\/\/www.joliehistoire.com\/wp-content\/uploads\/2014\/10\/la-mariee-se-fait-tatouer-au-hennin-768x512.jpg 768w, https:\/\/www.joliehistoire.com\/wp-content\/uploads\/2014\/10\/la-mariee-se-fait-tatouer-au-hennin-750x500.jpg 750w, https:\/\/www.joliehistoire.com\/wp-content\/uploads\/2014\/10\/la-mariee-se-fait-tatouer-au-hennin-480x320.jpg 480w, https:\/\/www.joliehistoire.com\/wp-content\/uploads\/2014\/10\/la-mariee-se-fait-tatouer-au-hennin-800x534.jpg 800w\" data-src=\"https:\/\/www.joliehistoire.com\/wp-content\/uploads\/2014\/10\/la-mariee-se-fait-tatouer-au-hennin-1024x683.jpg\">\n\t\t\t<\/dt><\/dl><br style=\"clear: both\"><dl class=\"gallery-item\">\n\t\t\t<dt class=\"gallery-icon landscape\">\n\t\t\t\t<noscript><img decoding=\"async\" width=\"800\" height=\"533\" src=\"https:\/\/www.joliehistoire.com\/wp-content\/uploads\/2014\/10\/une-petite-fille-admire-sa-maman-pendant-les-preparatifs-du-mariage.jpg\" class=\"attachment-large size-large\" alt=\"une petite fille admire sa maman pendant les pr\u00e9paratifs du mariage\" srcset=\"https:\/\/www.joliehistoire.com\/wp-content\/uploads\/2014\/10\/une-petite-fille-admire-sa-maman-pendant-les-preparatifs-du-mariage.jpg 800w, https:\/\/www.joliehistoire.com\/wp-content\/uploads\/2014\/10\/une-petite-fille-admire-sa-maman-pendant-les-preparatifs-du-mariage-300x200.jpg 300w, https:\/\/www.joliehistoire.com\/wp-content\/uploads\/2014\/10\/une-petite-fille-admire-sa-maman-pendant-les-preparatifs-du-mariage-768x512.jpg 768w, https:\/\/www.joliehistoire.com\/wp-content\/uploads\/2014\/10\/une-petite-fille-admire-sa-maman-pendant-les-preparatifs-du-mariage-750x500.jpg 750w, https:\/\/www.joliehistoire.com\/wp-content\/uploads\/2014\/10\/une-petite-fille-admire-sa-maman-pendant-les-preparatifs-du-mariage-480x320.jpg 480w\" sizes=\"(max-width: 800px) 100vw, 800px\"><\/noscript><img decoding=\"async\" width=\"800\" height=\"533\" src=\"data:image\/svg+xml,%3Csvg%20xmlns%3D%22http%3A%2F%2Fwww.w3.org%2F2000%2Fsvg%22%20viewBox%3D%220%200%20800%20533%22%3E%3C%2Fsvg%3E\" class=\"attachment-large size-large lazyload\" alt=\"une petite fille admire sa maman pendant les pr\u00e9paratifs du mariage\" srcset=\"data:image\/svg+xml,%3Csvg%20xmlns%3D%22http%3A%2F%2Fwww.w3.org%2F2000%2Fsvg%22%20viewBox%3D%220%200%20800%20533%22%3E%3C%2Fsvg%3E 800w\" sizes=\"(max-width: 800px) 100vw, 800px\" data-srcset=\"https:\/\/www.joliehistoire.com\/wp-content\/uploads\/2014\/10\/une-petite-fille-admire-sa-maman-pendant-les-preparatifs-du-mariage.jpg 800w, https:\/\/www.joliehistoire.com\/wp-content\/uploads\/2014\/10\/une-petite-fille-admire-sa-maman-pendant-les-preparatifs-du-mariage-300x200.jpg 300w, https:\/\/www.joliehistoire.com\/wp-content\/uploads\/2014\/10\/une-petite-fille-admire-sa-maman-pendant-les-preparatifs-du-mariage-768x512.jpg 768w, https:\/\/www.joliehistoire.com\/wp-content\/uploads\/2014\/10\/une-petite-fille-admire-sa-maman-pendant-les-preparatifs-du-mariage-750x500.jpg 750w, https:\/\/www.joliehistoire.com\/wp-content\/uploads\/2014\/10\/une-petite-fille-admire-sa-maman-pendant-les-preparatifs-du-mariage-480x320.jpg 480w\" data-src=\"https:\/\/www.joliehistoire.com\/wp-content\/uploads\/2014\/10\/une-petite-fille-admire-sa-maman-pendant-les-preparatifs-du-mariage.jpg\">\n\t\t\t<\/dt><\/dl><br style=\"clear: both\"><dl class=\"gallery-item\">\n\t\t\t<dt class=\"gallery-icon portrait\">\n\t\t\t\t<noscript><img decoding=\"async\" width=\"427\" height=\"640\" src=\"https:\/\/www.joliehistoire.com\/wp-content\/uploads\/2014\/10\/la-mariee-lit-une-lettre-pendant-quelle-se-fait-coiffer.jpg\" class=\"attachment-large size-large\" alt=\"la mari\u00e9e lit une lettre pendant qu&#039;elle se fait coiffer\" srcset=\"https:\/\/www.joliehistoire.com\/wp-content\/uploads\/2014\/10\/la-mariee-lit-une-lettre-pendant-quelle-se-fait-coiffer.jpg 427w, https:\/\/www.joliehistoire.com\/wp-content\/uploads\/2014\/10\/la-mariee-lit-une-lettre-pendant-quelle-se-fait-coiffer-200x300.jpg 200w, https:\/\/www.joliehistoire.com\/wp-content\/uploads\/2014\/10\/la-mariee-lit-une-lettre-pendant-quelle-se-fait-coiffer-334x500.jpg 334w\" sizes=\"(max-width: 427px) 100vw, 427px\"><\/noscript><img decoding=\"async\" width=\"427\" height=\"640\" src=\"data:image\/svg+xml,%3Csvg%20xmlns%3D%22http%3A%2F%2Fwww.w3.org%2F2000%2Fsvg%22%20viewBox%3D%220%200%20427%20640%22%3E%3C%2Fsvg%3E\" class=\"attachment-large size-large lazyload\" alt=\"la mari\u00e9e lit une lettre pendant qu&#039;elle se fait coiffer\" srcset=\"data:image\/svg+xml,%3Csvg%20xmlns%3D%22http%3A%2F%2Fwww.w3.org%2F2000%2Fsvg%22%20viewBox%3D%220%200%20427%20640%22%3E%3C%2Fsvg%3E 427w\" sizes=\"(max-width: 427px) 100vw, 427px\" data-srcset=\"https:\/\/www.joliehistoire.com\/wp-content\/uploads\/2014\/10\/la-mariee-lit-une-lettre-pendant-quelle-se-fait-coiffer.jpg 427w, https:\/\/www.joliehistoire.com\/wp-content\/uploads\/2014\/10\/la-mariee-lit-une-lettre-pendant-quelle-se-fait-coiffer-200x300.jpg 200w, https:\/\/www.joliehistoire.com\/wp-content\/uploads\/2014\/10\/la-mariee-lit-une-lettre-pendant-quelle-se-fait-coiffer-334x500.jpg 334w\" data-src=\"https:\/\/www.joliehistoire.com\/wp-content\/uploads\/2014\/10\/la-mariee-lit-une-lettre-pendant-quelle-se-fait-coiffer.jpg\">\n\t\t\t<\/dt><\/dl><br style=\"clear: both\"><dl class=\"gallery-item\">\n\t\t\t<dt class=\"gallery-icon portrait\">\n\t\t\t\t<noscript><img decoding=\"async\" width=\"683\" height=\"1024\" src=\"https:\/\/www.joliehistoire.com\/wp-content\/uploads\/2014\/10\/la-robe-de-la-mariee-photographiee-devant-la-fenetre-683x1024.jpg\" class=\"attachment-large size-large\" alt=\"la robe de la mari\u00e9e photographi\u00e9e devant la fen\u00eatre\" srcset=\"https:\/\/www.joliehistoire.com\/wp-content\/uploads\/2014\/10\/la-robe-de-la-mariee-photographiee-devant-la-fenetre.jpg 683w, https:\/\/www.joliehistoire.com\/wp-content\/uploads\/2014\/10\/la-robe-de-la-mariee-photographiee-devant-la-fenetre-200x300.jpg 200w, https:\/\/www.joliehistoire.com\/wp-content\/uploads\/2014\/10\/la-robe-de-la-mariee-photographiee-devant-la-fenetre-333x500.jpg 333w, https:\/\/www.joliehistoire.com\/wp-content\/uploads\/2014\/10\/la-robe-de-la-mariee-photographiee-devant-la-fenetre-480x720.jpg 480w\" sizes=\"(max-width: 683px) 100vw, 683px\"><\/noscript><img decoding=\"async\" width=\"683\" height=\"1024\" src=\"data:image\/svg+xml,%3Csvg%20xmlns%3D%22http%3A%2F%2Fwww.w3.org%2F2000%2Fsvg%22%20viewBox%3D%220%200%20683%201024%22%3E%3C%2Fsvg%3E\" class=\"attachment-large size-large lazyload\" alt=\"la robe de la mari\u00e9e photographi\u00e9e devant la fen\u00eatre\" srcset=\"data:image\/svg+xml,%3Csvg%20xmlns%3D%22http%3A%2F%2Fwww.w3.org%2F2000%2Fsvg%22%20viewBox%3D%220%200%20683%201024%22%3E%3C%2Fsvg%3E 683w\" sizes=\"(max-width: 683px) 100vw, 683px\" data-srcset=\"https:\/\/www.joliehistoire.com\/wp-content\/uploads\/2014\/10\/la-robe-de-la-mariee-photographiee-devant-la-fenetre.jpg 683w, https:\/\/www.joliehistoire.com\/wp-content\/uploads\/2014\/10\/la-robe-de-la-mariee-photographiee-devant-la-fenetre-200x300.jpg 200w, https:\/\/www.joliehistoire.com\/wp-content\/uploads\/2014\/10\/la-robe-de-la-mariee-photographiee-devant-la-fenetre-333x500.jpg 333w, https:\/\/www.joliehistoire.com\/wp-content\/uploads\/2014\/10\/la-robe-de-la-mariee-photographiee-devant-la-fenetre-480x720.jpg 480w\" data-src=\"https:\/\/www.joliehistoire.com\/wp-content\/uploads\/2014\/10\/la-robe-de-la-mariee-photographiee-devant-la-fenetre-683x1024.jpg\">\n\t\t\t<\/dt><\/dl><br style=\"clear: both\"><dl class=\"gallery-item\">\n\t\t\t<dt class=\"gallery-icon landscape\">\n\t\t\t\t<noscript><img decoding=\"async\" width=\"800\" height=\"533\" src=\"https:\/\/www.joliehistoire.com\/wp-content\/uploads\/2014\/10\/le-petit-garcon-de-la-mariee-joue-sur-les-genoux-de-sa-maman.jpg\" class=\"attachment-large size-large\" alt=\"le petit gar\u00e7on de la mari\u00e9e joue sur les genoux de sa maman\" srcset=\"https:\/\/www.joliehistoire.com\/wp-content\/uploads\/2014\/10\/le-petit-garcon-de-la-mariee-joue-sur-les-genoux-de-sa-maman.jpg 800w, https:\/\/www.joliehistoire.com\/wp-content\/uploads\/2014\/10\/le-petit-garcon-de-la-mariee-joue-sur-les-genoux-de-sa-maman-300x200.jpg 300w, https:\/\/www.joliehistoire.com\/wp-content\/uploads\/2014\/10\/le-petit-garcon-de-la-mariee-joue-sur-les-genoux-de-sa-maman-768x512.jpg 768w, https:\/\/www.joliehistoire.com\/wp-content\/uploads\/2014\/10\/le-petit-garcon-de-la-mariee-joue-sur-les-genoux-de-sa-maman-750x500.jpg 750w, https:\/\/www.joliehistoire.com\/wp-content\/uploads\/2014\/10\/le-petit-garcon-de-la-mariee-joue-sur-les-genoux-de-sa-maman-480x320.jpg 480w\" sizes=\"(max-width: 800px) 100vw, 800px\"><\/noscript><img decoding=\"async\" width=\"800\" height=\"533\" src=\"data:image\/svg+xml,%3Csvg%20xmlns%3D%22http%3A%2F%2Fwww.w3.org%2F2000%2Fsvg%22%20viewBox%3D%220%200%20800%20533%22%3E%3C%2Fsvg%3E\" class=\"attachment-large size-large lazyload\" alt=\"le petit gar\u00e7on de la mari\u00e9e joue sur les genoux de sa maman\" srcset=\"data:image\/svg+xml,%3Csvg%20xmlns%3D%22http%3A%2F%2Fwww.w3.org%2F2000%2Fsvg%22%20viewBox%3D%220%200%20800%20533%22%3E%3C%2Fsvg%3E 800w\" sizes=\"(max-width: 800px) 100vw, 800px\" data-srcset=\"https:\/\/www.joliehistoire.com\/wp-content\/uploads\/2014\/10\/le-petit-garcon-de-la-mariee-joue-sur-les-genoux-de-sa-maman.jpg 800w, https:\/\/www.joliehistoire.com\/wp-content\/uploads\/2014\/10\/le-petit-garcon-de-la-mariee-joue-sur-les-genoux-de-sa-maman-300x200.jpg 300w, https:\/\/www.joliehistoire.com\/wp-content\/uploads\/2014\/10\/le-petit-garcon-de-la-mariee-joue-sur-les-genoux-de-sa-maman-768x512.jpg 768w, https:\/\/www.joliehistoire.com\/wp-content\/uploads\/2014\/10\/le-petit-garcon-de-la-mariee-joue-sur-les-genoux-de-sa-maman-750x500.jpg 750w, https:\/\/www.joliehistoire.com\/wp-content\/uploads\/2014\/10\/le-petit-garcon-de-la-mariee-joue-sur-les-genoux-de-sa-maman-480x320.jpg 480w\" data-src=\"https:\/\/www.joliehistoire.com\/wp-content\/uploads\/2014\/10\/le-petit-garcon-de-la-mariee-joue-sur-les-genoux-de-sa-maman.jpg\">\n\t\t\t<\/dt><\/dl><br style=\"clear: both\"><dl class=\"gallery-item\">\n\t\t\t<dt class=\"gallery-icon portrait\">\n\t\t\t\t<noscript><img decoding=\"async\" width=\"427\" height=\"640\" src=\"https:\/\/www.joliehistoire.com\/wp-content\/uploads\/2014\/10\/le-petit-garcon-pique-une-colere-pendant-les-preparatifs-du-mariage.jpg\" class=\"attachment-large size-large\" alt=\"le petit gar\u00e7on pique une col\u00e8re pendant les pr\u00e9paratifs du mariage\" srcset=\"https:\/\/www.joliehistoire.com\/wp-content\/uploads\/2014\/10\/le-petit-garcon-pique-une-colere-pendant-les-preparatifs-du-mariage.jpg 427w, https:\/\/www.joliehistoire.com\/wp-content\/uploads\/2014\/10\/le-petit-garcon-pique-une-colere-pendant-les-preparatifs-du-mariage-200x300.jpg 200w, https:\/\/www.joliehistoire.com\/wp-content\/uploads\/2014\/10\/le-petit-garcon-pique-une-colere-pendant-les-preparatifs-du-mariage-334x500.jpg 334w\" sizes=\"(max-width: 427px) 100vw, 427px\"><\/noscript><img decoding=\"async\" width=\"427\" height=\"640\" src=\"data:image\/svg+xml,%3Csvg%20xmlns%3D%22http%3A%2F%2Fwww.w3.org%2F2000%2Fsvg%22%20viewBox%3D%220%200%20427%20640%22%3E%3C%2Fsvg%3E\" class=\"attachment-large size-large lazyload\" alt=\"le petit gar\u00e7on pique une col\u00e8re pendant les pr\u00e9paratifs du mariage\" srcset=\"data:image\/svg+xml,%3Csvg%20xmlns%3D%22http%3A%2F%2Fwww.w3.org%2F2000%2Fsvg%22%20viewBox%3D%220%200%20427%20640%22%3E%3C%2Fsvg%3E 427w\" sizes=\"(max-width: 427px) 100vw, 427px\" data-srcset=\"https:\/\/www.joliehistoire.com\/wp-content\/uploads\/2014\/10\/le-petit-garcon-pique-une-colere-pendant-les-preparatifs-du-mariage.jpg 427w, https:\/\/www.joliehistoire.com\/wp-content\/uploads\/2014\/10\/le-petit-garcon-pique-une-colere-pendant-les-preparatifs-du-mariage-200x300.jpg 200w, https:\/\/www.joliehistoire.com\/wp-content\/uploads\/2014\/10\/le-petit-garcon-pique-une-colere-pendant-les-preparatifs-du-mariage-334x500.jpg 334w\" data-src=\"https:\/\/www.joliehistoire.com\/wp-content\/uploads\/2014\/10\/le-petit-garcon-pique-une-colere-pendant-les-preparatifs-du-mariage.jpg\">\n\t\t\t<\/dt><\/dl><br style=\"clear: both\"><dl class=\"gallery-item\">\n\t\t\t<dt class=\"gallery-icon portrait\">\n\t\t\t\t<noscript><img decoding=\"async\" width=\"427\" height=\"640\" src=\"https:\/\/www.joliehistoire.com\/wp-content\/uploads\/2014\/10\/la-maman-raisonne-son-fils.jpg\" class=\"attachment-large size-large\" alt=\"la maman raisonne son fils\" srcset=\"https:\/\/www.joliehistoire.com\/wp-content\/uploads\/2014\/10\/la-maman-raisonne-son-fils.jpg 427w, https:\/\/www.joliehistoire.com\/wp-content\/uploads\/2014\/10\/la-maman-raisonne-son-fils-200x300.jpg 200w, https:\/\/www.joliehistoire.com\/wp-content\/uploads\/2014\/10\/la-maman-raisonne-son-fils-334x500.jpg 334w\" sizes=\"(max-width: 427px) 100vw, 427px\"><\/noscript><img decoding=\"async\" width=\"427\" height=\"640\" src=\"data:image\/svg+xml,%3Csvg%20xmlns%3D%22http%3A%2F%2Fwww.w3.org%2F2000%2Fsvg%22%20viewBox%3D%220%200%20427%20640%22%3E%3C%2Fsvg%3E\" class=\"attachment-large size-large lazyload\" alt=\"la maman raisonne son fils\" srcset=\"data:image\/svg+xml,%3Csvg%20xmlns%3D%22http%3A%2F%2Fwww.w3.org%2F2000%2Fsvg%22%20viewBox%3D%220%200%20427%20640%22%3E%3C%2Fsvg%3E 427w\" sizes=\"(max-width: 427px) 100vw, 427px\" data-srcset=\"https:\/\/www.joliehistoire.com\/wp-content\/uploads\/2014\/10\/la-maman-raisonne-son-fils.jpg 427w, https:\/\/www.joliehistoire.com\/wp-content\/uploads\/2014\/10\/la-maman-raisonne-son-fils-200x300.jpg 200w, https:\/\/www.joliehistoire.com\/wp-content\/uploads\/2014\/10\/la-maman-raisonne-son-fils-334x500.jpg 334w\" data-src=\"https:\/\/www.joliehistoire.com\/wp-content\/uploads\/2014\/10\/la-maman-raisonne-son-fils.jpg\">\n\t\t\t<\/dt><\/dl><br style=\"clear: both\"><dl class=\"gallery-item\">\n\t\t\t<dt class=\"gallery-icon landscape\">\n\t\t\t\t<noscript><img decoding=\"async\" width=\"800\" height=\"533\" src=\"https:\/\/www.joliehistoire.com\/wp-content\/uploads\/2014\/10\/le-petit-garcon-joue-au-super-hero-avec-le-photographe.jpg\" class=\"attachment-large size-large\" alt=\"le petit gar\u00e7on joue au super h\u00e9ro avec le photographe\" srcset=\"https:\/\/www.joliehistoire.com\/wp-content\/uploads\/2014\/10\/le-petit-garcon-joue-au-super-hero-avec-le-photographe.jpg 800w, https:\/\/www.joliehistoire.com\/wp-content\/uploads\/2014\/10\/le-petit-garcon-joue-au-super-hero-avec-le-photographe-300x200.jpg 300w, https:\/\/www.joliehistoire.com\/wp-content\/uploads\/2014\/10\/le-petit-garcon-joue-au-super-hero-avec-le-photographe-768x512.jpg 768w, https:\/\/www.joliehistoire.com\/wp-content\/uploads\/2014\/10\/le-petit-garcon-joue-au-super-hero-avec-le-photographe-750x500.jpg 750w, https:\/\/www.joliehistoire.com\/wp-content\/uploads\/2014\/10\/le-petit-garcon-joue-au-super-hero-avec-le-photographe-480x320.jpg 480w\" sizes=\"(max-width: 800px) 100vw, 800px\"><\/noscript><img decoding=\"async\" width=\"800\" height=\"533\" src=\"data:image\/svg+xml,%3Csvg%20xmlns%3D%22http%3A%2F%2Fwww.w3.org%2F2000%2Fsvg%22%20viewBox%3D%220%200%20800%20533%22%3E%3C%2Fsvg%3E\" class=\"attachment-large size-large lazyload\" alt=\"le petit gar\u00e7on joue au super h\u00e9ro avec le photographe\" srcset=\"data:image\/svg+xml,%3Csvg%20xmlns%3D%22http%3A%2F%2Fwww.w3.org%2F2000%2Fsvg%22%20viewBox%3D%220%200%20800%20533%22%3E%3C%2Fsvg%3E 800w\" sizes=\"(max-width: 800px) 100vw, 800px\" data-srcset=\"https:\/\/www.joliehistoire.com\/wp-content\/uploads\/2014\/10\/le-petit-garcon-joue-au-super-hero-avec-le-photographe.jpg 800w, https:\/\/www.joliehistoire.com\/wp-content\/uploads\/2014\/10\/le-petit-garcon-joue-au-super-hero-avec-le-photographe-300x200.jpg 300w, https:\/\/www.joliehistoire.com\/wp-content\/uploads\/2014\/10\/le-petit-garcon-joue-au-super-hero-avec-le-photographe-768x512.jpg 768w, https:\/\/www.joliehistoire.com\/wp-content\/uploads\/2014\/10\/le-petit-garcon-joue-au-super-hero-avec-le-photographe-750x500.jpg 750w, https:\/\/www.joliehistoire.com\/wp-content\/uploads\/2014\/10\/le-petit-garcon-joue-au-super-hero-avec-le-photographe-480x320.jpg 480w\" data-src=\"https:\/\/www.joliehistoire.com\/wp-content\/uploads\/2014\/10\/le-petit-garcon-joue-au-super-hero-avec-le-photographe.jpg\">\n\t\t\t<\/dt><\/dl><br style=\"clear: both\"><dl class=\"gallery-item\">\n\t\t\t<dt class=\"gallery-icon landscape\">\n\t\t\t\t<noscript><img decoding=\"async\" width=\"800\" height=\"533\" src=\"https:\/\/www.joliehistoire.com\/wp-content\/uploads\/2014\/10\/le-photographe-capture-la-petite-fille-pendant-quelle-ecrit-une-liste-de-course.jpg\" class=\"attachment-large size-large\" alt=\"le photographe capture la petite fille pendant qu&#039;elle \u00e9crit une liste de course\" srcset=\"https:\/\/www.joliehistoire.com\/wp-content\/uploads\/2014\/10\/le-photographe-capture-la-petite-fille-pendant-quelle-ecrit-une-liste-de-course.jpg 800w, https:\/\/www.joliehistoire.com\/wp-content\/uploads\/2014\/10\/le-photographe-capture-la-petite-fille-pendant-quelle-ecrit-une-liste-de-course-300x200.jpg 300w, https:\/\/www.joliehistoire.com\/wp-content\/uploads\/2014\/10\/le-photographe-capture-la-petite-fille-pendant-quelle-ecrit-une-liste-de-course-768x512.jpg 768w, https:\/\/www.joliehistoire.com\/wp-content\/uploads\/2014\/10\/le-photographe-capture-la-petite-fille-pendant-quelle-ecrit-une-liste-de-course-750x500.jpg 750w, https:\/\/www.joliehistoire.com\/wp-content\/uploads\/2014\/10\/le-photographe-capture-la-petite-fille-pendant-quelle-ecrit-une-liste-de-course-480x320.jpg 480w\" sizes=\"(max-width: 800px) 100vw, 800px\"><\/noscript><img decoding=\"async\" width=\"800\" height=\"533\" src=\"data:image\/svg+xml,%3Csvg%20xmlns%3D%22http%3A%2F%2Fwww.w3.org%2F2000%2Fsvg%22%20viewBox%3D%220%200%20800%20533%22%3E%3C%2Fsvg%3E\" class=\"attachment-large size-large lazyload\" alt=\"le photographe capture la petite fille pendant qu&#039;elle \u00e9crit une liste de course\" srcset=\"data:image\/svg+xml,%3Csvg%20xmlns%3D%22http%3A%2F%2Fwww.w3.org%2F2000%2Fsvg%22%20viewBox%3D%220%200%20800%20533%22%3E%3C%2Fsvg%3E 800w\" sizes=\"(max-width: 800px) 100vw, 800px\" data-srcset=\"https:\/\/www.joliehistoire.com\/wp-content\/uploads\/2014\/10\/le-photographe-capture-la-petite-fille-pendant-quelle-ecrit-une-liste-de-course.jpg 800w, https:\/\/www.joliehistoire.com\/wp-content\/uploads\/2014\/10\/le-photographe-capture-la-petite-fille-pendant-quelle-ecrit-une-liste-de-course-300x200.jpg 300w, https:\/\/www.joliehistoire.com\/wp-content\/uploads\/2014\/10\/le-photographe-capture-la-petite-fille-pendant-quelle-ecrit-une-liste-de-course-768x512.jpg 768w, https:\/\/www.joliehistoire.com\/wp-content\/uploads\/2014\/10\/le-photographe-capture-la-petite-fille-pendant-quelle-ecrit-une-liste-de-course-750x500.jpg 750w, https:\/\/www.joliehistoire.com\/wp-content\/uploads\/2014\/10\/le-photographe-capture-la-petite-fille-pendant-quelle-ecrit-une-liste-de-course-480x320.jpg 480w\" data-src=\"https:\/\/www.joliehistoire.com\/wp-content\/uploads\/2014\/10\/le-photographe-capture-la-petite-fille-pendant-quelle-ecrit-une-liste-de-course.jpg\">\n\t\t\t<\/dt><\/dl><br style=\"clear: both\"><dl class=\"gallery-item\">\n\t\t\t<dt class=\"gallery-icon landscape\">\n\t\t\t\t<noscript><img decoding=\"async\" width=\"800\" height=\"533\" src=\"https:\/\/www.joliehistoire.com\/wp-content\/uploads\/2014\/10\/le-photographe-immortalise-des-moments-de-vie-entre-la-mariee-et-sa-fille.jpg\" class=\"attachment-large size-large\" alt=\"le photographe immortalise des moments de vie entre la mari\u00e9e et sa fille\" srcset=\"https:\/\/www.joliehistoire.com\/wp-content\/uploads\/2014\/10\/le-photographe-immortalise-des-moments-de-vie-entre-la-mariee-et-sa-fille.jpg 800w, https:\/\/www.joliehistoire.com\/wp-content\/uploads\/2014\/10\/le-photographe-immortalise-des-moments-de-vie-entre-la-mariee-et-sa-fille-300x200.jpg 300w, https:\/\/www.joliehistoire.com\/wp-content\/uploads\/2014\/10\/le-photographe-immortalise-des-moments-de-vie-entre-la-mariee-et-sa-fille-768x512.jpg 768w, https:\/\/www.joliehistoire.com\/wp-content\/uploads\/2014\/10\/le-photographe-immortalise-des-moments-de-vie-entre-la-mariee-et-sa-fille-750x500.jpg 750w, https:\/\/www.joliehistoire.com\/wp-content\/uploads\/2014\/10\/le-photographe-immortalise-des-moments-de-vie-entre-la-mariee-et-sa-fille-480x320.jpg 480w\" sizes=\"(max-width: 800px) 100vw, 800px\"><\/noscript><img decoding=\"async\" width=\"800\" height=\"533\" src=\"data:image\/svg+xml,%3Csvg%20xmlns%3D%22http%3A%2F%2Fwww.w3.org%2F2000%2Fsvg%22%20viewBox%3D%220%200%20800%20533%22%3E%3C%2Fsvg%3E\" class=\"attachment-large size-large lazyload\" alt=\"le photographe immortalise des moments de vie entre la mari\u00e9e et sa fille\" srcset=\"data:image\/svg+xml,%3Csvg%20xmlns%3D%22http%3A%2F%2Fwww.w3.org%2F2000%2Fsvg%22%20viewBox%3D%220%200%20800%20533%22%3E%3C%2Fsvg%3E 800w\" sizes=\"(max-width: 800px) 100vw, 800px\" data-srcset=\"https:\/\/www.joliehistoire.com\/wp-content\/uploads\/2014\/10\/le-photographe-immortalise-des-moments-de-vie-entre-la-mariee-et-sa-fille.jpg 800w, https:\/\/www.joliehistoire.com\/wp-content\/uploads\/2014\/10\/le-photographe-immortalise-des-moments-de-vie-entre-la-mariee-et-sa-fille-300x200.jpg 300w, https:\/\/www.joliehistoire.com\/wp-content\/uploads\/2014\/10\/le-photographe-immortalise-des-moments-de-vie-entre-la-mariee-et-sa-fille-768x512.jpg 768w, https:\/\/www.joliehistoire.com\/wp-content\/uploads\/2014\/10\/le-photographe-immortalise-des-moments-de-vie-entre-la-mariee-et-sa-fille-750x500.jpg 750w, https:\/\/www.joliehistoire.com\/wp-content\/uploads\/2014\/10\/le-photographe-immortalise-des-moments-de-vie-entre-la-mariee-et-sa-fille-480x320.jpg 480w\" data-src=\"https:\/\/www.joliehistoire.com\/wp-content\/uploads\/2014\/10\/le-photographe-immortalise-des-moments-de-vie-entre-la-mariee-et-sa-fille.jpg\">\n\t\t\t<\/dt><\/dl><br style=\"clear: both\"><dl class=\"gallery-item\">\n\t\t\t<dt class=\"gallery-icon landscape\">\n\t\t\t\t<noscript><img decoding=\"async\" width=\"800\" height=\"533\" src=\"https:\/\/www.joliehistoire.com\/wp-content\/uploads\/2014\/10\/le-videaste-filme-les-preparatifs-du-mariage-en-lorraine.jpg\" class=\"attachment-large size-large\" alt=\"le vid\u00e9aste filme les pr\u00e9paratifs du mariage en lorraine\" srcset=\"https:\/\/www.joliehistoire.com\/wp-content\/uploads\/2014\/10\/le-videaste-filme-les-preparatifs-du-mariage-en-lorraine.jpg 800w, https:\/\/www.joliehistoire.com\/wp-content\/uploads\/2014\/10\/le-videaste-filme-les-preparatifs-du-mariage-en-lorraine-300x200.jpg 300w, https:\/\/www.joliehistoire.com\/wp-content\/uploads\/2014\/10\/le-videaste-filme-les-preparatifs-du-mariage-en-lorraine-768x512.jpg 768w, https:\/\/www.joliehistoire.com\/wp-content\/uploads\/2014\/10\/le-videaste-filme-les-preparatifs-du-mariage-en-lorraine-750x500.jpg 750w, https:\/\/www.joliehistoire.com\/wp-content\/uploads\/2014\/10\/le-videaste-filme-les-preparatifs-du-mariage-en-lorraine-480x320.jpg 480w\" sizes=\"(max-width: 800px) 100vw, 800px\"><\/noscript><img decoding=\"async\" width=\"800\" height=\"533\" src=\"data:image\/svg+xml,%3Csvg%20xmlns%3D%22http%3A%2F%2Fwww.w3.org%2F2000%2Fsvg%22%20viewBox%3D%220%200%20800%20533%22%3E%3C%2Fsvg%3E\" class=\"attachment-large size-large lazyload\" alt=\"le vid\u00e9aste filme les pr\u00e9paratifs du mariage en lorraine\" srcset=\"data:image\/svg+xml,%3Csvg%20xmlns%3D%22http%3A%2F%2Fwww.w3.org%2F2000%2Fsvg%22%20viewBox%3D%220%200%20800%20533%22%3E%3C%2Fsvg%3E 800w\" sizes=\"(max-width: 800px) 100vw, 800px\" data-srcset=\"https:\/\/www.joliehistoire.com\/wp-content\/uploads\/2014\/10\/le-videaste-filme-les-preparatifs-du-mariage-en-lorraine.jpg 800w, https:\/\/www.joliehistoire.com\/wp-content\/uploads\/2014\/10\/le-videaste-filme-les-preparatifs-du-mariage-en-lorraine-300x200.jpg 300w, https:\/\/www.joliehistoire.com\/wp-content\/uploads\/2014\/10\/le-videaste-filme-les-preparatifs-du-mariage-en-lorraine-768x512.jpg 768w, https:\/\/www.joliehistoire.com\/wp-content\/uploads\/2014\/10\/le-videaste-filme-les-preparatifs-du-mariage-en-lorraine-750x500.jpg 750w, https:\/\/www.joliehistoire.com\/wp-content\/uploads\/2014\/10\/le-videaste-filme-les-preparatifs-du-mariage-en-lorraine-480x320.jpg 480w\" data-src=\"https:\/\/www.joliehistoire.com\/wp-content\/uploads\/2014\/10\/le-videaste-filme-les-preparatifs-du-mariage-en-lorraine.jpg\">\n\t\t\t<\/dt><\/dl><br style=\"clear: both\"><dl class=\"gallery-item\">\n\t\t\t<dt class=\"gallery-icon portrait\">\n\t\t\t\t<noscript><img decoding=\"async\" width=\"427\" height=\"640\" src=\"https:\/\/www.joliehistoire.com\/wp-content\/uploads\/2014\/10\/la-fille-de-la-mariee-se-fait-coiffee-devant-la-robe.jpg\" class=\"attachment-large size-large\" alt=\"la fille de la mari\u00e9e se fait coiff\u00e9e devant la robe\" srcset=\"https:\/\/www.joliehistoire.com\/wp-content\/uploads\/2014\/10\/la-fille-de-la-mariee-se-fait-coiffee-devant-la-robe.jpg 427w, https:\/\/www.joliehistoire.com\/wp-content\/uploads\/2014\/10\/la-fille-de-la-mariee-se-fait-coiffee-devant-la-robe-200x300.jpg 200w, https:\/\/www.joliehistoire.com\/wp-content\/uploads\/2014\/10\/la-fille-de-la-mariee-se-fait-coiffee-devant-la-robe-334x500.jpg 334w\" sizes=\"(max-width: 427px) 100vw, 427px\"><\/noscript><img decoding=\"async\" width=\"427\" height=\"640\" src=\"data:image\/svg+xml,%3Csvg%20xmlns%3D%22http%3A%2F%2Fwww.w3.org%2F2000%2Fsvg%22%20viewBox%3D%220%200%20427%20640%22%3E%3C%2Fsvg%3E\" class=\"attachment-large size-large lazyload\" alt=\"la fille de la mari\u00e9e se fait coiff\u00e9e devant la robe\" srcset=\"data:image\/svg+xml,%3Csvg%20xmlns%3D%22http%3A%2F%2Fwww.w3.org%2F2000%2Fsvg%22%20viewBox%3D%220%200%20427%20640%22%3E%3C%2Fsvg%3E 427w\" sizes=\"(max-width: 427px) 100vw, 427px\" data-srcset=\"https:\/\/www.joliehistoire.com\/wp-content\/uploads\/2014\/10\/la-fille-de-la-mariee-se-fait-coiffee-devant-la-robe.jpg 427w, https:\/\/www.joliehistoire.com\/wp-content\/uploads\/2014\/10\/la-fille-de-la-mariee-se-fait-coiffee-devant-la-robe-200x300.jpg 200w, https:\/\/www.joliehistoire.com\/wp-content\/uploads\/2014\/10\/la-fille-de-la-mariee-se-fait-coiffee-devant-la-robe-334x500.jpg 334w\" data-src=\"https:\/\/www.joliehistoire.com\/wp-content\/uploads\/2014\/10\/la-fille-de-la-mariee-se-fait-coiffee-devant-la-robe.jpg\">\n\t\t\t<\/dt><\/dl><br style=\"clear: both\"><dl class=\"gallery-item\">\n\t\t\t<dt class=\"gallery-icon landscape\">\n\t\t\t\t<noscript><img decoding=\"async\" width=\"800\" height=\"533\" src=\"https:\/\/www.joliehistoire.com\/wp-content\/uploads\/2014\/10\/la-mariee-se-regarde-dans-le-miroir-sous-loeil-du-photographe.jpg\" class=\"attachment-large size-large\" alt=\"la mari\u00e9e se regarde dans le miroir sous l&#039;oeil du photographe\" srcset=\"https:\/\/www.joliehistoire.com\/wp-content\/uploads\/2014\/10\/la-mariee-se-regarde-dans-le-miroir-sous-loeil-du-photographe.jpg 800w, https:\/\/www.joliehistoire.com\/wp-content\/uploads\/2014\/10\/la-mariee-se-regarde-dans-le-miroir-sous-loeil-du-photographe-300x200.jpg 300w, https:\/\/www.joliehistoire.com\/wp-content\/uploads\/2014\/10\/la-mariee-se-regarde-dans-le-miroir-sous-loeil-du-photographe-768x512.jpg 768w, https:\/\/www.joliehistoire.com\/wp-content\/uploads\/2014\/10\/la-mariee-se-regarde-dans-le-miroir-sous-loeil-du-photographe-750x500.jpg 750w, https:\/\/www.joliehistoire.com\/wp-content\/uploads\/2014\/10\/la-mariee-se-regarde-dans-le-miroir-sous-loeil-du-photographe-480x320.jpg 480w\" sizes=\"(max-width: 800px) 100vw, 800px\"><\/noscript><img decoding=\"async\" width=\"800\" height=\"533\" src=\"data:image\/svg+xml,%3Csvg%20xmlns%3D%22http%3A%2F%2Fwww.w3.org%2F2000%2Fsvg%22%20viewBox%3D%220%200%20800%20533%22%3E%3C%2Fsvg%3E\" class=\"attachment-large size-large lazyload\" alt=\"la mari\u00e9e se regarde dans le miroir sous l&#039;oeil du photographe\" srcset=\"data:image\/svg+xml,%3Csvg%20xmlns%3D%22http%3A%2F%2Fwww.w3.org%2F2000%2Fsvg%22%20viewBox%3D%220%200%20800%20533%22%3E%3C%2Fsvg%3E 800w\" sizes=\"(max-width: 800px) 100vw, 800px\" data-srcset=\"https:\/\/www.joliehistoire.com\/wp-content\/uploads\/2014\/10\/la-mariee-se-regarde-dans-le-miroir-sous-loeil-du-photographe.jpg 800w, https:\/\/www.joliehistoire.com\/wp-content\/uploads\/2014\/10\/la-mariee-se-regarde-dans-le-miroir-sous-loeil-du-photographe-300x200.jpg 300w, https:\/\/www.joliehistoire.com\/wp-content\/uploads\/2014\/10\/la-mariee-se-regarde-dans-le-miroir-sous-loeil-du-photographe-768x512.jpg 768w, https:\/\/www.joliehistoire.com\/wp-content\/uploads\/2014\/10\/la-mariee-se-regarde-dans-le-miroir-sous-loeil-du-photographe-750x500.jpg 750w, https:\/\/www.joliehistoire.com\/wp-content\/uploads\/2014\/10\/la-mariee-se-regarde-dans-le-miroir-sous-loeil-du-photographe-480x320.jpg 480w\" data-src=\"https:\/\/www.joliehistoire.com\/wp-content\/uploads\/2014\/10\/la-mariee-se-regarde-dans-le-miroir-sous-loeil-du-photographe.jpg\">\n\t\t\t<\/dt><\/dl><br style=\"clear: both\"><dl class=\"gallery-item\">\n\t\t\t<dt class=\"gallery-icon landscape\">\n\t\t\t\t<noscript><img decoding=\"async\" width=\"800\" height=\"533\" src=\"https:\/\/www.joliehistoire.com\/wp-content\/uploads\/2014\/10\/la-petite-fille-se-regarde-dans-le-mirroir.jpg\" class=\"attachment-large size-large\" alt=\"la petite fille se regarde dans le mirroir\" srcset=\"https:\/\/www.joliehistoire.com\/wp-content\/uploads\/2014\/10\/la-petite-fille-se-regarde-dans-le-mirroir.jpg 800w, https:\/\/www.joliehistoire.com\/wp-content\/uploads\/2014\/10\/la-petite-fille-se-regarde-dans-le-mirroir-300x200.jpg 300w, https:\/\/www.joliehistoire.com\/wp-content\/uploads\/2014\/10\/la-petite-fille-se-regarde-dans-le-mirroir-768x512.jpg 768w, https:\/\/www.joliehistoire.com\/wp-content\/uploads\/2014\/10\/la-petite-fille-se-regarde-dans-le-mirroir-750x500.jpg 750w, https:\/\/www.joliehistoire.com\/wp-content\/uploads\/2014\/10\/la-petite-fille-se-regarde-dans-le-mirroir-480x320.jpg 480w\" sizes=\"(max-width: 800px) 100vw, 800px\"><\/noscript><img decoding=\"async\" width=\"800\" height=\"533\" src=\"data:image\/svg+xml,%3Csvg%20xmlns%3D%22http%3A%2F%2Fwww.w3.org%2F2000%2Fsvg%22%20viewBox%3D%220%200%20800%20533%22%3E%3C%2Fsvg%3E\" class=\"attachment-large size-large lazyload\" alt=\"la petite fille se regarde dans le mirroir\" srcset=\"data:image\/svg+xml,%3Csvg%20xmlns%3D%22http%3A%2F%2Fwww.w3.org%2F2000%2Fsvg%22%20viewBox%3D%220%200%20800%20533%22%3E%3C%2Fsvg%3E 800w\" sizes=\"(max-width: 800px) 100vw, 800px\" data-srcset=\"https:\/\/www.joliehistoire.com\/wp-content\/uploads\/2014\/10\/la-petite-fille-se-regarde-dans-le-mirroir.jpg 800w, https:\/\/www.joliehistoire.com\/wp-content\/uploads\/2014\/10\/la-petite-fille-se-regarde-dans-le-mirroir-300x200.jpg 300w, https:\/\/www.joliehistoire.com\/wp-content\/uploads\/2014\/10\/la-petite-fille-se-regarde-dans-le-mirroir-768x512.jpg 768w, https:\/\/www.joliehistoire.com\/wp-content\/uploads\/2014\/10\/la-petite-fille-se-regarde-dans-le-mirroir-750x500.jpg 750w, https:\/\/www.joliehistoire.com\/wp-content\/uploads\/2014\/10\/la-petite-fille-se-regarde-dans-le-mirroir-480x320.jpg 480w\" data-src=\"https:\/\/www.joliehistoire.com\/wp-content\/uploads\/2014\/10\/la-petite-fille-se-regarde-dans-le-mirroir.jpg\">\n\t\t\t<\/dt><\/dl><br style=\"clear: both\"><dl class=\"gallery-item\">\n\t\t\t<dt class=\"gallery-icon portrait\">\n\t\t\t\t<noscript><img decoding=\"async\" width=\"427\" height=\"640\" src=\"https:\/\/www.joliehistoire.com\/wp-content\/uploads\/2014\/10\/la-mariee-se-prepare-a-enfiler-sa-robe.jpg\" class=\"attachment-large size-large\" alt=\"la mari\u00e9e se pr\u00e9pare \u00e0 enfiler sa robe\" srcset=\"https:\/\/www.joliehistoire.com\/wp-content\/uploads\/2014\/10\/la-mariee-se-prepare-a-enfiler-sa-robe.jpg 427w, https:\/\/www.joliehistoire.com\/wp-content\/uploads\/2014\/10\/la-mariee-se-prepare-a-enfiler-sa-robe-200x300.jpg 200w, https:\/\/www.joliehistoire.com\/wp-content\/uploads\/2014\/10\/la-mariee-se-prepare-a-enfiler-sa-robe-334x500.jpg 334w\" sizes=\"(max-width: 427px) 100vw, 427px\"><\/noscript><img decoding=\"async\" width=\"427\" height=\"640\" src=\"data:image\/svg+xml,%3Csvg%20xmlns%3D%22http%3A%2F%2Fwww.w3.org%2F2000%2Fsvg%22%20viewBox%3D%220%200%20427%20640%22%3E%3C%2Fsvg%3E\" class=\"attachment-large size-large lazyload\" alt=\"la mari\u00e9e se pr\u00e9pare \u00e0 enfiler sa robe\" srcset=\"data:image\/svg+xml,%3Csvg%20xmlns%3D%22http%3A%2F%2Fwww.w3.org%2F2000%2Fsvg%22%20viewBox%3D%220%200%20427%20640%22%3E%3C%2Fsvg%3E 427w\" sizes=\"(max-width: 427px) 100vw, 427px\" data-srcset=\"https:\/\/www.joliehistoire.com\/wp-content\/uploads\/2014\/10\/la-mariee-se-prepare-a-enfiler-sa-robe.jpg 427w, https:\/\/www.joliehistoire.com\/wp-content\/uploads\/2014\/10\/la-mariee-se-prepare-a-enfiler-sa-robe-200x300.jpg 200w, https:\/\/www.joliehistoire.com\/wp-content\/uploads\/2014\/10\/la-mariee-se-prepare-a-enfiler-sa-robe-334x500.jpg 334w\" data-src=\"https:\/\/www.joliehistoire.com\/wp-content\/uploads\/2014\/10\/la-mariee-se-prepare-a-enfiler-sa-robe.jpg\">\n\t\t\t<\/dt><\/dl><br style=\"clear: both\"><dl class=\"gallery-item\">\n\t\t\t<dt class=\"gallery-icon portrait\">\n\t\t\t\t<noscript><img decoding=\"async\" width=\"427\" height=\"640\" src=\"https:\/\/www.joliehistoire.com\/wp-content\/uploads\/2014\/10\/la-mariee-en-porte-jartelles-entre-dans-sa-robe-sous-le-regard-du-photographe.jpg\" class=\"attachment-large size-large\" alt=\"la mari\u00e9e en porte jartelles entre dans sa robe sous le regard du photographe\" srcset=\"https:\/\/www.joliehistoire.com\/wp-content\/uploads\/2014\/10\/la-mariee-en-porte-jartelles-entre-dans-sa-robe-sous-le-regard-du-photographe.jpg 427w, https:\/\/www.joliehistoire.com\/wp-content\/uploads\/2014\/10\/la-mariee-en-porte-jartelles-entre-dans-sa-robe-sous-le-regard-du-photographe-200x300.jpg 200w, https:\/\/www.joliehistoire.com\/wp-content\/uploads\/2014\/10\/la-mariee-en-porte-jartelles-entre-dans-sa-robe-sous-le-regard-du-photographe-334x500.jpg 334w\" sizes=\"(max-width: 427px) 100vw, 427px\"><\/noscript><img decoding=\"async\" width=\"427\" height=\"640\" src=\"data:image\/svg+xml,%3Csvg%20xmlns%3D%22http%3A%2F%2Fwww.w3.org%2F2000%2Fsvg%22%20viewBox%3D%220%200%20427%20640%22%3E%3C%2Fsvg%3E\" class=\"attachment-large size-large lazyload\" alt=\"la mari\u00e9e en porte jartelles entre dans sa robe sous le regard du photographe\" srcset=\"data:image\/svg+xml,%3Csvg%20xmlns%3D%22http%3A%2F%2Fwww.w3.org%2F2000%2Fsvg%22%20viewBox%3D%220%200%20427%20640%22%3E%3C%2Fsvg%3E 427w\" sizes=\"(max-width: 427px) 100vw, 427px\" data-srcset=\"https:\/\/www.joliehistoire.com\/wp-content\/uploads\/2014\/10\/la-mariee-en-porte-jartelles-entre-dans-sa-robe-sous-le-regard-du-photographe.jpg 427w, https:\/\/www.joliehistoire.com\/wp-content\/uploads\/2014\/10\/la-mariee-en-porte-jartelles-entre-dans-sa-robe-sous-le-regard-du-photographe-200x300.jpg 200w, https:\/\/www.joliehistoire.com\/wp-content\/uploads\/2014\/10\/la-mariee-en-porte-jartelles-entre-dans-sa-robe-sous-le-regard-du-photographe-334x500.jpg 334w\" data-src=\"https:\/\/www.joliehistoire.com\/wp-content\/uploads\/2014\/10\/la-mariee-en-porte-jartelles-entre-dans-sa-robe-sous-le-regard-du-photographe.jpg\">\n\t\t\t<\/dt><\/dl><br style=\"clear: both\"><dl class=\"gallery-item\">\n\t\t\t<dt class=\"gallery-icon portrait\">\n\t\t\t\t<noscript><img decoding=\"async\" width=\"427\" height=\"640\" src=\"https:\/\/www.joliehistoire.com\/wp-content\/uploads\/2014\/10\/la-mariee-passe-sa-robe-aidee-par-sa-temoin.jpg\" class=\"attachment-large size-large\" alt=\"la mari\u00e9e passe sa robe aid\u00e9e par sa t\u00e9moin\" srcset=\"https:\/\/www.joliehistoire.com\/wp-content\/uploads\/2014\/10\/la-mariee-passe-sa-robe-aidee-par-sa-temoin.jpg 427w, https:\/\/www.joliehistoire.com\/wp-content\/uploads\/2014\/10\/la-mariee-passe-sa-robe-aidee-par-sa-temoin-200x300.jpg 200w, https:\/\/www.joliehistoire.com\/wp-content\/uploads\/2014\/10\/la-mariee-passe-sa-robe-aidee-par-sa-temoin-334x500.jpg 334w\" sizes=\"(max-width: 427px) 100vw, 427px\"><\/noscript><img decoding=\"async\" width=\"427\" height=\"640\" src=\"data:image\/svg+xml,%3Csvg%20xmlns%3D%22http%3A%2F%2Fwww.w3.org%2F2000%2Fsvg%22%20viewBox%3D%220%200%20427%20640%22%3E%3C%2Fsvg%3E\" class=\"attachment-large size-large lazyload\" alt=\"la mari\u00e9e passe sa robe aid\u00e9e par sa t\u00e9moin\" srcset=\"data:image\/svg+xml,%3Csvg%20xmlns%3D%22http%3A%2F%2Fwww.w3.org%2F2000%2Fsvg%22%20viewBox%3D%220%200%20427%20640%22%3E%3C%2Fsvg%3E 427w\" sizes=\"(max-width: 427px) 100vw, 427px\" data-srcset=\"https:\/\/www.joliehistoire.com\/wp-content\/uploads\/2014\/10\/la-mariee-passe-sa-robe-aidee-par-sa-temoin.jpg 427w, https:\/\/www.joliehistoire.com\/wp-content\/uploads\/2014\/10\/la-mariee-passe-sa-robe-aidee-par-sa-temoin-200x300.jpg 200w, https:\/\/www.joliehistoire.com\/wp-content\/uploads\/2014\/10\/la-mariee-passe-sa-robe-aidee-par-sa-temoin-334x500.jpg 334w\" data-src=\"https:\/\/www.joliehistoire.com\/wp-content\/uploads\/2014\/10\/la-mariee-passe-sa-robe-aidee-par-sa-temoin.jpg\">\n\t\t\t<\/dt><\/dl><br style=\"clear: both\"><dl class=\"gallery-item\">\n\t\t\t<dt class=\"gallery-icon landscape\">\n\t\t\t\t<noscript><img decoding=\"async\" width=\"800\" height=\"533\" src=\"https:\/\/www.joliehistoire.com\/wp-content\/uploads\/2014\/10\/le-lacage-de-la-robe.jpg\" class=\"attachment-large size-large\" alt=\"le lacage de la robe\" srcset=\"https:\/\/www.joliehistoire.com\/wp-content\/uploads\/2014\/10\/le-lacage-de-la-robe.jpg 800w, https:\/\/www.joliehistoire.com\/wp-content\/uploads\/2014\/10\/le-lacage-de-la-robe-300x200.jpg 300w, https:\/\/www.joliehistoire.com\/wp-content\/uploads\/2014\/10\/le-lacage-de-la-robe-768x512.jpg 768w, https:\/\/www.joliehistoire.com\/wp-content\/uploads\/2014\/10\/le-lacage-de-la-robe-750x500.jpg 750w, https:\/\/www.joliehistoire.com\/wp-content\/uploads\/2014\/10\/le-lacage-de-la-robe-480x320.jpg 480w\" sizes=\"(max-width: 800px) 100vw, 800px\"><\/noscript><img decoding=\"async\" width=\"800\" height=\"533\" src=\"data:image\/svg+xml,%3Csvg%20xmlns%3D%22http%3A%2F%2Fwww.w3.org%2F2000%2Fsvg%22%20viewBox%3D%220%200%20800%20533%22%3E%3C%2Fsvg%3E\" class=\"attachment-large size-large lazyload\" alt=\"le lacage de la robe\" srcset=\"data:image\/svg+xml,%3Csvg%20xmlns%3D%22http%3A%2F%2Fwww.w3.org%2F2000%2Fsvg%22%20viewBox%3D%220%200%20800%20533%22%3E%3C%2Fsvg%3E 800w\" sizes=\"(max-width: 800px) 100vw, 800px\" data-srcset=\"https:\/\/www.joliehistoire.com\/wp-content\/uploads\/2014\/10\/le-lacage-de-la-robe.jpg 800w, https:\/\/www.joliehistoire.com\/wp-content\/uploads\/2014\/10\/le-lacage-de-la-robe-300x200.jpg 300w, https:\/\/www.joliehistoire.com\/wp-content\/uploads\/2014\/10\/le-lacage-de-la-robe-768x512.jpg 768w, https:\/\/www.joliehistoire.com\/wp-content\/uploads\/2014\/10\/le-lacage-de-la-robe-750x500.jpg 750w, https:\/\/www.joliehistoire.com\/wp-content\/uploads\/2014\/10\/le-lacage-de-la-robe-480x320.jpg 480w\" data-src=\"https:\/\/www.joliehistoire.com\/wp-content\/uploads\/2014\/10\/le-lacage-de-la-robe.jpg\">\n\t\t\t<\/dt><\/dl><br style=\"clear: both\"><dl class=\"gallery-item\">\n\t\t\t<dt class=\"gallery-icon landscape\">\n\t\t\t\t<noscript><img decoding=\"async\" width=\"800\" height=\"533\" src=\"https:\/\/www.joliehistoire.com\/wp-content\/uploads\/2014\/10\/la-mariee-met-ses-chaussures.jpg\" class=\"attachment-large size-large\" alt=\"la mari\u00e9e met ses chaussures\" srcset=\"https:\/\/www.joliehistoire.com\/wp-content\/uploads\/2014\/10\/la-mariee-met-ses-chaussures.jpg 800w, https:\/\/www.joliehistoire.com\/wp-content\/uploads\/2014\/10\/la-mariee-met-ses-chaussures-300x200.jpg 300w, https:\/\/www.joliehistoire.com\/wp-content\/uploads\/2014\/10\/la-mariee-met-ses-chaussures-768x512.jpg 768w, https:\/\/www.joliehistoire.com\/wp-content\/uploads\/2014\/10\/la-mariee-met-ses-chaussures-750x500.jpg 750w, https:\/\/www.joliehistoire.com\/wp-content\/uploads\/2014\/10\/la-mariee-met-ses-chaussures-480x320.jpg 480w\" sizes=\"(max-width: 800px) 100vw, 800px\"><\/noscript><img decoding=\"async\" width=\"800\" height=\"533\" src=\"data:image\/svg+xml,%3Csvg%20xmlns%3D%22http%3A%2F%2Fwww.w3.org%2F2000%2Fsvg%22%20viewBox%3D%220%200%20800%20533%22%3E%3C%2Fsvg%3E\" class=\"attachment-large size-large lazyload\" alt=\"la mari\u00e9e met ses chaussures\" srcset=\"data:image\/svg+xml,%3Csvg%20xmlns%3D%22http%3A%2F%2Fwww.w3.org%2F2000%2Fsvg%22%20viewBox%3D%220%200%20800%20533%22%3E%3C%2Fsvg%3E 800w\" sizes=\"(max-width: 800px) 100vw, 800px\" data-srcset=\"https:\/\/www.joliehistoire.com\/wp-content\/uploads\/2014\/10\/la-mariee-met-ses-chaussures.jpg 800w, https:\/\/www.joliehistoire.com\/wp-content\/uploads\/2014\/10\/la-mariee-met-ses-chaussures-300x200.jpg 300w, https:\/\/www.joliehistoire.com\/wp-content\/uploads\/2014\/10\/la-mariee-met-ses-chaussures-768x512.jpg 768w, https:\/\/www.joliehistoire.com\/wp-content\/uploads\/2014\/10\/la-mariee-met-ses-chaussures-750x500.jpg 750w, https:\/\/www.joliehistoire.com\/wp-content\/uploads\/2014\/10\/la-mariee-met-ses-chaussures-480x320.jpg 480w\" data-src=\"https:\/\/www.joliehistoire.com\/wp-content\/uploads\/2014\/10\/la-mariee-met-ses-chaussures.jpg\">\n\t\t\t<\/dt><\/dl><br style=\"clear: both\"><dl class=\"gallery-item\">\n\t\t\t<dt class=\"gallery-icon portrait\">\n\t\t\t\t<noscript><img decoding=\"async\" width=\"427\" height=\"640\" src=\"https:\/\/www.joliehistoire.com\/wp-content\/uploads\/2014\/10\/le-marie-boutonne-sa-chemise.jpg\" class=\"attachment-large size-large\" alt=\"le mari\u00e9 boutonne sa chemise\" srcset=\"https:\/\/www.joliehistoire.com\/wp-content\/uploads\/2014\/10\/le-marie-boutonne-sa-chemise.jpg 427w, https:\/\/www.joliehistoire.com\/wp-content\/uploads\/2014\/10\/le-marie-boutonne-sa-chemise-200x300.jpg 200w, https:\/\/www.joliehistoire.com\/wp-content\/uploads\/2014\/10\/le-marie-boutonne-sa-chemise-334x500.jpg 334w\" sizes=\"(max-width: 427px) 100vw, 427px\"><\/noscript><img decoding=\"async\" width=\"427\" height=\"640\" src=\"data:image\/svg+xml,%3Csvg%20xmlns%3D%22http%3A%2F%2Fwww.w3.org%2F2000%2Fsvg%22%20viewBox%3D%220%200%20427%20640%22%3E%3C%2Fsvg%3E\" class=\"attachment-large size-large lazyload\" alt=\"le mari\u00e9 boutonne sa chemise\" srcset=\"data:image\/svg+xml,%3Csvg%20xmlns%3D%22http%3A%2F%2Fwww.w3.org%2F2000%2Fsvg%22%20viewBox%3D%220%200%20427%20640%22%3E%3C%2Fsvg%3E 427w\" sizes=\"(max-width: 427px) 100vw, 427px\" data-srcset=\"https:\/\/www.joliehistoire.com\/wp-content\/uploads\/2014\/10\/le-marie-boutonne-sa-chemise.jpg 427w, https:\/\/www.joliehistoire.com\/wp-content\/uploads\/2014\/10\/le-marie-boutonne-sa-chemise-200x300.jpg 200w, https:\/\/www.joliehistoire.com\/wp-content\/uploads\/2014\/10\/le-marie-boutonne-sa-chemise-334x500.jpg 334w\" data-src=\"https:\/\/www.joliehistoire.com\/wp-content\/uploads\/2014\/10\/le-marie-boutonne-sa-chemise.jpg\">\n\t\t\t<\/dt><\/dl><br style=\"clear: both\"><dl class=\"gallery-item\">\n\t\t\t<dt class=\"gallery-icon landscape\">\n\t\t\t\t<noscript><img decoding=\"async\" width=\"800\" height=\"533\" src=\"https:\/\/www.joliehistoire.com\/wp-content\/uploads\/2014\/10\/le-marie-enfile-son-costume-dans-sa-chambre.jpg\" class=\"attachment-large size-large\" alt=\"le mari\u00e9 enfile son costume dans sa chambre\" srcset=\"https:\/\/www.joliehistoire.com\/wp-content\/uploads\/2014\/10\/le-marie-enfile-son-costume-dans-sa-chambre.jpg 800w, https:\/\/www.joliehistoire.com\/wp-content\/uploads\/2014\/10\/le-marie-enfile-son-costume-dans-sa-chambre-300x200.jpg 300w, https:\/\/www.joliehistoire.com\/wp-content\/uploads\/2014\/10\/le-marie-enfile-son-costume-dans-sa-chambre-768x512.jpg 768w, https:\/\/www.joliehistoire.com\/wp-content\/uploads\/2014\/10\/le-marie-enfile-son-costume-dans-sa-chambre-750x500.jpg 750w, https:\/\/www.joliehistoire.com\/wp-content\/uploads\/2014\/10\/le-marie-enfile-son-costume-dans-sa-chambre-480x320.jpg 480w\" sizes=\"(max-width: 800px) 100vw, 800px\"><\/noscript><img decoding=\"async\" width=\"800\" height=\"533\" src=\"data:image\/svg+xml,%3Csvg%20xmlns%3D%22http%3A%2F%2Fwww.w3.org%2F2000%2Fsvg%22%20viewBox%3D%220%200%20800%20533%22%3E%3C%2Fsvg%3E\" class=\"attachment-large size-large lazyload\" alt=\"le mari\u00e9 enfile son costume dans sa chambre\" srcset=\"data:image\/svg+xml,%3Csvg%20xmlns%3D%22http%3A%2F%2Fwww.w3.org%2F2000%2Fsvg%22%20viewBox%3D%220%200%20800%20533%22%3E%3C%2Fsvg%3E 800w\" sizes=\"(max-width: 800px) 100vw, 800px\" data-srcset=\"https:\/\/www.joliehistoire.com\/wp-content\/uploads\/2014\/10\/le-marie-enfile-son-costume-dans-sa-chambre.jpg 800w, https:\/\/www.joliehistoire.com\/wp-content\/uploads\/2014\/10\/le-marie-enfile-son-costume-dans-sa-chambre-300x200.jpg 300w, https:\/\/www.joliehistoire.com\/wp-content\/uploads\/2014\/10\/le-marie-enfile-son-costume-dans-sa-chambre-768x512.jpg 768w, https:\/\/www.joliehistoire.com\/wp-content\/uploads\/2014\/10\/le-marie-enfile-son-costume-dans-sa-chambre-750x500.jpg 750w, https:\/\/www.joliehistoire.com\/wp-content\/uploads\/2014\/10\/le-marie-enfile-son-costume-dans-sa-chambre-480x320.jpg 480w\" data-src=\"https:\/\/www.joliehistoire.com\/wp-content\/uploads\/2014\/10\/le-marie-enfile-son-costume-dans-sa-chambre.jpg\">\n\t\t\t<\/dt><\/dl><br style=\"clear: both\"><dl class=\"gallery-item\">\n\t\t\t<dt class=\"gallery-icon portrait\">\n\t\t\t\t<noscript><img decoding=\"async\" width=\"427\" height=\"640\" src=\"https:\/\/www.joliehistoire.com\/wp-content\/uploads\/2014\/10\/le-marie-attend-sa-future-femme-avec-un-bouquet-a-la-main.jpg\" class=\"attachment-large size-large\" alt=\"le mari\u00e9 attend sa future femme avec un bouquet \u00e0 la main\" srcset=\"https:\/\/www.joliehistoire.com\/wp-content\/uploads\/2014\/10\/le-marie-attend-sa-future-femme-avec-un-bouquet-a-la-main.jpg 427w, https:\/\/www.joliehistoire.com\/wp-content\/uploads\/2014\/10\/le-marie-attend-sa-future-femme-avec-un-bouquet-a-la-main-200x300.jpg 200w, https:\/\/www.joliehistoire.com\/wp-content\/uploads\/2014\/10\/le-marie-attend-sa-future-femme-avec-un-bouquet-a-la-main-334x500.jpg 334w\" sizes=\"(max-width: 427px) 100vw, 427px\"><\/noscript><img decoding=\"async\" width=\"427\" height=\"640\" src=\"data:image\/svg+xml,%3Csvg%20xmlns%3D%22http%3A%2F%2Fwww.w3.org%2F2000%2Fsvg%22%20viewBox%3D%220%200%20427%20640%22%3E%3C%2Fsvg%3E\" class=\"attachment-large size-large lazyload\" alt=\"le mari\u00e9 attend sa future femme avec un bouquet \u00e0 la main\" srcset=\"data:image\/svg+xml,%3Csvg%20xmlns%3D%22http%3A%2F%2Fwww.w3.org%2F2000%2Fsvg%22%20viewBox%3D%220%200%20427%20640%22%3E%3C%2Fsvg%3E 427w\" sizes=\"(max-width: 427px) 100vw, 427px\" data-srcset=\"https:\/\/www.joliehistoire.com\/wp-content\/uploads\/2014\/10\/le-marie-attend-sa-future-femme-avec-un-bouquet-a-la-main.jpg 427w, https:\/\/www.joliehistoire.com\/wp-content\/uploads\/2014\/10\/le-marie-attend-sa-future-femme-avec-un-bouquet-a-la-main-200x300.jpg 200w, https:\/\/www.joliehistoire.com\/wp-content\/uploads\/2014\/10\/le-marie-attend-sa-future-femme-avec-un-bouquet-a-la-main-334x500.jpg 334w\" data-src=\"https:\/\/www.joliehistoire.com\/wp-content\/uploads\/2014\/10\/le-marie-attend-sa-future-femme-avec-un-bouquet-a-la-main.jpg\">\n\t\t\t<\/dt><\/dl><br style=\"clear: both\"><dl class=\"gallery-item\">\n\t\t\t<dt class=\"gallery-icon portrait\">\n\t\t\t\t<noscript><img decoding=\"async\" width=\"427\" height=\"640\" src=\"https:\/\/www.joliehistoire.com\/wp-content\/uploads\/2014\/10\/la-rencontre-entre-les-futurs-maries.jpg\" class=\"attachment-large size-large\" alt=\"la rencontre entre les futurs mari\u00e9s\" srcset=\"https:\/\/www.joliehistoire.com\/wp-content\/uploads\/2014\/10\/la-rencontre-entre-les-futurs-maries.jpg 427w, https:\/\/www.joliehistoire.com\/wp-content\/uploads\/2014\/10\/la-rencontre-entre-les-futurs-maries-200x300.jpg 200w, https:\/\/www.joliehistoire.com\/wp-content\/uploads\/2014\/10\/la-rencontre-entre-les-futurs-maries-334x500.jpg 334w\" sizes=\"(max-width: 427px) 100vw, 427px\"><\/noscript><img decoding=\"async\" width=\"427\" height=\"640\" src=\"data:image\/svg+xml,%3Csvg%20xmlns%3D%22http%3A%2F%2Fwww.w3.org%2F2000%2Fsvg%22%20viewBox%3D%220%200%20427%20640%22%3E%3C%2Fsvg%3E\" class=\"attachment-large size-large lazyload\" alt=\"la rencontre entre les futurs mari\u00e9s\" srcset=\"data:image\/svg+xml,%3Csvg%20xmlns%3D%22http%3A%2F%2Fwww.w3.org%2F2000%2Fsvg%22%20viewBox%3D%220%200%20427%20640%22%3E%3C%2Fsvg%3E 427w\" sizes=\"(max-width: 427px) 100vw, 427px\" data-srcset=\"https:\/\/www.joliehistoire.com\/wp-content\/uploads\/2014\/10\/la-rencontre-entre-les-futurs-maries.jpg 427w, https:\/\/www.joliehistoire.com\/wp-content\/uploads\/2014\/10\/la-rencontre-entre-les-futurs-maries-200x300.jpg 200w, https:\/\/www.joliehistoire.com\/wp-content\/uploads\/2014\/10\/la-rencontre-entre-les-futurs-maries-334x500.jpg 334w\" data-src=\"https:\/\/www.joliehistoire.com\/wp-content\/uploads\/2014\/10\/la-rencontre-entre-les-futurs-maries.jpg\">\n\t\t\t<\/dt><\/dl><br style=\"clear: both\"><dl class=\"gallery-item\">\n\t\t\t<dt class=\"gallery-icon landscape\">\n\t\t\t\t<noscript><img decoding=\"async\" width=\"800\" height=\"533\" src=\"https:\/\/www.joliehistoire.com\/wp-content\/uploads\/2014\/10\/le-photographe-demande-a-la-mariee-de-poser-sur-une-structure-metallique.jpg\" class=\"attachment-large size-large\" alt=\"le photographe demande \u00e0 la mari\u00e9e de poser sur une structure metallique\" srcset=\"https:\/\/www.joliehistoire.com\/wp-content\/uploads\/2014\/10\/le-photographe-demande-a-la-mariee-de-poser-sur-une-structure-metallique.jpg 800w, https:\/\/www.joliehistoire.com\/wp-content\/uploads\/2014\/10\/le-photographe-demande-a-la-mariee-de-poser-sur-une-structure-metallique-300x200.jpg 300w, https:\/\/www.joliehistoire.com\/wp-content\/uploads\/2014\/10\/le-photographe-demande-a-la-mariee-de-poser-sur-une-structure-metallique-768x512.jpg 768w, https:\/\/www.joliehistoire.com\/wp-content\/uploads\/2014\/10\/le-photographe-demande-a-la-mariee-de-poser-sur-une-structure-metallique-750x500.jpg 750w, https:\/\/www.joliehistoire.com\/wp-content\/uploads\/2014\/10\/le-photographe-demande-a-la-mariee-de-poser-sur-une-structure-metallique-480x320.jpg 480w\" sizes=\"(max-width: 800px) 100vw, 800px\"><\/noscript><img decoding=\"async\" width=\"800\" height=\"533\" src=\"data:image\/svg+xml,%3Csvg%20xmlns%3D%22http%3A%2F%2Fwww.w3.org%2F2000%2Fsvg%22%20viewBox%3D%220%200%20800%20533%22%3E%3C%2Fsvg%3E\" class=\"attachment-large size-large lazyload\" alt=\"le photographe demande \u00e0 la mari\u00e9e de poser sur une structure metallique\" srcset=\"data:image\/svg+xml,%3Csvg%20xmlns%3D%22http%3A%2F%2Fwww.w3.org%2F2000%2Fsvg%22%20viewBox%3D%220%200%20800%20533%22%3E%3C%2Fsvg%3E 800w\" sizes=\"(max-width: 800px) 100vw, 800px\" data-srcset=\"https:\/\/www.joliehistoire.com\/wp-content\/uploads\/2014\/10\/le-photographe-demande-a-la-mariee-de-poser-sur-une-structure-metallique.jpg 800w, https:\/\/www.joliehistoire.com\/wp-content\/uploads\/2014\/10\/le-photographe-demande-a-la-mariee-de-poser-sur-une-structure-metallique-300x200.jpg 300w, https:\/\/www.joliehistoire.com\/wp-content\/uploads\/2014\/10\/le-photographe-demande-a-la-mariee-de-poser-sur-une-structure-metallique-768x512.jpg 768w, https:\/\/www.joliehistoire.com\/wp-content\/uploads\/2014\/10\/le-photographe-demande-a-la-mariee-de-poser-sur-une-structure-metallique-750x500.jpg 750w, https:\/\/www.joliehistoire.com\/wp-content\/uploads\/2014\/10\/le-photographe-demande-a-la-mariee-de-poser-sur-une-structure-metallique-480x320.jpg 480w\" data-src=\"https:\/\/www.joliehistoire.com\/wp-content\/uploads\/2014\/10\/le-photographe-demande-a-la-mariee-de-poser-sur-une-structure-metallique.jpg\">\n\t\t\t<\/dt><\/dl><br style=\"clear: both\"><dl class=\"gallery-item\">\n\t\t\t<dt class=\"gallery-icon landscape\">\n\t\t\t\t<noscript><img decoding=\"async\" width=\"738\" height=\"640\" src=\"https:\/\/www.joliehistoire.com\/wp-content\/uploads\/2014\/10\/photo-de-couple-originale-dans-une-usine-en-lorraine.jpg\" class=\"attachment-large size-large\" alt=\"photo de couple originale dans une usine en lorraine\" srcset=\"https:\/\/www.joliehistoire.com\/wp-content\/uploads\/2014\/10\/photo-de-couple-originale-dans-une-usine-en-lorraine.jpg 738w, https:\/\/www.joliehistoire.com\/wp-content\/uploads\/2014\/10\/photo-de-couple-originale-dans-une-usine-en-lorraine-300x260.jpg 300w, https:\/\/www.joliehistoire.com\/wp-content\/uploads\/2014\/10\/photo-de-couple-originale-dans-une-usine-en-lorraine-577x500.jpg 577w, https:\/\/www.joliehistoire.com\/wp-content\/uploads\/2014\/10\/photo-de-couple-originale-dans-une-usine-en-lorraine-480x416.jpg 480w\" sizes=\"(max-width: 738px) 100vw, 738px\"><\/noscript><img decoding=\"async\" width=\"738\" height=\"640\" src=\"data:image\/svg+xml,%3Csvg%20xmlns%3D%22http%3A%2F%2Fwww.w3.org%2F2000%2Fsvg%22%20viewBox%3D%220%200%20738%20640%22%3E%3C%2Fsvg%3E\" class=\"attachment-large size-large lazyload\" alt=\"photo de couple originale dans une usine en lorraine\" srcset=\"data:image\/svg+xml,%3Csvg%20xmlns%3D%22http%3A%2F%2Fwww.w3.org%2F2000%2Fsvg%22%20viewBox%3D%220%200%20738%20640%22%3E%3C%2Fsvg%3E 738w\" sizes=\"(max-width: 738px) 100vw, 738px\" data-srcset=\"https:\/\/www.joliehistoire.com\/wp-content\/uploads\/2014\/10\/photo-de-couple-originale-dans-une-usine-en-lorraine.jpg 738w, https:\/\/www.joliehistoire.com\/wp-content\/uploads\/2014\/10\/photo-de-couple-originale-dans-une-usine-en-lorraine-300x260.jpg 300w, https:\/\/www.joliehistoire.com\/wp-content\/uploads\/2014\/10\/photo-de-couple-originale-dans-une-usine-en-lorraine-577x500.jpg 577w, https:\/\/www.joliehistoire.com\/wp-content\/uploads\/2014\/10\/photo-de-couple-originale-dans-une-usine-en-lorraine-480x416.jpg 480w\" data-src=\"https:\/\/www.joliehistoire.com\/wp-content\/uploads\/2014\/10\/photo-de-couple-originale-dans-une-usine-en-lorraine.jpg\">\n\t\t\t<\/dt><\/dl><br style=\"clear: both\"><dl class=\"gallery-item\">\n\t\t\t<dt class=\"gallery-icon landscape\">\n\t\t\t\t<noscript><img decoding=\"async\" width=\"800\" height=\"533\" src=\"https:\/\/www.joliehistoire.com\/wp-content\/uploads\/2014\/10\/les-maries-vu-de-haut-par-le-photographe.jpg\" class=\"attachment-large size-large\" alt=\"les mari\u00e9s vu de haut par le photographe\" srcset=\"https:\/\/www.joliehistoire.com\/wp-content\/uploads\/2014\/10\/les-maries-vu-de-haut-par-le-photographe.jpg 800w, https:\/\/www.joliehistoire.com\/wp-content\/uploads\/2014\/10\/les-maries-vu-de-haut-par-le-photographe-300x200.jpg 300w, https:\/\/www.joliehistoire.com\/wp-content\/uploads\/2014\/10\/les-maries-vu-de-haut-par-le-photographe-768x512.jpg 768w, https:\/\/www.joliehistoire.com\/wp-content\/uploads\/2014\/10\/les-maries-vu-de-haut-par-le-photographe-750x500.jpg 750w, https:\/\/www.joliehistoire.com\/wp-content\/uploads\/2014\/10\/les-maries-vu-de-haut-par-le-photographe-480x320.jpg 480w\" sizes=\"(max-width: 800px) 100vw, 800px\"><\/noscript><img decoding=\"async\" width=\"800\" height=\"533\" src=\"data:image\/svg+xml,%3Csvg%20xmlns%3D%22http%3A%2F%2Fwww.w3.org%2F2000%2Fsvg%22%20viewBox%3D%220%200%20800%20533%22%3E%3C%2Fsvg%3E\" class=\"attachment-large size-large lazyload\" alt=\"les mari\u00e9s vu de haut par le photographe\" srcset=\"data:image\/svg+xml,%3Csvg%20xmlns%3D%22http%3A%2F%2Fwww.w3.org%2F2000%2Fsvg%22%20viewBox%3D%220%200%20800%20533%22%3E%3C%2Fsvg%3E 800w\" sizes=\"(max-width: 800px) 100vw, 800px\" data-srcset=\"https:\/\/www.joliehistoire.com\/wp-content\/uploads\/2014\/10\/les-maries-vu-de-haut-par-le-photographe.jpg 800w, https:\/\/www.joliehistoire.com\/wp-content\/uploads\/2014\/10\/les-maries-vu-de-haut-par-le-photographe-300x200.jpg 300w, https:\/\/www.joliehistoire.com\/wp-content\/uploads\/2014\/10\/les-maries-vu-de-haut-par-le-photographe-768x512.jpg 768w, https:\/\/www.joliehistoire.com\/wp-content\/uploads\/2014\/10\/les-maries-vu-de-haut-par-le-photographe-750x500.jpg 750w, https:\/\/www.joliehistoire.com\/wp-content\/uploads\/2014\/10\/les-maries-vu-de-haut-par-le-photographe-480x320.jpg 480w\" data-src=\"https:\/\/www.joliehistoire.com\/wp-content\/uploads\/2014\/10\/les-maries-vu-de-haut-par-le-photographe.jpg\">\n\t\t\t<\/dt><\/dl><br style=\"clear: both\"><dl class=\"gallery-item\">\n\t\t\t<dt class=\"gallery-icon landscape\">\n\t\t\t\t<noscript><img decoding=\"async\" width=\"800\" height=\"533\" src=\"https:\/\/www.joliehistoire.com\/wp-content\/uploads\/2014\/10\/les-maries-posent-dans-une-usine-abandonnee-en-lorraine.jpg\" class=\"attachment-large size-large\" alt=\"les mari\u00e9s posent dans une usine abandonn\u00e9e en lorraine\" srcset=\"https:\/\/www.joliehistoire.com\/wp-content\/uploads\/2014\/10\/les-maries-posent-dans-une-usine-abandonnee-en-lorraine.jpg 800w, https:\/\/www.joliehistoire.com\/wp-content\/uploads\/2014\/10\/les-maries-posent-dans-une-usine-abandonnee-en-lorraine-300x200.jpg 300w, https:\/\/www.joliehistoire.com\/wp-content\/uploads\/2014\/10\/les-maries-posent-dans-une-usine-abandonnee-en-lorraine-768x512.jpg 768w, https:\/\/www.joliehistoire.com\/wp-content\/uploads\/2014\/10\/les-maries-posent-dans-une-usine-abandonnee-en-lorraine-750x500.jpg 750w, https:\/\/www.joliehistoire.com\/wp-content\/uploads\/2014\/10\/les-maries-posent-dans-une-usine-abandonnee-en-lorraine-480x320.jpg 480w\" sizes=\"(max-width: 800px) 100vw, 800px\"><\/noscript><img decoding=\"async\" width=\"800\" height=\"533\" src=\"data:image\/svg+xml,%3Csvg%20xmlns%3D%22http%3A%2F%2Fwww.w3.org%2F2000%2Fsvg%22%20viewBox%3D%220%200%20800%20533%22%3E%3C%2Fsvg%3E\" class=\"attachment-large size-large lazyload\" alt=\"les mari\u00e9s posent dans une usine abandonn\u00e9e en lorraine\" srcset=\"data:image\/svg+xml,%3Csvg%20xmlns%3D%22http%3A%2F%2Fwww.w3.org%2F2000%2Fsvg%22%20viewBox%3D%220%200%20800%20533%22%3E%3C%2Fsvg%3E 800w\" sizes=\"(max-width: 800px) 100vw, 800px\" data-srcset=\"https:\/\/www.joliehistoire.com\/wp-content\/uploads\/2014\/10\/les-maries-posent-dans-une-usine-abandonnee-en-lorraine.jpg 800w, https:\/\/www.joliehistoire.com\/wp-content\/uploads\/2014\/10\/les-maries-posent-dans-une-usine-abandonnee-en-lorraine-300x200.jpg 300w, https:\/\/www.joliehistoire.com\/wp-content\/uploads\/2014\/10\/les-maries-posent-dans-une-usine-abandonnee-en-lorraine-768x512.jpg 768w, https:\/\/www.joliehistoire.com\/wp-content\/uploads\/2014\/10\/les-maries-posent-dans-une-usine-abandonnee-en-lorraine-750x500.jpg 750w, https:\/\/www.joliehistoire.com\/wp-content\/uploads\/2014\/10\/les-maries-posent-dans-une-usine-abandonnee-en-lorraine-480x320.jpg 480w\" data-src=\"https:\/\/www.joliehistoire.com\/wp-content\/uploads\/2014\/10\/les-maries-posent-dans-une-usine-abandonnee-en-lorraine.jpg\">\n\t\t\t<\/dt><\/dl><br style=\"clear: both\"><dl class=\"gallery-item\">\n\t\t\t<dt class=\"gallery-icon landscape\">\n\t\t\t\t<noscript><img decoding=\"async\" width=\"800\" height=\"533\" src=\"https:\/\/www.joliehistoire.com\/wp-content\/uploads\/2014\/10\/photo-de.jpg\" class=\"attachment-large size-large\" alt=\"photo de mariage humoristique\" srcset=\"https:\/\/www.joliehistoire.com\/wp-content\/uploads\/2014\/10\/photo-de.jpg 800w, https:\/\/www.joliehistoire.com\/wp-content\/uploads\/2014\/10\/photo-de-300x200.jpg 300w, https:\/\/www.joliehistoire.com\/wp-content\/uploads\/2014\/10\/photo-de-768x512.jpg 768w, https:\/\/www.joliehistoire.com\/wp-content\/uploads\/2014\/10\/photo-de-750x500.jpg 750w, https:\/\/www.joliehistoire.com\/wp-content\/uploads\/2014\/10\/photo-de-480x320.jpg 480w\" sizes=\"(max-width: 800px) 100vw, 800px\"><\/noscript><img decoding=\"async\" width=\"800\" height=\"533\" src=\"data:image\/svg+xml,%3Csvg%20xmlns%3D%22http%3A%2F%2Fwww.w3.org%2F2000%2Fsvg%22%20viewBox%3D%220%200%20800%20533%22%3E%3C%2Fsvg%3E\" class=\"attachment-large size-large lazyload\" alt=\"photo de mariage humoristique\" srcset=\"data:image\/svg+xml,%3Csvg%20xmlns%3D%22http%3A%2F%2Fwww.w3.org%2F2000%2Fsvg%22%20viewBox%3D%220%200%20800%20533%22%3E%3C%2Fsvg%3E 800w\" sizes=\"(max-width: 800px) 100vw, 800px\" data-srcset=\"https:\/\/www.joliehistoire.com\/wp-content\/uploads\/2014\/10\/photo-de.jpg 800w, https:\/\/www.joliehistoire.com\/wp-content\/uploads\/2014\/10\/photo-de-300x200.jpg 300w, https:\/\/www.joliehistoire.com\/wp-content\/uploads\/2014\/10\/photo-de-768x512.jpg 768w, https:\/\/www.joliehistoire.com\/wp-content\/uploads\/2014\/10\/photo-de-750x500.jpg 750w, https:\/\/www.joliehistoire.com\/wp-content\/uploads\/2014\/10\/photo-de-480x320.jpg 480w\" data-src=\"https:\/\/www.joliehistoire.com\/wp-content\/uploads\/2014\/10\/photo-de.jpg\">\n\t\t\t<\/dt><\/dl><br style=\"clear: both\"><dl class=\"gallery-item\">\n\t\t\t<dt class=\"gallery-icon portrait\">\n\t\t\t\t<noscript><img decoding=\"async\" width=\"427\" height=\"640\" src=\"https:\/\/www.joliehistoire.com\/wp-content\/uploads\/2014\/10\/photo-de-couple-originale-avec-les-chaussures-au-premier-plan.jpg\" class=\"attachment-large size-large\" alt=\"photo de couple originale avec les chaussures au premier plan\" srcset=\"https:\/\/www.joliehistoire.com\/wp-content\/uploads\/2014\/10\/photo-de-couple-originale-avec-les-chaussures-au-premier-plan.jpg 427w, https:\/\/www.joliehistoire.com\/wp-content\/uploads\/2014\/10\/photo-de-couple-originale-avec-les-chaussures-au-premier-plan-200x300.jpg 200w, https:\/\/www.joliehistoire.com\/wp-content\/uploads\/2014\/10\/photo-de-couple-originale-avec-les-chaussures-au-premier-plan-334x500.jpg 334w\" sizes=\"(max-width: 427px) 100vw, 427px\"><\/noscript><img decoding=\"async\" width=\"427\" height=\"640\" src=\"data:image\/svg+xml,%3Csvg%20xmlns%3D%22http%3A%2F%2Fwww.w3.org%2F2000%2Fsvg%22%20viewBox%3D%220%200%20427%20640%22%3E%3C%2Fsvg%3E\" class=\"attachment-large size-large lazyload\" alt=\"photo de couple originale avec les chaussures au premier plan\" srcset=\"data:image\/svg+xml,%3Csvg%20xmlns%3D%22http%3A%2F%2Fwww.w3.org%2F2000%2Fsvg%22%20viewBox%3D%220%200%20427%20640%22%3E%3C%2Fsvg%3E 427w\" sizes=\"(max-width: 427px) 100vw, 427px\" data-srcset=\"https:\/\/www.joliehistoire.com\/wp-content\/uploads\/2014\/10\/photo-de-couple-originale-avec-les-chaussures-au-premier-plan.jpg 427w, https:\/\/www.joliehistoire.com\/wp-content\/uploads\/2014\/10\/photo-de-couple-originale-avec-les-chaussures-au-premier-plan-200x300.jpg 200w, https:\/\/www.joliehistoire.com\/wp-content\/uploads\/2014\/10\/photo-de-couple-originale-avec-les-chaussures-au-premier-plan-334x500.jpg 334w\" data-src=\"https:\/\/www.joliehistoire.com\/wp-content\/uploads\/2014\/10\/photo-de-couple-originale-avec-les-chaussures-au-premier-plan.jpg\">\n\t\t\t<\/dt><\/dl><br style=\"clear: both\"><dl class=\"gallery-item\">\n\t\t\t<dt class=\"gallery-icon landscape\">\n\t\t\t\t<noscript><img decoding=\"async\" width=\"800\" height=\"533\" src=\"https:\/\/www.joliehistoire.com\/wp-content\/uploads\/2014\/10\/la-mariee-croque-dans-la-cravatte.jpg\" class=\"attachment-large size-large\" alt=\"la mari\u00e9e croque dans la cravatte\" srcset=\"https:\/\/www.joliehistoire.com\/wp-content\/uploads\/2014\/10\/la-mariee-croque-dans-la-cravatte.jpg 800w, https:\/\/www.joliehistoire.com\/wp-content\/uploads\/2014\/10\/la-mariee-croque-dans-la-cravatte-300x200.jpg 300w, https:\/\/www.joliehistoire.com\/wp-content\/uploads\/2014\/10\/la-mariee-croque-dans-la-cravatte-768x512.jpg 768w, https:\/\/www.joliehistoire.com\/wp-content\/uploads\/2014\/10\/la-mariee-croque-dans-la-cravatte-750x500.jpg 750w, https:\/\/www.joliehistoire.com\/wp-content\/uploads\/2014\/10\/la-mariee-croque-dans-la-cravatte-480x320.jpg 480w\" sizes=\"(max-width: 800px) 100vw, 800px\"><\/noscript><img decoding=\"async\" width=\"800\" height=\"533\" src=\"data:image\/svg+xml,%3Csvg%20xmlns%3D%22http%3A%2F%2Fwww.w3.org%2F2000%2Fsvg%22%20viewBox%3D%220%200%20800%20533%22%3E%3C%2Fsvg%3E\" class=\"attachment-large size-large lazyload\" alt=\"la mari\u00e9e croque dans la cravatte\" srcset=\"data:image\/svg+xml,%3Csvg%20xmlns%3D%22http%3A%2F%2Fwww.w3.org%2F2000%2Fsvg%22%20viewBox%3D%220%200%20800%20533%22%3E%3C%2Fsvg%3E 800w\" sizes=\"(max-width: 800px) 100vw, 800px\" data-srcset=\"https:\/\/www.joliehistoire.com\/wp-content\/uploads\/2014\/10\/la-mariee-croque-dans-la-cravatte.jpg 800w, https:\/\/www.joliehistoire.com\/wp-content\/uploads\/2014\/10\/la-mariee-croque-dans-la-cravatte-300x200.jpg 300w, https:\/\/www.joliehistoire.com\/wp-content\/uploads\/2014\/10\/la-mariee-croque-dans-la-cravatte-768x512.jpg 768w, https:\/\/www.joliehistoire.com\/wp-content\/uploads\/2014\/10\/la-mariee-croque-dans-la-cravatte-750x500.jpg 750w, https:\/\/www.joliehistoire.com\/wp-content\/uploads\/2014\/10\/la-mariee-croque-dans-la-cravatte-480x320.jpg 480w\" data-src=\"https:\/\/www.joliehistoire.com\/wp-content\/uploads\/2014\/10\/la-mariee-croque-dans-la-cravatte.jpg\">\n\t\t\t<\/dt><\/dl><br style=\"clear: both\"><dl class=\"gallery-item\">\n\t\t\t<dt class=\"gallery-icon landscape\">\n\t\t\t\t<noscript><img decoding=\"async\" width=\"800\" height=\"533\" src=\"https:\/\/www.joliehistoire.com\/wp-content\/uploads\/2014\/10\/la-mariee-sort-de-son-domicile-accompagnee-par-ses-proches.jpg\" class=\"attachment-large size-large\" alt=\"la mari\u00e9e sort de son domicile accompagn\u00e9e par ses proches\" srcset=\"https:\/\/www.joliehistoire.com\/wp-content\/uploads\/2014\/10\/la-mariee-sort-de-son-domicile-accompagnee-par-ses-proches.jpg 800w, https:\/\/www.joliehistoire.com\/wp-content\/uploads\/2014\/10\/la-mariee-sort-de-son-domicile-accompagnee-par-ses-proches-300x200.jpg 300w, https:\/\/www.joliehistoire.com\/wp-content\/uploads\/2014\/10\/la-mariee-sort-de-son-domicile-accompagnee-par-ses-proches-768x512.jpg 768w, https:\/\/www.joliehistoire.com\/wp-content\/uploads\/2014\/10\/la-mariee-sort-de-son-domicile-accompagnee-par-ses-proches-750x500.jpg 750w, https:\/\/www.joliehistoire.com\/wp-content\/uploads\/2014\/10\/la-mariee-sort-de-son-domicile-accompagnee-par-ses-proches-480x320.jpg 480w\" sizes=\"(max-width: 800px) 100vw, 800px\"><\/noscript><img decoding=\"async\" width=\"800\" height=\"533\" src=\"data:image\/svg+xml,%3Csvg%20xmlns%3D%22http%3A%2F%2Fwww.w3.org%2F2000%2Fsvg%22%20viewBox%3D%220%200%20800%20533%22%3E%3C%2Fsvg%3E\" class=\"attachment-large size-large lazyload\" alt=\"la mari\u00e9e sort de son domicile accompagn\u00e9e par ses proches\" srcset=\"data:image\/svg+xml,%3Csvg%20xmlns%3D%22http%3A%2F%2Fwww.w3.org%2F2000%2Fsvg%22%20viewBox%3D%220%200%20800%20533%22%3E%3C%2Fsvg%3E 800w\" sizes=\"(max-width: 800px) 100vw, 800px\" data-srcset=\"https:\/\/www.joliehistoire.com\/wp-content\/uploads\/2014\/10\/la-mariee-sort-de-son-domicile-accompagnee-par-ses-proches.jpg 800w, https:\/\/www.joliehistoire.com\/wp-content\/uploads\/2014\/10\/la-mariee-sort-de-son-domicile-accompagnee-par-ses-proches-300x200.jpg 300w, https:\/\/www.joliehistoire.com\/wp-content\/uploads\/2014\/10\/la-mariee-sort-de-son-domicile-accompagnee-par-ses-proches-768x512.jpg 768w, https:\/\/www.joliehistoire.com\/wp-content\/uploads\/2014\/10\/la-mariee-sort-de-son-domicile-accompagnee-par-ses-proches-750x500.jpg 750w, https:\/\/www.joliehistoire.com\/wp-content\/uploads\/2014\/10\/la-mariee-sort-de-son-domicile-accompagnee-par-ses-proches-480x320.jpg 480w\" data-src=\"https:\/\/www.joliehistoire.com\/wp-content\/uploads\/2014\/10\/la-mariee-sort-de-son-domicile-accompagnee-par-ses-proches.jpg\">\n\t\t\t<\/dt><\/dl><br style=\"clear: both\"><dl class=\"gallery-item\">\n\t\t\t<dt class=\"gallery-icon landscape\">\n\t\t\t\t<noscript><img decoding=\"async\" width=\"800\" height=\"533\" src=\"https:\/\/www.joliehistoire.com\/wp-content\/uploads\/2014\/10\/la-voiture-demarre-et-ouvre-le-cortege.jpg\" class=\"attachment-large size-large\" alt=\"la voiture d\u00e9marre et ouvre le cort\u00e8ge\" srcset=\"https:\/\/www.joliehistoire.com\/wp-content\/uploads\/2014\/10\/la-voiture-demarre-et-ouvre-le-cortege.jpg 800w, https:\/\/www.joliehistoire.com\/wp-content\/uploads\/2014\/10\/la-voiture-demarre-et-ouvre-le-cortege-300x200.jpg 300w, https:\/\/www.joliehistoire.com\/wp-content\/uploads\/2014\/10\/la-voiture-demarre-et-ouvre-le-cortege-768x512.jpg 768w, https:\/\/www.joliehistoire.com\/wp-content\/uploads\/2014\/10\/la-voiture-demarre-et-ouvre-le-cortege-750x500.jpg 750w, https:\/\/www.joliehistoire.com\/wp-content\/uploads\/2014\/10\/la-voiture-demarre-et-ouvre-le-cortege-480x320.jpg 480w\" sizes=\"(max-width: 800px) 100vw, 800px\"><\/noscript><img decoding=\"async\" width=\"800\" height=\"533\" src=\"data:image\/svg+xml,%3Csvg%20xmlns%3D%22http%3A%2F%2Fwww.w3.org%2F2000%2Fsvg%22%20viewBox%3D%220%200%20800%20533%22%3E%3C%2Fsvg%3E\" class=\"attachment-large size-large lazyload\" alt=\"la voiture d\u00e9marre et ouvre le cort\u00e8ge\" srcset=\"data:image\/svg+xml,%3Csvg%20xmlns%3D%22http%3A%2F%2Fwww.w3.org%2F2000%2Fsvg%22%20viewBox%3D%220%200%20800%20533%22%3E%3C%2Fsvg%3E 800w\" sizes=\"(max-width: 800px) 100vw, 800px\" data-srcset=\"https:\/\/www.joliehistoire.com\/wp-content\/uploads\/2014\/10\/la-voiture-demarre-et-ouvre-le-cortege.jpg 800w, https:\/\/www.joliehistoire.com\/wp-content\/uploads\/2014\/10\/la-voiture-demarre-et-ouvre-le-cortege-300x200.jpg 300w, https:\/\/www.joliehistoire.com\/wp-content\/uploads\/2014\/10\/la-voiture-demarre-et-ouvre-le-cortege-768x512.jpg 768w, https:\/\/www.joliehistoire.com\/wp-content\/uploads\/2014\/10\/la-voiture-demarre-et-ouvre-le-cortege-750x500.jpg 750w, https:\/\/www.joliehistoire.com\/wp-content\/uploads\/2014\/10\/la-voiture-demarre-et-ouvre-le-cortege-480x320.jpg 480w\" data-src=\"https:\/\/www.joliehistoire.com\/wp-content\/uploads\/2014\/10\/la-voiture-demarre-et-ouvre-le-cortege.jpg\">\n\t\t\t<\/dt><\/dl><br style=\"clear: both\"><dl class=\"gallery-item\">\n\t\t\t<dt class=\"gallery-icon landscape\">\n\t\t\t\t<noscript><img decoding=\"async\" width=\"800\" height=\"533\" src=\"https:\/\/www.joliehistoire.com\/wp-content\/uploads\/2014\/10\/fou-rire-des-maries-pendant-la-ceremonie-civile-en-lorraine.jpg\" class=\"attachment-large size-large\" alt=\"fou rire des mari\u00e9s pendant la c\u00e9r\u00e9monie civile en lorraine\" srcset=\"https:\/\/www.joliehistoire.com\/wp-content\/uploads\/2014\/10\/fou-rire-des-maries-pendant-la-ceremonie-civile-en-lorraine.jpg 800w, https:\/\/www.joliehistoire.com\/wp-content\/uploads\/2014\/10\/fou-rire-des-maries-pendant-la-ceremonie-civile-en-lorraine-300x200.jpg 300w, https:\/\/www.joliehistoire.com\/wp-content\/uploads\/2014\/10\/fou-rire-des-maries-pendant-la-ceremonie-civile-en-lorraine-768x512.jpg 768w, https:\/\/www.joliehistoire.com\/wp-content\/uploads\/2014\/10\/fou-rire-des-maries-pendant-la-ceremonie-civile-en-lorraine-750x500.jpg 750w, https:\/\/www.joliehistoire.com\/wp-content\/uploads\/2014\/10\/fou-rire-des-maries-pendant-la-ceremonie-civile-en-lorraine-480x320.jpg 480w\" sizes=\"(max-width: 800px) 100vw, 800px\"><\/noscript><img decoding=\"async\" width=\"800\" height=\"533\" src=\"data:image\/svg+xml,%3Csvg%20xmlns%3D%22http%3A%2F%2Fwww.w3.org%2F2000%2Fsvg%22%20viewBox%3D%220%200%20800%20533%22%3E%3C%2Fsvg%3E\" class=\"attachment-large size-large lazyload\" alt=\"fou rire des mari\u00e9s pendant la c\u00e9r\u00e9monie civile en lorraine\" srcset=\"data:image\/svg+xml,%3Csvg%20xmlns%3D%22http%3A%2F%2Fwww.w3.org%2F2000%2Fsvg%22%20viewBox%3D%220%200%20800%20533%22%3E%3C%2Fsvg%3E 800w\" sizes=\"(max-width: 800px) 100vw, 800px\" data-srcset=\"https:\/\/www.joliehistoire.com\/wp-content\/uploads\/2014\/10\/fou-rire-des-maries-pendant-la-ceremonie-civile-en-lorraine.jpg 800w, https:\/\/www.joliehistoire.com\/wp-content\/uploads\/2014\/10\/fou-rire-des-maries-pendant-la-ceremonie-civile-en-lorraine-300x200.jpg 300w, https:\/\/www.joliehistoire.com\/wp-content\/uploads\/2014\/10\/fou-rire-des-maries-pendant-la-ceremonie-civile-en-lorraine-768x512.jpg 768w, https:\/\/www.joliehistoire.com\/wp-content\/uploads\/2014\/10\/fou-rire-des-maries-pendant-la-ceremonie-civile-en-lorraine-750x500.jpg 750w, https:\/\/www.joliehistoire.com\/wp-content\/uploads\/2014\/10\/fou-rire-des-maries-pendant-la-ceremonie-civile-en-lorraine-480x320.jpg 480w\" data-src=\"https:\/\/www.joliehistoire.com\/wp-content\/uploads\/2014\/10\/fou-rire-des-maries-pendant-la-ceremonie-civile-en-lorraine.jpg\">\n\t\t\t<\/dt><\/dl><br style=\"clear: both\"><dl class=\"gallery-item\">\n\t\t\t<dt class=\"gallery-icon landscape\">\n\t\t\t\t<noscript><img decoding=\"async\" width=\"800\" height=\"533\" src=\"https:\/\/www.joliehistoire.com\/wp-content\/uploads\/2014\/10\/les-invites-photographies-pendant-la-ceremonie-civile.jpg\" class=\"attachment-large size-large\" alt=\"les invit\u00e9s photographi\u00e9s pendant la c\u00e9r\u00e9monie civile\" srcset=\"https:\/\/www.joliehistoire.com\/wp-content\/uploads\/2014\/10\/les-invites-photographies-pendant-la-ceremonie-civile.jpg 800w, https:\/\/www.joliehistoire.com\/wp-content\/uploads\/2014\/10\/les-invites-photographies-pendant-la-ceremonie-civile-300x200.jpg 300w, https:\/\/www.joliehistoire.com\/wp-content\/uploads\/2014\/10\/les-invites-photographies-pendant-la-ceremonie-civile-768x512.jpg 768w, https:\/\/www.joliehistoire.com\/wp-content\/uploads\/2014\/10\/les-invites-photographies-pendant-la-ceremonie-civile-750x500.jpg 750w, https:\/\/www.joliehistoire.com\/wp-content\/uploads\/2014\/10\/les-invites-photographies-pendant-la-ceremonie-civile-480x320.jpg 480w\" sizes=\"(max-width: 800px) 100vw, 800px\"><\/noscript><img decoding=\"async\" width=\"800\" height=\"533\" src=\"data:image\/svg+xml,%3Csvg%20xmlns%3D%22http%3A%2F%2Fwww.w3.org%2F2000%2Fsvg%22%20viewBox%3D%220%200%20800%20533%22%3E%3C%2Fsvg%3E\" class=\"attachment-large size-large lazyload\" alt=\"les invit\u00e9s photographi\u00e9s pendant la c\u00e9r\u00e9monie civile\" srcset=\"data:image\/svg+xml,%3Csvg%20xmlns%3D%22http%3A%2F%2Fwww.w3.org%2F2000%2Fsvg%22%20viewBox%3D%220%200%20800%20533%22%3E%3C%2Fsvg%3E 800w\" sizes=\"(max-width: 800px) 100vw, 800px\" data-srcset=\"https:\/\/www.joliehistoire.com\/wp-content\/uploads\/2014\/10\/les-invites-photographies-pendant-la-ceremonie-civile.jpg 800w, https:\/\/www.joliehistoire.com\/wp-content\/uploads\/2014\/10\/les-invites-photographies-pendant-la-ceremonie-civile-300x200.jpg 300w, https:\/\/www.joliehistoire.com\/wp-content\/uploads\/2014\/10\/les-invites-photographies-pendant-la-ceremonie-civile-768x512.jpg 768w, https:\/\/www.joliehistoire.com\/wp-content\/uploads\/2014\/10\/les-invites-photographies-pendant-la-ceremonie-civile-750x500.jpg 750w, https:\/\/www.joliehistoire.com\/wp-content\/uploads\/2014\/10\/les-invites-photographies-pendant-la-ceremonie-civile-480x320.jpg 480w\" data-src=\"https:\/\/www.joliehistoire.com\/wp-content\/uploads\/2014\/10\/les-invites-photographies-pendant-la-ceremonie-civile.jpg\">\n\t\t\t<\/dt><\/dl><br style=\"clear: both\"><dl class=\"gallery-item\">\n\t\t\t<dt class=\"gallery-icon landscape\">\n\t\t\t\t<noscript><img decoding=\"async\" width=\"800\" height=\"533\" src=\"https:\/\/www.joliehistoire.com\/wp-content\/uploads\/2014\/10\/la-mariee-felicitee-par-son-temoin-a-la-fin-de-la-ceremonie-lorraine.jpg\" class=\"attachment-large size-large\" alt=\"la mari\u00e9e f\u00e9licit\u00e9e par son t\u00e9moin \u00e0 la fin de la c\u00e9r\u00e9monie lorraine\" srcset=\"https:\/\/www.joliehistoire.com\/wp-content\/uploads\/2014\/10\/la-mariee-felicitee-par-son-temoin-a-la-fin-de-la-ceremonie-lorraine.jpg 800w, https:\/\/www.joliehistoire.com\/wp-content\/uploads\/2014\/10\/la-mariee-felicitee-par-son-temoin-a-la-fin-de-la-ceremonie-lorraine-300x200.jpg 300w, https:\/\/www.joliehistoire.com\/wp-content\/uploads\/2014\/10\/la-mariee-felicitee-par-son-temoin-a-la-fin-de-la-ceremonie-lorraine-768x512.jpg 768w, https:\/\/www.joliehistoire.com\/wp-content\/uploads\/2014\/10\/la-mariee-felicitee-par-son-temoin-a-la-fin-de-la-ceremonie-lorraine-750x500.jpg 750w, https:\/\/www.joliehistoire.com\/wp-content\/uploads\/2014\/10\/la-mariee-felicitee-par-son-temoin-a-la-fin-de-la-ceremonie-lorraine-480x320.jpg 480w\" sizes=\"(max-width: 800px) 100vw, 800px\"><\/noscript><img decoding=\"async\" width=\"800\" height=\"533\" src=\"data:image\/svg+xml,%3Csvg%20xmlns%3D%22http%3A%2F%2Fwww.w3.org%2F2000%2Fsvg%22%20viewBox%3D%220%200%20800%20533%22%3E%3C%2Fsvg%3E\" class=\"attachment-large size-large lazyload\" alt=\"la mari\u00e9e f\u00e9licit\u00e9e par son t\u00e9moin \u00e0 la fin de la c\u00e9r\u00e9monie lorraine\" srcset=\"data:image\/svg+xml,%3Csvg%20xmlns%3D%22http%3A%2F%2Fwww.w3.org%2F2000%2Fsvg%22%20viewBox%3D%220%200%20800%20533%22%3E%3C%2Fsvg%3E 800w\" sizes=\"(max-width: 800px) 100vw, 800px\" data-srcset=\"https:\/\/www.joliehistoire.com\/wp-content\/uploads\/2014\/10\/la-mariee-felicitee-par-son-temoin-a-la-fin-de-la-ceremonie-lorraine.jpg 800w, https:\/\/www.joliehistoire.com\/wp-content\/uploads\/2014\/10\/la-mariee-felicitee-par-son-temoin-a-la-fin-de-la-ceremonie-lorraine-300x200.jpg 300w, https:\/\/www.joliehistoire.com\/wp-content\/uploads\/2014\/10\/la-mariee-felicitee-par-son-temoin-a-la-fin-de-la-ceremonie-lorraine-768x512.jpg 768w, https:\/\/www.joliehistoire.com\/wp-content\/uploads\/2014\/10\/la-mariee-felicitee-par-son-temoin-a-la-fin-de-la-ceremonie-lorraine-750x500.jpg 750w, https:\/\/www.joliehistoire.com\/wp-content\/uploads\/2014\/10\/la-mariee-felicitee-par-son-temoin-a-la-fin-de-la-ceremonie-lorraine-480x320.jpg 480w\" data-src=\"https:\/\/www.joliehistoire.com\/wp-content\/uploads\/2014\/10\/la-mariee-felicitee-par-son-temoin-a-la-fin-de-la-ceremonie-lorraine.jpg\">\n\t\t\t<\/dt><\/dl><br style=\"clear: both\"><dl class=\"gallery-item\">\n\t\t\t<dt class=\"gallery-icon landscape\">\n\t\t\t\t<noscript><img decoding=\"async\" width=\"800\" height=\"533\" src=\"https:\/\/www.joliehistoire.com\/wp-content\/uploads\/2014\/10\/jolie-decoration-de-table-lors-dun-mariage-en-lorraine.jpg\" class=\"attachment-large size-large\" alt=\"jolie d\u00e9coration de table lors d&#039;un mariage en lorraine\" srcset=\"https:\/\/www.joliehistoire.com\/wp-content\/uploads\/2014\/10\/jolie-decoration-de-table-lors-dun-mariage-en-lorraine.jpg 800w, https:\/\/www.joliehistoire.com\/wp-content\/uploads\/2014\/10\/jolie-decoration-de-table-lors-dun-mariage-en-lorraine-300x200.jpg 300w, https:\/\/www.joliehistoire.com\/wp-content\/uploads\/2014\/10\/jolie-decoration-de-table-lors-dun-mariage-en-lorraine-768x512.jpg 768w, https:\/\/www.joliehistoire.com\/wp-content\/uploads\/2014\/10\/jolie-decoration-de-table-lors-dun-mariage-en-lorraine-750x500.jpg 750w, https:\/\/www.joliehistoire.com\/wp-content\/uploads\/2014\/10\/jolie-decoration-de-table-lors-dun-mariage-en-lorraine-480x320.jpg 480w\" sizes=\"(max-width: 800px) 100vw, 800px\"><\/noscript><img decoding=\"async\" width=\"800\" height=\"533\" src=\"data:image\/svg+xml,%3Csvg%20xmlns%3D%22http%3A%2F%2Fwww.w3.org%2F2000%2Fsvg%22%20viewBox%3D%220%200%20800%20533%22%3E%3C%2Fsvg%3E\" class=\"attachment-large size-large lazyload\" alt=\"jolie d\u00e9coration de table lors d&#039;un mariage en lorraine\" srcset=\"data:image\/svg+xml,%3Csvg%20xmlns%3D%22http%3A%2F%2Fwww.w3.org%2F2000%2Fsvg%22%20viewBox%3D%220%200%20800%20533%22%3E%3C%2Fsvg%3E 800w\" sizes=\"(max-width: 800px) 100vw, 800px\" data-srcset=\"https:\/\/www.joliehistoire.com\/wp-content\/uploads\/2014\/10\/jolie-decoration-de-table-lors-dun-mariage-en-lorraine.jpg 800w, https:\/\/www.joliehistoire.com\/wp-content\/uploads\/2014\/10\/jolie-decoration-de-table-lors-dun-mariage-en-lorraine-300x200.jpg 300w, https:\/\/www.joliehistoire.com\/wp-content\/uploads\/2014\/10\/jolie-decoration-de-table-lors-dun-mariage-en-lorraine-768x512.jpg 768w, https:\/\/www.joliehistoire.com\/wp-content\/uploads\/2014\/10\/jolie-decoration-de-table-lors-dun-mariage-en-lorraine-750x500.jpg 750w, https:\/\/www.joliehistoire.com\/wp-content\/uploads\/2014\/10\/jolie-decoration-de-table-lors-dun-mariage-en-lorraine-480x320.jpg 480w\" data-src=\"https:\/\/www.joliehistoire.com\/wp-content\/uploads\/2014\/10\/jolie-decoration-de-table-lors-dun-mariage-en-lorraine.jpg\">\n\t\t\t<\/dt><\/dl><br style=\"clear: both\"><dl class=\"gallery-item\">\n\t\t\t<dt class=\"gallery-icon landscape\">\n\t\t\t\t<noscript><img decoding=\"async\" width=\"800\" height=\"533\" src=\"https:\/\/www.joliehistoire.com\/wp-content\/uploads\/2014\/10\/lentree-des-mariee-dans-la-salle-des-fetes-en-lorraine.jpg\" class=\"attachment-large size-large\" alt=\"l&#039;entr\u00e9e des mari\u00e9e dans la salle des f\u00eates en lorraine\" srcset=\"https:\/\/www.joliehistoire.com\/wp-content\/uploads\/2014\/10\/lentree-des-mariee-dans-la-salle-des-fetes-en-lorraine.jpg 800w, https:\/\/www.joliehistoire.com\/wp-content\/uploads\/2014\/10\/lentree-des-mariee-dans-la-salle-des-fetes-en-lorraine-300x200.jpg 300w, https:\/\/www.joliehistoire.com\/wp-content\/uploads\/2014\/10\/lentree-des-mariee-dans-la-salle-des-fetes-en-lorraine-768x512.jpg 768w, https:\/\/www.joliehistoire.com\/wp-content\/uploads\/2014\/10\/lentree-des-mariee-dans-la-salle-des-fetes-en-lorraine-750x500.jpg 750w, https:\/\/www.joliehistoire.com\/wp-content\/uploads\/2014\/10\/lentree-des-mariee-dans-la-salle-des-fetes-en-lorraine-480x320.jpg 480w\" sizes=\"(max-width: 800px) 100vw, 800px\"><\/noscript><img decoding=\"async\" width=\"800\" height=\"533\" src=\"data:image\/svg+xml,%3Csvg%20xmlns%3D%22http%3A%2F%2Fwww.w3.org%2F2000%2Fsvg%22%20viewBox%3D%220%200%20800%20533%22%3E%3C%2Fsvg%3E\" class=\"attachment-large size-large lazyload\" alt=\"l&#039;entr\u00e9e des mari\u00e9e dans la salle des f\u00eates en lorraine\" srcset=\"data:image\/svg+xml,%3Csvg%20xmlns%3D%22http%3A%2F%2Fwww.w3.org%2F2000%2Fsvg%22%20viewBox%3D%220%200%20800%20533%22%3E%3C%2Fsvg%3E 800w\" sizes=\"(max-width: 800px) 100vw, 800px\" data-srcset=\"https:\/\/www.joliehistoire.com\/wp-content\/uploads\/2014\/10\/lentree-des-mariee-dans-la-salle-des-fetes-en-lorraine.jpg 800w, https:\/\/www.joliehistoire.com\/wp-content\/uploads\/2014\/10\/lentree-des-mariee-dans-la-salle-des-fetes-en-lorraine-300x200.jpg 300w, https:\/\/www.joliehistoire.com\/wp-content\/uploads\/2014\/10\/lentree-des-mariee-dans-la-salle-des-fetes-en-lorraine-768x512.jpg 768w, https:\/\/www.joliehistoire.com\/wp-content\/uploads\/2014\/10\/lentree-des-mariee-dans-la-salle-des-fetes-en-lorraine-750x500.jpg 750w, https:\/\/www.joliehistoire.com\/wp-content\/uploads\/2014\/10\/lentree-des-mariee-dans-la-salle-des-fetes-en-lorraine-480x320.jpg 480w\" data-src=\"https:\/\/www.joliehistoire.com\/wp-content\/uploads\/2014\/10\/lentree-des-mariee-dans-la-salle-des-fetes-en-lorraine.jpg\">\n\t\t\t<\/dt><\/dl><br style=\"clear: both\"><dl class=\"gallery-item\">\n\t\t\t<dt class=\"gallery-icon landscape\">\n\t\t\t\t<noscript><img decoding=\"async\" width=\"800\" height=\"533\" src=\"https:\/\/www.joliehistoire.com\/wp-content\/uploads\/2014\/10\/les-maries-applaudis-par-les-invites.jpg\" class=\"attachment-large size-large\" alt=\"les mari\u00e9s applaudis par les invit\u00e9s\" srcset=\"https:\/\/www.joliehistoire.com\/wp-content\/uploads\/2014\/10\/les-maries-applaudis-par-les-invites.jpg 800w, https:\/\/www.joliehistoire.com\/wp-content\/uploads\/2014\/10\/les-maries-applaudis-par-les-invites-300x200.jpg 300w, https:\/\/www.joliehistoire.com\/wp-content\/uploads\/2014\/10\/les-maries-applaudis-par-les-invites-768x512.jpg 768w, https:\/\/www.joliehistoire.com\/wp-content\/uploads\/2014\/10\/les-maries-applaudis-par-les-invites-750x500.jpg 750w, https:\/\/www.joliehistoire.com\/wp-content\/uploads\/2014\/10\/les-maries-applaudis-par-les-invites-480x320.jpg 480w\" sizes=\"(max-width: 800px) 100vw, 800px\"><\/noscript><img decoding=\"async\" width=\"800\" height=\"533\" src=\"data:image\/svg+xml,%3Csvg%20xmlns%3D%22http%3A%2F%2Fwww.w3.org%2F2000%2Fsvg%22%20viewBox%3D%220%200%20800%20533%22%3E%3C%2Fsvg%3E\" class=\"attachment-large size-large lazyload\" alt=\"les mari\u00e9s applaudis par les invit\u00e9s\" srcset=\"data:image\/svg+xml,%3Csvg%20xmlns%3D%22http%3A%2F%2Fwww.w3.org%2F2000%2Fsvg%22%20viewBox%3D%220%200%20800%20533%22%3E%3C%2Fsvg%3E 800w\" sizes=\"(max-width: 800px) 100vw, 800px\" data-srcset=\"https:\/\/www.joliehistoire.com\/wp-content\/uploads\/2014\/10\/les-maries-applaudis-par-les-invites.jpg 800w, https:\/\/www.joliehistoire.com\/wp-content\/uploads\/2014\/10\/les-maries-applaudis-par-les-invites-300x200.jpg 300w, https:\/\/www.joliehistoire.com\/wp-content\/uploads\/2014\/10\/les-maries-applaudis-par-les-invites-768x512.jpg 768w, https:\/\/www.joliehistoire.com\/wp-content\/uploads\/2014\/10\/les-maries-applaudis-par-les-invites-750x500.jpg 750w, https:\/\/www.joliehistoire.com\/wp-content\/uploads\/2014\/10\/les-maries-applaudis-par-les-invites-480x320.jpg 480w\" data-src=\"https:\/\/www.joliehistoire.com\/wp-content\/uploads\/2014\/10\/les-maries-applaudis-par-les-invites.jpg\">\n\t\t\t<\/dt><\/dl><br style=\"clear: both\"><dl class=\"gallery-item\">\n\t\t\t<dt class=\"gallery-icon landscape\">\n\t\t\t\t<noscript><img decoding=\"async\" width=\"800\" height=\"533\" src=\"https:\/\/www.joliehistoire.com\/wp-content\/uploads\/2014\/10\/les-maries-ouvre-le-bal-avec-la-premiere-danse.jpg\" class=\"attachment-large size-large\" alt=\"les mari\u00e9s ouvre le bal avec la premi\u00e8re danse\" srcset=\"https:\/\/www.joliehistoire.com\/wp-content\/uploads\/2014\/10\/les-maries-ouvre-le-bal-avec-la-premiere-danse.jpg 800w, https:\/\/www.joliehistoire.com\/wp-content\/uploads\/2014\/10\/les-maries-ouvre-le-bal-avec-la-premiere-danse-300x200.jpg 300w, https:\/\/www.joliehistoire.com\/wp-content\/uploads\/2014\/10\/les-maries-ouvre-le-bal-avec-la-premiere-danse-768x512.jpg 768w, https:\/\/www.joliehistoire.com\/wp-content\/uploads\/2014\/10\/les-maries-ouvre-le-bal-avec-la-premiere-danse-750x500.jpg 750w, https:\/\/www.joliehistoire.com\/wp-content\/uploads\/2014\/10\/les-maries-ouvre-le-bal-avec-la-premiere-danse-480x320.jpg 480w\" sizes=\"(max-width: 800px) 100vw, 800px\"><\/noscript><img decoding=\"async\" width=\"800\" height=\"533\" src=\"data:image\/svg+xml,%3Csvg%20xmlns%3D%22http%3A%2F%2Fwww.w3.org%2F2000%2Fsvg%22%20viewBox%3D%220%200%20800%20533%22%3E%3C%2Fsvg%3E\" class=\"attachment-large size-large lazyload\" alt=\"les mari\u00e9s ouvre le bal avec la premi\u00e8re danse\" srcset=\"data:image\/svg+xml,%3Csvg%20xmlns%3D%22http%3A%2F%2Fwww.w3.org%2F2000%2Fsvg%22%20viewBox%3D%220%200%20800%20533%22%3E%3C%2Fsvg%3E 800w\" sizes=\"(max-width: 800px) 100vw, 800px\" data-srcset=\"https:\/\/www.joliehistoire.com\/wp-content\/uploads\/2014\/10\/les-maries-ouvre-le-bal-avec-la-premiere-danse.jpg 800w, https:\/\/www.joliehistoire.com\/wp-content\/uploads\/2014\/10\/les-maries-ouvre-le-bal-avec-la-premiere-danse-300x200.jpg 300w, https:\/\/www.joliehistoire.com\/wp-content\/uploads\/2014\/10\/les-maries-ouvre-le-bal-avec-la-premiere-danse-768x512.jpg 768w, https:\/\/www.joliehistoire.com\/wp-content\/uploads\/2014\/10\/les-maries-ouvre-le-bal-avec-la-premiere-danse-750x500.jpg 750w, https:\/\/www.joliehistoire.com\/wp-content\/uploads\/2014\/10\/les-maries-ouvre-le-bal-avec-la-premiere-danse-480x320.jpg 480w\" data-src=\"https:\/\/www.joliehistoire.com\/wp-content\/uploads\/2014\/10\/les-maries-ouvre-le-bal-avec-la-premiere-danse.jpg\">\n\t\t\t<\/dt><\/dl><br style=\"clear: both\"><dl class=\"gallery-item\">\n\t\t\t<dt class=\"gallery-icon landscape\">\n\t\t\t\t<noscript><img decoding=\"async\" width=\"800\" height=\"533\" src=\"https:\/\/www.joliehistoire.com\/wp-content\/uploads\/2014\/10\/les-maries-dansent-et-sont-heureux.jpg\" class=\"attachment-large size-large\" alt=\"les mari\u00e9s dansent et sont heureux\" srcset=\"https:\/\/www.joliehistoire.com\/wp-content\/uploads\/2014\/10\/les-maries-dansent-et-sont-heureux.jpg 800w, https:\/\/www.joliehistoire.com\/wp-content\/uploads\/2014\/10\/les-maries-dansent-et-sont-heureux-300x200.jpg 300w, https:\/\/www.joliehistoire.com\/wp-content\/uploads\/2014\/10\/les-maries-dansent-et-sont-heureux-768x512.jpg 768w, https:\/\/www.joliehistoire.com\/wp-content\/uploads\/2014\/10\/les-maries-dansent-et-sont-heureux-750x500.jpg 750w, https:\/\/www.joliehistoire.com\/wp-content\/uploads\/2014\/10\/les-maries-dansent-et-sont-heureux-480x320.jpg 480w\" sizes=\"(max-width: 800px) 100vw, 800px\"><\/noscript><img decoding=\"async\" width=\"800\" height=\"533\" src=\"data:image\/svg+xml,%3Csvg%20xmlns%3D%22http%3A%2F%2Fwww.w3.org%2F2000%2Fsvg%22%20viewBox%3D%220%200%20800%20533%22%3E%3C%2Fsvg%3E\" class=\"attachment-large size-large lazyload\" alt=\"les mari\u00e9s dansent et sont heureux\" srcset=\"data:image\/svg+xml,%3Csvg%20xmlns%3D%22http%3A%2F%2Fwww.w3.org%2F2000%2Fsvg%22%20viewBox%3D%220%200%20800%20533%22%3E%3C%2Fsvg%3E 800w\" sizes=\"(max-width: 800px) 100vw, 800px\" data-srcset=\"https:\/\/www.joliehistoire.com\/wp-content\/uploads\/2014\/10\/les-maries-dansent-et-sont-heureux.jpg 800w, https:\/\/www.joliehistoire.com\/wp-content\/uploads\/2014\/10\/les-maries-dansent-et-sont-heureux-300x200.jpg 300w, https:\/\/www.joliehistoire.com\/wp-content\/uploads\/2014\/10\/les-maries-dansent-et-sont-heureux-768x512.jpg 768w, https:\/\/www.joliehistoire.com\/wp-content\/uploads\/2014\/10\/les-maries-dansent-et-sont-heureux-750x500.jpg 750w, https:\/\/www.joliehistoire.com\/wp-content\/uploads\/2014\/10\/les-maries-dansent-et-sont-heureux-480x320.jpg 480w\" data-src=\"https:\/\/www.joliehistoire.com\/wp-content\/uploads\/2014\/10\/les-maries-dansent-et-sont-heureux.jpg\">\n\t\t\t<\/dt><\/dl><br style=\"clear: both\"><dl class=\"gallery-item\">\n\t\t\t<dt class=\"gallery-icon landscape\">\n\t\t\t\t<noscript><img decoding=\"async\" width=\"800\" height=\"533\" src=\"https:\/\/www.joliehistoire.com\/wp-content\/uploads\/2014\/10\/la-mariee-bourree-danse-pendant-la-soiree.jpg\" class=\"attachment-large size-large\" alt=\"la mari\u00e9e bourr\u00e9e danse pendant la soir\u00e9e\" srcset=\"https:\/\/www.joliehistoire.com\/wp-content\/uploads\/2014\/10\/la-mariee-bourree-danse-pendant-la-soiree.jpg 800w, https:\/\/www.joliehistoire.com\/wp-content\/uploads\/2014\/10\/la-mariee-bourree-danse-pendant-la-soiree-300x200.jpg 300w, https:\/\/www.joliehistoire.com\/wp-content\/uploads\/2014\/10\/la-mariee-bourree-danse-pendant-la-soiree-768x512.jpg 768w, https:\/\/www.joliehistoire.com\/wp-content\/uploads\/2014\/10\/la-mariee-bourree-danse-pendant-la-soiree-750x500.jpg 750w, https:\/\/www.joliehistoire.com\/wp-content\/uploads\/2014\/10\/la-mariee-bourree-danse-pendant-la-soiree-480x320.jpg 480w\" sizes=\"(max-width: 800px) 100vw, 800px\"><\/noscript><img decoding=\"async\" width=\"800\" height=\"533\" src=\"data:image\/svg+xml,%3Csvg%20xmlns%3D%22http%3A%2F%2Fwww.w3.org%2F2000%2Fsvg%22%20viewBox%3D%220%200%20800%20533%22%3E%3C%2Fsvg%3E\" class=\"attachment-large size-large lazyload\" alt=\"la mari\u00e9e bourr\u00e9e danse pendant la soir\u00e9e\" srcset=\"data:image\/svg+xml,%3Csvg%20xmlns%3D%22http%3A%2F%2Fwww.w3.org%2F2000%2Fsvg%22%20viewBox%3D%220%200%20800%20533%22%3E%3C%2Fsvg%3E 800w\" sizes=\"(max-width: 800px) 100vw, 800px\" data-srcset=\"https:\/\/www.joliehistoire.com\/wp-content\/uploads\/2014\/10\/la-mariee-bourree-danse-pendant-la-soiree.jpg 800w, https:\/\/www.joliehistoire.com\/wp-content\/uploads\/2014\/10\/la-mariee-bourree-danse-pendant-la-soiree-300x200.jpg 300w, https:\/\/www.joliehistoire.com\/wp-content\/uploads\/2014\/10\/la-mariee-bourree-danse-pendant-la-soiree-768x512.jpg 768w, https:\/\/www.joliehistoire.com\/wp-content\/uploads\/2014\/10\/la-mariee-bourree-danse-pendant-la-soiree-750x500.jpg 750w, https:\/\/www.joliehistoire.com\/wp-content\/uploads\/2014\/10\/la-mariee-bourree-danse-pendant-la-soiree-480x320.jpg 480w\" data-src=\"https:\/\/www.joliehistoire.com\/wp-content\/uploads\/2014\/10\/la-mariee-bourree-danse-pendant-la-soiree.jpg\">\n\t\t\t<\/dt><\/dl><br style=\"clear: both\"><dl class=\"gallery-item\">\n\t\t\t<dt class=\"gallery-icon landscape\">\n\t\t\t\t<noscript><img decoding=\"async\" width=\"800\" height=\"533\" src=\"https:\/\/www.joliehistoire.com\/wp-content\/uploads\/2014\/10\/soiree-dansant-vu-sous-un-angle-original-par-le-photographe.jpg\" class=\"attachment-large size-large\" alt=\"soir\u00e9e dansant vu sous un angle original par le photographe\" srcset=\"https:\/\/www.joliehistoire.com\/wp-content\/uploads\/2014\/10\/soiree-dansant-vu-sous-un-angle-original-par-le-photographe.jpg 800w, https:\/\/www.joliehistoire.com\/wp-content\/uploads\/2014\/10\/soiree-dansant-vu-sous-un-angle-original-par-le-photographe-300x200.jpg 300w, https:\/\/www.joliehistoire.com\/wp-content\/uploads\/2014\/10\/soiree-dansant-vu-sous-un-angle-original-par-le-photographe-768x512.jpg 768w, https:\/\/www.joliehistoire.com\/wp-content\/uploads\/2014\/10\/soiree-dansant-vu-sous-un-angle-original-par-le-photographe-750x500.jpg 750w, https:\/\/www.joliehistoire.com\/wp-content\/uploads\/2014\/10\/soiree-dansant-vu-sous-un-angle-original-par-le-photographe-480x320.jpg 480w\" sizes=\"(max-width: 800px) 100vw, 800px\"><\/noscript><img decoding=\"async\" width=\"800\" height=\"533\" src=\"data:image\/svg+xml,%3Csvg%20xmlns%3D%22http%3A%2F%2Fwww.w3.org%2F2000%2Fsvg%22%20viewBox%3D%220%200%20800%20533%22%3E%3C%2Fsvg%3E\" class=\"attachment-large size-large lazyload\" alt=\"soir\u00e9e dansant vu sous un angle original par le photographe\" srcset=\"data:image\/svg+xml,%3Csvg%20xmlns%3D%22http%3A%2F%2Fwww.w3.org%2F2000%2Fsvg%22%20viewBox%3D%220%200%20800%20533%22%3E%3C%2Fsvg%3E 800w\" sizes=\"(max-width: 800px) 100vw, 800px\" data-srcset=\"https:\/\/www.joliehistoire.com\/wp-content\/uploads\/2014\/10\/soiree-dansant-vu-sous-un-angle-original-par-le-photographe.jpg 800w, https:\/\/www.joliehistoire.com\/wp-content\/uploads\/2014\/10\/soiree-dansant-vu-sous-un-angle-original-par-le-photographe-300x200.jpg 300w, https:\/\/www.joliehistoire.com\/wp-content\/uploads\/2014\/10\/soiree-dansant-vu-sous-un-angle-original-par-le-photographe-768x512.jpg 768w, https:\/\/www.joliehistoire.com\/wp-content\/uploads\/2014\/10\/soiree-dansant-vu-sous-un-angle-original-par-le-photographe-750x500.jpg 750w, https:\/\/www.joliehistoire.com\/wp-content\/uploads\/2014\/10\/soiree-dansant-vu-sous-un-angle-original-par-le-photographe-480x320.jpg 480w\" data-src=\"https:\/\/www.joliehistoire.com\/wp-content\/uploads\/2014\/10\/soiree-dansant-vu-sous-un-angle-original-par-le-photographe.jpg\">\n\t\t\t<\/dt><\/dl><br style=\"clear: both\"><dl class=\"gallery-item\">\n\t\t\t<dt class=\"gallery-icon landscape\">\n\t\t\t\t<noscript><img decoding=\"async\" width=\"800\" height=\"533\" src=\"https:\/\/www.joliehistoire.com\/wp-content\/uploads\/2014\/10\/les-amies-samusent-pendant-le-mariage.jpg\" class=\"attachment-large size-large\" alt=\"les amies s&#039;amusent pendant le mariage\" srcset=\"https:\/\/www.joliehistoire.com\/wp-content\/uploads\/2014\/10\/les-amies-samusent-pendant-le-mariage.jpg 800w, https:\/\/www.joliehistoire.com\/wp-content\/uploads\/2014\/10\/les-amies-samusent-pendant-le-mariage-300x200.jpg 300w, https:\/\/www.joliehistoire.com\/wp-content\/uploads\/2014\/10\/les-amies-samusent-pendant-le-mariage-768x512.jpg 768w, https:\/\/www.joliehistoire.com\/wp-content\/uploads\/2014\/10\/les-amies-samusent-pendant-le-mariage-750x500.jpg 750w, https:\/\/www.joliehistoire.com\/wp-content\/uploads\/2014\/10\/les-amies-samusent-pendant-le-mariage-480x320.jpg 480w\" sizes=\"(max-width: 800px) 100vw, 800px\"><\/noscript><img decoding=\"async\" width=\"800\" height=\"533\" src=\"data:image\/svg+xml,%3Csvg%20xmlns%3D%22http%3A%2F%2Fwww.w3.org%2F2000%2Fsvg%22%20viewBox%3D%220%200%20800%20533%22%3E%3C%2Fsvg%3E\" class=\"attachment-large size-large lazyload\" alt=\"les amies s&#039;amusent pendant le mariage\" srcset=\"data:image\/svg+xml,%3Csvg%20xmlns%3D%22http%3A%2F%2Fwww.w3.org%2F2000%2Fsvg%22%20viewBox%3D%220%200%20800%20533%22%3E%3C%2Fsvg%3E 800w\" sizes=\"(max-width: 800px) 100vw, 800px\" data-srcset=\"https:\/\/www.joliehistoire.com\/wp-content\/uploads\/2014\/10\/les-amies-samusent-pendant-le-mariage.jpg 800w, https:\/\/www.joliehistoire.com\/wp-content\/uploads\/2014\/10\/les-amies-samusent-pendant-le-mariage-300x200.jpg 300w, https:\/\/www.joliehistoire.com\/wp-content\/uploads\/2014\/10\/les-amies-samusent-pendant-le-mariage-768x512.jpg 768w, https:\/\/www.joliehistoire.com\/wp-content\/uploads\/2014\/10\/les-amies-samusent-pendant-le-mariage-750x500.jpg 750w, https:\/\/www.joliehistoire.com\/wp-content\/uploads\/2014\/10\/les-amies-samusent-pendant-le-mariage-480x320.jpg 480w\" data-src=\"https:\/\/www.joliehistoire.com\/wp-content\/uploads\/2014\/10\/les-amies-samusent-pendant-le-mariage.jpg\">\n\t\t\t<\/dt><\/dl><br style=\"clear: both\"><dl class=\"gallery-item\">\n\t\t\t<dt class=\"gallery-icon landscape\">\n\t\t\t\t<noscript><img decoding=\"async\" width=\"800\" height=\"533\" src=\"https:\/\/www.joliehistoire.com\/wp-content\/uploads\/2014\/10\/les-jeunes-dansent-sous-le-regard-des-anciens.jpg\" class=\"attachment-large size-large\" alt=\"les jeunes dansent sous le regard des anciens\" srcset=\"https:\/\/www.joliehistoire.com\/wp-content\/uploads\/2014\/10\/les-jeunes-dansent-sous-le-regard-des-anciens.jpg 800w, https:\/\/www.joliehistoire.com\/wp-content\/uploads\/2014\/10\/les-jeunes-dansent-sous-le-regard-des-anciens-300x200.jpg 300w, https:\/\/www.joliehistoire.com\/wp-content\/uploads\/2014\/10\/les-jeunes-dansent-sous-le-regard-des-anciens-768x512.jpg 768w, https:\/\/www.joliehistoire.com\/wp-content\/uploads\/2014\/10\/les-jeunes-dansent-sous-le-regard-des-anciens-750x500.jpg 750w, https:\/\/www.joliehistoire.com\/wp-content\/uploads\/2014\/10\/les-jeunes-dansent-sous-le-regard-des-anciens-480x320.jpg 480w\" sizes=\"(max-width: 800px) 100vw, 800px\"><\/noscript><img decoding=\"async\" width=\"800\" height=\"533\" src=\"data:image\/svg+xml,%3Csvg%20xmlns%3D%22http%3A%2F%2Fwww.w3.org%2F2000%2Fsvg%22%20viewBox%3D%220%200%20800%20533%22%3E%3C%2Fsvg%3E\" class=\"attachment-large size-large lazyload\" alt=\"les jeunes dansent sous le regard des anciens\" srcset=\"data:image\/svg+xml,%3Csvg%20xmlns%3D%22http%3A%2F%2Fwww.w3.org%2F2000%2Fsvg%22%20viewBox%3D%220%200%20800%20533%22%3E%3C%2Fsvg%3E 800w\" sizes=\"(max-width: 800px) 100vw, 800px\" data-srcset=\"https:\/\/www.joliehistoire.com\/wp-content\/uploads\/2014\/10\/les-jeunes-dansent-sous-le-regard-des-anciens.jpg 800w, https:\/\/www.joliehistoire.com\/wp-content\/uploads\/2014\/10\/les-jeunes-dansent-sous-le-regard-des-anciens-300x200.jpg 300w, https:\/\/www.joliehistoire.com\/wp-content\/uploads\/2014\/10\/les-jeunes-dansent-sous-le-regard-des-anciens-768x512.jpg 768w, https:\/\/www.joliehistoire.com\/wp-content\/uploads\/2014\/10\/les-jeunes-dansent-sous-le-regard-des-anciens-750x500.jpg 750w, https:\/\/www.joliehistoire.com\/wp-content\/uploads\/2014\/10\/les-jeunes-dansent-sous-le-regard-des-anciens-480x320.jpg 480w\" data-src=\"https:\/\/www.joliehistoire.com\/wp-content\/uploads\/2014\/10\/les-jeunes-dansent-sous-le-regard-des-anciens.jpg\">\n\t\t\t<\/dt><\/dl><br style=\"clear: both\">\n\t\t<\/div>\n\n","protected":false},"excerpt":{"rendered":"<p>&#8220;Nous avions un projet pour nos photos de mariage loin des photos traditionnelles, et Samuel a su capter notre journ\u00e9e comme nous le voulions , sous 35 degr\u00e9s mais dans une bonne humeur incroyable nous avons gr\u00e2ce a lui de magnifiques souvenirs de notre mariage. Merci Samuel &#8220; &#8211; S&amp;H Voici une s\u00e9lection des photos [&hellip;]<\/p>\n","protected":false},"author":1,"featured_media":10557,"comment_status":"open","ping_status":"open","sticky":false,"template":"","format":"standard","meta":{"footnotes":""},"categories":[48,52],"tags":[],"class_list":["post-6113","post","type-post","status-publish","format-standard","has-post-thumbnail","hentry","category-blog-lu","category-mariage-lu"],"yoast_head":"<!-- This site is optimized with the Yoast SEO plugin v27.4 - https:\/\/yoast.com\/product\/yoast-seo-wordpress\/ -->\n<title>Les photos de mariage de S&amp;H, \u00e0 Uckange en Lorraine<\/title>\n<meta name=\"description\" content=\"Les photos du mariage de S&amp;H, de Thionville en Lorraine. La prestation allait des pr\u00e9paratifs au d\u00e9but de la soir\u00e9e.\" \/>\n<meta name=\"robots\" content=\"index, follow, max-snippet:-1, max-image-preview:large, max-video-preview:-1\" \/>\n<link rel=\"canonical\" href=\"https:\/\/www.joliehistoire.com\/lu\/blog-lu\/mariage-en-lorraine\/\" \/>\n<meta name=\"twitter:card\" content=\"summary_large_image\" \/>\n<meta name=\"twitter:title\" content=\"Les photos de mariage de S&amp;H, \u00e0 Uckange en Lorraine\" \/>\n<meta name=\"twitter:description\" content=\"Les photos du mariage de S&amp;H, de Thionville en Lorraine. La prestation allait des pr\u00e9paratifs au d\u00e9but de la soir\u00e9e.\" \/>\n<meta name=\"twitter:image\" content=\"https:\/\/www.joliehistoire.com\/wp-content\/uploads\/2014\/10\/mariage-en-lorraine.jpg\" \/>\n<meta name=\"twitter:label1\" content=\"Written by\" \/>\n\t<meta name=\"twitter:data1\" content=\"photographe luxembourg\" \/>\n\t<meta name=\"twitter:label2\" content=\"Est. reading time\" \/>\n\t<meta name=\"twitter:data2\" content=\"2 minutes\" \/>\n<script type=\"application\/ld+json\" class=\"yoast-schema-graph\">{\"@context\":\"https:\\\/\\\/schema.org\",\"@graph\":[{\"@type\":\"Article\",\"@id\":\"https:\\\/\\\/www.joliehistoire.com\\\/lu\\\/blog-lu\\\/mariage-en-lorraine\\\/#article\",\"isPartOf\":{\"@id\":\"https:\\\/\\\/www.joliehistoire.com\\\/lu\\\/blog-lu\\\/mariage-en-lorraine\\\/\"},\"author\":{\"name\":\"photographe luxembourg\",\"@id\":\"https:\\\/\\\/www.joliehistoire.com\\\/#\\\/schema\\\/person\\\/bd008c25130122120b7a541135b27f8b\"},\"headline\":\"Les photos du mariage de S&#038;H, en Lorraine\",\"datePublished\":\"2014-10-04T20:09:24+00:00\",\"dateModified\":\"2015-12-10T15:41:20+00:00\",\"mainEntityOfPage\":{\"@id\":\"https:\\\/\\\/www.joliehistoire.com\\\/lu\\\/blog-lu\\\/mariage-en-lorraine\\\/\"},\"wordCount\":464,\"commentCount\":0,\"image\":{\"@id\":\"https:\\\/\\\/www.joliehistoire.com\\\/lu\\\/blog-lu\\\/mariage-en-lorraine\\\/#primaryimage\"},\"thumbnailUrl\":\"https:\\\/\\\/www.joliehistoire.com\\\/wp-content\\\/uploads\\\/2014\\\/10\\\/mariage-en-lorraine.jpg\",\"articleSection\":[\"blog\",\"mariage\"],\"inLanguage\":\"fr-LU\",\"potentialAction\":[{\"@type\":\"CommentAction\",\"name\":\"Comment\",\"target\":[\"https:\\\/\\\/www.joliehistoire.com\\\/lu\\\/blog-lu\\\/mariage-en-lorraine\\\/#respond\"]}]},{\"@type\":\"WebPage\",\"@id\":\"https:\\\/\\\/www.joliehistoire.com\\\/lu\\\/blog-lu\\\/mariage-en-lorraine\\\/\",\"url\":\"https:\\\/\\\/www.joliehistoire.com\\\/lu\\\/blog-lu\\\/mariage-en-lorraine\\\/\",\"name\":\"Les photos de mariage de S&H, \u00e0 Uckange en Lorraine\",\"isPartOf\":{\"@id\":\"https:\\\/\\\/www.joliehistoire.com\\\/#website\"},\"primaryImageOfPage\":{\"@id\":\"https:\\\/\\\/www.joliehistoire.com\\\/lu\\\/blog-lu\\\/mariage-en-lorraine\\\/#primaryimage\"},\"image\":{\"@id\":\"https:\\\/\\\/www.joliehistoire.com\\\/lu\\\/blog-lu\\\/mariage-en-lorraine\\\/#primaryimage\"},\"thumbnailUrl\":\"https:\\\/\\\/www.joliehistoire.com\\\/wp-content\\\/uploads\\\/2014\\\/10\\\/mariage-en-lorraine.jpg\",\"datePublished\":\"2014-10-04T20:09:24+00:00\",\"dateModified\":\"2015-12-10T15:41:20+00:00\",\"author\":{\"@id\":\"https:\\\/\\\/www.joliehistoire.com\\\/#\\\/schema\\\/person\\\/bd008c25130122120b7a541135b27f8b\"},\"description\":\"Les photos du mariage de S&H, de Thionville en Lorraine. La prestation allait des pr\u00e9paratifs au d\u00e9but de la soir\u00e9e.\",\"breadcrumb\":{\"@id\":\"https:\\\/\\\/www.joliehistoire.com\\\/lu\\\/blog-lu\\\/mariage-en-lorraine\\\/#breadcrumb\"},\"inLanguage\":\"fr-LU\",\"potentialAction\":[{\"@type\":\"ReadAction\",\"target\":[\"https:\\\/\\\/www.joliehistoire.com\\\/lu\\\/blog-lu\\\/mariage-en-lorraine\\\/\"]}]},{\"@type\":\"ImageObject\",\"inLanguage\":\"fr-LU\",\"@id\":\"https:\\\/\\\/www.joliehistoire.com\\\/lu\\\/blog-lu\\\/mariage-en-lorraine\\\/#primaryimage\",\"url\":\"https:\\\/\\\/www.joliehistoire.com\\\/wp-content\\\/uploads\\\/2014\\\/10\\\/mariage-en-lorraine.jpg\",\"contentUrl\":\"https:\\\/\\\/www.joliehistoire.com\\\/wp-content\\\/uploads\\\/2014\\\/10\\\/mariage-en-lorraine.jpg\",\"width\":1200,\"height\":676},{\"@type\":\"BreadcrumbList\",\"@id\":\"https:\\\/\\\/www.joliehistoire.com\\\/lu\\\/blog-lu\\\/mariage-en-lorraine\\\/#breadcrumb\",\"itemListElement\":[{\"@type\":\"ListItem\",\"position\":1,\"name\":\"Home\",\"item\":\"https:\\\/\\\/www.joliehistoire.com\\\/lu\\\/\"},{\"@type\":\"ListItem\",\"position\":2,\"name\":\"Les photos du mariage de S&#038;H, en Lorraine\"}]},{\"@type\":\"WebSite\",\"@id\":\"https:\\\/\\\/www.joliehistoire.com\\\/#website\",\"url\":\"https:\\\/\\\/www.joliehistoire.com\\\/\",\"name\":\"joliehistoire\",\"description\":\"wedding photographer\",\"potentialAction\":[{\"@type\":\"SearchAction\",\"target\":{\"@type\":\"EntryPoint\",\"urlTemplate\":\"https:\\\/\\\/www.joliehistoire.com\\\/?s={search_term_string}\"},\"query-input\":{\"@type\":\"PropertyValueSpecification\",\"valueRequired\":true,\"valueName\":\"search_term_string\"}}],\"inLanguage\":\"fr-LU\"},{\"@type\":\"Person\",\"@id\":\"https:\\\/\\\/www.joliehistoire.com\\\/#\\\/schema\\\/person\\\/bd008c25130122120b7a541135b27f8b\",\"name\":\"photographe luxembourg\",\"image\":{\"@type\":\"ImageObject\",\"inLanguage\":\"fr-LU\",\"@id\":\"https:\\\/\\\/secure.gravatar.com\\\/avatar\\\/03679d8c33ffd4c1861f7eb3f232c608660617a0925ee9f5edb0d1de0df20058?s=96&d=mm&r=g\",\"url\":\"https:\\\/\\\/secure.gravatar.com\\\/avatar\\\/03679d8c33ffd4c1861f7eb3f232c608660617a0925ee9f5edb0d1de0df20058?s=96&d=mm&r=g\",\"contentUrl\":\"https:\\\/\\\/secure.gravatar.com\\\/avatar\\\/03679d8c33ffd4c1861f7eb3f232c608660617a0925ee9f5edb0d1de0df20058?s=96&d=mm&r=g\",\"caption\":\"photographe luxembourg\"}}]}<\/script>\n<!-- \/ Yoast SEO plugin. -->","yoast_head_json":{"title":"Les photos de mariage de S&H, \u00e0 Uckange en Lorraine","description":"Les photos du mariage de S&H, de Thionville en Lorraine. La prestation allait des pr\u00e9paratifs au d\u00e9but de la soir\u00e9e.","robots":{"index":"index","follow":"follow","max-snippet":"max-snippet:-1","max-image-preview":"max-image-preview:large","max-video-preview":"max-video-preview:-1"},"canonical":"https:\/\/www.joliehistoire.com\/lu\/blog-lu\/mariage-en-lorraine\/","twitter_card":"summary_large_image","twitter_title":"Les photos de mariage de S&H, \u00e0 Uckange en Lorraine","twitter_description":"Les photos du mariage de S&H, de Thionville en Lorraine. La prestation allait des pr\u00e9paratifs au d\u00e9but de la soir\u00e9e.","twitter_image":"https:\/\/www.joliehistoire.com\/wp-content\/uploads\/2014\/10\/mariage-en-lorraine.jpg","twitter_misc":{"Written by":"photographe luxembourg","Est. reading time":"2 minutes"},"schema":{"@context":"https:\/\/schema.org","@graph":[{"@type":"Article","@id":"https:\/\/www.joliehistoire.com\/lu\/blog-lu\/mariage-en-lorraine\/#article","isPartOf":{"@id":"https:\/\/www.joliehistoire.com\/lu\/blog-lu\/mariage-en-lorraine\/"},"author":{"name":"photographe luxembourg","@id":"https:\/\/www.joliehistoire.com\/#\/schema\/person\/bd008c25130122120b7a541135b27f8b"},"headline":"Les photos du mariage de S&#038;H, en Lorraine","datePublished":"2014-10-04T20:09:24+00:00","dateModified":"2015-12-10T15:41:20+00:00","mainEntityOfPage":{"@id":"https:\/\/www.joliehistoire.com\/lu\/blog-lu\/mariage-en-lorraine\/"},"wordCount":464,"commentCount":0,"image":{"@id":"https:\/\/www.joliehistoire.com\/lu\/blog-lu\/mariage-en-lorraine\/#primaryimage"},"thumbnailUrl":"https:\/\/www.joliehistoire.com\/wp-content\/uploads\/2014\/10\/mariage-en-lorraine.jpg","articleSection":["blog","mariage"],"inLanguage":"fr-LU","potentialAction":[{"@type":"CommentAction","name":"Comment","target":["https:\/\/www.joliehistoire.com\/lu\/blog-lu\/mariage-en-lorraine\/#respond"]}]},{"@type":"WebPage","@id":"https:\/\/www.joliehistoire.com\/lu\/blog-lu\/mariage-en-lorraine\/","url":"https:\/\/www.joliehistoire.com\/lu\/blog-lu\/mariage-en-lorraine\/","name":"Les photos de mariage de S&H, \u00e0 Uckange en Lorraine","isPartOf":{"@id":"https:\/\/www.joliehistoire.com\/#website"},"primaryImageOfPage":{"@id":"https:\/\/www.joliehistoire.com\/lu\/blog-lu\/mariage-en-lorraine\/#primaryimage"},"image":{"@id":"https:\/\/www.joliehistoire.com\/lu\/blog-lu\/mariage-en-lorraine\/#primaryimage"},"thumbnailUrl":"https:\/\/www.joliehistoire.com\/wp-content\/uploads\/2014\/10\/mariage-en-lorraine.jpg","datePublished":"2014-10-04T20:09:24+00:00","dateModified":"2015-12-10T15:41:20+00:00","author":{"@id":"https:\/\/www.joliehistoire.com\/#\/schema\/person\/bd008c25130122120b7a541135b27f8b"},"description":"Les photos du mariage de S&H, de Thionville en Lorraine. La prestation allait des pr\u00e9paratifs au d\u00e9but de la soir\u00e9e.","breadcrumb":{"@id":"https:\/\/www.joliehistoire.com\/lu\/blog-lu\/mariage-en-lorraine\/#breadcrumb"},"inLanguage":"fr-LU","potentialAction":[{"@type":"ReadAction","target":["https:\/\/www.joliehistoire.com\/lu\/blog-lu\/mariage-en-lorraine\/"]}]},{"@type":"ImageObject","inLanguage":"fr-LU","@id":"https:\/\/www.joliehistoire.com\/lu\/blog-lu\/mariage-en-lorraine\/#primaryimage","url":"https:\/\/www.joliehistoire.com\/wp-content\/uploads\/2014\/10\/mariage-en-lorraine.jpg","contentUrl":"https:\/\/www.joliehistoire.com\/wp-content\/uploads\/2014\/10\/mariage-en-lorraine.jpg","width":1200,"height":676},{"@type":"BreadcrumbList","@id":"https:\/\/www.joliehistoire.com\/lu\/blog-lu\/mariage-en-lorraine\/#breadcrumb","itemListElement":[{"@type":"ListItem","position":1,"name":"Home","item":"https:\/\/www.joliehistoire.com\/lu\/"},{"@type":"ListItem","position":2,"name":"Les photos du mariage de S&#038;H, en Lorraine"}]},{"@type":"WebSite","@id":"https:\/\/www.joliehistoire.com\/#website","url":"https:\/\/www.joliehistoire.com\/","name":"joliehistoire","description":"wedding photographer","potentialAction":[{"@type":"SearchAction","target":{"@type":"EntryPoint","urlTemplate":"https:\/\/www.joliehistoire.com\/?s={search_term_string}"},"query-input":{"@type":"PropertyValueSpecification","valueRequired":true,"valueName":"search_term_string"}}],"inLanguage":"fr-LU"},{"@type":"Person","@id":"https:\/\/www.joliehistoire.com\/#\/schema\/person\/bd008c25130122120b7a541135b27f8b","name":"photographe luxembourg","image":{"@type":"ImageObject","inLanguage":"fr-LU","@id":"https:\/\/secure.gravatar.com\/avatar\/03679d8c33ffd4c1861f7eb3f232c608660617a0925ee9f5edb0d1de0df20058?s=96&d=mm&r=g","url":"https:\/\/secure.gravatar.com\/avatar\/03679d8c33ffd4c1861f7eb3f232c608660617a0925ee9f5edb0d1de0df20058?s=96&d=mm&r=g","contentUrl":"https:\/\/secure.gravatar.com\/avatar\/03679d8c33ffd4c1861f7eb3f232c608660617a0925ee9f5edb0d1de0df20058?s=96&d=mm&r=g","caption":"photographe luxembourg"}}]}},"_links":{"self":[{"href":"https:\/\/www.joliehistoire.com\/lu\/wp-json\/wp\/v2\/posts\/6113\/"}],"collection":[{"href":"https:\/\/www.joliehistoire.com\/lu\/wp-json\/wp\/v2\/posts\/"}],"about":[{"href":"https:\/\/www.joliehistoire.com\/lu\/wp-json\/wp\/v2\/types\/post\/"}],"author":[{"embeddable":true,"href":"https:\/\/www.joliehistoire.com\/lu\/wp-json\/wp\/v2\/users\/1\/"}],"replies":[{"embeddable":true,"href":"https:\/\/www.joliehistoire.com\/lu\/wp-json\/wp\/v2\/comments\/?post=6113"}],"version-history":[{"count":9,"href":"https:\/\/www.joliehistoire.com\/lu\/wp-json\/wp\/v2\/posts\/6113\/revisions\/"}],"predecessor-version":[{"id":7672,"href":"https:\/\/www.joliehistoire.com\/lu\/wp-json\/wp\/v2\/posts\/6113\/revisions\/7672\/"}],"wp:featuredmedia":[{"embeddable":true,"href":"https:\/\/www.joliehistoire.com\/lu\/wp-json\/wp\/v2\/media\/10557\/"}],"wp:attachment":[{"href":"https:\/\/www.joliehistoire.com\/lu\/wp-json\/wp\/v2\/media\/?parent=6113"}],"wp:term":[{"taxonomy":"category","embeddable":true,"href":"https:\/\/www.joliehistoire.com\/lu\/wp-json\/wp\/v2\/categories\/?post=6113"},{"taxonomy":"post_tag","embeddable":true,"href":"https:\/\/www.joliehistoire.com\/lu\/wp-json\/wp\/v2\/tags\/?post=6113"}],"curies":[{"name":"wp","href":"https:\/\/api.w.org\/{rel}","templated":true}]}}