{"id":5628,"date":"2015-12-04T13:42:30","date_gmt":"2015-12-04T13:42:30","guid":{"rendered":"https:\/\/www.joliehistoire.com\/lu\/?p=5628"},"modified":"2016-01-22T13:08:48","modified_gmt":"2016-01-22T13:08:48","slug":"photo-reportage-mariage-aspelt","status":"publish","type":"post","link":"https:\/\/www.joliehistoire.com\/lu\/blog-lu\/photo-reportage-mariage-aspelt\/","title":{"rendered":"Un reportage mariage \u00e0 Aspelt"},"content":{"rendered":"<p>Il y a quelques semaines J&amp;R m&#8217;ont fait confiance pour \u00eatre <strong><a href=\"https:\/\/www.joliehistoire.com\/lu\/\">le photographe&nbsp;de leur mariage<\/a>&nbsp;\u00e0 Aspelt<\/strong>.<\/p>\n<h3>Le mariage<\/h3>\n<p>Les pr\u00e9paratifs se d\u00e9roulaient \u00e0 <a href=\"http:\/\/www.manhattan-coiffure.com\/\" target=\"_blank\">Manhattan Coiffure au Val Sainte-Croix,<\/a> pr\u00e8s du centre de Luxembourg. Suivi d&#8217;une <strong>c\u00e9r\u00e9monie religieuse \u00e0 l&#8217;\u00e9glise d&#8217;Aspelt<\/strong>.<\/p>\n<p>La soir\u00e9e avait \u00e9galement lieu \u00e0 Aspelt, dans <a href=\"http:\/\/www.scheier.lu\/\" target=\"_blank\">le magnifique restaurant T&#8217;Scheier<\/a>.<\/p>\n<h3>Un mot sur les nouvelles formules mariage pour 2016<\/h3>\n<p>J&#8217;ai r\u00e9cemment mis \u00e0 jour <a href=\"https:\/\/www.joliehistoire.com\/lu\/tarifs\/\">la page des prestations mariage<\/a> pour l&#8217;ann\u00e9e 2016. Dans un souci de proposer une offre plus compl\u00e8te, voici ce qui est inclus dans chacune de mes formules mariage:<\/p>\n<ul>\n<li><a href=\"https:\/\/www.joliehistoire.com\/lu\/blog-lu\/seance-fiancailles-incluse\/\">une s\u00e9ance fian\u00e7ailles<\/a><\/li>\n<li>une galerie en ligne s\u00e9curis\u00e9e pour partager les photos du mariage<\/li>\n<li>les fichiers HD \u00e0 t\u00e9l\u00e9charger avec cession des droits de reproduction dans un cadre priv\u00e9 et familiale<\/li>\n<li><a href=\"https:\/\/www.joliehistoire.com\/lu\/blog-lu\/livre-epreuves-mariage\/\">un livre d&#8217;\u00e9preuve<\/a><\/li>\n<li><a href=\"https:\/\/www.joliehistoire.com\/lu\/blog-lu\/tarifs-photographe-de-mariage\/\">un livre de mariage Haut de gamme ou Prestige<\/a><\/li>\n<\/ul>\n<p>Je vais bient\u00f4t recevoir de nouveaux livres de d\u00e9mo &#8211; les anciens commen\u00e7aient \u00e0 dater ! Ces livres correspondent \u00e0 ce qui est inclus dans l&#8217;offre et par cons\u00e9quent cela \u00e9vite l&#8217;effet de surprise lorsque vous commandez un livre de mariage, qui repr\u00e9sente tout de m\u00eame un budget non n\u00e9gligeable. J&#8217;ai h\u00e2te de pouvoir poster quelques photos de ces livres.<\/p>\n<h3>La version anglaise du site<\/h3>\n<p>Vous aurez peut \u00eatre \u00e9galement remarqu\u00e9 que le site devient progressivement disponible en anglais.&nbsp;En effet, le Luxembourg est un pays cosmopolite, et beaucoup de futurs mari\u00e9s ne parlent pas forc\u00e9ment fran\u00e7ais. Je ne parle pas un mot d&#8217;allemand (et encore moins de luxembourgeois !) par contre je n&#8217;ai pas de probl\u00e8me avec l&#8217;anglais et il&nbsp;serait dommage de manquer des opportunit\u00e9s en ne proposant pas une version de mon site pour les anglophones. Et puis qui sait&#8230; des mari\u00e9s de l&#8217;autre bout du monde pourraient \u00eatre int\u00e9ress\u00e9s par mes services \ud83d\ude42 Les traductions sont loin d&#8217;\u00eatre termin\u00e9es mais cela progresse !<\/p>\n<p>En attendant, n&#8217;h\u00e9sitez pas \u00e0 <a href=\"https:\/\/www.joliehistoire.com\/lu\/contact\/\">prendre contact avec moi<\/a> si vous souhaitez r\u00e9server votre reportage !<\/p>\n\n\t\t<style type=\"text\/css\">\n\t\t\t#gallery-1 {\n\t\t\t\tmargin: auto;\n\t\t\t}\n\t\t\t#gallery-1 .gallery-item {\n\t\t\t\tfloat: left;\n\t\t\t\tmargin-top: 10px;\n\t\t\t\ttext-align: center;\n\t\t\t\twidth: 100%;\n\t\t\t}\n\t\t\t#gallery-1 img {\n\t\t\t\tborder: 2px solid #cfcfcf;\n\t\t\t}\n\t\t\t#gallery-1 .gallery-caption {\n\t\t\t\tmargin-left: 0;\n\t\t\t}\n\t\t\t\/* see gallery_shortcode() in wp-includes\/media.php *\/\n\t\t<\/style>\n\t\t<div id=\"gallery-1\" class=\"gallery galleryid-5628 gallery-columns-1 gallery-size-full ilightbox_gallery\" data-options=\"{attr:'source',path:'horizontal'}\"><dl class=\"gallery-item\">\n\t\t\t<dt class=\"gallery-icon landscape\">\n\t\t\t\t<noscript><img decoding=\"async\" width=\"800\" height=\"533\" src=\"https:\/\/www.joliehistoire.com\/wp-content\/uploads\/2015\/12\/le-photographe-utilise-un-flash-pendant-les-preparatifs.jpg\" class=\"attachment-full size-full\" alt=\"le photographe utilise un flash pendant les pr\u00e9paratifs\" srcset=\"https:\/\/www.joliehistoire.com\/wp-content\/uploads\/2015\/12\/le-photographe-utilise-un-flash-pendant-les-preparatifs.jpg 800w, https:\/\/www.joliehistoire.com\/wp-content\/uploads\/2015\/12\/le-photographe-utilise-un-flash-pendant-les-preparatifs-300x200.jpg 300w, https:\/\/www.joliehistoire.com\/wp-content\/uploads\/2015\/12\/le-photographe-utilise-un-flash-pendant-les-preparatifs-750x500.jpg 750w, https:\/\/www.joliehistoire.com\/wp-content\/uploads\/2015\/12\/le-photographe-utilise-un-flash-pendant-les-preparatifs-480x320.jpg 480w\" sizes=\"(max-width: 800px) 100vw, 800px\"><\/noscript><img decoding=\"async\" width=\"800\" height=\"533\" src=\"data:image\/svg+xml,%3Csvg%20xmlns%3D%22http%3A%2F%2Fwww.w3.org%2F2000%2Fsvg%22%20viewBox%3D%220%200%20800%20533%22%3E%3C%2Fsvg%3E\" class=\"attachment-full size-full lazyload\" alt=\"le photographe utilise un flash pendant les pr\u00e9paratifs\" srcset=\"data:image\/svg+xml,%3Csvg%20xmlns%3D%22http%3A%2F%2Fwww.w3.org%2F2000%2Fsvg%22%20viewBox%3D%220%200%20800%20533%22%3E%3C%2Fsvg%3E 800w\" sizes=\"(max-width: 800px) 100vw, 800px\" data-srcset=\"https:\/\/www.joliehistoire.com\/wp-content\/uploads\/2015\/12\/le-photographe-utilise-un-flash-pendant-les-preparatifs.jpg 800w, https:\/\/www.joliehistoire.com\/wp-content\/uploads\/2015\/12\/le-photographe-utilise-un-flash-pendant-les-preparatifs-300x200.jpg 300w, https:\/\/www.joliehistoire.com\/wp-content\/uploads\/2015\/12\/le-photographe-utilise-un-flash-pendant-les-preparatifs-750x500.jpg 750w, https:\/\/www.joliehistoire.com\/wp-content\/uploads\/2015\/12\/le-photographe-utilise-un-flash-pendant-les-preparatifs-480x320.jpg 480w\" data-src=\"https:\/\/www.joliehistoire.com\/wp-content\/uploads\/2015\/12\/le-photographe-utilise-un-flash-pendant-les-preparatifs.jpg\">\n\t\t\t<\/dt><\/dl><br style=\"clear: both\"><dl class=\"gallery-item\">\n\t\t\t<dt class=\"gallery-icon landscape\">\n\t\t\t\t<noscript><img decoding=\"async\" width=\"800\" height=\"533\" src=\"https:\/\/www.joliehistoire.com\/wp-content\/uploads\/2015\/12\/maquillage-de-la-mariee-en-presence-du-photographe.jpg\" class=\"attachment-full size-full\" alt=\"maquillage de la mari\u00e9e en pr\u00e9sence du photographe\" srcset=\"https:\/\/www.joliehistoire.com\/wp-content\/uploads\/2015\/12\/maquillage-de-la-mariee-en-presence-du-photographe.jpg 800w, https:\/\/www.joliehistoire.com\/wp-content\/uploads\/2015\/12\/maquillage-de-la-mariee-en-presence-du-photographe-300x200.jpg 300w, https:\/\/www.joliehistoire.com\/wp-content\/uploads\/2015\/12\/maquillage-de-la-mariee-en-presence-du-photographe-750x500.jpg 750w, https:\/\/www.joliehistoire.com\/wp-content\/uploads\/2015\/12\/maquillage-de-la-mariee-en-presence-du-photographe-480x320.jpg 480w\" sizes=\"(max-width: 800px) 100vw, 800px\"><\/noscript><img decoding=\"async\" width=\"800\" height=\"533\" src=\"data:image\/svg+xml,%3Csvg%20xmlns%3D%22http%3A%2F%2Fwww.w3.org%2F2000%2Fsvg%22%20viewBox%3D%220%200%20800%20533%22%3E%3C%2Fsvg%3E\" class=\"attachment-full size-full lazyload\" alt=\"maquillage de la mari\u00e9e en pr\u00e9sence du photographe\" srcset=\"data:image\/svg+xml,%3Csvg%20xmlns%3D%22http%3A%2F%2Fwww.w3.org%2F2000%2Fsvg%22%20viewBox%3D%220%200%20800%20533%22%3E%3C%2Fsvg%3E 800w\" sizes=\"(max-width: 800px) 100vw, 800px\" data-srcset=\"https:\/\/www.joliehistoire.com\/wp-content\/uploads\/2015\/12\/maquillage-de-la-mariee-en-presence-du-photographe.jpg 800w, https:\/\/www.joliehistoire.com\/wp-content\/uploads\/2015\/12\/maquillage-de-la-mariee-en-presence-du-photographe-300x200.jpg 300w, https:\/\/www.joliehistoire.com\/wp-content\/uploads\/2015\/12\/maquillage-de-la-mariee-en-presence-du-photographe-750x500.jpg 750w, https:\/\/www.joliehistoire.com\/wp-content\/uploads\/2015\/12\/maquillage-de-la-mariee-en-presence-du-photographe-480x320.jpg 480w\" data-src=\"https:\/\/www.joliehistoire.com\/wp-content\/uploads\/2015\/12\/maquillage-de-la-mariee-en-presence-du-photographe.jpg\">\n\t\t\t<\/dt><\/dl><br style=\"clear: both\"><dl class=\"gallery-item\">\n\t\t\t<dt class=\"gallery-icon landscape\">\n\t\t\t\t<noscript><img decoding=\"async\" width=\"800\" height=\"533\" src=\"https:\/\/www.joliehistoire.com\/wp-content\/uploads\/2015\/12\/le-photographe-compose-dans-le-salon-de-coiffure.jpg\" class=\"attachment-full size-full\" alt=\"le photographe compose dans le salon de coiffure\" srcset=\"https:\/\/www.joliehistoire.com\/wp-content\/uploads\/2015\/12\/le-photographe-compose-dans-le-salon-de-coiffure.jpg 800w, https:\/\/www.joliehistoire.com\/wp-content\/uploads\/2015\/12\/le-photographe-compose-dans-le-salon-de-coiffure-300x200.jpg 300w, https:\/\/www.joliehistoire.com\/wp-content\/uploads\/2015\/12\/le-photographe-compose-dans-le-salon-de-coiffure-750x500.jpg 750w, https:\/\/www.joliehistoire.com\/wp-content\/uploads\/2015\/12\/le-photographe-compose-dans-le-salon-de-coiffure-480x320.jpg 480w\" sizes=\"(max-width: 800px) 100vw, 800px\"><\/noscript><img decoding=\"async\" width=\"800\" height=\"533\" src=\"data:image\/svg+xml,%3Csvg%20xmlns%3D%22http%3A%2F%2Fwww.w3.org%2F2000%2Fsvg%22%20viewBox%3D%220%200%20800%20533%22%3E%3C%2Fsvg%3E\" class=\"attachment-full size-full lazyload\" alt=\"le photographe compose dans le salon de coiffure\" srcset=\"data:image\/svg+xml,%3Csvg%20xmlns%3D%22http%3A%2F%2Fwww.w3.org%2F2000%2Fsvg%22%20viewBox%3D%220%200%20800%20533%22%3E%3C%2Fsvg%3E 800w\" sizes=\"(max-width: 800px) 100vw, 800px\" data-srcset=\"https:\/\/www.joliehistoire.com\/wp-content\/uploads\/2015\/12\/le-photographe-compose-dans-le-salon-de-coiffure.jpg 800w, https:\/\/www.joliehistoire.com\/wp-content\/uploads\/2015\/12\/le-photographe-compose-dans-le-salon-de-coiffure-300x200.jpg 300w, https:\/\/www.joliehistoire.com\/wp-content\/uploads\/2015\/12\/le-photographe-compose-dans-le-salon-de-coiffure-750x500.jpg 750w, https:\/\/www.joliehistoire.com\/wp-content\/uploads\/2015\/12\/le-photographe-compose-dans-le-salon-de-coiffure-480x320.jpg 480w\" data-src=\"https:\/\/www.joliehistoire.com\/wp-content\/uploads\/2015\/12\/le-photographe-compose-dans-le-salon-de-coiffure.jpg\">\n\t\t\t<\/dt><\/dl><br style=\"clear: both\"><dl class=\"gallery-item\">\n\t\t\t<dt class=\"gallery-icon landscape\">\n\t\t\t\t<noscript><img decoding=\"async\" width=\"800\" height=\"533\" src=\"https:\/\/www.joliehistoire.com\/wp-content\/uploads\/2015\/12\/la-mariee-se-regarde-dans-le-mirroir-du-coiffeur-au-luxembourg.jpg\" class=\"attachment-full size-full\" alt=\"la mari\u00e9e se regarde dans le miroir du coiffeur au luxembourg\" srcset=\"https:\/\/www.joliehistoire.com\/wp-content\/uploads\/2015\/12\/la-mariee-se-regarde-dans-le-mirroir-du-coiffeur-au-luxembourg.jpg 800w, https:\/\/www.joliehistoire.com\/wp-content\/uploads\/2015\/12\/la-mariee-se-regarde-dans-le-mirroir-du-coiffeur-au-luxembourg-300x200.jpg 300w, https:\/\/www.joliehistoire.com\/wp-content\/uploads\/2015\/12\/la-mariee-se-regarde-dans-le-mirroir-du-coiffeur-au-luxembourg-750x500.jpg 750w, https:\/\/www.joliehistoire.com\/wp-content\/uploads\/2015\/12\/la-mariee-se-regarde-dans-le-mirroir-du-coiffeur-au-luxembourg-480x320.jpg 480w\" sizes=\"(max-width: 800px) 100vw, 800px\"><\/noscript><img decoding=\"async\" width=\"800\" height=\"533\" src=\"data:image\/svg+xml,%3Csvg%20xmlns%3D%22http%3A%2F%2Fwww.w3.org%2F2000%2Fsvg%22%20viewBox%3D%220%200%20800%20533%22%3E%3C%2Fsvg%3E\" class=\"attachment-full size-full lazyload\" alt=\"la mari\u00e9e se regarde dans le miroir du coiffeur au luxembourg\" srcset=\"data:image\/svg+xml,%3Csvg%20xmlns%3D%22http%3A%2F%2Fwww.w3.org%2F2000%2Fsvg%22%20viewBox%3D%220%200%20800%20533%22%3E%3C%2Fsvg%3E 800w\" sizes=\"(max-width: 800px) 100vw, 800px\" data-srcset=\"https:\/\/www.joliehistoire.com\/wp-content\/uploads\/2015\/12\/la-mariee-se-regarde-dans-le-mirroir-du-coiffeur-au-luxembourg.jpg 800w, https:\/\/www.joliehistoire.com\/wp-content\/uploads\/2015\/12\/la-mariee-se-regarde-dans-le-mirroir-du-coiffeur-au-luxembourg-300x200.jpg 300w, https:\/\/www.joliehistoire.com\/wp-content\/uploads\/2015\/12\/la-mariee-se-regarde-dans-le-mirroir-du-coiffeur-au-luxembourg-750x500.jpg 750w, https:\/\/www.joliehistoire.com\/wp-content\/uploads\/2015\/12\/la-mariee-se-regarde-dans-le-mirroir-du-coiffeur-au-luxembourg-480x320.jpg 480w\" data-src=\"https:\/\/www.joliehistoire.com\/wp-content\/uploads\/2015\/12\/la-mariee-se-regarde-dans-le-mirroir-du-coiffeur-au-luxembourg.jpg\">\n\t\t\t<\/dt><\/dl><br style=\"clear: both\"><dl class=\"gallery-item\">\n\t\t\t<dt class=\"gallery-icon landscape\">\n\t\t\t\t<noscript><img decoding=\"async\" width=\"800\" height=\"533\" src=\"https:\/\/www.joliehistoire.com\/wp-content\/uploads\/2015\/12\/le-photographe-capture-les-details.jpg\" class=\"attachment-full size-full\" alt=\"le photographe capture les d\u00e9tails\" srcset=\"https:\/\/www.joliehistoire.com\/wp-content\/uploads\/2015\/12\/le-photographe-capture-les-details.jpg 800w, https:\/\/www.joliehistoire.com\/wp-content\/uploads\/2015\/12\/le-photographe-capture-les-details-300x200.jpg 300w, https:\/\/www.joliehistoire.com\/wp-content\/uploads\/2015\/12\/le-photographe-capture-les-details-750x500.jpg 750w, https:\/\/www.joliehistoire.com\/wp-content\/uploads\/2015\/12\/le-photographe-capture-les-details-480x320.jpg 480w\" sizes=\"(max-width: 800px) 100vw, 800px\"><\/noscript><img decoding=\"async\" width=\"800\" height=\"533\" src=\"data:image\/svg+xml,%3Csvg%20xmlns%3D%22http%3A%2F%2Fwww.w3.org%2F2000%2Fsvg%22%20viewBox%3D%220%200%20800%20533%22%3E%3C%2Fsvg%3E\" class=\"attachment-full size-full lazyload\" alt=\"le photographe capture les d\u00e9tails\" srcset=\"data:image\/svg+xml,%3Csvg%20xmlns%3D%22http%3A%2F%2Fwww.w3.org%2F2000%2Fsvg%22%20viewBox%3D%220%200%20800%20533%22%3E%3C%2Fsvg%3E 800w\" sizes=\"(max-width: 800px) 100vw, 800px\" data-srcset=\"https:\/\/www.joliehistoire.com\/wp-content\/uploads\/2015\/12\/le-photographe-capture-les-details.jpg 800w, https:\/\/www.joliehistoire.com\/wp-content\/uploads\/2015\/12\/le-photographe-capture-les-details-300x200.jpg 300w, https:\/\/www.joliehistoire.com\/wp-content\/uploads\/2015\/12\/le-photographe-capture-les-details-750x500.jpg 750w, https:\/\/www.joliehistoire.com\/wp-content\/uploads\/2015\/12\/le-photographe-capture-les-details-480x320.jpg 480w\" data-src=\"https:\/\/www.joliehistoire.com\/wp-content\/uploads\/2015\/12\/le-photographe-capture-les-details.jpg\">\n\t\t\t<\/dt><\/dl><br style=\"clear: both\"><dl class=\"gallery-item\">\n\t\t\t<dt class=\"gallery-icon landscape\">\n\t\t\t\t<noscript><img decoding=\"async\" width=\"800\" height=\"533\" src=\"https:\/\/www.joliehistoire.com\/wp-content\/uploads\/2015\/12\/superbe-photo-de-photographe-documentaire.jpg\" class=\"attachment-full size-full\" alt=\"superbe photo de photographe documentaire\" srcset=\"https:\/\/www.joliehistoire.com\/wp-content\/uploads\/2015\/12\/superbe-photo-de-photographe-documentaire.jpg 800w, https:\/\/www.joliehistoire.com\/wp-content\/uploads\/2015\/12\/superbe-photo-de-photographe-documentaire-300x200.jpg 300w, https:\/\/www.joliehistoire.com\/wp-content\/uploads\/2015\/12\/superbe-photo-de-photographe-documentaire-750x500.jpg 750w, https:\/\/www.joliehistoire.com\/wp-content\/uploads\/2015\/12\/superbe-photo-de-photographe-documentaire-480x320.jpg 480w\" sizes=\"(max-width: 800px) 100vw, 800px\"><\/noscript><img decoding=\"async\" width=\"800\" height=\"533\" src=\"data:image\/svg+xml,%3Csvg%20xmlns%3D%22http%3A%2F%2Fwww.w3.org%2F2000%2Fsvg%22%20viewBox%3D%220%200%20800%20533%22%3E%3C%2Fsvg%3E\" class=\"attachment-full size-full lazyload\" alt=\"superbe photo de photographe documentaire\" srcset=\"data:image\/svg+xml,%3Csvg%20xmlns%3D%22http%3A%2F%2Fwww.w3.org%2F2000%2Fsvg%22%20viewBox%3D%220%200%20800%20533%22%3E%3C%2Fsvg%3E 800w\" sizes=\"(max-width: 800px) 100vw, 800px\" data-srcset=\"https:\/\/www.joliehistoire.com\/wp-content\/uploads\/2015\/12\/superbe-photo-de-photographe-documentaire.jpg 800w, https:\/\/www.joliehistoire.com\/wp-content\/uploads\/2015\/12\/superbe-photo-de-photographe-documentaire-300x200.jpg 300w, https:\/\/www.joliehistoire.com\/wp-content\/uploads\/2015\/12\/superbe-photo-de-photographe-documentaire-750x500.jpg 750w, https:\/\/www.joliehistoire.com\/wp-content\/uploads\/2015\/12\/superbe-photo-de-photographe-documentaire-480x320.jpg 480w\" data-src=\"https:\/\/www.joliehistoire.com\/wp-content\/uploads\/2015\/12\/superbe-photo-de-photographe-documentaire.jpg\">\n\t\t\t<\/dt><\/dl><br style=\"clear: both\"><dl class=\"gallery-item\">\n\t\t\t<dt class=\"gallery-icon landscape\">\n\t\t\t\t<noscript><img decoding=\"async\" width=\"800\" height=\"533\" src=\"https:\/\/www.joliehistoire.com\/wp-content\/uploads\/2015\/12\/un-photographe-au-style-documentaliste.jpg\" class=\"attachment-full size-full\" alt=\"un photographe au style documentaliste capte une sc\u00e8ne de vie\" srcset=\"https:\/\/www.joliehistoire.com\/wp-content\/uploads\/2015\/12\/un-photographe-au-style-documentaliste.jpg 800w, https:\/\/www.joliehistoire.com\/wp-content\/uploads\/2015\/12\/un-photographe-au-style-documentaliste-300x200.jpg 300w, https:\/\/www.joliehistoire.com\/wp-content\/uploads\/2015\/12\/un-photographe-au-style-documentaliste-750x500.jpg 750w, https:\/\/www.joliehistoire.com\/wp-content\/uploads\/2015\/12\/un-photographe-au-style-documentaliste-480x320.jpg 480w\" sizes=\"(max-width: 800px) 100vw, 800px\"><\/noscript><img decoding=\"async\" width=\"800\" height=\"533\" src=\"data:image\/svg+xml,%3Csvg%20xmlns%3D%22http%3A%2F%2Fwww.w3.org%2F2000%2Fsvg%22%20viewBox%3D%220%200%20800%20533%22%3E%3C%2Fsvg%3E\" class=\"attachment-full size-full lazyload\" alt=\"un photographe au style documentaliste capte une sc\u00e8ne de vie\" srcset=\"data:image\/svg+xml,%3Csvg%20xmlns%3D%22http%3A%2F%2Fwww.w3.org%2F2000%2Fsvg%22%20viewBox%3D%220%200%20800%20533%22%3E%3C%2Fsvg%3E 800w\" sizes=\"(max-width: 800px) 100vw, 800px\" data-srcset=\"https:\/\/www.joliehistoire.com\/wp-content\/uploads\/2015\/12\/un-photographe-au-style-documentaliste.jpg 800w, https:\/\/www.joliehistoire.com\/wp-content\/uploads\/2015\/12\/un-photographe-au-style-documentaliste-300x200.jpg 300w, https:\/\/www.joliehistoire.com\/wp-content\/uploads\/2015\/12\/un-photographe-au-style-documentaliste-750x500.jpg 750w, https:\/\/www.joliehistoire.com\/wp-content\/uploads\/2015\/12\/un-photographe-au-style-documentaliste-480x320.jpg 480w\" data-src=\"https:\/\/www.joliehistoire.com\/wp-content\/uploads\/2015\/12\/un-photographe-au-style-documentaliste.jpg\">\n\t\t\t<\/dt><\/dl><br style=\"clear: both\"><dl class=\"gallery-item\">\n\t\t\t<dt class=\"gallery-icon landscape\">\n\t\t\t\t<noscript><img decoding=\"async\" width=\"800\" height=\"533\" src=\"https:\/\/www.joliehistoire.com\/wp-content\/uploads\/2015\/12\/la-mariee-reveille-sa-fille.jpg\" class=\"attachment-full size-full\" alt=\"la mari\u00e9e r\u00e9veille sa fille\" srcset=\"https:\/\/www.joliehistoire.com\/wp-content\/uploads\/2015\/12\/la-mariee-reveille-sa-fille.jpg 800w, https:\/\/www.joliehistoire.com\/wp-content\/uploads\/2015\/12\/la-mariee-reveille-sa-fille-300x200.jpg 300w, https:\/\/www.joliehistoire.com\/wp-content\/uploads\/2015\/12\/la-mariee-reveille-sa-fille-750x500.jpg 750w, https:\/\/www.joliehistoire.com\/wp-content\/uploads\/2015\/12\/la-mariee-reveille-sa-fille-480x320.jpg 480w\" sizes=\"(max-width: 800px) 100vw, 800px\"><\/noscript><img decoding=\"async\" width=\"800\" height=\"533\" src=\"data:image\/svg+xml,%3Csvg%20xmlns%3D%22http%3A%2F%2Fwww.w3.org%2F2000%2Fsvg%22%20viewBox%3D%220%200%20800%20533%22%3E%3C%2Fsvg%3E\" class=\"attachment-full size-full lazyload\" alt=\"la mari\u00e9e r\u00e9veille sa fille\" srcset=\"data:image\/svg+xml,%3Csvg%20xmlns%3D%22http%3A%2F%2Fwww.w3.org%2F2000%2Fsvg%22%20viewBox%3D%220%200%20800%20533%22%3E%3C%2Fsvg%3E 800w\" sizes=\"(max-width: 800px) 100vw, 800px\" data-srcset=\"https:\/\/www.joliehistoire.com\/wp-content\/uploads\/2015\/12\/la-mariee-reveille-sa-fille.jpg 800w, https:\/\/www.joliehistoire.com\/wp-content\/uploads\/2015\/12\/la-mariee-reveille-sa-fille-300x200.jpg 300w, https:\/\/www.joliehistoire.com\/wp-content\/uploads\/2015\/12\/la-mariee-reveille-sa-fille-750x500.jpg 750w, https:\/\/www.joliehistoire.com\/wp-content\/uploads\/2015\/12\/la-mariee-reveille-sa-fille-480x320.jpg 480w\" data-src=\"https:\/\/www.joliehistoire.com\/wp-content\/uploads\/2015\/12\/la-mariee-reveille-sa-fille.jpg\">\n\t\t\t<\/dt><\/dl><br style=\"clear: both\"><dl class=\"gallery-item\">\n\t\t\t<dt class=\"gallery-icon landscape\">\n\t\t\t\t<noscript><img decoding=\"async\" width=\"800\" height=\"533\" src=\"https:\/\/www.joliehistoire.com\/wp-content\/uploads\/2015\/12\/preparation-de-la-demoiselle-d-honneur.jpg\" class=\"attachment-full size-full\" alt=\"pr\u00e9paration de la demoiselle d&#039;honneur\" srcset=\"https:\/\/www.joliehistoire.com\/wp-content\/uploads\/2015\/12\/preparation-de-la-demoiselle-d-honneur.jpg 800w, https:\/\/www.joliehistoire.com\/wp-content\/uploads\/2015\/12\/preparation-de-la-demoiselle-d-honneur-300x200.jpg 300w, https:\/\/www.joliehistoire.com\/wp-content\/uploads\/2015\/12\/preparation-de-la-demoiselle-d-honneur-750x500.jpg 750w, https:\/\/www.joliehistoire.com\/wp-content\/uploads\/2015\/12\/preparation-de-la-demoiselle-d-honneur-480x320.jpg 480w\" sizes=\"(max-width: 800px) 100vw, 800px\"><\/noscript><img decoding=\"async\" width=\"800\" height=\"533\" src=\"data:image\/svg+xml,%3Csvg%20xmlns%3D%22http%3A%2F%2Fwww.w3.org%2F2000%2Fsvg%22%20viewBox%3D%220%200%20800%20533%22%3E%3C%2Fsvg%3E\" class=\"attachment-full size-full lazyload\" alt=\"pr\u00e9paration de la demoiselle d&#039;honneur\" srcset=\"data:image\/svg+xml,%3Csvg%20xmlns%3D%22http%3A%2F%2Fwww.w3.org%2F2000%2Fsvg%22%20viewBox%3D%220%200%20800%20533%22%3E%3C%2Fsvg%3E 800w\" sizes=\"(max-width: 800px) 100vw, 800px\" data-srcset=\"https:\/\/www.joliehistoire.com\/wp-content\/uploads\/2015\/12\/preparation-de-la-demoiselle-d-honneur.jpg 800w, https:\/\/www.joliehistoire.com\/wp-content\/uploads\/2015\/12\/preparation-de-la-demoiselle-d-honneur-300x200.jpg 300w, https:\/\/www.joliehistoire.com\/wp-content\/uploads\/2015\/12\/preparation-de-la-demoiselle-d-honneur-750x500.jpg 750w, https:\/\/www.joliehistoire.com\/wp-content\/uploads\/2015\/12\/preparation-de-la-demoiselle-d-honneur-480x320.jpg 480w\" data-src=\"https:\/\/www.joliehistoire.com\/wp-content\/uploads\/2015\/12\/preparation-de-la-demoiselle-d-honneur.jpg\">\n\t\t\t<\/dt><\/dl><br style=\"clear: both\"><dl class=\"gallery-item\">\n\t\t\t<dt class=\"gallery-icon landscape\">\n\t\t\t\t<noscript><img decoding=\"async\" width=\"800\" height=\"533\" src=\"https:\/\/www.joliehistoire.com\/wp-content\/uploads\/2015\/12\/le-photographe-capte-un-moment-de-vie.jpg\" class=\"attachment-full size-full\" alt=\"le photographe capte un moment de vie\" srcset=\"https:\/\/www.joliehistoire.com\/wp-content\/uploads\/2015\/12\/le-photographe-capte-un-moment-de-vie.jpg 800w, https:\/\/www.joliehistoire.com\/wp-content\/uploads\/2015\/12\/le-photographe-capte-un-moment-de-vie-300x200.jpg 300w, https:\/\/www.joliehistoire.com\/wp-content\/uploads\/2015\/12\/le-photographe-capte-un-moment-de-vie-750x500.jpg 750w, https:\/\/www.joliehistoire.com\/wp-content\/uploads\/2015\/12\/le-photographe-capte-un-moment-de-vie-480x320.jpg 480w\" sizes=\"(max-width: 800px) 100vw, 800px\"><\/noscript><img decoding=\"async\" width=\"800\" height=\"533\" src=\"data:image\/svg+xml,%3Csvg%20xmlns%3D%22http%3A%2F%2Fwww.w3.org%2F2000%2Fsvg%22%20viewBox%3D%220%200%20800%20533%22%3E%3C%2Fsvg%3E\" class=\"attachment-full size-full lazyload\" alt=\"le photographe capte un moment de vie\" srcset=\"data:image\/svg+xml,%3Csvg%20xmlns%3D%22http%3A%2F%2Fwww.w3.org%2F2000%2Fsvg%22%20viewBox%3D%220%200%20800%20533%22%3E%3C%2Fsvg%3E 800w\" sizes=\"(max-width: 800px) 100vw, 800px\" data-srcset=\"https:\/\/www.joliehistoire.com\/wp-content\/uploads\/2015\/12\/le-photographe-capte-un-moment-de-vie.jpg 800w, https:\/\/www.joliehistoire.com\/wp-content\/uploads\/2015\/12\/le-photographe-capte-un-moment-de-vie-300x200.jpg 300w, https:\/\/www.joliehistoire.com\/wp-content\/uploads\/2015\/12\/le-photographe-capte-un-moment-de-vie-750x500.jpg 750w, https:\/\/www.joliehistoire.com\/wp-content\/uploads\/2015\/12\/le-photographe-capte-un-moment-de-vie-480x320.jpg 480w\" data-src=\"https:\/\/www.joliehistoire.com\/wp-content\/uploads\/2015\/12\/le-photographe-capte-un-moment-de-vie.jpg\">\n\t\t\t<\/dt><\/dl><br style=\"clear: both\"><dl class=\"gallery-item\">\n\t\t\t<dt class=\"gallery-icon landscape\">\n\t\t\t\t<noscript><img decoding=\"async\" width=\"800\" height=\"533\" src=\"https:\/\/www.joliehistoire.com\/wp-content\/uploads\/2015\/12\/scene-de-vie-pendant-les-preparatifs-du-mariage.jpg\" class=\"attachment-full size-full\" alt=\"sc\u00e8ne de vie pendant les pr\u00e9paratifs du mariage\" srcset=\"https:\/\/www.joliehistoire.com\/wp-content\/uploads\/2015\/12\/scene-de-vie-pendant-les-preparatifs-du-mariage.jpg 800w, https:\/\/www.joliehistoire.com\/wp-content\/uploads\/2015\/12\/scene-de-vie-pendant-les-preparatifs-du-mariage-300x200.jpg 300w, https:\/\/www.joliehistoire.com\/wp-content\/uploads\/2015\/12\/scene-de-vie-pendant-les-preparatifs-du-mariage-750x500.jpg 750w, https:\/\/www.joliehistoire.com\/wp-content\/uploads\/2015\/12\/scene-de-vie-pendant-les-preparatifs-du-mariage-480x320.jpg 480w\" sizes=\"(max-width: 800px) 100vw, 800px\"><\/noscript><img decoding=\"async\" width=\"800\" height=\"533\" src=\"data:image\/svg+xml,%3Csvg%20xmlns%3D%22http%3A%2F%2Fwww.w3.org%2F2000%2Fsvg%22%20viewBox%3D%220%200%20800%20533%22%3E%3C%2Fsvg%3E\" class=\"attachment-full size-full lazyload\" alt=\"sc\u00e8ne de vie pendant les pr\u00e9paratifs du mariage\" srcset=\"data:image\/svg+xml,%3Csvg%20xmlns%3D%22http%3A%2F%2Fwww.w3.org%2F2000%2Fsvg%22%20viewBox%3D%220%200%20800%20533%22%3E%3C%2Fsvg%3E 800w\" sizes=\"(max-width: 800px) 100vw, 800px\" data-srcset=\"https:\/\/www.joliehistoire.com\/wp-content\/uploads\/2015\/12\/scene-de-vie-pendant-les-preparatifs-du-mariage.jpg 800w, https:\/\/www.joliehistoire.com\/wp-content\/uploads\/2015\/12\/scene-de-vie-pendant-les-preparatifs-du-mariage-300x200.jpg 300w, https:\/\/www.joliehistoire.com\/wp-content\/uploads\/2015\/12\/scene-de-vie-pendant-les-preparatifs-du-mariage-750x500.jpg 750w, https:\/\/www.joliehistoire.com\/wp-content\/uploads\/2015\/12\/scene-de-vie-pendant-les-preparatifs-du-mariage-480x320.jpg 480w\" data-src=\"https:\/\/www.joliehistoire.com\/wp-content\/uploads\/2015\/12\/scene-de-vie-pendant-les-preparatifs-du-mariage.jpg\">\n\t\t\t<\/dt><\/dl><br style=\"clear: both\"><dl class=\"gallery-item\">\n\t\t\t<dt class=\"gallery-icon landscape\">\n\t\t\t\t<noscript><img decoding=\"async\" width=\"800\" height=\"533\" src=\"https:\/\/www.joliehistoire.com\/wp-content\/uploads\/2015\/12\/la-mariee-et-sa-fille.jpg\" class=\"attachment-full size-full\" alt=\"la mari\u00e9e et sa fille\" srcset=\"https:\/\/www.joliehistoire.com\/wp-content\/uploads\/2015\/12\/la-mariee-et-sa-fille.jpg 800w, https:\/\/www.joliehistoire.com\/wp-content\/uploads\/2015\/12\/la-mariee-et-sa-fille-300x200.jpg 300w, https:\/\/www.joliehistoire.com\/wp-content\/uploads\/2015\/12\/la-mariee-et-sa-fille-750x500.jpg 750w, https:\/\/www.joliehistoire.com\/wp-content\/uploads\/2015\/12\/la-mariee-et-sa-fille-480x320.jpg 480w\" sizes=\"(max-width: 800px) 100vw, 800px\"><\/noscript><img decoding=\"async\" width=\"800\" height=\"533\" src=\"data:image\/svg+xml,%3Csvg%20xmlns%3D%22http%3A%2F%2Fwww.w3.org%2F2000%2Fsvg%22%20viewBox%3D%220%200%20800%20533%22%3E%3C%2Fsvg%3E\" class=\"attachment-full size-full lazyload\" alt=\"la mari\u00e9e et sa fille\" srcset=\"data:image\/svg+xml,%3Csvg%20xmlns%3D%22http%3A%2F%2Fwww.w3.org%2F2000%2Fsvg%22%20viewBox%3D%220%200%20800%20533%22%3E%3C%2Fsvg%3E 800w\" sizes=\"(max-width: 800px) 100vw, 800px\" data-srcset=\"https:\/\/www.joliehistoire.com\/wp-content\/uploads\/2015\/12\/la-mariee-et-sa-fille.jpg 800w, https:\/\/www.joliehistoire.com\/wp-content\/uploads\/2015\/12\/la-mariee-et-sa-fille-300x200.jpg 300w, https:\/\/www.joliehistoire.com\/wp-content\/uploads\/2015\/12\/la-mariee-et-sa-fille-750x500.jpg 750w, https:\/\/www.joliehistoire.com\/wp-content\/uploads\/2015\/12\/la-mariee-et-sa-fille-480x320.jpg 480w\" data-src=\"https:\/\/www.joliehistoire.com\/wp-content\/uploads\/2015\/12\/la-mariee-et-sa-fille.jpg\">\n\t\t\t<\/dt><\/dl><br style=\"clear: both\"><dl class=\"gallery-item\">\n\t\t\t<dt class=\"gallery-icon landscape\">\n\t\t\t\t<noscript><img decoding=\"async\" width=\"800\" height=\"533\" src=\"https:\/\/www.joliehistoire.com\/wp-content\/uploads\/2015\/12\/le-papa-tombe-dans-les-bras-de-la-mariee.jpg\" class=\"attachment-full size-full\" alt=\"le papa tombe dans les bras de la mari\u00e9e\" srcset=\"https:\/\/www.joliehistoire.com\/wp-content\/uploads\/2015\/12\/le-papa-tombe-dans-les-bras-de-la-mariee.jpg 800w, https:\/\/www.joliehistoire.com\/wp-content\/uploads\/2015\/12\/le-papa-tombe-dans-les-bras-de-la-mariee-300x200.jpg 300w, https:\/\/www.joliehistoire.com\/wp-content\/uploads\/2015\/12\/le-papa-tombe-dans-les-bras-de-la-mariee-750x500.jpg 750w, https:\/\/www.joliehistoire.com\/wp-content\/uploads\/2015\/12\/le-papa-tombe-dans-les-bras-de-la-mariee-480x320.jpg 480w\" sizes=\"(max-width: 800px) 100vw, 800px\"><\/noscript><img decoding=\"async\" width=\"800\" height=\"533\" src=\"data:image\/svg+xml,%3Csvg%20xmlns%3D%22http%3A%2F%2Fwww.w3.org%2F2000%2Fsvg%22%20viewBox%3D%220%200%20800%20533%22%3E%3C%2Fsvg%3E\" class=\"attachment-full size-full lazyload\" alt=\"le papa tombe dans les bras de la mari\u00e9e\" srcset=\"data:image\/svg+xml,%3Csvg%20xmlns%3D%22http%3A%2F%2Fwww.w3.org%2F2000%2Fsvg%22%20viewBox%3D%220%200%20800%20533%22%3E%3C%2Fsvg%3E 800w\" sizes=\"(max-width: 800px) 100vw, 800px\" data-srcset=\"https:\/\/www.joliehistoire.com\/wp-content\/uploads\/2015\/12\/le-papa-tombe-dans-les-bras-de-la-mariee.jpg 800w, https:\/\/www.joliehistoire.com\/wp-content\/uploads\/2015\/12\/le-papa-tombe-dans-les-bras-de-la-mariee-300x200.jpg 300w, https:\/\/www.joliehistoire.com\/wp-content\/uploads\/2015\/12\/le-papa-tombe-dans-les-bras-de-la-mariee-750x500.jpg 750w, https:\/\/www.joliehistoire.com\/wp-content\/uploads\/2015\/12\/le-papa-tombe-dans-les-bras-de-la-mariee-480x320.jpg 480w\" data-src=\"https:\/\/www.joliehistoire.com\/wp-content\/uploads\/2015\/12\/le-papa-tombe-dans-les-bras-de-la-mariee.jpg\">\n\t\t\t<\/dt><\/dl><br style=\"clear: both\"><dl class=\"gallery-item\">\n\t\t\t<dt class=\"gallery-icon landscape\">\n\t\t\t\t<noscript><img decoding=\"async\" width=\"800\" height=\"533\" src=\"https:\/\/www.joliehistoire.com\/wp-content\/uploads\/2015\/12\/le-photographe-a-un-style-documentaliste-et-original.jpg\" class=\"attachment-full size-full\" alt=\"le photographe a un style documentaliste et original\" srcset=\"https:\/\/www.joliehistoire.com\/wp-content\/uploads\/2015\/12\/le-photographe-a-un-style-documentaliste-et-original.jpg 800w, https:\/\/www.joliehistoire.com\/wp-content\/uploads\/2015\/12\/le-photographe-a-un-style-documentaliste-et-original-300x200.jpg 300w, https:\/\/www.joliehistoire.com\/wp-content\/uploads\/2015\/12\/le-photographe-a-un-style-documentaliste-et-original-750x500.jpg 750w, https:\/\/www.joliehistoire.com\/wp-content\/uploads\/2015\/12\/le-photographe-a-un-style-documentaliste-et-original-480x320.jpg 480w\" sizes=\"(max-width: 800px) 100vw, 800px\"><\/noscript><img decoding=\"async\" width=\"800\" height=\"533\" src=\"data:image\/svg+xml,%3Csvg%20xmlns%3D%22http%3A%2F%2Fwww.w3.org%2F2000%2Fsvg%22%20viewBox%3D%220%200%20800%20533%22%3E%3C%2Fsvg%3E\" class=\"attachment-full size-full lazyload\" alt=\"le photographe a un style documentaliste et original\" srcset=\"data:image\/svg+xml,%3Csvg%20xmlns%3D%22http%3A%2F%2Fwww.w3.org%2F2000%2Fsvg%22%20viewBox%3D%220%200%20800%20533%22%3E%3C%2Fsvg%3E 800w\" sizes=\"(max-width: 800px) 100vw, 800px\" data-srcset=\"https:\/\/www.joliehistoire.com\/wp-content\/uploads\/2015\/12\/le-photographe-a-un-style-documentaliste-et-original.jpg 800w, https:\/\/www.joliehistoire.com\/wp-content\/uploads\/2015\/12\/le-photographe-a-un-style-documentaliste-et-original-300x200.jpg 300w, https:\/\/www.joliehistoire.com\/wp-content\/uploads\/2015\/12\/le-photographe-a-un-style-documentaliste-et-original-750x500.jpg 750w, https:\/\/www.joliehistoire.com\/wp-content\/uploads\/2015\/12\/le-photographe-a-un-style-documentaliste-et-original-480x320.jpg 480w\" data-src=\"https:\/\/www.joliehistoire.com\/wp-content\/uploads\/2015\/12\/le-photographe-a-un-style-documentaliste-et-original.jpg\">\n\t\t\t<\/dt><\/dl><br style=\"clear: both\"><dl class=\"gallery-item\">\n\t\t\t<dt class=\"gallery-icon landscape\">\n\t\t\t\t<noscript><img decoding=\"async\" width=\"800\" height=\"533\" src=\"https:\/\/www.joliehistoire.com\/wp-content\/uploads\/2015\/12\/la-mariee-patiente-devant-le-cortege.jpg\" class=\"attachment-full size-full\" alt=\"la mari\u00e9e patiente devant le cort\u00e8ge\" srcset=\"https:\/\/www.joliehistoire.com\/wp-content\/uploads\/2015\/12\/la-mariee-patiente-devant-le-cortege.jpg 800w, https:\/\/www.joliehistoire.com\/wp-content\/uploads\/2015\/12\/la-mariee-patiente-devant-le-cortege-300x200.jpg 300w, https:\/\/www.joliehistoire.com\/wp-content\/uploads\/2015\/12\/la-mariee-patiente-devant-le-cortege-750x500.jpg 750w, https:\/\/www.joliehistoire.com\/wp-content\/uploads\/2015\/12\/la-mariee-patiente-devant-le-cortege-480x320.jpg 480w\" sizes=\"(max-width: 800px) 100vw, 800px\"><\/noscript><img decoding=\"async\" width=\"800\" height=\"533\" src=\"data:image\/svg+xml,%3Csvg%20xmlns%3D%22http%3A%2F%2Fwww.w3.org%2F2000%2Fsvg%22%20viewBox%3D%220%200%20800%20533%22%3E%3C%2Fsvg%3E\" class=\"attachment-full size-full lazyload\" alt=\"la mari\u00e9e patiente devant le cort\u00e8ge\" srcset=\"data:image\/svg+xml,%3Csvg%20xmlns%3D%22http%3A%2F%2Fwww.w3.org%2F2000%2Fsvg%22%20viewBox%3D%220%200%20800%20533%22%3E%3C%2Fsvg%3E 800w\" sizes=\"(max-width: 800px) 100vw, 800px\" data-srcset=\"https:\/\/www.joliehistoire.com\/wp-content\/uploads\/2015\/12\/la-mariee-patiente-devant-le-cortege.jpg 800w, https:\/\/www.joliehistoire.com\/wp-content\/uploads\/2015\/12\/la-mariee-patiente-devant-le-cortege-300x200.jpg 300w, https:\/\/www.joliehistoire.com\/wp-content\/uploads\/2015\/12\/la-mariee-patiente-devant-le-cortege-750x500.jpg 750w, https:\/\/www.joliehistoire.com\/wp-content\/uploads\/2015\/12\/la-mariee-patiente-devant-le-cortege-480x320.jpg 480w\" data-src=\"https:\/\/www.joliehistoire.com\/wp-content\/uploads\/2015\/12\/la-mariee-patiente-devant-le-cortege.jpg\">\n\t\t\t<\/dt><\/dl><br style=\"clear: both\"><dl class=\"gallery-item\">\n\t\t\t<dt class=\"gallery-icon landscape\">\n\t\t\t\t<noscript><img decoding=\"async\" width=\"800\" height=\"533\" src=\"https:\/\/www.joliehistoire.com\/wp-content\/uploads\/2015\/12\/depart-du-cortege-vers-l-eglise.jpg\" class=\"attachment-full size-full\" alt=\"depart du cortege avant le mariage\" srcset=\"https:\/\/www.joliehistoire.com\/wp-content\/uploads\/2015\/12\/depart-du-cortege-vers-l-eglise.jpg 800w, https:\/\/www.joliehistoire.com\/wp-content\/uploads\/2015\/12\/depart-du-cortege-vers-l-eglise-300x200.jpg 300w, https:\/\/www.joliehistoire.com\/wp-content\/uploads\/2015\/12\/depart-du-cortege-vers-l-eglise-750x500.jpg 750w, https:\/\/www.joliehistoire.com\/wp-content\/uploads\/2015\/12\/depart-du-cortege-vers-l-eglise-480x320.jpg 480w\" sizes=\"(max-width: 800px) 100vw, 800px\"><\/noscript><img decoding=\"async\" width=\"800\" height=\"533\" src=\"data:image\/svg+xml,%3Csvg%20xmlns%3D%22http%3A%2F%2Fwww.w3.org%2F2000%2Fsvg%22%20viewBox%3D%220%200%20800%20533%22%3E%3C%2Fsvg%3E\" class=\"attachment-full size-full lazyload\" alt=\"depart du cortege avant le mariage\" srcset=\"data:image\/svg+xml,%3Csvg%20xmlns%3D%22http%3A%2F%2Fwww.w3.org%2F2000%2Fsvg%22%20viewBox%3D%220%200%20800%20533%22%3E%3C%2Fsvg%3E 800w\" sizes=\"(max-width: 800px) 100vw, 800px\" data-srcset=\"https:\/\/www.joliehistoire.com\/wp-content\/uploads\/2015\/12\/depart-du-cortege-vers-l-eglise.jpg 800w, https:\/\/www.joliehistoire.com\/wp-content\/uploads\/2015\/12\/depart-du-cortege-vers-l-eglise-300x200.jpg 300w, https:\/\/www.joliehistoire.com\/wp-content\/uploads\/2015\/12\/depart-du-cortege-vers-l-eglise-750x500.jpg 750w, https:\/\/www.joliehistoire.com\/wp-content\/uploads\/2015\/12\/depart-du-cortege-vers-l-eglise-480x320.jpg 480w\" data-src=\"https:\/\/www.joliehistoire.com\/wp-content\/uploads\/2015\/12\/depart-du-cortege-vers-l-eglise.jpg\">\n\t\t\t<\/dt><\/dl><br style=\"clear: both\"><dl class=\"gallery-item\">\n\t\t\t<dt class=\"gallery-icon landscape\">\n\t\t\t\t<noscript><img decoding=\"async\" width=\"800\" height=\"533\" src=\"https:\/\/www.joliehistoire.com\/wp-content\/uploads\/2015\/12\/le-photographe-attend-devant-l-eglise-a-aspelt.jpg\" class=\"attachment-full size-full\" alt=\"le photographe attend devant lr\u00e9glise d&#039;aspelt\" srcset=\"https:\/\/www.joliehistoire.com\/wp-content\/uploads\/2015\/12\/le-photographe-attend-devant-l-eglise-a-aspelt.jpg 800w, https:\/\/www.joliehistoire.com\/wp-content\/uploads\/2015\/12\/le-photographe-attend-devant-l-eglise-a-aspelt-300x200.jpg 300w, https:\/\/www.joliehistoire.com\/wp-content\/uploads\/2015\/12\/le-photographe-attend-devant-l-eglise-a-aspelt-750x500.jpg 750w, https:\/\/www.joliehistoire.com\/wp-content\/uploads\/2015\/12\/le-photographe-attend-devant-l-eglise-a-aspelt-480x320.jpg 480w\" sizes=\"(max-width: 800px) 100vw, 800px\"><\/noscript><img decoding=\"async\" width=\"800\" height=\"533\" src=\"data:image\/svg+xml,%3Csvg%20xmlns%3D%22http%3A%2F%2Fwww.w3.org%2F2000%2Fsvg%22%20viewBox%3D%220%200%20800%20533%22%3E%3C%2Fsvg%3E\" class=\"attachment-full size-full lazyload\" alt=\"le photographe attend devant lr\u00e9glise d&#039;aspelt\" srcset=\"data:image\/svg+xml,%3Csvg%20xmlns%3D%22http%3A%2F%2Fwww.w3.org%2F2000%2Fsvg%22%20viewBox%3D%220%200%20800%20533%22%3E%3C%2Fsvg%3E 800w\" sizes=\"(max-width: 800px) 100vw, 800px\" data-srcset=\"https:\/\/www.joliehistoire.com\/wp-content\/uploads\/2015\/12\/le-photographe-attend-devant-l-eglise-a-aspelt.jpg 800w, https:\/\/www.joliehistoire.com\/wp-content\/uploads\/2015\/12\/le-photographe-attend-devant-l-eglise-a-aspelt-300x200.jpg 300w, https:\/\/www.joliehistoire.com\/wp-content\/uploads\/2015\/12\/le-photographe-attend-devant-l-eglise-a-aspelt-750x500.jpg 750w, https:\/\/www.joliehistoire.com\/wp-content\/uploads\/2015\/12\/le-photographe-attend-devant-l-eglise-a-aspelt-480x320.jpg 480w\" data-src=\"https:\/\/www.joliehistoire.com\/wp-content\/uploads\/2015\/12\/le-photographe-attend-devant-l-eglise-a-aspelt.jpg\">\n\t\t\t<\/dt><\/dl><br style=\"clear: both\"><dl class=\"gallery-item\">\n\t\t\t<dt class=\"gallery-icon landscape\">\n\t\t\t\t<noscript><img decoding=\"async\" width=\"800\" height=\"533\" src=\"https:\/\/www.joliehistoire.com\/wp-content\/uploads\/2015\/12\/le-cure-de-l-eglise-d-aspelt-au-luxembourg.jpg\" class=\"attachment-full size-full\" alt=\"le curr\u00e9 devant l&#039;\u00e9glise d&#039;aspelt\" srcset=\"https:\/\/www.joliehistoire.com\/wp-content\/uploads\/2015\/12\/le-cure-de-l-eglise-d-aspelt-au-luxembourg.jpg 800w, https:\/\/www.joliehistoire.com\/wp-content\/uploads\/2015\/12\/le-cure-de-l-eglise-d-aspelt-au-luxembourg-300x200.jpg 300w, https:\/\/www.joliehistoire.com\/wp-content\/uploads\/2015\/12\/le-cure-de-l-eglise-d-aspelt-au-luxembourg-750x500.jpg 750w, https:\/\/www.joliehistoire.com\/wp-content\/uploads\/2015\/12\/le-cure-de-l-eglise-d-aspelt-au-luxembourg-480x320.jpg 480w\" sizes=\"(max-width: 800px) 100vw, 800px\"><\/noscript><img decoding=\"async\" width=\"800\" height=\"533\" src=\"data:image\/svg+xml,%3Csvg%20xmlns%3D%22http%3A%2F%2Fwww.w3.org%2F2000%2Fsvg%22%20viewBox%3D%220%200%20800%20533%22%3E%3C%2Fsvg%3E\" class=\"attachment-full size-full lazyload\" alt=\"le curr\u00e9 devant l&#039;\u00e9glise d&#039;aspelt\" srcset=\"data:image\/svg+xml,%3Csvg%20xmlns%3D%22http%3A%2F%2Fwww.w3.org%2F2000%2Fsvg%22%20viewBox%3D%220%200%20800%20533%22%3E%3C%2Fsvg%3E 800w\" sizes=\"(max-width: 800px) 100vw, 800px\" data-srcset=\"https:\/\/www.joliehistoire.com\/wp-content\/uploads\/2015\/12\/le-cure-de-l-eglise-d-aspelt-au-luxembourg.jpg 800w, https:\/\/www.joliehistoire.com\/wp-content\/uploads\/2015\/12\/le-cure-de-l-eglise-d-aspelt-au-luxembourg-300x200.jpg 300w, https:\/\/www.joliehistoire.com\/wp-content\/uploads\/2015\/12\/le-cure-de-l-eglise-d-aspelt-au-luxembourg-750x500.jpg 750w, https:\/\/www.joliehistoire.com\/wp-content\/uploads\/2015\/12\/le-cure-de-l-eglise-d-aspelt-au-luxembourg-480x320.jpg 480w\" data-src=\"https:\/\/www.joliehistoire.com\/wp-content\/uploads\/2015\/12\/le-cure-de-l-eglise-d-aspelt-au-luxembourg.jpg\">\n\t\t\t<\/dt><\/dl><br style=\"clear: both\"><dl class=\"gallery-item\">\n\t\t\t<dt class=\"gallery-icon landscape\">\n\t\t\t\t<noscript><img decoding=\"async\" width=\"800\" height=\"533\" src=\"https:\/\/www.joliehistoire.com\/wp-content\/uploads\/2015\/12\/la-petite-fille-regarde-le-photographe1.jpg\" class=\"attachment-full size-full\" alt=\"la petite fille regarde le photographe\" srcset=\"https:\/\/www.joliehistoire.com\/wp-content\/uploads\/2015\/12\/la-petite-fille-regarde-le-photographe1.jpg 800w, https:\/\/www.joliehistoire.com\/wp-content\/uploads\/2015\/12\/la-petite-fille-regarde-le-photographe1-300x200.jpg 300w, https:\/\/www.joliehistoire.com\/wp-content\/uploads\/2015\/12\/la-petite-fille-regarde-le-photographe1-750x500.jpg 750w, https:\/\/www.joliehistoire.com\/wp-content\/uploads\/2015\/12\/la-petite-fille-regarde-le-photographe1-480x320.jpg 480w\" sizes=\"(max-width: 800px) 100vw, 800px\"><\/noscript><img decoding=\"async\" width=\"800\" height=\"533\" src=\"data:image\/svg+xml,%3Csvg%20xmlns%3D%22http%3A%2F%2Fwww.w3.org%2F2000%2Fsvg%22%20viewBox%3D%220%200%20800%20533%22%3E%3C%2Fsvg%3E\" class=\"attachment-full size-full lazyload\" alt=\"la petite fille regarde le photographe\" srcset=\"data:image\/svg+xml,%3Csvg%20xmlns%3D%22http%3A%2F%2Fwww.w3.org%2F2000%2Fsvg%22%20viewBox%3D%220%200%20800%20533%22%3E%3C%2Fsvg%3E 800w\" sizes=\"(max-width: 800px) 100vw, 800px\" data-srcset=\"https:\/\/www.joliehistoire.com\/wp-content\/uploads\/2015\/12\/la-petite-fille-regarde-le-photographe1.jpg 800w, https:\/\/www.joliehistoire.com\/wp-content\/uploads\/2015\/12\/la-petite-fille-regarde-le-photographe1-300x200.jpg 300w, https:\/\/www.joliehistoire.com\/wp-content\/uploads\/2015\/12\/la-petite-fille-regarde-le-photographe1-750x500.jpg 750w, https:\/\/www.joliehistoire.com\/wp-content\/uploads\/2015\/12\/la-petite-fille-regarde-le-photographe1-480x320.jpg 480w\" data-src=\"https:\/\/www.joliehistoire.com\/wp-content\/uploads\/2015\/12\/la-petite-fille-regarde-le-photographe1.jpg\">\n\t\t\t<\/dt><\/dl><br style=\"clear: both\"><dl class=\"gallery-item\">\n\t\t\t<dt class=\"gallery-icon landscape\">\n\t\t\t\t<noscript><img decoding=\"async\" width=\"800\" height=\"533\" src=\"https:\/\/www.joliehistoire.com\/wp-content\/uploads\/2015\/12\/sortie-des-maries-a-l-eglise-de-aspelt.jpg\" class=\"attachment-full size-full\" alt=\"sorties des mari\u00e9s de l&#039;\u00e9glise d&#039;aspelt\" srcset=\"https:\/\/www.joliehistoire.com\/wp-content\/uploads\/2015\/12\/sortie-des-maries-a-l-eglise-de-aspelt.jpg 800w, https:\/\/www.joliehistoire.com\/wp-content\/uploads\/2015\/12\/sortie-des-maries-a-l-eglise-de-aspelt-300x200.jpg 300w, https:\/\/www.joliehistoire.com\/wp-content\/uploads\/2015\/12\/sortie-des-maries-a-l-eglise-de-aspelt-750x500.jpg 750w, https:\/\/www.joliehistoire.com\/wp-content\/uploads\/2015\/12\/sortie-des-maries-a-l-eglise-de-aspelt-480x320.jpg 480w\" sizes=\"(max-width: 800px) 100vw, 800px\"><\/noscript><img decoding=\"async\" width=\"800\" height=\"533\" src=\"data:image\/svg+xml,%3Csvg%20xmlns%3D%22http%3A%2F%2Fwww.w3.org%2F2000%2Fsvg%22%20viewBox%3D%220%200%20800%20533%22%3E%3C%2Fsvg%3E\" class=\"attachment-full size-full lazyload\" alt=\"sorties des mari\u00e9s de l&#039;\u00e9glise d&#039;aspelt\" srcset=\"data:image\/svg+xml,%3Csvg%20xmlns%3D%22http%3A%2F%2Fwww.w3.org%2F2000%2Fsvg%22%20viewBox%3D%220%200%20800%20533%22%3E%3C%2Fsvg%3E 800w\" sizes=\"(max-width: 800px) 100vw, 800px\" data-srcset=\"https:\/\/www.joliehistoire.com\/wp-content\/uploads\/2015\/12\/sortie-des-maries-a-l-eglise-de-aspelt.jpg 800w, https:\/\/www.joliehistoire.com\/wp-content\/uploads\/2015\/12\/sortie-des-maries-a-l-eglise-de-aspelt-300x200.jpg 300w, https:\/\/www.joliehistoire.com\/wp-content\/uploads\/2015\/12\/sortie-des-maries-a-l-eglise-de-aspelt-750x500.jpg 750w, https:\/\/www.joliehistoire.com\/wp-content\/uploads\/2015\/12\/sortie-des-maries-a-l-eglise-de-aspelt-480x320.jpg 480w\" data-src=\"https:\/\/www.joliehistoire.com\/wp-content\/uploads\/2015\/12\/sortie-des-maries-a-l-eglise-de-aspelt.jpg\">\n\t\t\t<\/dt><\/dl><br style=\"clear: both\"><dl class=\"gallery-item\">\n\t\t\t<dt class=\"gallery-icon landscape\">\n\t\t\t\t<noscript><img decoding=\"async\" width=\"800\" height=\"533\" src=\"https:\/\/www.joliehistoire.com\/wp-content\/uploads\/2015\/12\/sourire-d-une-petite-fille-capte-par-le-photographe.jpg\" class=\"attachment-full size-full\" alt=\"sourire d&#039;une petite fille capte par le photographe\" srcset=\"https:\/\/www.joliehistoire.com\/wp-content\/uploads\/2015\/12\/sourire-d-une-petite-fille-capte-par-le-photographe.jpg 800w, https:\/\/www.joliehistoire.com\/wp-content\/uploads\/2015\/12\/sourire-d-une-petite-fille-capte-par-le-photographe-300x200.jpg 300w, https:\/\/www.joliehistoire.com\/wp-content\/uploads\/2015\/12\/sourire-d-une-petite-fille-capte-par-le-photographe-750x500.jpg 750w, https:\/\/www.joliehistoire.com\/wp-content\/uploads\/2015\/12\/sourire-d-une-petite-fille-capte-par-le-photographe-480x320.jpg 480w\" sizes=\"(max-width: 800px) 100vw, 800px\"><\/noscript><img decoding=\"async\" width=\"800\" height=\"533\" src=\"data:image\/svg+xml,%3Csvg%20xmlns%3D%22http%3A%2F%2Fwww.w3.org%2F2000%2Fsvg%22%20viewBox%3D%220%200%20800%20533%22%3E%3C%2Fsvg%3E\" class=\"attachment-full size-full lazyload\" alt=\"sourire d&#039;une petite fille capte par le photographe\" srcset=\"data:image\/svg+xml,%3Csvg%20xmlns%3D%22http%3A%2F%2Fwww.w3.org%2F2000%2Fsvg%22%20viewBox%3D%220%200%20800%20533%22%3E%3C%2Fsvg%3E 800w\" sizes=\"(max-width: 800px) 100vw, 800px\" data-srcset=\"https:\/\/www.joliehistoire.com\/wp-content\/uploads\/2015\/12\/sourire-d-une-petite-fille-capte-par-le-photographe.jpg 800w, https:\/\/www.joliehistoire.com\/wp-content\/uploads\/2015\/12\/sourire-d-une-petite-fille-capte-par-le-photographe-300x200.jpg 300w, https:\/\/www.joliehistoire.com\/wp-content\/uploads\/2015\/12\/sourire-d-une-petite-fille-capte-par-le-photographe-750x500.jpg 750w, https:\/\/www.joliehistoire.com\/wp-content\/uploads\/2015\/12\/sourire-d-une-petite-fille-capte-par-le-photographe-480x320.jpg 480w\" data-src=\"https:\/\/www.joliehistoire.com\/wp-content\/uploads\/2015\/12\/sourire-d-une-petite-fille-capte-par-le-photographe.jpg\">\n\t\t\t<\/dt><\/dl><br style=\"clear: both\"><dl class=\"gallery-item\">\n\t\t\t<dt class=\"gallery-icon landscape\">\n\t\t\t\t<noscript><img decoding=\"async\" width=\"800\" height=\"533\" src=\"https:\/\/www.joliehistoire.com\/wp-content\/uploads\/2015\/12\/utilisation-de-flash-deporte-par-le-photographe-de-mariage.jpg\" class=\"attachment-full size-full\" alt=\"utilisation de flash d\u00e9port\u00e9 par le photographe de mariage\" srcset=\"https:\/\/www.joliehistoire.com\/wp-content\/uploads\/2015\/12\/utilisation-de-flash-deporte-par-le-photographe-de-mariage.jpg 800w, https:\/\/www.joliehistoire.com\/wp-content\/uploads\/2015\/12\/utilisation-de-flash-deporte-par-le-photographe-de-mariage-300x200.jpg 300w, https:\/\/www.joliehistoire.com\/wp-content\/uploads\/2015\/12\/utilisation-de-flash-deporte-par-le-photographe-de-mariage-750x500.jpg 750w, https:\/\/www.joliehistoire.com\/wp-content\/uploads\/2015\/12\/utilisation-de-flash-deporte-par-le-photographe-de-mariage-480x320.jpg 480w\" sizes=\"(max-width: 800px) 100vw, 800px\"><\/noscript><img decoding=\"async\" width=\"800\" height=\"533\" src=\"data:image\/svg+xml,%3Csvg%20xmlns%3D%22http%3A%2F%2Fwww.w3.org%2F2000%2Fsvg%22%20viewBox%3D%220%200%20800%20533%22%3E%3C%2Fsvg%3E\" class=\"attachment-full size-full lazyload\" alt=\"utilisation de flash d\u00e9port\u00e9 par le photographe de mariage\" srcset=\"data:image\/svg+xml,%3Csvg%20xmlns%3D%22http%3A%2F%2Fwww.w3.org%2F2000%2Fsvg%22%20viewBox%3D%220%200%20800%20533%22%3E%3C%2Fsvg%3E 800w\" sizes=\"(max-width: 800px) 100vw, 800px\" data-srcset=\"https:\/\/www.joliehistoire.com\/wp-content\/uploads\/2015\/12\/utilisation-de-flash-deporte-par-le-photographe-de-mariage.jpg 800w, https:\/\/www.joliehistoire.com\/wp-content\/uploads\/2015\/12\/utilisation-de-flash-deporte-par-le-photographe-de-mariage-300x200.jpg 300w, https:\/\/www.joliehistoire.com\/wp-content\/uploads\/2015\/12\/utilisation-de-flash-deporte-par-le-photographe-de-mariage-750x500.jpg 750w, https:\/\/www.joliehistoire.com\/wp-content\/uploads\/2015\/12\/utilisation-de-flash-deporte-par-le-photographe-de-mariage-480x320.jpg 480w\" data-src=\"https:\/\/www.joliehistoire.com\/wp-content\/uploads\/2015\/12\/utilisation-de-flash-deporte-par-le-photographe-de-mariage.jpg\">\n\t\t\t<\/dt><\/dl><br style=\"clear: both\"><dl class=\"gallery-item\">\n\t\t\t<dt class=\"gallery-icon landscape\">\n\t\t\t\t<noscript><img decoding=\"async\" width=\"800\" height=\"533\" src=\"https:\/\/www.joliehistoire.com\/wp-content\/uploads\/2015\/12\/la-marie-et-son-bebe-pendant-la-soiree.jpg\" class=\"attachment-full size-full\" alt=\"la mari\u00e9e et son b\u00e9b\u00e9 pendant la soir\u00e9e\" srcset=\"https:\/\/www.joliehistoire.com\/wp-content\/uploads\/2015\/12\/la-marie-et-son-bebe-pendant-la-soiree.jpg 800w, https:\/\/www.joliehistoire.com\/wp-content\/uploads\/2015\/12\/la-marie-et-son-bebe-pendant-la-soiree-300x200.jpg 300w, https:\/\/www.joliehistoire.com\/wp-content\/uploads\/2015\/12\/la-marie-et-son-bebe-pendant-la-soiree-750x500.jpg 750w, https:\/\/www.joliehistoire.com\/wp-content\/uploads\/2015\/12\/la-marie-et-son-bebe-pendant-la-soiree-480x320.jpg 480w\" sizes=\"(max-width: 800px) 100vw, 800px\"><\/noscript><img decoding=\"async\" width=\"800\" height=\"533\" src=\"data:image\/svg+xml,%3Csvg%20xmlns%3D%22http%3A%2F%2Fwww.w3.org%2F2000%2Fsvg%22%20viewBox%3D%220%200%20800%20533%22%3E%3C%2Fsvg%3E\" class=\"attachment-full size-full lazyload\" alt=\"la mari\u00e9e et son b\u00e9b\u00e9 pendant la soir\u00e9e\" srcset=\"data:image\/svg+xml,%3Csvg%20xmlns%3D%22http%3A%2F%2Fwww.w3.org%2F2000%2Fsvg%22%20viewBox%3D%220%200%20800%20533%22%3E%3C%2Fsvg%3E 800w\" sizes=\"(max-width: 800px) 100vw, 800px\" data-srcset=\"https:\/\/www.joliehistoire.com\/wp-content\/uploads\/2015\/12\/la-marie-et-son-bebe-pendant-la-soiree.jpg 800w, https:\/\/www.joliehistoire.com\/wp-content\/uploads\/2015\/12\/la-marie-et-son-bebe-pendant-la-soiree-300x200.jpg 300w, https:\/\/www.joliehistoire.com\/wp-content\/uploads\/2015\/12\/la-marie-et-son-bebe-pendant-la-soiree-750x500.jpg 750w, https:\/\/www.joliehistoire.com\/wp-content\/uploads\/2015\/12\/la-marie-et-son-bebe-pendant-la-soiree-480x320.jpg 480w\" data-src=\"https:\/\/www.joliehistoire.com\/wp-content\/uploads\/2015\/12\/la-marie-et-son-bebe-pendant-la-soiree.jpg\">\n\t\t\t<\/dt><\/dl><br style=\"clear: both\"><dl class=\"gallery-item\">\n\t\t\t<dt class=\"gallery-icon landscape\">\n\t\t\t\t<noscript><img decoding=\"async\" width=\"800\" height=\"533\" src=\"https:\/\/www.joliehistoire.com\/wp-content\/uploads\/2015\/12\/premiere-danse-du-mariage.jpg\" class=\"attachment-full size-full\" alt=\"premiere danse du mariage\" srcset=\"https:\/\/www.joliehistoire.com\/wp-content\/uploads\/2015\/12\/premiere-danse-du-mariage.jpg 800w, https:\/\/www.joliehistoire.com\/wp-content\/uploads\/2015\/12\/premiere-danse-du-mariage-300x200.jpg 300w, https:\/\/www.joliehistoire.com\/wp-content\/uploads\/2015\/12\/premiere-danse-du-mariage-750x500.jpg 750w, https:\/\/www.joliehistoire.com\/wp-content\/uploads\/2015\/12\/premiere-danse-du-mariage-480x320.jpg 480w\" sizes=\"(max-width: 800px) 100vw, 800px\"><\/noscript><img decoding=\"async\" width=\"800\" height=\"533\" src=\"data:image\/svg+xml,%3Csvg%20xmlns%3D%22http%3A%2F%2Fwww.w3.org%2F2000%2Fsvg%22%20viewBox%3D%220%200%20800%20533%22%3E%3C%2Fsvg%3E\" class=\"attachment-full size-full lazyload\" alt=\"premiere danse du mariage\" srcset=\"data:image\/svg+xml,%3Csvg%20xmlns%3D%22http%3A%2F%2Fwww.w3.org%2F2000%2Fsvg%22%20viewBox%3D%220%200%20800%20533%22%3E%3C%2Fsvg%3E 800w\" sizes=\"(max-width: 800px) 100vw, 800px\" data-srcset=\"https:\/\/www.joliehistoire.com\/wp-content\/uploads\/2015\/12\/premiere-danse-du-mariage.jpg 800w, https:\/\/www.joliehistoire.com\/wp-content\/uploads\/2015\/12\/premiere-danse-du-mariage-300x200.jpg 300w, https:\/\/www.joliehistoire.com\/wp-content\/uploads\/2015\/12\/premiere-danse-du-mariage-750x500.jpg 750w, https:\/\/www.joliehistoire.com\/wp-content\/uploads\/2015\/12\/premiere-danse-du-mariage-480x320.jpg 480w\" data-src=\"https:\/\/www.joliehistoire.com\/wp-content\/uploads\/2015\/12\/premiere-danse-du-mariage.jpg\">\n\t\t\t<\/dt><\/dl><br style=\"clear: both\"><dl class=\"gallery-item\">\n\t\t\t<dt class=\"gallery-icon landscape\">\n\t\t\t\t<noscript><img decoding=\"async\" width=\"800\" height=\"533\" src=\"https:\/\/www.joliehistoire.com\/wp-content\/uploads\/2015\/12\/la-mariee-danse-avec-son-papa.jpg\" class=\"attachment-full size-full\" alt=\"la mari\u00e9e danse avec son papa\" srcset=\"https:\/\/www.joliehistoire.com\/wp-content\/uploads\/2015\/12\/la-mariee-danse-avec-son-papa.jpg 800w, https:\/\/www.joliehistoire.com\/wp-content\/uploads\/2015\/12\/la-mariee-danse-avec-son-papa-300x200.jpg 300w, https:\/\/www.joliehistoire.com\/wp-content\/uploads\/2015\/12\/la-mariee-danse-avec-son-papa-750x500.jpg 750w, https:\/\/www.joliehistoire.com\/wp-content\/uploads\/2015\/12\/la-mariee-danse-avec-son-papa-480x320.jpg 480w\" sizes=\"(max-width: 800px) 100vw, 800px\"><\/noscript><img decoding=\"async\" width=\"800\" height=\"533\" src=\"data:image\/svg+xml,%3Csvg%20xmlns%3D%22http%3A%2F%2Fwww.w3.org%2F2000%2Fsvg%22%20viewBox%3D%220%200%20800%20533%22%3E%3C%2Fsvg%3E\" class=\"attachment-full size-full lazyload\" alt=\"la mari\u00e9e danse avec son papa\" srcset=\"data:image\/svg+xml,%3Csvg%20xmlns%3D%22http%3A%2F%2Fwww.w3.org%2F2000%2Fsvg%22%20viewBox%3D%220%200%20800%20533%22%3E%3C%2Fsvg%3E 800w\" sizes=\"(max-width: 800px) 100vw, 800px\" data-srcset=\"https:\/\/www.joliehistoire.com\/wp-content\/uploads\/2015\/12\/la-mariee-danse-avec-son-papa.jpg 800w, https:\/\/www.joliehistoire.com\/wp-content\/uploads\/2015\/12\/la-mariee-danse-avec-son-papa-300x200.jpg 300w, https:\/\/www.joliehistoire.com\/wp-content\/uploads\/2015\/12\/la-mariee-danse-avec-son-papa-750x500.jpg 750w, https:\/\/www.joliehistoire.com\/wp-content\/uploads\/2015\/12\/la-mariee-danse-avec-son-papa-480x320.jpg 480w\" data-src=\"https:\/\/www.joliehistoire.com\/wp-content\/uploads\/2015\/12\/la-mariee-danse-avec-son-papa.jpg\">\n\t\t\t<\/dt><\/dl><br style=\"clear: both\"><dl class=\"gallery-item\">\n\t\t\t<dt class=\"gallery-icon landscape\">\n\t\t\t\t<noscript><img decoding=\"async\" width=\"800\" height=\"533\" src=\"https:\/\/www.joliehistoire.com\/wp-content\/uploads\/2015\/12\/les-marie-eclaire-par-le-flash-externe-du-photographe.jpg\" class=\"attachment-full size-full\" alt=\"les mari\u00e9s \u00e9clair\u00e9s par le flash externe du photographe\" srcset=\"https:\/\/www.joliehistoire.com\/wp-content\/uploads\/2015\/12\/les-marie-eclaire-par-le-flash-externe-du-photographe.jpg 800w, https:\/\/www.joliehistoire.com\/wp-content\/uploads\/2015\/12\/les-marie-eclaire-par-le-flash-externe-du-photographe-300x200.jpg 300w, https:\/\/www.joliehistoire.com\/wp-content\/uploads\/2015\/12\/les-marie-eclaire-par-le-flash-externe-du-photographe-750x500.jpg 750w, https:\/\/www.joliehistoire.com\/wp-content\/uploads\/2015\/12\/les-marie-eclaire-par-le-flash-externe-du-photographe-480x320.jpg 480w\" sizes=\"(max-width: 800px) 100vw, 800px\"><\/noscript><img decoding=\"async\" width=\"800\" height=\"533\" src=\"data:image\/svg+xml,%3Csvg%20xmlns%3D%22http%3A%2F%2Fwww.w3.org%2F2000%2Fsvg%22%20viewBox%3D%220%200%20800%20533%22%3E%3C%2Fsvg%3E\" class=\"attachment-full size-full lazyload\" alt=\"les mari\u00e9s \u00e9clair\u00e9s par le flash externe du photographe\" srcset=\"data:image\/svg+xml,%3Csvg%20xmlns%3D%22http%3A%2F%2Fwww.w3.org%2F2000%2Fsvg%22%20viewBox%3D%220%200%20800%20533%22%3E%3C%2Fsvg%3E 800w\" sizes=\"(max-width: 800px) 100vw, 800px\" data-srcset=\"https:\/\/www.joliehistoire.com\/wp-content\/uploads\/2015\/12\/les-marie-eclaire-par-le-flash-externe-du-photographe.jpg 800w, https:\/\/www.joliehistoire.com\/wp-content\/uploads\/2015\/12\/les-marie-eclaire-par-le-flash-externe-du-photographe-300x200.jpg 300w, https:\/\/www.joliehistoire.com\/wp-content\/uploads\/2015\/12\/les-marie-eclaire-par-le-flash-externe-du-photographe-750x500.jpg 750w, https:\/\/www.joliehistoire.com\/wp-content\/uploads\/2015\/12\/les-marie-eclaire-par-le-flash-externe-du-photographe-480x320.jpg 480w\" data-src=\"https:\/\/www.joliehistoire.com\/wp-content\/uploads\/2015\/12\/les-marie-eclaire-par-le-flash-externe-du-photographe.jpg\">\n\t\t\t<\/dt><\/dl><br style=\"clear: both\">\n\t\t<\/div>\n\n","protected":false},"excerpt":{"rendered":"<p>Il y a quelques semaines J&amp;R m&#8217;ont fait confiance pour \u00eatre le photographe\u00a0de leur mariage\u00a0\u00e0 Aspelt. Le mariage Les pr\u00e9paratifs se d\u00e9roulaient \u00e0 Manhattan Coiffure au Val Sainte-Croix, pr\u00e8s du centre de Luxembourg. Suivi d&#8217;une c\u00e9r\u00e9monie religieuse \u00e0 l&#8217;\u00e9glise d&#8217;Aspelt. La soir\u00e9e avait \u00e9galement lieu \u00e0 Aspelt, dans le magnifique restaurant T&#8217;Scheier. Un mot sur [&hellip;]<\/p>\n","protected":false},"author":1,"featured_media":12813,"comment_status":"open","ping_status":"open","sticky":false,"template":"","format":"standard","meta":{"footnotes":""},"categories":[48],"tags":[],"class_list":["post-5628","post","type-post","status-publish","format-standard","has-post-thumbnail","hentry","category-blog-lu"],"yoast_head":"<!-- This site is optimized with the Yoast SEO plugin v27.4 - https:\/\/yoast.com\/product\/yoast-seo-wordpress\/ -->\n<title>Le photo-reportage d&#039;un mariage \u00e0 Aspelt<\/title>\n<meta name=\"description\" content=\"Je vous pr\u00e9sente les photos d&#039;un mariage r\u00e9cemment c\u00e9l\u00e9br\u00e9 \u00e0 Aspelt. J&amp;R m&#039;avait fait confiance pour \u00eatre leur photographe des pr\u00e9paratifs \u00e0 la soir\u00e9e.\" \/>\n<meta name=\"robots\" content=\"index, follow, max-snippet:-1, max-image-preview:large, max-video-preview:-1\" \/>\n<link rel=\"canonical\" href=\"https:\/\/www.joliehistoire.com\/lu\/blog-lu\/photo-reportage-mariage-aspelt\/\" \/>\n<meta name=\"twitter:card\" content=\"summary_large_image\" \/>\n<meta name=\"twitter:title\" content=\"Le photo-reportage d&#039;un mariage \u00e0 Aspelt\" \/>\n<meta name=\"twitter:description\" content=\"Je vous pr\u00e9sente les photos d&#039;un mariage r\u00e9cemment c\u00e9l\u00e9br\u00e9 \u00e0 Aspelt. J&amp;R m&#039;avait fait confiance pour \u00eatre leur photographe des pr\u00e9paratifs \u00e0 la soir\u00e9e.\" \/>\n<meta name=\"twitter:image\" content=\"https:\/\/www.joliehistoire.com\/wp-content\/uploads\/2015\/11\/details-du-mariage.jpg\" \/>\n<meta name=\"twitter:label1\" content=\"Written by\" \/>\n\t<meta name=\"twitter:data1\" content=\"photographe luxembourg\" \/>\n\t<meta name=\"twitter:label2\" content=\"Est. reading time\" \/>\n\t<meta name=\"twitter:data2\" content=\"2 minutes\" \/>\n<script type=\"application\/ld+json\" class=\"yoast-schema-graph\">{\"@context\":\"https:\\\/\\\/schema.org\",\"@graph\":[{\"@type\":\"Article\",\"@id\":\"https:\\\/\\\/www.joliehistoire.com\\\/lu\\\/blog-lu\\\/photo-reportage-mariage-aspelt\\\/#article\",\"isPartOf\":{\"@id\":\"https:\\\/\\\/www.joliehistoire.com\\\/lu\\\/blog-lu\\\/photo-reportage-mariage-aspelt\\\/\"},\"author\":{\"name\":\"photographe luxembourg\",\"@id\":\"https:\\\/\\\/www.joliehistoire.com\\\/#\\\/schema\\\/person\\\/bd008c25130122120b7a541135b27f8b\"},\"headline\":\"Un reportage mariage \u00e0 Aspelt\",\"datePublished\":\"2015-12-04T13:42:30+00:00\",\"dateModified\":\"2016-01-22T13:08:48+00:00\",\"mainEntityOfPage\":{\"@id\":\"https:\\\/\\\/www.joliehistoire.com\\\/lu\\\/blog-lu\\\/photo-reportage-mariage-aspelt\\\/\"},\"wordCount\":370,\"commentCount\":0,\"image\":{\"@id\":\"https:\\\/\\\/www.joliehistoire.com\\\/lu\\\/blog-lu\\\/photo-reportage-mariage-aspelt\\\/#primaryimage\"},\"thumbnailUrl\":\"https:\\\/\\\/www.joliehistoire.com\\\/wp-content\\\/uploads\\\/2015\\\/11\\\/details-du-mariage.jpg\",\"articleSection\":[\"blog\"],\"inLanguage\":\"fr-LU\",\"potentialAction\":[{\"@type\":\"CommentAction\",\"name\":\"Comment\",\"target\":[\"https:\\\/\\\/www.joliehistoire.com\\\/lu\\\/blog-lu\\\/photo-reportage-mariage-aspelt\\\/#respond\"]}]},{\"@type\":\"WebPage\",\"@id\":\"https:\\\/\\\/www.joliehistoire.com\\\/lu\\\/blog-lu\\\/photo-reportage-mariage-aspelt\\\/\",\"url\":\"https:\\\/\\\/www.joliehistoire.com\\\/lu\\\/blog-lu\\\/photo-reportage-mariage-aspelt\\\/\",\"name\":\"Le photo-reportage d'un mariage \u00e0 Aspelt\",\"isPartOf\":{\"@id\":\"https:\\\/\\\/www.joliehistoire.com\\\/#website\"},\"primaryImageOfPage\":{\"@id\":\"https:\\\/\\\/www.joliehistoire.com\\\/lu\\\/blog-lu\\\/photo-reportage-mariage-aspelt\\\/#primaryimage\"},\"image\":{\"@id\":\"https:\\\/\\\/www.joliehistoire.com\\\/lu\\\/blog-lu\\\/photo-reportage-mariage-aspelt\\\/#primaryimage\"},\"thumbnailUrl\":\"https:\\\/\\\/www.joliehistoire.com\\\/wp-content\\\/uploads\\\/2015\\\/11\\\/details-du-mariage.jpg\",\"datePublished\":\"2015-12-04T13:42:30+00:00\",\"dateModified\":\"2016-01-22T13:08:48+00:00\",\"author\":{\"@id\":\"https:\\\/\\\/www.joliehistoire.com\\\/#\\\/schema\\\/person\\\/bd008c25130122120b7a541135b27f8b\"},\"description\":\"Je vous pr\u00e9sente les photos d'un mariage r\u00e9cemment c\u00e9l\u00e9br\u00e9 \u00e0 Aspelt. J&R m'avait fait confiance pour \u00eatre leur photographe des pr\u00e9paratifs \u00e0 la soir\u00e9e.\",\"breadcrumb\":{\"@id\":\"https:\\\/\\\/www.joliehistoire.com\\\/lu\\\/blog-lu\\\/photo-reportage-mariage-aspelt\\\/#breadcrumb\"},\"inLanguage\":\"fr-LU\",\"potentialAction\":[{\"@type\":\"ReadAction\",\"target\":[\"https:\\\/\\\/www.joliehistoire.com\\\/lu\\\/blog-lu\\\/photo-reportage-mariage-aspelt\\\/\"]}]},{\"@type\":\"ImageObject\",\"inLanguage\":\"fr-LU\",\"@id\":\"https:\\\/\\\/www.joliehistoire.com\\\/lu\\\/blog-lu\\\/photo-reportage-mariage-aspelt\\\/#primaryimage\",\"url\":\"https:\\\/\\\/www.joliehistoire.com\\\/wp-content\\\/uploads\\\/2015\\\/11\\\/details-du-mariage.jpg\",\"contentUrl\":\"https:\\\/\\\/www.joliehistoire.com\\\/wp-content\\\/uploads\\\/2015\\\/11\\\/details-du-mariage.jpg\",\"width\":800,\"height\":533},{\"@type\":\"BreadcrumbList\",\"@id\":\"https:\\\/\\\/www.joliehistoire.com\\\/lu\\\/blog-lu\\\/photo-reportage-mariage-aspelt\\\/#breadcrumb\",\"itemListElement\":[{\"@type\":\"ListItem\",\"position\":1,\"name\":\"Home\",\"item\":\"https:\\\/\\\/www.joliehistoire.com\\\/lu\\\/\"},{\"@type\":\"ListItem\",\"position\":2,\"name\":\"Un reportage mariage \u00e0 Aspelt\"}]},{\"@type\":\"WebSite\",\"@id\":\"https:\\\/\\\/www.joliehistoire.com\\\/#website\",\"url\":\"https:\\\/\\\/www.joliehistoire.com\\\/\",\"name\":\"joliehistoire\",\"description\":\"wedding photographer\",\"potentialAction\":[{\"@type\":\"SearchAction\",\"target\":{\"@type\":\"EntryPoint\",\"urlTemplate\":\"https:\\\/\\\/www.joliehistoire.com\\\/?s={search_term_string}\"},\"query-input\":{\"@type\":\"PropertyValueSpecification\",\"valueRequired\":true,\"valueName\":\"search_term_string\"}}],\"inLanguage\":\"fr-LU\"},{\"@type\":\"Person\",\"@id\":\"https:\\\/\\\/www.joliehistoire.com\\\/#\\\/schema\\\/person\\\/bd008c25130122120b7a541135b27f8b\",\"name\":\"photographe luxembourg\",\"image\":{\"@type\":\"ImageObject\",\"inLanguage\":\"fr-LU\",\"@id\":\"https:\\\/\\\/secure.gravatar.com\\\/avatar\\\/03679d8c33ffd4c1861f7eb3f232c608660617a0925ee9f5edb0d1de0df20058?s=96&d=mm&r=g\",\"url\":\"https:\\\/\\\/secure.gravatar.com\\\/avatar\\\/03679d8c33ffd4c1861f7eb3f232c608660617a0925ee9f5edb0d1de0df20058?s=96&d=mm&r=g\",\"contentUrl\":\"https:\\\/\\\/secure.gravatar.com\\\/avatar\\\/03679d8c33ffd4c1861f7eb3f232c608660617a0925ee9f5edb0d1de0df20058?s=96&d=mm&r=g\",\"caption\":\"photographe luxembourg\"}}]}<\/script>\n<!-- \/ Yoast SEO plugin. -->","yoast_head_json":{"title":"Le photo-reportage d'un mariage \u00e0 Aspelt","description":"Je vous pr\u00e9sente les photos d'un mariage r\u00e9cemment c\u00e9l\u00e9br\u00e9 \u00e0 Aspelt. J&R m'avait fait confiance pour \u00eatre leur photographe des pr\u00e9paratifs \u00e0 la soir\u00e9e.","robots":{"index":"index","follow":"follow","max-snippet":"max-snippet:-1","max-image-preview":"max-image-preview:large","max-video-preview":"max-video-preview:-1"},"canonical":"https:\/\/www.joliehistoire.com\/lu\/blog-lu\/photo-reportage-mariage-aspelt\/","twitter_card":"summary_large_image","twitter_title":"Le photo-reportage d'un mariage \u00e0 Aspelt","twitter_description":"Je vous pr\u00e9sente les photos d'un mariage r\u00e9cemment c\u00e9l\u00e9br\u00e9 \u00e0 Aspelt. J&R m'avait fait confiance pour \u00eatre leur photographe des pr\u00e9paratifs \u00e0 la soir\u00e9e.","twitter_image":"https:\/\/www.joliehistoire.com\/wp-content\/uploads\/2015\/11\/details-du-mariage.jpg","twitter_misc":{"Written by":"photographe luxembourg","Est. reading time":"2 minutes"},"schema":{"@context":"https:\/\/schema.org","@graph":[{"@type":"Article","@id":"https:\/\/www.joliehistoire.com\/lu\/blog-lu\/photo-reportage-mariage-aspelt\/#article","isPartOf":{"@id":"https:\/\/www.joliehistoire.com\/lu\/blog-lu\/photo-reportage-mariage-aspelt\/"},"author":{"name":"photographe luxembourg","@id":"https:\/\/www.joliehistoire.com\/#\/schema\/person\/bd008c25130122120b7a541135b27f8b"},"headline":"Un reportage mariage \u00e0 Aspelt","datePublished":"2015-12-04T13:42:30+00:00","dateModified":"2016-01-22T13:08:48+00:00","mainEntityOfPage":{"@id":"https:\/\/www.joliehistoire.com\/lu\/blog-lu\/photo-reportage-mariage-aspelt\/"},"wordCount":370,"commentCount":0,"image":{"@id":"https:\/\/www.joliehistoire.com\/lu\/blog-lu\/photo-reportage-mariage-aspelt\/#primaryimage"},"thumbnailUrl":"https:\/\/www.joliehistoire.com\/wp-content\/uploads\/2015\/11\/details-du-mariage.jpg","articleSection":["blog"],"inLanguage":"fr-LU","potentialAction":[{"@type":"CommentAction","name":"Comment","target":["https:\/\/www.joliehistoire.com\/lu\/blog-lu\/photo-reportage-mariage-aspelt\/#respond"]}]},{"@type":"WebPage","@id":"https:\/\/www.joliehistoire.com\/lu\/blog-lu\/photo-reportage-mariage-aspelt\/","url":"https:\/\/www.joliehistoire.com\/lu\/blog-lu\/photo-reportage-mariage-aspelt\/","name":"Le photo-reportage d'un mariage \u00e0 Aspelt","isPartOf":{"@id":"https:\/\/www.joliehistoire.com\/#website"},"primaryImageOfPage":{"@id":"https:\/\/www.joliehistoire.com\/lu\/blog-lu\/photo-reportage-mariage-aspelt\/#primaryimage"},"image":{"@id":"https:\/\/www.joliehistoire.com\/lu\/blog-lu\/photo-reportage-mariage-aspelt\/#primaryimage"},"thumbnailUrl":"https:\/\/www.joliehistoire.com\/wp-content\/uploads\/2015\/11\/details-du-mariage.jpg","datePublished":"2015-12-04T13:42:30+00:00","dateModified":"2016-01-22T13:08:48+00:00","author":{"@id":"https:\/\/www.joliehistoire.com\/#\/schema\/person\/bd008c25130122120b7a541135b27f8b"},"description":"Je vous pr\u00e9sente les photos d'un mariage r\u00e9cemment c\u00e9l\u00e9br\u00e9 \u00e0 Aspelt. J&R m'avait fait confiance pour \u00eatre leur photographe des pr\u00e9paratifs \u00e0 la soir\u00e9e.","breadcrumb":{"@id":"https:\/\/www.joliehistoire.com\/lu\/blog-lu\/photo-reportage-mariage-aspelt\/#breadcrumb"},"inLanguage":"fr-LU","potentialAction":[{"@type":"ReadAction","target":["https:\/\/www.joliehistoire.com\/lu\/blog-lu\/photo-reportage-mariage-aspelt\/"]}]},{"@type":"ImageObject","inLanguage":"fr-LU","@id":"https:\/\/www.joliehistoire.com\/lu\/blog-lu\/photo-reportage-mariage-aspelt\/#primaryimage","url":"https:\/\/www.joliehistoire.com\/wp-content\/uploads\/2015\/11\/details-du-mariage.jpg","contentUrl":"https:\/\/www.joliehistoire.com\/wp-content\/uploads\/2015\/11\/details-du-mariage.jpg","width":800,"height":533},{"@type":"BreadcrumbList","@id":"https:\/\/www.joliehistoire.com\/lu\/blog-lu\/photo-reportage-mariage-aspelt\/#breadcrumb","itemListElement":[{"@type":"ListItem","position":1,"name":"Home","item":"https:\/\/www.joliehistoire.com\/lu\/"},{"@type":"ListItem","position":2,"name":"Un reportage mariage \u00e0 Aspelt"}]},{"@type":"WebSite","@id":"https:\/\/www.joliehistoire.com\/#website","url":"https:\/\/www.joliehistoire.com\/","name":"joliehistoire","description":"wedding photographer","potentialAction":[{"@type":"SearchAction","target":{"@type":"EntryPoint","urlTemplate":"https:\/\/www.joliehistoire.com\/?s={search_term_string}"},"query-input":{"@type":"PropertyValueSpecification","valueRequired":true,"valueName":"search_term_string"}}],"inLanguage":"fr-LU"},{"@type":"Person","@id":"https:\/\/www.joliehistoire.com\/#\/schema\/person\/bd008c25130122120b7a541135b27f8b","name":"photographe luxembourg","image":{"@type":"ImageObject","inLanguage":"fr-LU","@id":"https:\/\/secure.gravatar.com\/avatar\/03679d8c33ffd4c1861f7eb3f232c608660617a0925ee9f5edb0d1de0df20058?s=96&d=mm&r=g","url":"https:\/\/secure.gravatar.com\/avatar\/03679d8c33ffd4c1861f7eb3f232c608660617a0925ee9f5edb0d1de0df20058?s=96&d=mm&r=g","contentUrl":"https:\/\/secure.gravatar.com\/avatar\/03679d8c33ffd4c1861f7eb3f232c608660617a0925ee9f5edb0d1de0df20058?s=96&d=mm&r=g","caption":"photographe luxembourg"}}]}},"_links":{"self":[{"href":"https:\/\/www.joliehistoire.com\/lu\/wp-json\/wp\/v2\/posts\/5628\/"}],"collection":[{"href":"https:\/\/www.joliehistoire.com\/lu\/wp-json\/wp\/v2\/posts\/"}],"about":[{"href":"https:\/\/www.joliehistoire.com\/lu\/wp-json\/wp\/v2\/types\/post\/"}],"author":[{"embeddable":true,"href":"https:\/\/www.joliehistoire.com\/lu\/wp-json\/wp\/v2\/users\/1\/"}],"replies":[{"embeddable":true,"href":"https:\/\/www.joliehistoire.com\/lu\/wp-json\/wp\/v2\/comments\/?post=5628"}],"version-history":[{"count":10,"href":"https:\/\/www.joliehistoire.com\/lu\/wp-json\/wp\/v2\/posts\/5628\/revisions\/"}],"predecessor-version":[{"id":9713,"href":"https:\/\/www.joliehistoire.com\/lu\/wp-json\/wp\/v2\/posts\/5628\/revisions\/9713\/"}],"wp:featuredmedia":[{"embeddable":true,"href":"https:\/\/www.joliehistoire.com\/lu\/wp-json\/wp\/v2\/media\/12813\/"}],"wp:attachment":[{"href":"https:\/\/www.joliehistoire.com\/lu\/wp-json\/wp\/v2\/media\/?parent=5628"}],"wp:term":[{"taxonomy":"category","embeddable":true,"href":"https:\/\/www.joliehistoire.com\/lu\/wp-json\/wp\/v2\/categories\/?post=5628"},{"taxonomy":"post_tag","embeddable":true,"href":"https:\/\/www.joliehistoire.com\/lu\/wp-json\/wp\/v2\/tags\/?post=5628"}],"curies":[{"name":"wp","href":"https:\/\/api.w.org\/{rel}","templated":true}]}}