{"id":21011,"date":"2019-02-09T17:30:55","date_gmt":"2019-02-09T17:30:55","guid":{"rendered":"https:\/\/www.joliehistoire.com\/?p=21011"},"modified":"2019-02-09T17:30:55","modified_gmt":"2019-02-09T17:30:55","slug":"photographe-mariage-clervaux","status":"publish","type":"post","link":"https:\/\/www.joliehistoire.com\/lu\/blog-lu\/photographe-mariage-clervaux\/","title":{"rendered":"Photographe Mariage Clervaux"},"content":{"rendered":"<p>Aujourd&#8217;hui je vous pr\u00e9sente le mariage de C&amp;L c\u00e9l\u00e9br\u00e9 l&#8217;\u00e9t\u00e9 denier au <a href=\"https:\/\/www.chateau-urspelt.lu\/fr\/mariage-luxembourg\" target=\"_blank\" rel=\"nofollow noopener\">magnifique ch\u00e2teau d&#8217;Urspelt<\/a>, pr\u00e8s de Clervaux.&nbsp; Le point fort de leur mariage \u00e9tait sans aucun doute la tr\u00e8s belle c\u00e9r\u00e9monie la\u00efque c\u00e9l\u00e9br\u00e9e dans la cour du ch\u00e2teau.<\/p>\n<p>Si vous souhaitez <strong>un photographe de mariage \u00e0 Clervaux<\/strong>, n&#8217;h\u00e9sitez pas \u00e0 me contacter pour <a href=\"https:\/\/www.joliehistoire.com\/lu\/contact\/\">me parler de votre futur mariage<\/a> !<\/p>\n<h2>Non loin de Clervaux.. le ch\u00e2teau d&#8217;Urspelt<\/h2>\n<p>J&#8217;ai commenc\u00e9 mon reportage par <strong>les pr\u00e9paratifs des mari\u00e9s<\/strong>, qui avaient lieu dans la suite nuptiale du ch\u00e2teau d&#8217;Urspelt. La challenge \u00e9tait bien s\u00fbr que les mari\u00e9s ne se voient pas, ce qui a donn\u00e9 lieu \u00e0 un jeu de cache-cache plut\u00f4t comique.<\/p>\n<h2>C\u00e9r\u00e9monie la\u00efque dans la cour du ch\u00e2teau<\/h2>\n<p><strong>La c\u00e9r\u00e9monie la\u00efque c\u00e9l\u00e9br\u00e9e dans la cour du ch\u00e2teau \u00e9tait pleine de joie de de symboles<\/strong>. Les diverses interventions des proches ont suscit\u00e9 beaucoup d&#8217;\u00e9motion chez les mari\u00e9s.<\/p>\n<p>Ils ont \u00e9galement souhait\u00e9 s&#8217;\u00e9crire \u00e0 chacun une lettre puis les d\u00e9poser dans une bo\u00eete en bois qu&#8217;ils ont referm\u00e9s \u00e0 l&#8217;aide de clous et d&#8217;un marteau. Ils d\u00e9couvriront ainsi leurs lettres&nbsp; respectives&#8230;. dans 10 ans !&nbsp; C&#8217;est une excellente id\u00e9e qui pourrait s&#8217;ajouter \u00e0 <a href=\"https:\/\/www.joliehistoire.com\/lu\/blog-lu\/ceremonie-mariage-laique-luxembourg\/\">la liste des rituels d\u00e9j\u00e0 \u00e9voqu\u00e9s dans mon article d\u00e9di\u00e9 aux c\u00e9r\u00e9monies de mariage la\u00efques<\/a>.<\/p>\n<p>L&#8217;autre particularit\u00e9 de cette c\u00e9r\u00e9monie est qu&#8217;<strong>elle s&#8217;est d\u00e9roul\u00e9e<\/strong> <strong>pendant le quart de finale de coupe du monde entre la France et l&#8217;Uruguay<\/strong> ! Certains invit\u00e9s, ceux du fond, \u00e9taient du coup tr\u00e8s occup\u00e9s \u00e0 suivre l&#8217;\u00e9volution du match sur leur t\u00e9l\u00e9phone :p Vu le r\u00e9sultat final, cela a encore ajout\u00e9 de la joie \u00e0 cette journ\u00e9e !<\/p>\n<h2>Une soir\u00e9e de mariage festive<\/h2>\n<p>La soir\u00e9e s&#8217;est d\u00e9roul\u00e9e sous le signe de la f\u00eate. Des jeux plut\u00f4t d\u00e9jant\u00e9s, quelques discours et beaucoup de monde sur la piste de danse !<\/p>\n<p>Je remercie C&amp;L pour leur accueil et la confiance qu&#8217;ils m&#8217;ont accord\u00e9e pour photographier leur mariage !<\/p>\n<p>&nbsp;<\/p>\n\n\t\t<style type=\"text\/css\">\n\t\t\t#gallery-1 {\n\t\t\t\tmargin: auto;\n\t\t\t}\n\t\t\t#gallery-1 .gallery-item {\n\t\t\t\tfloat: left;\n\t\t\t\tmargin-top: 10px;\n\t\t\t\ttext-align: center;\n\t\t\t\twidth: 100%;\n\t\t\t}\n\t\t\t#gallery-1 img {\n\t\t\t\tborder: 2px solid #cfcfcf;\n\t\t\t}\n\t\t\t#gallery-1 .gallery-caption {\n\t\t\t\tmargin-left: 0;\n\t\t\t}\n\t\t\t\/* see gallery_shortcode() in wp-includes\/media.php *\/\n\t\t<\/style>\n\t\t<div id=\"gallery-1\" class=\"gallery galleryid-21011 gallery-columns-1 gallery-size-full ilightbox_gallery\" data-options=\"{attr:'source',path:'horizontal'}\"><dl class=\"gallery-item\">\n\t\t\t<dt class=\"gallery-icon landscape\">\n\t\t\t\t<noscript><img decoding=\"async\" width=\"800\" height=\"533\" src=\"https:\/\/www.joliehistoire.com\/wp-content\/uploads\/2019\/02\/01-le-marie-ajuste-son-noeud-papillon.jpg\" class=\"attachment-full size-full\" alt=\"le mari\u00e9 ajuste son noeud papillon\" srcset=\"https:\/\/www.joliehistoire.com\/wp-content\/uploads\/2019\/02\/01-le-marie-ajuste-son-noeud-papillon.jpg 800w, https:\/\/www.joliehistoire.com\/wp-content\/uploads\/2019\/02\/01-le-marie-ajuste-son-noeud-papillon-300x200.jpg 300w, https:\/\/www.joliehistoire.com\/wp-content\/uploads\/2019\/02\/01-le-marie-ajuste-son-noeud-papillon-768x512.jpg 768w\" sizes=\"(max-width: 800px) 100vw, 800px\"><\/noscript><img decoding=\"async\" width=\"800\" height=\"533\" src=\"data:image\/svg+xml,%3Csvg%20xmlns%3D%22http%3A%2F%2Fwww.w3.org%2F2000%2Fsvg%22%20viewBox%3D%220%200%20800%20533%22%3E%3C%2Fsvg%3E\" class=\"attachment-full size-full lazyload\" alt=\"le mari\u00e9 ajuste son noeud papillon\" srcset=\"data:image\/svg+xml,%3Csvg%20xmlns%3D%22http%3A%2F%2Fwww.w3.org%2F2000%2Fsvg%22%20viewBox%3D%220%200%20800%20533%22%3E%3C%2Fsvg%3E 800w\" sizes=\"(max-width: 800px) 100vw, 800px\" data-srcset=\"https:\/\/www.joliehistoire.com\/wp-content\/uploads\/2019\/02\/01-le-marie-ajuste-son-noeud-papillon.jpg 800w, https:\/\/www.joliehistoire.com\/wp-content\/uploads\/2019\/02\/01-le-marie-ajuste-son-noeud-papillon-300x200.jpg 300w, https:\/\/www.joliehistoire.com\/wp-content\/uploads\/2019\/02\/01-le-marie-ajuste-son-noeud-papillon-768x512.jpg 768w\" data-src=\"https:\/\/www.joliehistoire.com\/wp-content\/uploads\/2019\/02\/01-le-marie-ajuste-son-noeud-papillon.jpg\">\n\t\t\t<\/dt><\/dl><br style=\"clear: both\"><dl class=\"gallery-item\">\n\t\t\t<dt class=\"gallery-icon landscape\">\n\t\t\t\t<noscript><img decoding=\"async\" width=\"800\" height=\"533\" src=\"https:\/\/www.joliehistoire.com\/wp-content\/uploads\/2019\/02\/02-la-mariee-suspend-sa-robe-a-la-porte.jpg\" class=\"attachment-full size-full\" alt=\"la mari\u00e9e suspend sa robe \u00e0 la porte\" srcset=\"https:\/\/www.joliehistoire.com\/wp-content\/uploads\/2019\/02\/02-la-mariee-suspend-sa-robe-a-la-porte.jpg 800w, https:\/\/www.joliehistoire.com\/wp-content\/uploads\/2019\/02\/02-la-mariee-suspend-sa-robe-a-la-porte-300x200.jpg 300w, https:\/\/www.joliehistoire.com\/wp-content\/uploads\/2019\/02\/02-la-mariee-suspend-sa-robe-a-la-porte-768x512.jpg 768w\" sizes=\"(max-width: 800px) 100vw, 800px\"><\/noscript><img decoding=\"async\" width=\"800\" height=\"533\" src=\"data:image\/svg+xml,%3Csvg%20xmlns%3D%22http%3A%2F%2Fwww.w3.org%2F2000%2Fsvg%22%20viewBox%3D%220%200%20800%20533%22%3E%3C%2Fsvg%3E\" class=\"attachment-full size-full lazyload\" alt=\"la mari\u00e9e suspend sa robe \u00e0 la porte\" srcset=\"data:image\/svg+xml,%3Csvg%20xmlns%3D%22http%3A%2F%2Fwww.w3.org%2F2000%2Fsvg%22%20viewBox%3D%220%200%20800%20533%22%3E%3C%2Fsvg%3E 800w\" sizes=\"(max-width: 800px) 100vw, 800px\" data-srcset=\"https:\/\/www.joliehistoire.com\/wp-content\/uploads\/2019\/02\/02-la-mariee-suspend-sa-robe-a-la-porte.jpg 800w, https:\/\/www.joliehistoire.com\/wp-content\/uploads\/2019\/02\/02-la-mariee-suspend-sa-robe-a-la-porte-300x200.jpg 300w, https:\/\/www.joliehistoire.com\/wp-content\/uploads\/2019\/02\/02-la-mariee-suspend-sa-robe-a-la-porte-768x512.jpg 768w\" data-src=\"https:\/\/www.joliehistoire.com\/wp-content\/uploads\/2019\/02\/02-la-mariee-suspend-sa-robe-a-la-porte.jpg\">\n\t\t\t<\/dt><\/dl><br style=\"clear: both\"><dl class=\"gallery-item\">\n\t\t\t<dt class=\"gallery-icon landscape\">\n\t\t\t\t<noscript><img decoding=\"async\" width=\"800\" height=\"533\" src=\"https:\/\/www.joliehistoire.com\/wp-content\/uploads\/2019\/02\/03-la-mariee-a-besoin-dun-eventail-pour-saerer.jpg\" class=\"attachment-full size-full\" alt=\"la mari\u00e9e a besoin d&#039;un \u00e9ventail pour s&#039;a\u00e9rer\" srcset=\"https:\/\/www.joliehistoire.com\/wp-content\/uploads\/2019\/02\/03-la-mariee-a-besoin-dun-eventail-pour-saerer.jpg 800w, https:\/\/www.joliehistoire.com\/wp-content\/uploads\/2019\/02\/03-la-mariee-a-besoin-dun-eventail-pour-saerer-300x200.jpg 300w, https:\/\/www.joliehistoire.com\/wp-content\/uploads\/2019\/02\/03-la-mariee-a-besoin-dun-eventail-pour-saerer-768x512.jpg 768w\" sizes=\"(max-width: 800px) 100vw, 800px\"><\/noscript><img decoding=\"async\" width=\"800\" height=\"533\" src=\"data:image\/svg+xml,%3Csvg%20xmlns%3D%22http%3A%2F%2Fwww.w3.org%2F2000%2Fsvg%22%20viewBox%3D%220%200%20800%20533%22%3E%3C%2Fsvg%3E\" class=\"attachment-full size-full lazyload\" alt=\"la mari\u00e9e a besoin d&#039;un \u00e9ventail pour s&#039;a\u00e9rer\" srcset=\"data:image\/svg+xml,%3Csvg%20xmlns%3D%22http%3A%2F%2Fwww.w3.org%2F2000%2Fsvg%22%20viewBox%3D%220%200%20800%20533%22%3E%3C%2Fsvg%3E 800w\" sizes=\"(max-width: 800px) 100vw, 800px\" data-srcset=\"https:\/\/www.joliehistoire.com\/wp-content\/uploads\/2019\/02\/03-la-mariee-a-besoin-dun-eventail-pour-saerer.jpg 800w, https:\/\/www.joliehistoire.com\/wp-content\/uploads\/2019\/02\/03-la-mariee-a-besoin-dun-eventail-pour-saerer-300x200.jpg 300w, https:\/\/www.joliehistoire.com\/wp-content\/uploads\/2019\/02\/03-la-mariee-a-besoin-dun-eventail-pour-saerer-768x512.jpg 768w\" data-src=\"https:\/\/www.joliehistoire.com\/wp-content\/uploads\/2019\/02\/03-la-mariee-a-besoin-dun-eventail-pour-saerer.jpg\">\n\t\t\t<\/dt><\/dl><br style=\"clear: both\"><dl class=\"gallery-item\">\n\t\t\t<dt class=\"gallery-icon landscape\">\n\t\t\t\t<noscript><img decoding=\"async\" width=\"800\" height=\"533\" src=\"https:\/\/www.joliehistoire.com\/wp-content\/uploads\/2019\/02\/05-la-mariee-shabille-au-chateau-durselt.jpg\" class=\"attachment-full size-full\" alt=\"la mari\u00e9e s&#039;habille au chateau d&#039;Urselt\" srcset=\"https:\/\/www.joliehistoire.com\/wp-content\/uploads\/2019\/02\/05-la-mariee-shabille-au-chateau-durselt.jpg 800w, https:\/\/www.joliehistoire.com\/wp-content\/uploads\/2019\/02\/05-la-mariee-shabille-au-chateau-durselt-300x200.jpg 300w, https:\/\/www.joliehistoire.com\/wp-content\/uploads\/2019\/02\/05-la-mariee-shabille-au-chateau-durselt-768x512.jpg 768w\" sizes=\"(max-width: 800px) 100vw, 800px\"><\/noscript><img decoding=\"async\" width=\"800\" height=\"533\" src=\"data:image\/svg+xml,%3Csvg%20xmlns%3D%22http%3A%2F%2Fwww.w3.org%2F2000%2Fsvg%22%20viewBox%3D%220%200%20800%20533%22%3E%3C%2Fsvg%3E\" class=\"attachment-full size-full lazyload\" alt=\"la mari\u00e9e s&#039;habille au chateau d&#039;Urselt\" srcset=\"data:image\/svg+xml,%3Csvg%20xmlns%3D%22http%3A%2F%2Fwww.w3.org%2F2000%2Fsvg%22%20viewBox%3D%220%200%20800%20533%22%3E%3C%2Fsvg%3E 800w\" sizes=\"(max-width: 800px) 100vw, 800px\" data-srcset=\"https:\/\/www.joliehistoire.com\/wp-content\/uploads\/2019\/02\/05-la-mariee-shabille-au-chateau-durselt.jpg 800w, https:\/\/www.joliehistoire.com\/wp-content\/uploads\/2019\/02\/05-la-mariee-shabille-au-chateau-durselt-300x200.jpg 300w, https:\/\/www.joliehistoire.com\/wp-content\/uploads\/2019\/02\/05-la-mariee-shabille-au-chateau-durselt-768x512.jpg 768w\" data-src=\"https:\/\/www.joliehistoire.com\/wp-content\/uploads\/2019\/02\/05-la-mariee-shabille-au-chateau-durselt.jpg\">\n\t\t\t<\/dt><\/dl><br style=\"clear: both\"><dl class=\"gallery-item\">\n\t\t\t<dt class=\"gallery-icon landscape\">\n\t\t\t\t<noscript><img decoding=\"async\" width=\"800\" height=\"533\" src=\"https:\/\/www.joliehistoire.com\/wp-content\/uploads\/2019\/02\/06-fermeture-de-la-robe.jpg\" class=\"attachment-full size-full\" alt=\"fermeture de la robe\" srcset=\"https:\/\/www.joliehistoire.com\/wp-content\/uploads\/2019\/02\/06-fermeture-de-la-robe.jpg 800w, https:\/\/www.joliehistoire.com\/wp-content\/uploads\/2019\/02\/06-fermeture-de-la-robe-300x200.jpg 300w, https:\/\/www.joliehistoire.com\/wp-content\/uploads\/2019\/02\/06-fermeture-de-la-robe-768x512.jpg 768w\" sizes=\"(max-width: 800px) 100vw, 800px\"><\/noscript><img decoding=\"async\" width=\"800\" height=\"533\" src=\"data:image\/svg+xml,%3Csvg%20xmlns%3D%22http%3A%2F%2Fwww.w3.org%2F2000%2Fsvg%22%20viewBox%3D%220%200%20800%20533%22%3E%3C%2Fsvg%3E\" class=\"attachment-full size-full lazyload\" alt=\"fermeture de la robe\" srcset=\"data:image\/svg+xml,%3Csvg%20xmlns%3D%22http%3A%2F%2Fwww.w3.org%2F2000%2Fsvg%22%20viewBox%3D%220%200%20800%20533%22%3E%3C%2Fsvg%3E 800w\" sizes=\"(max-width: 800px) 100vw, 800px\" data-srcset=\"https:\/\/www.joliehistoire.com\/wp-content\/uploads\/2019\/02\/06-fermeture-de-la-robe.jpg 800w, https:\/\/www.joliehistoire.com\/wp-content\/uploads\/2019\/02\/06-fermeture-de-la-robe-300x200.jpg 300w, https:\/\/www.joliehistoire.com\/wp-content\/uploads\/2019\/02\/06-fermeture-de-la-robe-768x512.jpg 768w\" data-src=\"https:\/\/www.joliehistoire.com\/wp-content\/uploads\/2019\/02\/06-fermeture-de-la-robe.jpg\">\n\t\t\t<\/dt><\/dl><br style=\"clear: both\"><dl class=\"gallery-item\">\n\t\t\t<dt class=\"gallery-icon landscape\">\n\t\t\t\t<noscript><img decoding=\"async\" width=\"800\" height=\"533\" src=\"https:\/\/www.joliehistoire.com\/wp-content\/uploads\/2019\/02\/07-la-mariee-et-sa-maman-se-serrent-dans-les-bras.jpg\" class=\"attachment-full size-full\" alt=\"la mari\u00e9e et sa maman se serrent dans les bras\" srcset=\"https:\/\/www.joliehistoire.com\/wp-content\/uploads\/2019\/02\/07-la-mariee-et-sa-maman-se-serrent-dans-les-bras.jpg 800w, https:\/\/www.joliehistoire.com\/wp-content\/uploads\/2019\/02\/07-la-mariee-et-sa-maman-se-serrent-dans-les-bras-300x200.jpg 300w, https:\/\/www.joliehistoire.com\/wp-content\/uploads\/2019\/02\/07-la-mariee-et-sa-maman-se-serrent-dans-les-bras-768x512.jpg 768w\" sizes=\"(max-width: 800px) 100vw, 800px\"><\/noscript><img decoding=\"async\" width=\"800\" height=\"533\" src=\"data:image\/svg+xml,%3Csvg%20xmlns%3D%22http%3A%2F%2Fwww.w3.org%2F2000%2Fsvg%22%20viewBox%3D%220%200%20800%20533%22%3E%3C%2Fsvg%3E\" class=\"attachment-full size-full lazyload\" alt=\"la mari\u00e9e et sa maman se serrent dans les bras\" srcset=\"data:image\/svg+xml,%3Csvg%20xmlns%3D%22http%3A%2F%2Fwww.w3.org%2F2000%2Fsvg%22%20viewBox%3D%220%200%20800%20533%22%3E%3C%2Fsvg%3E 800w\" sizes=\"(max-width: 800px) 100vw, 800px\" data-srcset=\"https:\/\/www.joliehistoire.com\/wp-content\/uploads\/2019\/02\/07-la-mariee-et-sa-maman-se-serrent-dans-les-bras.jpg 800w, https:\/\/www.joliehistoire.com\/wp-content\/uploads\/2019\/02\/07-la-mariee-et-sa-maman-se-serrent-dans-les-bras-300x200.jpg 300w, https:\/\/www.joliehistoire.com\/wp-content\/uploads\/2019\/02\/07-la-mariee-et-sa-maman-se-serrent-dans-les-bras-768x512.jpg 768w\" data-src=\"https:\/\/www.joliehistoire.com\/wp-content\/uploads\/2019\/02\/07-la-mariee-et-sa-maman-se-serrent-dans-les-bras.jpg\">\n\t\t\t<\/dt><\/dl><br style=\"clear: both\"><dl class=\"gallery-item\">\n\t\t\t<dt class=\"gallery-icon landscape\">\n\t\t\t\t<noscript><img decoding=\"async\" width=\"800\" height=\"533\" src=\"https:\/\/www.joliehistoire.com\/wp-content\/uploads\/2019\/02\/09-le-papa-de-la-mariee-decouvre-sa-fille.jpg\" class=\"attachment-full size-full\" alt=\"le papa de la mari\u00e9e d\u00e9couvre sa fille\" srcset=\"https:\/\/www.joliehistoire.com\/wp-content\/uploads\/2019\/02\/09-le-papa-de-la-mariee-decouvre-sa-fille.jpg 800w, https:\/\/www.joliehistoire.com\/wp-content\/uploads\/2019\/02\/09-le-papa-de-la-mariee-decouvre-sa-fille-300x200.jpg 300w, https:\/\/www.joliehistoire.com\/wp-content\/uploads\/2019\/02\/09-le-papa-de-la-mariee-decouvre-sa-fille-768x512.jpg 768w\" sizes=\"(max-width: 800px) 100vw, 800px\"><\/noscript><img decoding=\"async\" width=\"800\" height=\"533\" src=\"data:image\/svg+xml,%3Csvg%20xmlns%3D%22http%3A%2F%2Fwww.w3.org%2F2000%2Fsvg%22%20viewBox%3D%220%200%20800%20533%22%3E%3C%2Fsvg%3E\" class=\"attachment-full size-full lazyload\" alt=\"le papa de la mari\u00e9e d\u00e9couvre sa fille\" srcset=\"data:image\/svg+xml,%3Csvg%20xmlns%3D%22http%3A%2F%2Fwww.w3.org%2F2000%2Fsvg%22%20viewBox%3D%220%200%20800%20533%22%3E%3C%2Fsvg%3E 800w\" sizes=\"(max-width: 800px) 100vw, 800px\" data-srcset=\"https:\/\/www.joliehistoire.com\/wp-content\/uploads\/2019\/02\/09-le-papa-de-la-mariee-decouvre-sa-fille.jpg 800w, https:\/\/www.joliehistoire.com\/wp-content\/uploads\/2019\/02\/09-le-papa-de-la-mariee-decouvre-sa-fille-300x200.jpg 300w, https:\/\/www.joliehistoire.com\/wp-content\/uploads\/2019\/02\/09-le-papa-de-la-mariee-decouvre-sa-fille-768x512.jpg 768w\" data-src=\"https:\/\/www.joliehistoire.com\/wp-content\/uploads\/2019\/02\/09-le-papa-de-la-mariee-decouvre-sa-fille.jpg\">\n\t\t\t<\/dt><\/dl><br style=\"clear: both\"><dl class=\"gallery-item\">\n\t\t\t<dt class=\"gallery-icon landscape\">\n\t\t\t\t<noscript><img decoding=\"async\" width=\"800\" height=\"533\" src=\"https:\/\/www.joliehistoire.com\/wp-content\/uploads\/2019\/02\/10-dans-la-cour-du-chateau-durspelt-pres-de-clervaux.jpg\" class=\"attachment-full size-full\" alt=\"dans la cour du chateau d&#039;urspelt, pr\u00e8s de clervaux\" srcset=\"https:\/\/www.joliehistoire.com\/wp-content\/uploads\/2019\/02\/10-dans-la-cour-du-chateau-durspelt-pres-de-clervaux.jpg 800w, https:\/\/www.joliehistoire.com\/wp-content\/uploads\/2019\/02\/10-dans-la-cour-du-chateau-durspelt-pres-de-clervaux-300x200.jpg 300w, https:\/\/www.joliehistoire.com\/wp-content\/uploads\/2019\/02\/10-dans-la-cour-du-chateau-durspelt-pres-de-clervaux-768x512.jpg 768w\" sizes=\"(max-width: 800px) 100vw, 800px\"><\/noscript><img decoding=\"async\" width=\"800\" height=\"533\" src=\"data:image\/svg+xml,%3Csvg%20xmlns%3D%22http%3A%2F%2Fwww.w3.org%2F2000%2Fsvg%22%20viewBox%3D%220%200%20800%20533%22%3E%3C%2Fsvg%3E\" class=\"attachment-full size-full lazyload\" alt=\"dans la cour du chateau d&#039;urspelt, pr\u00e8s de clervaux\" srcset=\"data:image\/svg+xml,%3Csvg%20xmlns%3D%22http%3A%2F%2Fwww.w3.org%2F2000%2Fsvg%22%20viewBox%3D%220%200%20800%20533%22%3E%3C%2Fsvg%3E 800w\" sizes=\"(max-width: 800px) 100vw, 800px\" data-srcset=\"https:\/\/www.joliehistoire.com\/wp-content\/uploads\/2019\/02\/10-dans-la-cour-du-chateau-durspelt-pres-de-clervaux.jpg 800w, https:\/\/www.joliehistoire.com\/wp-content\/uploads\/2019\/02\/10-dans-la-cour-du-chateau-durspelt-pres-de-clervaux-300x200.jpg 300w, https:\/\/www.joliehistoire.com\/wp-content\/uploads\/2019\/02\/10-dans-la-cour-du-chateau-durspelt-pres-de-clervaux-768x512.jpg 768w\" data-src=\"https:\/\/www.joliehistoire.com\/wp-content\/uploads\/2019\/02\/10-dans-la-cour-du-chateau-durspelt-pres-de-clervaux.jpg\">\n\t\t\t<\/dt><\/dl><br style=\"clear: both\"><dl class=\"gallery-item\">\n\t\t\t<dt class=\"gallery-icon landscape\">\n\t\t\t\t<noscript><img decoding=\"async\" width=\"800\" height=\"533\" src=\"https:\/\/www.joliehistoire.com\/wp-content\/uploads\/2019\/02\/13-ceremonie-laique-au-chateau-durspelt.jpg\" class=\"attachment-full size-full\" alt=\"c\u00e9r\u00e9monie laique au chateau d&#039;urspelt\" srcset=\"https:\/\/www.joliehistoire.com\/wp-content\/uploads\/2019\/02\/13-ceremonie-laique-au-chateau-durspelt.jpg 800w, https:\/\/www.joliehistoire.com\/wp-content\/uploads\/2019\/02\/13-ceremonie-laique-au-chateau-durspelt-300x200.jpg 300w, https:\/\/www.joliehistoire.com\/wp-content\/uploads\/2019\/02\/13-ceremonie-laique-au-chateau-durspelt-768x512.jpg 768w\" sizes=\"(max-width: 800px) 100vw, 800px\"><\/noscript><img decoding=\"async\" width=\"800\" height=\"533\" src=\"data:image\/svg+xml,%3Csvg%20xmlns%3D%22http%3A%2F%2Fwww.w3.org%2F2000%2Fsvg%22%20viewBox%3D%220%200%20800%20533%22%3E%3C%2Fsvg%3E\" class=\"attachment-full size-full lazyload\" alt=\"c\u00e9r\u00e9monie laique au chateau d&#039;urspelt\" srcset=\"data:image\/svg+xml,%3Csvg%20xmlns%3D%22http%3A%2F%2Fwww.w3.org%2F2000%2Fsvg%22%20viewBox%3D%220%200%20800%20533%22%3E%3C%2Fsvg%3E 800w\" sizes=\"(max-width: 800px) 100vw, 800px\" data-srcset=\"https:\/\/www.joliehistoire.com\/wp-content\/uploads\/2019\/02\/13-ceremonie-laique-au-chateau-durspelt.jpg 800w, https:\/\/www.joliehistoire.com\/wp-content\/uploads\/2019\/02\/13-ceremonie-laique-au-chateau-durspelt-300x200.jpg 300w, https:\/\/www.joliehistoire.com\/wp-content\/uploads\/2019\/02\/13-ceremonie-laique-au-chateau-durspelt-768x512.jpg 768w\" data-src=\"https:\/\/www.joliehistoire.com\/wp-content\/uploads\/2019\/02\/13-ceremonie-laique-au-chateau-durspelt.jpg\">\n\t\t\t<\/dt><\/dl><br style=\"clear: both\"><dl class=\"gallery-item\">\n\t\t\t<dt class=\"gallery-icon landscape\">\n\t\t\t\t<noscript><img decoding=\"async\" width=\"800\" height=\"533\" src=\"https:\/\/www.joliehistoire.com\/wp-content\/uploads\/2019\/02\/14-scene-de-fou-rire-pendant-la-ceremonie-laique.jpg\" class=\"attachment-full size-full\" alt=\"sc\u00e8ne de fou rire pendant la c\u00e9r\u00e9monie laique\" srcset=\"https:\/\/www.joliehistoire.com\/wp-content\/uploads\/2019\/02\/14-scene-de-fou-rire-pendant-la-ceremonie-laique.jpg 800w, https:\/\/www.joliehistoire.com\/wp-content\/uploads\/2019\/02\/14-scene-de-fou-rire-pendant-la-ceremonie-laique-300x200.jpg 300w, https:\/\/www.joliehistoire.com\/wp-content\/uploads\/2019\/02\/14-scene-de-fou-rire-pendant-la-ceremonie-laique-768x512.jpg 768w\" sizes=\"(max-width: 800px) 100vw, 800px\"><\/noscript><img decoding=\"async\" width=\"800\" height=\"533\" src=\"data:image\/svg+xml,%3Csvg%20xmlns%3D%22http%3A%2F%2Fwww.w3.org%2F2000%2Fsvg%22%20viewBox%3D%220%200%20800%20533%22%3E%3C%2Fsvg%3E\" class=\"attachment-full size-full lazyload\" alt=\"sc\u00e8ne de fou rire pendant la c\u00e9r\u00e9monie laique\" srcset=\"data:image\/svg+xml,%3Csvg%20xmlns%3D%22http%3A%2F%2Fwww.w3.org%2F2000%2Fsvg%22%20viewBox%3D%220%200%20800%20533%22%3E%3C%2Fsvg%3E 800w\" sizes=\"(max-width: 800px) 100vw, 800px\" data-srcset=\"https:\/\/www.joliehistoire.com\/wp-content\/uploads\/2019\/02\/14-scene-de-fou-rire-pendant-la-ceremonie-laique.jpg 800w, https:\/\/www.joliehistoire.com\/wp-content\/uploads\/2019\/02\/14-scene-de-fou-rire-pendant-la-ceremonie-laique-300x200.jpg 300w, https:\/\/www.joliehistoire.com\/wp-content\/uploads\/2019\/02\/14-scene-de-fou-rire-pendant-la-ceremonie-laique-768x512.jpg 768w\" data-src=\"https:\/\/www.joliehistoire.com\/wp-content\/uploads\/2019\/02\/14-scene-de-fou-rire-pendant-la-ceremonie-laique.jpg\">\n\t\t\t<\/dt><\/dl><br style=\"clear: both\"><dl class=\"gallery-item\">\n\t\t\t<dt class=\"gallery-icon landscape\">\n\t\t\t\t<noscript><img decoding=\"async\" width=\"800\" height=\"533\" src=\"https:\/\/www.joliehistoire.com\/wp-content\/uploads\/2019\/02\/15-demoiselles-dhonneur-font-un-discour.jpg\" class=\"attachment-full size-full\" alt=\"demoiselles d&#039;honneur font un discour\" srcset=\"https:\/\/www.joliehistoire.com\/wp-content\/uploads\/2019\/02\/15-demoiselles-dhonneur-font-un-discour.jpg 800w, https:\/\/www.joliehistoire.com\/wp-content\/uploads\/2019\/02\/15-demoiselles-dhonneur-font-un-discour-300x200.jpg 300w, https:\/\/www.joliehistoire.com\/wp-content\/uploads\/2019\/02\/15-demoiselles-dhonneur-font-un-discour-768x512.jpg 768w\" sizes=\"(max-width: 800px) 100vw, 800px\"><\/noscript><img decoding=\"async\" width=\"800\" height=\"533\" src=\"data:image\/svg+xml,%3Csvg%20xmlns%3D%22http%3A%2F%2Fwww.w3.org%2F2000%2Fsvg%22%20viewBox%3D%220%200%20800%20533%22%3E%3C%2Fsvg%3E\" class=\"attachment-full size-full lazyload\" alt=\"demoiselles d&#039;honneur font un discour\" srcset=\"data:image\/svg+xml,%3Csvg%20xmlns%3D%22http%3A%2F%2Fwww.w3.org%2F2000%2Fsvg%22%20viewBox%3D%220%200%20800%20533%22%3E%3C%2Fsvg%3E 800w\" sizes=\"(max-width: 800px) 100vw, 800px\" data-srcset=\"https:\/\/www.joliehistoire.com\/wp-content\/uploads\/2019\/02\/15-demoiselles-dhonneur-font-un-discour.jpg 800w, https:\/\/www.joliehistoire.com\/wp-content\/uploads\/2019\/02\/15-demoiselles-dhonneur-font-un-discour-300x200.jpg 300w, https:\/\/www.joliehistoire.com\/wp-content\/uploads\/2019\/02\/15-demoiselles-dhonneur-font-un-discour-768x512.jpg 768w\" data-src=\"https:\/\/www.joliehistoire.com\/wp-content\/uploads\/2019\/02\/15-demoiselles-dhonneur-font-un-discour.jpg\">\n\t\t\t<\/dt><\/dl><br style=\"clear: both\"><dl class=\"gallery-item\">\n\t\t\t<dt class=\"gallery-icon landscape\">\n\t\t\t\t<noscript><img decoding=\"async\" width=\"800\" height=\"533\" src=\"https:\/\/www.joliehistoire.com\/wp-content\/uploads\/2019\/02\/16-un-groupe-gospel-au-chateau-durspelt.jpg\" class=\"attachment-full size-full\" alt=\"un groupe gospel au chateau d&#039;urspelt\" srcset=\"https:\/\/www.joliehistoire.com\/wp-content\/uploads\/2019\/02\/16-un-groupe-gospel-au-chateau-durspelt.jpg 800w, https:\/\/www.joliehistoire.com\/wp-content\/uploads\/2019\/02\/16-un-groupe-gospel-au-chateau-durspelt-300x200.jpg 300w, https:\/\/www.joliehistoire.com\/wp-content\/uploads\/2019\/02\/16-un-groupe-gospel-au-chateau-durspelt-768x512.jpg 768w\" sizes=\"(max-width: 800px) 100vw, 800px\"><\/noscript><img decoding=\"async\" width=\"800\" height=\"533\" src=\"data:image\/svg+xml,%3Csvg%20xmlns%3D%22http%3A%2F%2Fwww.w3.org%2F2000%2Fsvg%22%20viewBox%3D%220%200%20800%20533%22%3E%3C%2Fsvg%3E\" class=\"attachment-full size-full lazyload\" alt=\"un groupe gospel au chateau d&#039;urspelt\" srcset=\"data:image\/svg+xml,%3Csvg%20xmlns%3D%22http%3A%2F%2Fwww.w3.org%2F2000%2Fsvg%22%20viewBox%3D%220%200%20800%20533%22%3E%3C%2Fsvg%3E 800w\" sizes=\"(max-width: 800px) 100vw, 800px\" data-srcset=\"https:\/\/www.joliehistoire.com\/wp-content\/uploads\/2019\/02\/16-un-groupe-gospel-au-chateau-durspelt.jpg 800w, https:\/\/www.joliehistoire.com\/wp-content\/uploads\/2019\/02\/16-un-groupe-gospel-au-chateau-durspelt-300x200.jpg 300w, https:\/\/www.joliehistoire.com\/wp-content\/uploads\/2019\/02\/16-un-groupe-gospel-au-chateau-durspelt-768x512.jpg 768w\" data-src=\"https:\/\/www.joliehistoire.com\/wp-content\/uploads\/2019\/02\/16-un-groupe-gospel-au-chateau-durspelt.jpg\">\n\t\t\t<\/dt><\/dl><br style=\"clear: both\"><dl class=\"gallery-item\">\n\t\t\t<dt class=\"gallery-icon landscape\">\n\t\t\t\t<noscript><img decoding=\"async\" width=\"800\" height=\"533\" src=\"https:\/\/www.joliehistoire.com\/wp-content\/uploads\/2019\/02\/17-le-rituel-de-la-boite-pendant-une-ceremonie-symbolique-de-mariage.jpg\" class=\"attachment-full size-full\" alt=\"le rituel de la boite pendant une c\u00e9r\u00e9monie symbolique de mariage\" srcset=\"https:\/\/www.joliehistoire.com\/wp-content\/uploads\/2019\/02\/17-le-rituel-de-la-boite-pendant-une-ceremonie-symbolique-de-mariage.jpg 800w, https:\/\/www.joliehistoire.com\/wp-content\/uploads\/2019\/02\/17-le-rituel-de-la-boite-pendant-une-ceremonie-symbolique-de-mariage-300x200.jpg 300w, https:\/\/www.joliehistoire.com\/wp-content\/uploads\/2019\/02\/17-le-rituel-de-la-boite-pendant-une-ceremonie-symbolique-de-mariage-768x512.jpg 768w\" sizes=\"(max-width: 800px) 100vw, 800px\"><\/noscript><img decoding=\"async\" width=\"800\" height=\"533\" src=\"data:image\/svg+xml,%3Csvg%20xmlns%3D%22http%3A%2F%2Fwww.w3.org%2F2000%2Fsvg%22%20viewBox%3D%220%200%20800%20533%22%3E%3C%2Fsvg%3E\" class=\"attachment-full size-full lazyload\" alt=\"le rituel de la boite pendant une c\u00e9r\u00e9monie symbolique de mariage\" srcset=\"data:image\/svg+xml,%3Csvg%20xmlns%3D%22http%3A%2F%2Fwww.w3.org%2F2000%2Fsvg%22%20viewBox%3D%220%200%20800%20533%22%3E%3C%2Fsvg%3E 800w\" sizes=\"(max-width: 800px) 100vw, 800px\" data-srcset=\"https:\/\/www.joliehistoire.com\/wp-content\/uploads\/2019\/02\/17-le-rituel-de-la-boite-pendant-une-ceremonie-symbolique-de-mariage.jpg 800w, https:\/\/www.joliehistoire.com\/wp-content\/uploads\/2019\/02\/17-le-rituel-de-la-boite-pendant-une-ceremonie-symbolique-de-mariage-300x200.jpg 300w, https:\/\/www.joliehistoire.com\/wp-content\/uploads\/2019\/02\/17-le-rituel-de-la-boite-pendant-une-ceremonie-symbolique-de-mariage-768x512.jpg 768w\" data-src=\"https:\/\/www.joliehistoire.com\/wp-content\/uploads\/2019\/02\/17-le-rituel-de-la-boite-pendant-une-ceremonie-symbolique-de-mariage.jpg\">\n\t\t\t<\/dt><\/dl><br style=\"clear: both\"><dl class=\"gallery-item\">\n\t\t\t<dt class=\"gallery-icon landscape\">\n\t\t\t\t<noscript><img decoding=\"async\" width=\"800\" height=\"533\" src=\"https:\/\/www.joliehistoire.com\/wp-content\/uploads\/2019\/02\/18-le-marie-ajuste-le-clou-avant-de-lenfoncer.jpg\" class=\"attachment-full size-full\" alt=\"le mari\u00e9 ajuste le clou avant de l&#039;enfoncer\" srcset=\"https:\/\/www.joliehistoire.com\/wp-content\/uploads\/2019\/02\/18-le-marie-ajuste-le-clou-avant-de-lenfoncer.jpg 800w, https:\/\/www.joliehistoire.com\/wp-content\/uploads\/2019\/02\/18-le-marie-ajuste-le-clou-avant-de-lenfoncer-300x200.jpg 300w, https:\/\/www.joliehistoire.com\/wp-content\/uploads\/2019\/02\/18-le-marie-ajuste-le-clou-avant-de-lenfoncer-768x512.jpg 768w\" sizes=\"(max-width: 800px) 100vw, 800px\"><\/noscript><img decoding=\"async\" width=\"800\" height=\"533\" src=\"data:image\/svg+xml,%3Csvg%20xmlns%3D%22http%3A%2F%2Fwww.w3.org%2F2000%2Fsvg%22%20viewBox%3D%220%200%20800%20533%22%3E%3C%2Fsvg%3E\" class=\"attachment-full size-full lazyload\" alt=\"le mari\u00e9 ajuste le clou avant de l&#039;enfoncer\" srcset=\"data:image\/svg+xml,%3Csvg%20xmlns%3D%22http%3A%2F%2Fwww.w3.org%2F2000%2Fsvg%22%20viewBox%3D%220%200%20800%20533%22%3E%3C%2Fsvg%3E 800w\" sizes=\"(max-width: 800px) 100vw, 800px\" data-srcset=\"https:\/\/www.joliehistoire.com\/wp-content\/uploads\/2019\/02\/18-le-marie-ajuste-le-clou-avant-de-lenfoncer.jpg 800w, https:\/\/www.joliehistoire.com\/wp-content\/uploads\/2019\/02\/18-le-marie-ajuste-le-clou-avant-de-lenfoncer-300x200.jpg 300w, https:\/\/www.joliehistoire.com\/wp-content\/uploads\/2019\/02\/18-le-marie-ajuste-le-clou-avant-de-lenfoncer-768x512.jpg 768w\" data-src=\"https:\/\/www.joliehistoire.com\/wp-content\/uploads\/2019\/02\/18-le-marie-ajuste-le-clou-avant-de-lenfoncer.jpg\">\n\t\t\t<\/dt><\/dl><br style=\"clear: both\"><dl class=\"gallery-item\">\n\t\t\t<dt class=\"gallery-icon landscape\">\n\t\t\t\t<noscript><img decoding=\"async\" width=\"800\" height=\"533\" src=\"https:\/\/www.joliehistoire.com\/wp-content\/uploads\/2019\/02\/19-fermeture-de-la-boite-par-les-maries.jpg\" class=\"attachment-full size-full\" alt=\"fermeture de la boite par les mari\u00e9s\" srcset=\"https:\/\/www.joliehistoire.com\/wp-content\/uploads\/2019\/02\/19-fermeture-de-la-boite-par-les-maries.jpg 800w, https:\/\/www.joliehistoire.com\/wp-content\/uploads\/2019\/02\/19-fermeture-de-la-boite-par-les-maries-300x200.jpg 300w, https:\/\/www.joliehistoire.com\/wp-content\/uploads\/2019\/02\/19-fermeture-de-la-boite-par-les-maries-768x512.jpg 768w\" sizes=\"(max-width: 800px) 100vw, 800px\"><\/noscript><img decoding=\"async\" width=\"800\" height=\"533\" src=\"data:image\/svg+xml,%3Csvg%20xmlns%3D%22http%3A%2F%2Fwww.w3.org%2F2000%2Fsvg%22%20viewBox%3D%220%200%20800%20533%22%3E%3C%2Fsvg%3E\" class=\"attachment-full size-full lazyload\" alt=\"fermeture de la boite par les mari\u00e9s\" srcset=\"data:image\/svg+xml,%3Csvg%20xmlns%3D%22http%3A%2F%2Fwww.w3.org%2F2000%2Fsvg%22%20viewBox%3D%220%200%20800%20533%22%3E%3C%2Fsvg%3E 800w\" sizes=\"(max-width: 800px) 100vw, 800px\" data-srcset=\"https:\/\/www.joliehistoire.com\/wp-content\/uploads\/2019\/02\/19-fermeture-de-la-boite-par-les-maries.jpg 800w, https:\/\/www.joliehistoire.com\/wp-content\/uploads\/2019\/02\/19-fermeture-de-la-boite-par-les-maries-300x200.jpg 300w, https:\/\/www.joliehistoire.com\/wp-content\/uploads\/2019\/02\/19-fermeture-de-la-boite-par-les-maries-768x512.jpg 768w\" data-src=\"https:\/\/www.joliehistoire.com\/wp-content\/uploads\/2019\/02\/19-fermeture-de-la-boite-par-les-maries.jpg\">\n\t\t\t<\/dt><\/dl><br style=\"clear: both\"><dl class=\"gallery-item\">\n\t\t\t<dt class=\"gallery-icon landscape\">\n\t\t\t\t<noscript><img decoding=\"async\" width=\"800\" height=\"533\" src=\"https:\/\/www.joliehistoire.com\/wp-content\/uploads\/2019\/02\/20-coup-de-marteau.jpg\" class=\"attachment-full size-full\" alt=\"coup de marteau\" srcset=\"https:\/\/www.joliehistoire.com\/wp-content\/uploads\/2019\/02\/20-coup-de-marteau.jpg 800w, https:\/\/www.joliehistoire.com\/wp-content\/uploads\/2019\/02\/20-coup-de-marteau-300x200.jpg 300w, https:\/\/www.joliehistoire.com\/wp-content\/uploads\/2019\/02\/20-coup-de-marteau-768x512.jpg 768w\" sizes=\"(max-width: 800px) 100vw, 800px\"><\/noscript><img decoding=\"async\" width=\"800\" height=\"533\" src=\"data:image\/svg+xml,%3Csvg%20xmlns%3D%22http%3A%2F%2Fwww.w3.org%2F2000%2Fsvg%22%20viewBox%3D%220%200%20800%20533%22%3E%3C%2Fsvg%3E\" class=\"attachment-full size-full lazyload\" alt=\"coup de marteau\" srcset=\"data:image\/svg+xml,%3Csvg%20xmlns%3D%22http%3A%2F%2Fwww.w3.org%2F2000%2Fsvg%22%20viewBox%3D%220%200%20800%20533%22%3E%3C%2Fsvg%3E 800w\" sizes=\"(max-width: 800px) 100vw, 800px\" data-srcset=\"https:\/\/www.joliehistoire.com\/wp-content\/uploads\/2019\/02\/20-coup-de-marteau.jpg 800w, https:\/\/www.joliehistoire.com\/wp-content\/uploads\/2019\/02\/20-coup-de-marteau-300x200.jpg 300w, https:\/\/www.joliehistoire.com\/wp-content\/uploads\/2019\/02\/20-coup-de-marteau-768x512.jpg 768w\" data-src=\"https:\/\/www.joliehistoire.com\/wp-content\/uploads\/2019\/02\/20-coup-de-marteau.jpg\">\n\t\t\t<\/dt><\/dl><br style=\"clear: both\"><dl class=\"gallery-item\">\n\t\t\t<dt class=\"gallery-icon landscape\">\n\t\t\t\t<noscript><img decoding=\"async\" width=\"800\" height=\"533\" src=\"https:\/\/www.joliehistoire.com\/wp-content\/uploads\/2019\/02\/21-les-maries-sembrassent.jpg\" class=\"attachment-full size-full\" alt=\"les mari\u00e9s s&#039;embrassent\" srcset=\"https:\/\/www.joliehistoire.com\/wp-content\/uploads\/2019\/02\/21-les-maries-sembrassent.jpg 800w, https:\/\/www.joliehistoire.com\/wp-content\/uploads\/2019\/02\/21-les-maries-sembrassent-300x200.jpg 300w, https:\/\/www.joliehistoire.com\/wp-content\/uploads\/2019\/02\/21-les-maries-sembrassent-768x512.jpg 768w\" sizes=\"(max-width: 800px) 100vw, 800px\"><\/noscript><img decoding=\"async\" width=\"800\" height=\"533\" src=\"data:image\/svg+xml,%3Csvg%20xmlns%3D%22http%3A%2F%2Fwww.w3.org%2F2000%2Fsvg%22%20viewBox%3D%220%200%20800%20533%22%3E%3C%2Fsvg%3E\" class=\"attachment-full size-full lazyload\" alt=\"les mari\u00e9s s&#039;embrassent\" srcset=\"data:image\/svg+xml,%3Csvg%20xmlns%3D%22http%3A%2F%2Fwww.w3.org%2F2000%2Fsvg%22%20viewBox%3D%220%200%20800%20533%22%3E%3C%2Fsvg%3E 800w\" sizes=\"(max-width: 800px) 100vw, 800px\" data-srcset=\"https:\/\/www.joliehistoire.com\/wp-content\/uploads\/2019\/02\/21-les-maries-sembrassent.jpg 800w, https:\/\/www.joliehistoire.com\/wp-content\/uploads\/2019\/02\/21-les-maries-sembrassent-300x200.jpg 300w, https:\/\/www.joliehistoire.com\/wp-content\/uploads\/2019\/02\/21-les-maries-sembrassent-768x512.jpg 768w\" data-src=\"https:\/\/www.joliehistoire.com\/wp-content\/uploads\/2019\/02\/21-les-maries-sembrassent.jpg\">\n\t\t\t<\/dt><\/dl><br style=\"clear: both\"><dl class=\"gallery-item\">\n\t\t\t<dt class=\"gallery-icon landscape\">\n\t\t\t\t<noscript><img decoding=\"async\" width=\"800\" height=\"533\" src=\"https:\/\/www.joliehistoire.com\/wp-content\/uploads\/2019\/02\/22-sortie-des-maries-sous-les-confettis.jpg\" class=\"attachment-full size-full\" alt=\"sortie des mari\u00e9s sous les confettis\" srcset=\"https:\/\/www.joliehistoire.com\/wp-content\/uploads\/2019\/02\/22-sortie-des-maries-sous-les-confettis.jpg 800w, https:\/\/www.joliehistoire.com\/wp-content\/uploads\/2019\/02\/22-sortie-des-maries-sous-les-confettis-300x200.jpg 300w, https:\/\/www.joliehistoire.com\/wp-content\/uploads\/2019\/02\/22-sortie-des-maries-sous-les-confettis-768x512.jpg 768w\" sizes=\"(max-width: 800px) 100vw, 800px\"><\/noscript><img decoding=\"async\" width=\"800\" height=\"533\" src=\"data:image\/svg+xml,%3Csvg%20xmlns%3D%22http%3A%2F%2Fwww.w3.org%2F2000%2Fsvg%22%20viewBox%3D%220%200%20800%20533%22%3E%3C%2Fsvg%3E\" class=\"attachment-full size-full lazyload\" alt=\"sortie des mari\u00e9s sous les confettis\" srcset=\"data:image\/svg+xml,%3Csvg%20xmlns%3D%22http%3A%2F%2Fwww.w3.org%2F2000%2Fsvg%22%20viewBox%3D%220%200%20800%20533%22%3E%3C%2Fsvg%3E 800w\" sizes=\"(max-width: 800px) 100vw, 800px\" data-srcset=\"https:\/\/www.joliehistoire.com\/wp-content\/uploads\/2019\/02\/22-sortie-des-maries-sous-les-confettis.jpg 800w, https:\/\/www.joliehistoire.com\/wp-content\/uploads\/2019\/02\/22-sortie-des-maries-sous-les-confettis-300x200.jpg 300w, https:\/\/www.joliehistoire.com\/wp-content\/uploads\/2019\/02\/22-sortie-des-maries-sous-les-confettis-768x512.jpg 768w\" data-src=\"https:\/\/www.joliehistoire.com\/wp-content\/uploads\/2019\/02\/22-sortie-des-maries-sous-les-confettis.jpg\">\n\t\t\t<\/dt><\/dl><br style=\"clear: both\"><dl class=\"gallery-item\">\n\t\t\t<dt class=\"gallery-icon landscape\">\n\t\t\t\t<noscript><img decoding=\"async\" width=\"800\" height=\"533\" src=\"https:\/\/www.joliehistoire.com\/wp-content\/uploads\/2019\/02\/27-on-joue-sur-la-piste-de-danse.jpg\" class=\"attachment-full size-full\" alt=\"on joue sur la piste de danse\" srcset=\"https:\/\/www.joliehistoire.com\/wp-content\/uploads\/2019\/02\/27-on-joue-sur-la-piste-de-danse.jpg 800w, https:\/\/www.joliehistoire.com\/wp-content\/uploads\/2019\/02\/27-on-joue-sur-la-piste-de-danse-300x200.jpg 300w, https:\/\/www.joliehistoire.com\/wp-content\/uploads\/2019\/02\/27-on-joue-sur-la-piste-de-danse-768x512.jpg 768w\" sizes=\"(max-width: 800px) 100vw, 800px\"><\/noscript><img decoding=\"async\" width=\"800\" height=\"533\" src=\"data:image\/svg+xml,%3Csvg%20xmlns%3D%22http%3A%2F%2Fwww.w3.org%2F2000%2Fsvg%22%20viewBox%3D%220%200%20800%20533%22%3E%3C%2Fsvg%3E\" class=\"attachment-full size-full lazyload\" alt=\"on joue sur la piste de danse\" srcset=\"data:image\/svg+xml,%3Csvg%20xmlns%3D%22http%3A%2F%2Fwww.w3.org%2F2000%2Fsvg%22%20viewBox%3D%220%200%20800%20533%22%3E%3C%2Fsvg%3E 800w\" sizes=\"(max-width: 800px) 100vw, 800px\" data-srcset=\"https:\/\/www.joliehistoire.com\/wp-content\/uploads\/2019\/02\/27-on-joue-sur-la-piste-de-danse.jpg 800w, https:\/\/www.joliehistoire.com\/wp-content\/uploads\/2019\/02\/27-on-joue-sur-la-piste-de-danse-300x200.jpg 300w, https:\/\/www.joliehistoire.com\/wp-content\/uploads\/2019\/02\/27-on-joue-sur-la-piste-de-danse-768x512.jpg 768w\" data-src=\"https:\/\/www.joliehistoire.com\/wp-content\/uploads\/2019\/02\/27-on-joue-sur-la-piste-de-danse.jpg\">\n\t\t\t<\/dt><\/dl><br style=\"clear: both\"><dl class=\"gallery-item\">\n\t\t\t<dt class=\"gallery-icon landscape\">\n\t\t\t\t<noscript><img decoding=\"async\" width=\"800\" height=\"533\" src=\"https:\/\/www.joliehistoire.com\/wp-content\/uploads\/2019\/02\/26-soiree-dansante.jpg\" class=\"attachment-full size-full\" alt=\"soir\u00e9e dansante\" srcset=\"https:\/\/www.joliehistoire.com\/wp-content\/uploads\/2019\/02\/26-soiree-dansante.jpg 800w, https:\/\/www.joliehistoire.com\/wp-content\/uploads\/2019\/02\/26-soiree-dansante-300x200.jpg 300w, https:\/\/www.joliehistoire.com\/wp-content\/uploads\/2019\/02\/26-soiree-dansante-768x512.jpg 768w\" sizes=\"(max-width: 800px) 100vw, 800px\"><\/noscript><img decoding=\"async\" width=\"800\" height=\"533\" src=\"data:image\/svg+xml,%3Csvg%20xmlns%3D%22http%3A%2F%2Fwww.w3.org%2F2000%2Fsvg%22%20viewBox%3D%220%200%20800%20533%22%3E%3C%2Fsvg%3E\" class=\"attachment-full size-full lazyload\" alt=\"soir\u00e9e dansante\" srcset=\"data:image\/svg+xml,%3Csvg%20xmlns%3D%22http%3A%2F%2Fwww.w3.org%2F2000%2Fsvg%22%20viewBox%3D%220%200%20800%20533%22%3E%3C%2Fsvg%3E 800w\" sizes=\"(max-width: 800px) 100vw, 800px\" data-srcset=\"https:\/\/www.joliehistoire.com\/wp-content\/uploads\/2019\/02\/26-soiree-dansante.jpg 800w, https:\/\/www.joliehistoire.com\/wp-content\/uploads\/2019\/02\/26-soiree-dansante-300x200.jpg 300w, https:\/\/www.joliehistoire.com\/wp-content\/uploads\/2019\/02\/26-soiree-dansante-768x512.jpg 768w\" data-src=\"https:\/\/www.joliehistoire.com\/wp-content\/uploads\/2019\/02\/26-soiree-dansante.jpg\">\n\t\t\t<\/dt><\/dl><br style=\"clear: both\">\n\t\t<\/div>\n\n","protected":false},"excerpt":{"rendered":"<p>Aujourd&#8217;hui je vous pr\u00e9sente le mariage de C&amp;L c\u00e9l\u00e9br\u00e9 l&#8217;\u00e9t\u00e9 denier au magnifique ch\u00e2teau d&#8217;Urspelt, pr\u00e8s de Clervaux.\u00a0 Le point fort de leur mariage \u00e9tait sans aucun doute la tr\u00e8s belle c\u00e9r\u00e9monie la\u00efque c\u00e9l\u00e9br\u00e9e dans la cour du ch\u00e2teau. Si vous souhaitez un photographe de mariage \u00e0 Clervaux, n&#8217;h\u00e9sitez pas \u00e0 me contacter pour me [&hellip;]<\/p>\n","protected":false},"author":1,"featured_media":21098,"comment_status":"closed","ping_status":"closed","sticky":false,"template":"","format":"standard","meta":{"footnotes":""},"categories":[48],"tags":[],"class_list":["post-21011","post","type-post","status-publish","format-standard","has-post-thumbnail","hentry","category-blog-lu"],"yoast_head":"<!-- This site is optimized with the Yoast SEO plugin v27.4 - https:\/\/yoast.com\/product\/yoast-seo-wordpress\/ -->\n<title>Photographe Mariage Clervaux - Ch\u00e2teau d&#039;Urspelt<\/title>\n<meta name=\"description\" content=\"Photographe de mariage \u00e0 Clervaux, je vous pr\u00e9sente ce reportage d&#039;un mariage c\u00e9l\u00e9br\u00e9 au ch\u00e2teau d&#039;Urspelt. La c\u00e9r\u00e9monie la\u00efque \u00e9tait charg\u00e9e en \u00e9motion.\" \/>\n<meta name=\"robots\" content=\"index, follow, max-snippet:-1, max-image-preview:large, max-video-preview:-1\" \/>\n<link rel=\"canonical\" href=\"https:\/\/www.joliehistoire.com\/lu\/blog-lu\/photographe-mariage-clervaux\/\" \/>\n<meta name=\"twitter:card\" content=\"summary_large_image\" \/>\n<meta name=\"twitter:title\" content=\"Photographe Mariage Clervaux - Ch\u00e2teau d&#039;Urspelt\" \/>\n<meta name=\"twitter:description\" content=\"Photographe de mariage \u00e0 Clervaux, je vous pr\u00e9sente ce reportage d&#039;un mariage c\u00e9l\u00e9br\u00e9 au ch\u00e2teau d&#039;Urspelt. La c\u00e9r\u00e9monie la\u00efque \u00e9tait charg\u00e9e en \u00e9motion.\" \/>\n<meta name=\"twitter:image\" content=\"https:\/\/www.joliehistoire.com\/wp-content\/uploads\/2019\/02\/05-la-mariee-shabille-au-chateau-durselt.jpg\" \/>\n<meta name=\"twitter:label1\" content=\"Written by\" \/>\n\t<meta name=\"twitter:data1\" content=\"photographe luxembourg\" \/>\n\t<meta name=\"twitter:label2\" content=\"Est. reading time\" \/>\n\t<meta name=\"twitter:data2\" content=\"2 minutes\" \/>\n<script type=\"application\/ld+json\" class=\"yoast-schema-graph\">{\"@context\":\"https:\\\/\\\/schema.org\",\"@graph\":[{\"@type\":\"Article\",\"@id\":\"https:\\\/\\\/www.joliehistoire.com\\\/lu\\\/blog-lu\\\/photographe-mariage-clervaux\\\/#article\",\"isPartOf\":{\"@id\":\"https:\\\/\\\/www.joliehistoire.com\\\/lu\\\/blog-lu\\\/photographe-mariage-clervaux\\\/\"},\"author\":{\"name\":\"photographe luxembourg\",\"@id\":\"https:\\\/\\\/www.joliehistoire.com\\\/#\\\/schema\\\/person\\\/bd008c25130122120b7a541135b27f8b\"},\"headline\":\"Photographe Mariage Clervaux\",\"datePublished\":\"2019-02-09T17:30:55+00:00\",\"mainEntityOfPage\":{\"@id\":\"https:\\\/\\\/www.joliehistoire.com\\\/lu\\\/blog-lu\\\/photographe-mariage-clervaux\\\/\"},\"wordCount\":398,\"image\":{\"@id\":\"https:\\\/\\\/www.joliehistoire.com\\\/lu\\\/blog-lu\\\/photographe-mariage-clervaux\\\/#primaryimage\"},\"thumbnailUrl\":\"https:\\\/\\\/www.joliehistoire.com\\\/wp-content\\\/uploads\\\/2019\\\/02\\\/05-la-mariee-shabille-au-chateau-durselt.jpg\",\"articleSection\":[\"blog\"],\"inLanguage\":\"fr-LU\"},{\"@type\":\"WebPage\",\"@id\":\"https:\\\/\\\/www.joliehistoire.com\\\/lu\\\/blog-lu\\\/photographe-mariage-clervaux\\\/\",\"url\":\"https:\\\/\\\/www.joliehistoire.com\\\/lu\\\/blog-lu\\\/photographe-mariage-clervaux\\\/\",\"name\":\"Photographe Mariage Clervaux - Ch\u00e2teau d'Urspelt\",\"isPartOf\":{\"@id\":\"https:\\\/\\\/www.joliehistoire.com\\\/#website\"},\"primaryImageOfPage\":{\"@id\":\"https:\\\/\\\/www.joliehistoire.com\\\/lu\\\/blog-lu\\\/photographe-mariage-clervaux\\\/#primaryimage\"},\"image\":{\"@id\":\"https:\\\/\\\/www.joliehistoire.com\\\/lu\\\/blog-lu\\\/photographe-mariage-clervaux\\\/#primaryimage\"},\"thumbnailUrl\":\"https:\\\/\\\/www.joliehistoire.com\\\/wp-content\\\/uploads\\\/2019\\\/02\\\/05-la-mariee-shabille-au-chateau-durselt.jpg\",\"datePublished\":\"2019-02-09T17:30:55+00:00\",\"author\":{\"@id\":\"https:\\\/\\\/www.joliehistoire.com\\\/#\\\/schema\\\/person\\\/bd008c25130122120b7a541135b27f8b\"},\"description\":\"Photographe de mariage \u00e0 Clervaux, je vous pr\u00e9sente ce reportage d'un mariage c\u00e9l\u00e9br\u00e9 au ch\u00e2teau d'Urspelt. La c\u00e9r\u00e9monie la\u00efque \u00e9tait charg\u00e9e en \u00e9motion.\",\"breadcrumb\":{\"@id\":\"https:\\\/\\\/www.joliehistoire.com\\\/lu\\\/blog-lu\\\/photographe-mariage-clervaux\\\/#breadcrumb\"},\"inLanguage\":\"fr-LU\",\"potentialAction\":[{\"@type\":\"ReadAction\",\"target\":[\"https:\\\/\\\/www.joliehistoire.com\\\/lu\\\/blog-lu\\\/photographe-mariage-clervaux\\\/\"]}]},{\"@type\":\"ImageObject\",\"inLanguage\":\"fr-LU\",\"@id\":\"https:\\\/\\\/www.joliehistoire.com\\\/lu\\\/blog-lu\\\/photographe-mariage-clervaux\\\/#primaryimage\",\"url\":\"https:\\\/\\\/www.joliehistoire.com\\\/wp-content\\\/uploads\\\/2019\\\/02\\\/05-la-mariee-shabille-au-chateau-durselt.jpg\",\"contentUrl\":\"https:\\\/\\\/www.joliehistoire.com\\\/wp-content\\\/uploads\\\/2019\\\/02\\\/05-la-mariee-shabille-au-chateau-durselt.jpg\",\"width\":800,\"height\":533,\"caption\":\"la mari\u00e9e s'habille au chateau d'Urselt\"},{\"@type\":\"BreadcrumbList\",\"@id\":\"https:\\\/\\\/www.joliehistoire.com\\\/lu\\\/blog-lu\\\/photographe-mariage-clervaux\\\/#breadcrumb\",\"itemListElement\":[{\"@type\":\"ListItem\",\"position\":1,\"name\":\"Home\",\"item\":\"https:\\\/\\\/www.joliehistoire.com\\\/lu\\\/\"},{\"@type\":\"ListItem\",\"position\":2,\"name\":\"Photographe Mariage Clervaux\"}]},{\"@type\":\"WebSite\",\"@id\":\"https:\\\/\\\/www.joliehistoire.com\\\/#website\",\"url\":\"https:\\\/\\\/www.joliehistoire.com\\\/\",\"name\":\"joliehistoire\",\"description\":\"wedding photographer\",\"potentialAction\":[{\"@type\":\"SearchAction\",\"target\":{\"@type\":\"EntryPoint\",\"urlTemplate\":\"https:\\\/\\\/www.joliehistoire.com\\\/?s={search_term_string}\"},\"query-input\":{\"@type\":\"PropertyValueSpecification\",\"valueRequired\":true,\"valueName\":\"search_term_string\"}}],\"inLanguage\":\"fr-LU\"},{\"@type\":\"Person\",\"@id\":\"https:\\\/\\\/www.joliehistoire.com\\\/#\\\/schema\\\/person\\\/bd008c25130122120b7a541135b27f8b\",\"name\":\"photographe luxembourg\",\"image\":{\"@type\":\"ImageObject\",\"inLanguage\":\"fr-LU\",\"@id\":\"https:\\\/\\\/secure.gravatar.com\\\/avatar\\\/03679d8c33ffd4c1861f7eb3f232c608660617a0925ee9f5edb0d1de0df20058?s=96&d=mm&r=g\",\"url\":\"https:\\\/\\\/secure.gravatar.com\\\/avatar\\\/03679d8c33ffd4c1861f7eb3f232c608660617a0925ee9f5edb0d1de0df20058?s=96&d=mm&r=g\",\"contentUrl\":\"https:\\\/\\\/secure.gravatar.com\\\/avatar\\\/03679d8c33ffd4c1861f7eb3f232c608660617a0925ee9f5edb0d1de0df20058?s=96&d=mm&r=g\",\"caption\":\"photographe luxembourg\"}}]}<\/script>\n<!-- \/ Yoast SEO plugin. -->","yoast_head_json":{"title":"Photographe Mariage Clervaux - Ch\u00e2teau d'Urspelt","description":"Photographe de mariage \u00e0 Clervaux, je vous pr\u00e9sente ce reportage d'un mariage c\u00e9l\u00e9br\u00e9 au ch\u00e2teau d'Urspelt. La c\u00e9r\u00e9monie la\u00efque \u00e9tait charg\u00e9e en \u00e9motion.","robots":{"index":"index","follow":"follow","max-snippet":"max-snippet:-1","max-image-preview":"max-image-preview:large","max-video-preview":"max-video-preview:-1"},"canonical":"https:\/\/www.joliehistoire.com\/lu\/blog-lu\/photographe-mariage-clervaux\/","twitter_card":"summary_large_image","twitter_title":"Photographe Mariage Clervaux - Ch\u00e2teau d'Urspelt","twitter_description":"Photographe de mariage \u00e0 Clervaux, je vous pr\u00e9sente ce reportage d'un mariage c\u00e9l\u00e9br\u00e9 au ch\u00e2teau d'Urspelt. La c\u00e9r\u00e9monie la\u00efque \u00e9tait charg\u00e9e en \u00e9motion.","twitter_image":"https:\/\/www.joliehistoire.com\/wp-content\/uploads\/2019\/02\/05-la-mariee-shabille-au-chateau-durselt.jpg","twitter_misc":{"Written by":"photographe luxembourg","Est. reading time":"2 minutes"},"schema":{"@context":"https:\/\/schema.org","@graph":[{"@type":"Article","@id":"https:\/\/www.joliehistoire.com\/lu\/blog-lu\/photographe-mariage-clervaux\/#article","isPartOf":{"@id":"https:\/\/www.joliehistoire.com\/lu\/blog-lu\/photographe-mariage-clervaux\/"},"author":{"name":"photographe luxembourg","@id":"https:\/\/www.joliehistoire.com\/#\/schema\/person\/bd008c25130122120b7a541135b27f8b"},"headline":"Photographe Mariage Clervaux","datePublished":"2019-02-09T17:30:55+00:00","mainEntityOfPage":{"@id":"https:\/\/www.joliehistoire.com\/lu\/blog-lu\/photographe-mariage-clervaux\/"},"wordCount":398,"image":{"@id":"https:\/\/www.joliehistoire.com\/lu\/blog-lu\/photographe-mariage-clervaux\/#primaryimage"},"thumbnailUrl":"https:\/\/www.joliehistoire.com\/wp-content\/uploads\/2019\/02\/05-la-mariee-shabille-au-chateau-durselt.jpg","articleSection":["blog"],"inLanguage":"fr-LU"},{"@type":"WebPage","@id":"https:\/\/www.joliehistoire.com\/lu\/blog-lu\/photographe-mariage-clervaux\/","url":"https:\/\/www.joliehistoire.com\/lu\/blog-lu\/photographe-mariage-clervaux\/","name":"Photographe Mariage Clervaux - Ch\u00e2teau d'Urspelt","isPartOf":{"@id":"https:\/\/www.joliehistoire.com\/#website"},"primaryImageOfPage":{"@id":"https:\/\/www.joliehistoire.com\/lu\/blog-lu\/photographe-mariage-clervaux\/#primaryimage"},"image":{"@id":"https:\/\/www.joliehistoire.com\/lu\/blog-lu\/photographe-mariage-clervaux\/#primaryimage"},"thumbnailUrl":"https:\/\/www.joliehistoire.com\/wp-content\/uploads\/2019\/02\/05-la-mariee-shabille-au-chateau-durselt.jpg","datePublished":"2019-02-09T17:30:55+00:00","author":{"@id":"https:\/\/www.joliehistoire.com\/#\/schema\/person\/bd008c25130122120b7a541135b27f8b"},"description":"Photographe de mariage \u00e0 Clervaux, je vous pr\u00e9sente ce reportage d'un mariage c\u00e9l\u00e9br\u00e9 au ch\u00e2teau d'Urspelt. La c\u00e9r\u00e9monie la\u00efque \u00e9tait charg\u00e9e en \u00e9motion.","breadcrumb":{"@id":"https:\/\/www.joliehistoire.com\/lu\/blog-lu\/photographe-mariage-clervaux\/#breadcrumb"},"inLanguage":"fr-LU","potentialAction":[{"@type":"ReadAction","target":["https:\/\/www.joliehistoire.com\/lu\/blog-lu\/photographe-mariage-clervaux\/"]}]},{"@type":"ImageObject","inLanguage":"fr-LU","@id":"https:\/\/www.joliehistoire.com\/lu\/blog-lu\/photographe-mariage-clervaux\/#primaryimage","url":"https:\/\/www.joliehistoire.com\/wp-content\/uploads\/2019\/02\/05-la-mariee-shabille-au-chateau-durselt.jpg","contentUrl":"https:\/\/www.joliehistoire.com\/wp-content\/uploads\/2019\/02\/05-la-mariee-shabille-au-chateau-durselt.jpg","width":800,"height":533,"caption":"la mari\u00e9e s'habille au chateau d'Urselt"},{"@type":"BreadcrumbList","@id":"https:\/\/www.joliehistoire.com\/lu\/blog-lu\/photographe-mariage-clervaux\/#breadcrumb","itemListElement":[{"@type":"ListItem","position":1,"name":"Home","item":"https:\/\/www.joliehistoire.com\/lu\/"},{"@type":"ListItem","position":2,"name":"Photographe Mariage Clervaux"}]},{"@type":"WebSite","@id":"https:\/\/www.joliehistoire.com\/#website","url":"https:\/\/www.joliehistoire.com\/","name":"joliehistoire","description":"wedding photographer","potentialAction":[{"@type":"SearchAction","target":{"@type":"EntryPoint","urlTemplate":"https:\/\/www.joliehistoire.com\/?s={search_term_string}"},"query-input":{"@type":"PropertyValueSpecification","valueRequired":true,"valueName":"search_term_string"}}],"inLanguage":"fr-LU"},{"@type":"Person","@id":"https:\/\/www.joliehistoire.com\/#\/schema\/person\/bd008c25130122120b7a541135b27f8b","name":"photographe luxembourg","image":{"@type":"ImageObject","inLanguage":"fr-LU","@id":"https:\/\/secure.gravatar.com\/avatar\/03679d8c33ffd4c1861f7eb3f232c608660617a0925ee9f5edb0d1de0df20058?s=96&d=mm&r=g","url":"https:\/\/secure.gravatar.com\/avatar\/03679d8c33ffd4c1861f7eb3f232c608660617a0925ee9f5edb0d1de0df20058?s=96&d=mm&r=g","contentUrl":"https:\/\/secure.gravatar.com\/avatar\/03679d8c33ffd4c1861f7eb3f232c608660617a0925ee9f5edb0d1de0df20058?s=96&d=mm&r=g","caption":"photographe luxembourg"}}]}},"_links":{"self":[{"href":"https:\/\/www.joliehistoire.com\/lu\/wp-json\/wp\/v2\/posts\/21011\/"}],"collection":[{"href":"https:\/\/www.joliehistoire.com\/lu\/wp-json\/wp\/v2\/posts\/"}],"about":[{"href":"https:\/\/www.joliehistoire.com\/lu\/wp-json\/wp\/v2\/types\/post\/"}],"author":[{"embeddable":true,"href":"https:\/\/www.joliehistoire.com\/lu\/wp-json\/wp\/v2\/users\/1\/"}],"replies":[{"embeddable":true,"href":"https:\/\/www.joliehistoire.com\/lu\/wp-json\/wp\/v2\/comments\/?post=21011"}],"version-history":[{"count":5,"href":"https:\/\/www.joliehistoire.com\/lu\/wp-json\/wp\/v2\/posts\/21011\/revisions\/"}],"predecessor-version":[{"id":21120,"href":"https:\/\/www.joliehistoire.com\/lu\/wp-json\/wp\/v2\/posts\/21011\/revisions\/21120\/"}],"wp:featuredmedia":[{"embeddable":true,"href":"https:\/\/www.joliehistoire.com\/lu\/wp-json\/wp\/v2\/media\/21098\/"}],"wp:attachment":[{"href":"https:\/\/www.joliehistoire.com\/lu\/wp-json\/wp\/v2\/media\/?parent=21011"}],"wp:term":[{"taxonomy":"category","embeddable":true,"href":"https:\/\/www.joliehistoire.com\/lu\/wp-json\/wp\/v2\/categories\/?post=21011"},{"taxonomy":"post_tag","embeddable":true,"href":"https:\/\/www.joliehistoire.com\/lu\/wp-json\/wp\/v2\/tags\/?post=21011"}],"curies":[{"name":"wp","href":"https:\/\/api.w.org\/{rel}","templated":true}]}}