{"id":20416,"date":"2018-10-08T20:53:28","date_gmt":"2018-10-08T20:53:28","guid":{"rendered":"https:\/\/www.joliehistoire.com\/?p=20416"},"modified":"2018-11-12T09:21:21","modified_gmt":"2018-11-12T09:21:21","slug":"ceremonie-mariage-laique-luxembourg","status":"publish","type":"post","link":"https:\/\/www.joliehistoire.com\/lu\/blog-lu\/ceremonie-mariage-laique-luxembourg\/","title":{"rendered":"C\u00e9r\u00e9monie de mariage la\u00efque au Luxembourg"},"content":{"rendered":"<p>[vc_row][vc_column][vc_column_text]<\/p>\n<h2>Pourquoi une c\u00e9r\u00e9monie la\u00efque ?<\/h2>\n<p>Apr\u00e8s le passage oblig\u00e9 par la mairie, 15 minutes grand max pour signer un papier, vous aurez le choix entre :<\/p>\n<ul>\n<li>vous marier religieusement, selon vos croyances.<\/li>\n<li>organiser une c\u00e9r\u00e9monie la\u00efque<\/li>\n<li>faire la f\u00eate tout de suite \ud83d\ude42<\/li>\n<\/ul>\n<p>Bien \u00e9videmment, les deux premiers choix sont exclusifs. Cependant beaucoup de couples se contentent de la c\u00e9r\u00e9monie civile et ne prennent pas la peine d&#8217;organiser une c\u00e9r\u00e9monie la\u00efque, autrement appel\u00e9e c\u00e9r\u00e9monie &#8220;symbolique&#8221;. Or celle-ci permet de <strong>donner un sens \u00e0 votre mariage<\/strong> et de rendre cette journ\u00e9e si sp\u00e9ciale. Vous aurez l&#8217;occasion de montrer \u00e0 vos proches pourquoi vous avez d\u00e9cid\u00e9 de vous unir et ce que cela signifie pour vous. La c\u00e9r\u00e9monie la\u00efque peut \u00eatre agr\u00e9ment\u00e9e d&#8217;<strong>actes symboliques<\/strong> et de<strong> discours par vos proches<\/strong> afin de la personnaliser \u00e0 votre image. Elle doit avant tout vous ressembler, contrairement aux c\u00e9r\u00e9monies civiles et religieuses, souvent impersonnelles.<\/p>\n<p>Vous l&#8217;aurez compris, je suis fan des c\u00e9r\u00e9monies la\u00efques, qui sont pour moi <strong>les plus belles et les plus charg\u00e9es en \u00e9motions<\/strong>.[\/vc_column_text][\/vc_column][\/vc_row][vc_row][vc_column][vc_column_text]<\/p>\n<h2>Bien choisir l&#8217;officiant(e) de c\u00e9r\u00e9monie<\/h2>\n<p>Autrement appel\u00e9 ma\u00eetre ou ma\u00eetresse de c\u00e9r\u00e9monie, l&#8217;officiant(e) aura pour r\u00f4le de <strong>planifier<\/strong>, de <strong>cr\u00e9er<\/strong> et d&#8217;<strong>animer<\/strong> votre <strong>c\u00e9r\u00e9monie la\u00efque<\/strong>.<\/p>\n<p>Il est bien \u00e9videmment primordiale de rencontrer cette personne avant votre mariage et de vous confier \u00e0 elle. Plus elle en saura sur vous, plus votre c\u00e9r\u00e9monie pourra \u00eatre personnalis\u00e9e et proche de qui vous \u00eates vraiment. Vous devrez passer du temps avec l&#8217;officiant(e), lui parler de vous, de votre rencontre, des raisons qui vous poussent \u00e0 vous unir aujourd&#8217;hui, et pourquoi pas lui confier quelques anecdotes qui viendront pimenter la c\u00e9r\u00e9monie !<\/p>\n<p>Avec elle, vous mettrez en place toute l&#8217;organisation de la c\u00e9r\u00e9monie, son d\u00e9roulement, les moment-cl\u00e9s ainsi que la liste des diff\u00e9rents intervenants. <strong>N&#8217;h\u00e9sitez pas \u00e0 faire intervenir vos proches<\/strong>, parents, amis, fr\u00e8res ou s\u0153urs&#8230; Si vous ne voulez pas jouer un r\u00f4le dans la mise en place des discours, votre officiant(e) de c\u00e9r\u00e9monie se chargera de contacter vos proches afin d&#8217;en discuter avec eux. Le but \u00e9tant de&nbsp; personnaliser votre c\u00e9r\u00e9monie le plus possible afin qu&#8217;elle soit charg\u00e9e en \u00e9motion. <strong>Votre officiant(e) devra donc faire preuve d&#8217;\u00e9coute, d&#8217;initiative et \u00eatre force de proposition.<\/strong><\/p>\n<p>C&#8217;est pourquoi il est souvent difficile, pour les mari\u00e9s, de trouver la bonne personne<strong>. Certains officiant(e)s aiment malheureusement se stariser et se mettre en avant pour amuser la galerie. D&#8217;autres feront preuve d&#8217;un humour douteux, malvenu le jour de votre mariage, en particulier lors de la c\u00e9r\u00e9monie<\/strong>&#8230;<b> <\/b>Pr\u00e9f\u00e9rez une personne discr\u00e8te, faisant preuve de bonnes mani\u00e8res et qui saura centrer la c\u00e9r\u00e9monie sur vous, les mari\u00e9s, sur votre amour et sur les raisons qui vous am\u00e8nent aujourd&#8217;hui \u00e0 vous unir.<\/p>\n<p><strong>Si vous vous mariez au Luxembourg, n&#8217;h\u00e9sitez pas \u00e0 me solliciter afin de vous conseiller sur le choix d&#8217;un(e) officiant(e) pour votre c\u00e9r\u00e9monie la\u00efque<\/strong>, mon carnet d&#8217;adresse \u00e9tant plut\u00f4t bien fourni \u00e0 force de photographier des mariages :)[\/vc_column_text][\/vc_column][\/vc_row][vc_row][vc_column][vc_column_text]<\/p>\n<h2>Quelques astuces pour une c\u00e9r\u00e9monie la\u00efque r\u00e9ussie<\/h2>\n<p>Voici quelques astuces et conseils qui vous permettront de r\u00e9ussir votre c\u00e9r\u00e9monie la\u00efque.<\/p>\n<h3>Les rituels symboliques<\/h3>\n<p>Les rituels symboliques sont un tr\u00e8s bon moyen d&#8217;ajouter de la solennit\u00e9 \u00e0 votre c\u00e9r\u00e9monie la\u00efque. Cela donne un c\u00f4t\u00e9 \u00e9motif et personnel en pr\u00e9sentant votre union de fa\u00e7on imag\u00e9e.<\/p>\n<p>Il existe de nombreux rituels que vous trouverez facilement sur le net. Parmi mes pr\u00e9f\u00e9r\u00e9s il y a la c\u00e9r\u00e9monie de la bougie, souvent utilis\u00e9e pour rappeler la m\u00e9moire de proches disparus et leur offrir une place dans votre c\u00e9r\u00e9monie. Fa\u00eetes attention dans ce cas au vent, cela peut \u00eatre compliqu\u00e9 parfois !<\/p>\n<p>La c\u00e9r\u00e9monie du sable qui consiste \u00e0 verser dans une jarre deux fioles de sable de diff\u00e9rentes couleurs. Cela peut donner un bel objet simple \u00e0 conserver et que vous pourrez garder en souvenir chez vous.<\/p>\n\n\t\t<style type=\"text\/css\">\n\t\t\t#gallery-1 {\n\t\t\t\tmargin: auto;\n\t\t\t}\n\t\t\t#gallery-1 .gallery-item {\n\t\t\t\tfloat: left;\n\t\t\t\tmargin-top: 10px;\n\t\t\t\ttext-align: center;\n\t\t\t\twidth: 50%;\n\t\t\t}\n\t\t\t#gallery-1 img {\n\t\t\t\tborder: 2px solid #cfcfcf;\n\t\t\t}\n\t\t\t#gallery-1 .gallery-caption {\n\t\t\t\tmargin-left: 0;\n\t\t\t}\n\t\t\t\/* see gallery_shortcode() in wp-includes\/media.php *\/\n\t\t<\/style>\n\t\t<div id=\"gallery-1\" class=\"gallery galleryid-20416 gallery-columns-2 gallery-size-full ilightbox_gallery\" data-options=\"{attr:'source',path:'horizontal'}\"><dl class=\"gallery-item\">\n\t\t\t<dt class=\"gallery-icon landscape\">\n\t\t\t\t<a href=\"https:\/\/www.joliehistoire.com\/lu\/blog-lu\/ceremonie-mariage-laique-luxembourg\/attachment\/18-utilisation-de-sable-lors-dune-ceremonie-de-mariage-laique\/\" source=\"https:\/\/www.joliehistoire.com\/wp-content\/uploads\/2018\/10\/18-utilisation-de-sable-lors-dune-c&eacute;r&eacute;monie-de-mariage-laique.jpg\" data-options=\"thumbnail: 'https:\/\/www.joliehistoire.com\/wp-content\/uploads\/2018\/10\/18-utilisation-de-sable-lors-dune-c&eacute;r&eacute;monie-de-mariage-laique-200x200.jpg'\"><noscript><img decoding=\"async\" width=\"800\" height=\"533\" src=\"https:\/\/www.joliehistoire.com\/wp-content\/uploads\/2018\/10\/18-utilisation-de-sable-lors-dune-c%C3%A9r%C3%A9monie-de-mariage-laique.jpg\" class=\"attachment-full size-full\" alt=\"utilisation de sable lors d'une c&eacute;r&eacute;monie de mariage laique\" srcset=\"https:\/\/www.joliehistoire.com\/wp-content\/uploads\/2018\/10\/18-utilisation-de-sable-lors-dune-c&eacute;r&eacute;monie-de-mariage-laique.jpg 800w, https:\/\/www.joliehistoire.com\/wp-content\/uploads\/2018\/10\/18-utilisation-de-sable-lors-dune-c&eacute;r&eacute;monie-de-mariage-laique-300x200.jpg 300w, https:\/\/www.joliehistoire.com\/wp-content\/uploads\/2018\/10\/18-utilisation-de-sable-lors-dune-c&eacute;r&eacute;monie-de-mariage-laique-768x512.jpg 768w\" sizes=\"(max-width: 800px) 100vw, 800px\"><\/noscript><img decoding=\"async\" width=\"800\" height=\"533\" src=\"data:image\/svg+xml,%3Csvg%20xmlns%3D%22http%3A%2F%2Fwww.w3.org%2F2000%2Fsvg%22%20viewBox%3D%220%200%20800%20533%22%3E%3C%2Fsvg%3E\" class=\"attachment-full size-full lazyload\" alt=\"utilisation de sable lors d'une c&eacute;r&eacute;monie de mariage laique\" srcset=\"data:image\/svg+xml,%3Csvg%20xmlns%3D%22http%3A%2F%2Fwww.w3.org%2F2000%2Fsvg%22%20viewBox%3D%220%200%20800%20533%22%3E%3C%2Fsvg%3E 800w\" sizes=\"(max-width: 800px) 100vw, 800px\" data-srcset=\"https:\/\/www.joliehistoire.com\/wp-content\/uploads\/2018\/10\/18-utilisation-de-sable-lors-dune-c&eacute;r&eacute;monie-de-mariage-laique.jpg 800w, https:\/\/www.joliehistoire.com\/wp-content\/uploads\/2018\/10\/18-utilisation-de-sable-lors-dune-c&eacute;r&eacute;monie-de-mariage-laique-300x200.jpg 300w, https:\/\/www.joliehistoire.com\/wp-content\/uploads\/2018\/10\/18-utilisation-de-sable-lors-dune-c&eacute;r&eacute;monie-de-mariage-laique-768x512.jpg 768w\" data-src=\"https:\/\/www.joliehistoire.com\/wp-content\/uploads\/2018\/10\/18-utilisation-de-sable-lors-dune-c%C3%A9r%C3%A9monie-de-mariage-laique.jpg\"><\/a>\n\n\t\t\t<\/dt><\/dl><dl class=\"gallery-item\">\n\t\t\t<dt class=\"gallery-icon landscape\">\n\t\t\t\t<a href=\"https:\/\/www.joliehistoire.com\/lu\/blog-lu\/ceremonie-mariage-laique-luxembourg\/attachment\/16-les-symboles-pour-une-ceremonie-laique\/\" source=\"https:\/\/www.joliehistoire.com\/wp-content\/uploads\/2018\/10\/16-les-symboles-pour-une-c&eacute;r&eacute;monie-laique.jpg\" data-options=\"thumbnail: 'https:\/\/www.joliehistoire.com\/wp-content\/uploads\/2018\/10\/16-les-symboles-pour-une-c&eacute;r&eacute;monie-laique-200x200.jpg'\"><noscript><img decoding=\"async\" width=\"800\" height=\"533\" src=\"https:\/\/www.joliehistoire.com\/wp-content\/uploads\/2018\/10\/16-les-symboles-pour-une-c%C3%A9r%C3%A9monie-laique.jpg\" class=\"attachment-full size-full\" alt=\"les symboles pour une c&eacute;r&eacute;monie laique\" srcset=\"https:\/\/www.joliehistoire.com\/wp-content\/uploads\/2018\/10\/16-les-symboles-pour-une-c&eacute;r&eacute;monie-laique.jpg 800w, https:\/\/www.joliehistoire.com\/wp-content\/uploads\/2018\/10\/16-les-symboles-pour-une-c&eacute;r&eacute;monie-laique-300x200.jpg 300w, https:\/\/www.joliehistoire.com\/wp-content\/uploads\/2018\/10\/16-les-symboles-pour-une-c&eacute;r&eacute;monie-laique-768x512.jpg 768w\" sizes=\"(max-width: 800px) 100vw, 800px\"><\/noscript><img decoding=\"async\" width=\"800\" height=\"533\" src=\"data:image\/svg+xml,%3Csvg%20xmlns%3D%22http%3A%2F%2Fwww.w3.org%2F2000%2Fsvg%22%20viewBox%3D%220%200%20800%20533%22%3E%3C%2Fsvg%3E\" class=\"attachment-full size-full lazyload\" alt=\"les symboles pour une c&eacute;r&eacute;monie laique\" srcset=\"data:image\/svg+xml,%3Csvg%20xmlns%3D%22http%3A%2F%2Fwww.w3.org%2F2000%2Fsvg%22%20viewBox%3D%220%200%20800%20533%22%3E%3C%2Fsvg%3E 800w\" sizes=\"(max-width: 800px) 100vw, 800px\" data-srcset=\"https:\/\/www.joliehistoire.com\/wp-content\/uploads\/2018\/10\/16-les-symboles-pour-une-c&eacute;r&eacute;monie-laique.jpg 800w, https:\/\/www.joliehistoire.com\/wp-content\/uploads\/2018\/10\/16-les-symboles-pour-une-c&eacute;r&eacute;monie-laique-300x200.jpg 300w, https:\/\/www.joliehistoire.com\/wp-content\/uploads\/2018\/10\/16-les-symboles-pour-une-c&eacute;r&eacute;monie-laique-768x512.jpg 768w\" data-src=\"https:\/\/www.joliehistoire.com\/wp-content\/uploads\/2018\/10\/16-les-symboles-pour-une-c%C3%A9r%C3%A9monie-laique.jpg\"><\/a>\n\n\t\t\t<\/dt><\/dl><br style=\"clear: both\">\n\t\t<\/div>\n\n<p>Enfin, j&#8217;aime particuli\u00e8rement les l\u00e2chers de lanternes ! Un tr\u00e8s beau moment qui en plus donne lieu \u00e0 de magnifiques photos !<\/p>\n\n\t\t<style type=\"text\/css\">\n\t\t\t#gallery-2 {\n\t\t\t\tmargin: auto;\n\t\t\t}\n\t\t\t#gallery-2 .gallery-item {\n\t\t\t\tfloat: left;\n\t\t\t\tmargin-top: 10px;\n\t\t\t\ttext-align: center;\n\t\t\t\twidth: 25%;\n\t\t\t}\n\t\t\t#gallery-2 img {\n\t\t\t\tborder: 2px solid #cfcfcf;\n\t\t\t}\n\t\t\t#gallery-2 .gallery-caption {\n\t\t\t\tmargin-left: 0;\n\t\t\t}\n\t\t\t\/* see gallery_shortcode() in wp-includes\/media.php *\/\n\t\t<\/style>\n\t\t<div id=\"gallery-2\" class=\"gallery galleryid-20416 gallery-columns-4 gallery-size-full ilightbox_gallery\" data-options=\"{attr:'source',path:'horizontal'}\"><dl class=\"gallery-item\">\n\t\t\t<dt class=\"gallery-icon landscape\">\n\t\t\t\t<a href=\"https:\/\/www.joliehistoire.com\/lu\/blog-lu\/ceremonie-mariage-laique-luxembourg\/attachment\/651\/\" source=\"https:\/\/www.joliehistoire.com\/wp-content\/uploads\/2018\/10\/651.jpg\" data-options=\"thumbnail: 'https:\/\/www.joliehistoire.com\/wp-content\/uploads\/2018\/10\/651-200x200.jpg'\"><noscript><img decoding=\"async\" width=\"800\" height=\"533\" src=\"https:\/\/www.joliehistoire.com\/wp-content\/uploads\/2018\/10\/651.jpg\" class=\"attachment-full size-full\" alt=\"lacher de lanternes lors d'une c&eacute;r&eacute;monie de mariage laique\" srcset=\"https:\/\/www.joliehistoire.com\/wp-content\/uploads\/2018\/10\/651.jpg 800w, https:\/\/www.joliehistoire.com\/wp-content\/uploads\/2018\/10\/651-300x200.jpg 300w, https:\/\/www.joliehistoire.com\/wp-content\/uploads\/2018\/10\/651-768x512.jpg 768w\" sizes=\"(max-width: 800px) 100vw, 800px\"><\/noscript><img decoding=\"async\" width=\"800\" height=\"533\" src=\"data:image\/svg+xml,%3Csvg%20xmlns%3D%22http%3A%2F%2Fwww.w3.org%2F2000%2Fsvg%22%20viewBox%3D%220%200%20800%20533%22%3E%3C%2Fsvg%3E\" class=\"attachment-full size-full lazyload\" alt=\"lacher de lanternes lors d'une c&eacute;r&eacute;monie de mariage laique\" srcset=\"data:image\/svg+xml,%3Csvg%20xmlns%3D%22http%3A%2F%2Fwww.w3.org%2F2000%2Fsvg%22%20viewBox%3D%220%200%20800%20533%22%3E%3C%2Fsvg%3E 800w\" sizes=\"(max-width: 800px) 100vw, 800px\" data-srcset=\"https:\/\/www.joliehistoire.com\/wp-content\/uploads\/2018\/10\/651.jpg 800w, https:\/\/www.joliehistoire.com\/wp-content\/uploads\/2018\/10\/651-300x200.jpg 300w, https:\/\/www.joliehistoire.com\/wp-content\/uploads\/2018\/10\/651-768x512.jpg 768w\" data-src=\"https:\/\/www.joliehistoire.com\/wp-content\/uploads\/2018\/10\/651.jpg\"><\/a>\n\n\t\t\t<\/dt><\/dl><dl class=\"gallery-item\">\n\t\t\t<dt class=\"gallery-icon landscape\">\n\t\t\t\t<a href=\"https:\/\/www.joliehistoire.com\/lu\/blog-lu\/ceremonie-mariage-laique-luxembourg\/attachment\/652\/\" source=\"https:\/\/www.joliehistoire.com\/wp-content\/uploads\/2018\/10\/652.jpg\" data-options=\"thumbnail: 'https:\/\/www.joliehistoire.com\/wp-content\/uploads\/2018\/10\/652-200x200.jpg'\"><noscript><img decoding=\"async\" width=\"800\" height=\"533\" src=\"https:\/\/www.joliehistoire.com\/wp-content\/uploads\/2018\/10\/652.jpg\" class=\"attachment-full size-full\" alt=\"la mari&eacute;e l&acirc;che une lanterne dans le ciel\" srcset=\"https:\/\/www.joliehistoire.com\/wp-content\/uploads\/2018\/10\/652.jpg 800w, https:\/\/www.joliehistoire.com\/wp-content\/uploads\/2018\/10\/652-300x200.jpg 300w, https:\/\/www.joliehistoire.com\/wp-content\/uploads\/2018\/10\/652-768x512.jpg 768w\" sizes=\"(max-width: 800px) 100vw, 800px\"><\/noscript><img decoding=\"async\" width=\"800\" height=\"533\" src=\"data:image\/svg+xml,%3Csvg%20xmlns%3D%22http%3A%2F%2Fwww.w3.org%2F2000%2Fsvg%22%20viewBox%3D%220%200%20800%20533%22%3E%3C%2Fsvg%3E\" class=\"attachment-full size-full lazyload\" alt=\"la mari&eacute;e l&acirc;che une lanterne dans le ciel\" srcset=\"data:image\/svg+xml,%3Csvg%20xmlns%3D%22http%3A%2F%2Fwww.w3.org%2F2000%2Fsvg%22%20viewBox%3D%220%200%20800%20533%22%3E%3C%2Fsvg%3E 800w\" sizes=\"(max-width: 800px) 100vw, 800px\" data-srcset=\"https:\/\/www.joliehistoire.com\/wp-content\/uploads\/2018\/10\/652.jpg 800w, https:\/\/www.joliehistoire.com\/wp-content\/uploads\/2018\/10\/652-300x200.jpg 300w, https:\/\/www.joliehistoire.com\/wp-content\/uploads\/2018\/10\/652-768x512.jpg 768w\" data-src=\"https:\/\/www.joliehistoire.com\/wp-content\/uploads\/2018\/10\/652.jpg\"><\/a>\n\n\t\t\t<\/dt><\/dl><dl class=\"gallery-item\">\n\t\t\t<dt class=\"gallery-icon landscape\">\n\t\t\t\t<a href=\"https:\/\/www.joliehistoire.com\/lu\/blog-lu\/ceremonie-mariage-laique-luxembourg\/attachment\/654\/\" source=\"https:\/\/www.joliehistoire.com\/wp-content\/uploads\/2018\/10\/654.jpg\" data-options=\"thumbnail: 'https:\/\/www.joliehistoire.com\/wp-content\/uploads\/2018\/10\/654-200x200.jpg'\"><noscript><img decoding=\"async\" width=\"800\" height=\"533\" src=\"https:\/\/www.joliehistoire.com\/wp-content\/uploads\/2018\/10\/654.jpg\" class=\"attachment-full size-full\" alt=\"un homme allume une lanterne lors d'un mariage\" srcset=\"https:\/\/www.joliehistoire.com\/wp-content\/uploads\/2018\/10\/654.jpg 800w, https:\/\/www.joliehistoire.com\/wp-content\/uploads\/2018\/10\/654-300x200.jpg 300w, https:\/\/www.joliehistoire.com\/wp-content\/uploads\/2018\/10\/654-768x512.jpg 768w\" sizes=\"(max-width: 800px) 100vw, 800px\"><\/noscript><img decoding=\"async\" width=\"800\" height=\"533\" src=\"data:image\/svg+xml,%3Csvg%20xmlns%3D%22http%3A%2F%2Fwww.w3.org%2F2000%2Fsvg%22%20viewBox%3D%220%200%20800%20533%22%3E%3C%2Fsvg%3E\" class=\"attachment-full size-full lazyload\" alt=\"un homme allume une lanterne lors d'un mariage\" srcset=\"data:image\/svg+xml,%3Csvg%20xmlns%3D%22http%3A%2F%2Fwww.w3.org%2F2000%2Fsvg%22%20viewBox%3D%220%200%20800%20533%22%3E%3C%2Fsvg%3E 800w\" sizes=\"(max-width: 800px) 100vw, 800px\" data-srcset=\"https:\/\/www.joliehistoire.com\/wp-content\/uploads\/2018\/10\/654.jpg 800w, https:\/\/www.joliehistoire.com\/wp-content\/uploads\/2018\/10\/654-300x200.jpg 300w, https:\/\/www.joliehistoire.com\/wp-content\/uploads\/2018\/10\/654-768x512.jpg 768w\" data-src=\"https:\/\/www.joliehistoire.com\/wp-content\/uploads\/2018\/10\/654.jpg\"><\/a>\n\n\t\t\t<\/dt><\/dl><dl class=\"gallery-item\">\n\t\t\t<dt class=\"gallery-icon landscape\">\n\t\t\t\t<a href=\"https:\/\/www.joliehistoire.com\/lu\/blog-lu\/ceremonie-mariage-laique-luxembourg\/attachment\/653\/\" source=\"https:\/\/www.joliehistoire.com\/wp-content\/uploads\/2018\/10\/653.jpg\" data-options=\"thumbnail: 'https:\/\/www.joliehistoire.com\/wp-content\/uploads\/2018\/10\/653-200x200.jpg'\"><noscript><img decoding=\"async\" width=\"800\" height=\"533\" src=\"https:\/\/www.joliehistoire.com\/wp-content\/uploads\/2018\/10\/653.jpg\" class=\"attachment-full size-full\" alt=\"lanternes lumineuses dans le ciel de luxembourg\" srcset=\"https:\/\/www.joliehistoire.com\/wp-content\/uploads\/2018\/10\/653.jpg 800w, https:\/\/www.joliehistoire.com\/wp-content\/uploads\/2018\/10\/653-300x200.jpg 300w, https:\/\/www.joliehistoire.com\/wp-content\/uploads\/2018\/10\/653-768x512.jpg 768w\" sizes=\"(max-width: 800px) 100vw, 800px\"><\/noscript><img decoding=\"async\" width=\"800\" height=\"533\" src=\"data:image\/svg+xml,%3Csvg%20xmlns%3D%22http%3A%2F%2Fwww.w3.org%2F2000%2Fsvg%22%20viewBox%3D%220%200%20800%20533%22%3E%3C%2Fsvg%3E\" class=\"attachment-full size-full lazyload\" alt=\"lanternes lumineuses dans le ciel de luxembourg\" srcset=\"data:image\/svg+xml,%3Csvg%20xmlns%3D%22http%3A%2F%2Fwww.w3.org%2F2000%2Fsvg%22%20viewBox%3D%220%200%20800%20533%22%3E%3C%2Fsvg%3E 800w\" sizes=\"(max-width: 800px) 100vw, 800px\" data-srcset=\"https:\/\/www.joliehistoire.com\/wp-content\/uploads\/2018\/10\/653.jpg 800w, https:\/\/www.joliehistoire.com\/wp-content\/uploads\/2018\/10\/653-300x200.jpg 300w, https:\/\/www.joliehistoire.com\/wp-content\/uploads\/2018\/10\/653-768x512.jpg 768w\" data-src=\"https:\/\/www.joliehistoire.com\/wp-content\/uploads\/2018\/10\/653.jpg\"><\/a>\n\n\t\t\t<\/dt><\/dl><br style=\"clear: both\">\n\t\t<\/div>\n\n<h3>L&#8217;importance des discours<\/h3>\n<p>N&#8217;h\u00e9sitez pas \u00e0 faire intervenir des proches lors de la c\u00e9r\u00e9monie. Vos parents par exemple, pourront vous accompagner lors d&#8217;un rituel ou bien \u00e9voquer votre enfance et la personne que vous \u00eates devenue. Ils pourront vous t\u00e9moigner leur amour et vous soutenir dans l&#8217;engagement que vous prenez. Vos t\u00e9moins peuvent \u00e9galement tenir un discours, cela donne souvent lieu \u00e0 des moments dr\u00f4les \u00e0 travers des anecdotes qu&#8217;ils ne manqueront pas d&#8217;\u00e9voquer !<\/p>\n\n\t\t<style type=\"text\/css\">\n\t\t\t#gallery-3 {\n\t\t\t\tmargin: auto;\n\t\t\t}\n\t\t\t#gallery-3 .gallery-item {\n\t\t\t\tfloat: left;\n\t\t\t\tmargin-top: 10px;\n\t\t\t\ttext-align: center;\n\t\t\t\twidth: 50%;\n\t\t\t}\n\t\t\t#gallery-3 img {\n\t\t\t\tborder: 2px solid #cfcfcf;\n\t\t\t}\n\t\t\t#gallery-3 .gallery-caption {\n\t\t\t\tmargin-left: 0;\n\t\t\t}\n\t\t\t\/* see gallery_shortcode() in wp-includes\/media.php *\/\n\t\t<\/style>\n\t\t<div id=\"gallery-3\" class=\"gallery galleryid-20416 gallery-columns-2 gallery-size-full ilightbox_gallery\" data-options=\"{attr:'source',path:'horizontal'}\"><dl class=\"gallery-item\">\n\t\t\t<dt class=\"gallery-icon landscape\">\n\t\t\t\t<a href=\"https:\/\/www.joliehistoire.com\/lu\/blog-lu\/ceremonie-mariage-laique-luxembourg\/attachment\/27-les-maries-senlassent-apres-avoir-echange-leurs-voeux\/\" source=\"https:\/\/www.joliehistoire.com\/wp-content\/uploads\/2018\/10\/27-les-mari&eacute;s-senlassent-apr&egrave;s-avoir-&eacute;chang&eacute;-leurs-voeux.jpg\" data-options=\"thumbnail: 'https:\/\/www.joliehistoire.com\/wp-content\/uploads\/2018\/10\/27-les-mari&eacute;s-senlassent-apr&egrave;s-avoir-&eacute;chang&eacute;-leurs-voeux-200x200.jpg'\"><noscript><img decoding=\"async\" width=\"800\" height=\"533\" src=\"https:\/\/www.joliehistoire.com\/wp-content\/uploads\/2018\/10\/27-les-mari%C3%A9s-senlassent-apr%C3%A8s-avoir-%C3%A9chang%C3%A9-leurs-voeux.jpg\" class=\"attachment-full size-full\" alt=\"les mari&eacute;s s'enlassent apr&egrave;s avoir &eacute;chang&eacute; leurs voeux\" srcset=\"https:\/\/www.joliehistoire.com\/wp-content\/uploads\/2018\/10\/27-les-mari&eacute;s-senlassent-apr&egrave;s-avoir-&eacute;chang&eacute;-leurs-voeux.jpg 800w, https:\/\/www.joliehistoire.com\/wp-content\/uploads\/2018\/10\/27-les-mari&eacute;s-senlassent-apr&egrave;s-avoir-&eacute;chang&eacute;-leurs-voeux-300x200.jpg 300w, https:\/\/www.joliehistoire.com\/wp-content\/uploads\/2018\/10\/27-les-mari&eacute;s-senlassent-apr&egrave;s-avoir-&eacute;chang&eacute;-leurs-voeux-768x512.jpg 768w\" sizes=\"(max-width: 800px) 100vw, 800px\"><\/noscript><img decoding=\"async\" width=\"800\" height=\"533\" src=\"data:image\/svg+xml,%3Csvg%20xmlns%3D%22http%3A%2F%2Fwww.w3.org%2F2000%2Fsvg%22%20viewBox%3D%220%200%20800%20533%22%3E%3C%2Fsvg%3E\" class=\"attachment-full size-full lazyload\" alt=\"les mari&eacute;s s'enlassent apr&egrave;s avoir &eacute;chang&eacute; leurs voeux\" srcset=\"data:image\/svg+xml,%3Csvg%20xmlns%3D%22http%3A%2F%2Fwww.w3.org%2F2000%2Fsvg%22%20viewBox%3D%220%200%20800%20533%22%3E%3C%2Fsvg%3E 800w\" sizes=\"(max-width: 800px) 100vw, 800px\" data-srcset=\"https:\/\/www.joliehistoire.com\/wp-content\/uploads\/2018\/10\/27-les-mari&eacute;s-senlassent-apr&egrave;s-avoir-&eacute;chang&eacute;-leurs-voeux.jpg 800w, https:\/\/www.joliehistoire.com\/wp-content\/uploads\/2018\/10\/27-les-mari&eacute;s-senlassent-apr&egrave;s-avoir-&eacute;chang&eacute;-leurs-voeux-300x200.jpg 300w, https:\/\/www.joliehistoire.com\/wp-content\/uploads\/2018\/10\/27-les-mari&eacute;s-senlassent-apr&egrave;s-avoir-&eacute;chang&eacute;-leurs-voeux-768x512.jpg 768w\" data-src=\"https:\/\/www.joliehistoire.com\/wp-content\/uploads\/2018\/10\/27-les-mari%C3%A9s-senlassent-apr%C3%A8s-avoir-%C3%A9chang%C3%A9-leurs-voeux.jpg\"><\/a>\n\n\t\t\t<\/dt><\/dl><dl class=\"gallery-item\">\n\t\t\t<dt class=\"gallery-icon landscape\">\n\t\t\t\t<a href=\"https:\/\/www.joliehistoire.com\/lu\/blog-lu\/ceremonie-mariage-laique-luxembourg\/attachment\/26-lemotion-est-intense-lors-dune-ceremonie-laique\/\" source=\"https:\/\/www.joliehistoire.com\/wp-content\/uploads\/2018\/10\/26-l&eacute;motion-est-intense-lors-dune-c&eacute;r&eacute;monie-laique.jpg\" data-options=\"thumbnail: 'https:\/\/www.joliehistoire.com\/wp-content\/uploads\/2018\/10\/26-l&eacute;motion-est-intense-lors-dune-c&eacute;r&eacute;monie-laique-200x200.jpg'\"><noscript><img decoding=\"async\" width=\"800\" height=\"533\" src=\"https:\/\/www.joliehistoire.com\/wp-content\/uploads\/2018\/10\/26-l%C3%A9motion-est-intense-lors-dune-c%C3%A9r%C3%A9monie-laique.jpg\" class=\"attachment-full size-full\" alt=\"l'&eacute;motion est intense lors d'une c&eacute;r&eacute;monie laique\" srcset=\"https:\/\/www.joliehistoire.com\/wp-content\/uploads\/2018\/10\/26-l&eacute;motion-est-intense-lors-dune-c&eacute;r&eacute;monie-laique.jpg 800w, https:\/\/www.joliehistoire.com\/wp-content\/uploads\/2018\/10\/26-l&eacute;motion-est-intense-lors-dune-c&eacute;r&eacute;monie-laique-300x200.jpg 300w, https:\/\/www.joliehistoire.com\/wp-content\/uploads\/2018\/10\/26-l&eacute;motion-est-intense-lors-dune-c&eacute;r&eacute;monie-laique-768x512.jpg 768w\" sizes=\"(max-width: 800px) 100vw, 800px\"><\/noscript><img decoding=\"async\" width=\"800\" height=\"533\" src=\"data:image\/svg+xml,%3Csvg%20xmlns%3D%22http%3A%2F%2Fwww.w3.org%2F2000%2Fsvg%22%20viewBox%3D%220%200%20800%20533%22%3E%3C%2Fsvg%3E\" class=\"attachment-full size-full lazyload\" alt=\"l'&eacute;motion est intense lors d'une c&eacute;r&eacute;monie laique\" srcset=\"data:image\/svg+xml,%3Csvg%20xmlns%3D%22http%3A%2F%2Fwww.w3.org%2F2000%2Fsvg%22%20viewBox%3D%220%200%20800%20533%22%3E%3C%2Fsvg%3E 800w\" sizes=\"(max-width: 800px) 100vw, 800px\" data-srcset=\"https:\/\/www.joliehistoire.com\/wp-content\/uploads\/2018\/10\/26-l&eacute;motion-est-intense-lors-dune-c&eacute;r&eacute;monie-laique.jpg 800w, https:\/\/www.joliehistoire.com\/wp-content\/uploads\/2018\/10\/26-l&eacute;motion-est-intense-lors-dune-c&eacute;r&eacute;monie-laique-300x200.jpg 300w, https:\/\/www.joliehistoire.com\/wp-content\/uploads\/2018\/10\/26-l&eacute;motion-est-intense-lors-dune-c&eacute;r&eacute;monie-laique-768x512.jpg 768w\" data-src=\"https:\/\/www.joliehistoire.com\/wp-content\/uploads\/2018\/10\/26-l%C3%A9motion-est-intense-lors-dune-c%C3%A9r%C3%A9monie-laique.jpg\"><\/a>\n\n\t\t\t<\/dt><\/dl><br style=\"clear: both\"><dl class=\"gallery-item\">\n\t\t\t<dt class=\"gallery-icon landscape\">\n\t\t\t\t<a href=\"https:\/\/www.joliehistoire.com\/lu\/blog-lu\/ceremonie-mariage-laique-luxembourg\/attachment\/17-discours-pendant-une-ceremonie-de-mariage-laique-a-urspelt\/\" source=\"https:\/\/www.joliehistoire.com\/wp-content\/uploads\/2018\/10\/17-discours-pendant-une-c&eacute;r&eacute;monie-de-mariage-laique-a-urspelt.jpg\" data-options=\"thumbnail: 'https:\/\/www.joliehistoire.com\/wp-content\/uploads\/2018\/10\/17-discours-pendant-une-c&eacute;r&eacute;monie-de-mariage-laique-a-urspelt-200x200.jpg'\"><noscript><img decoding=\"async\" width=\"800\" height=\"533\" src=\"https:\/\/www.joliehistoire.com\/wp-content\/uploads\/2018\/10\/17-discours-pendant-une-c%C3%A9r%C3%A9monie-de-mariage-laique-a-urspelt.jpg\" class=\"attachment-full size-full\" alt=\"discours pendant une c&eacute;r&eacute;monie de mariage laique a urspelt\" srcset=\"https:\/\/www.joliehistoire.com\/wp-content\/uploads\/2018\/10\/17-discours-pendant-une-c&eacute;r&eacute;monie-de-mariage-laique-a-urspelt.jpg 800w, https:\/\/www.joliehistoire.com\/wp-content\/uploads\/2018\/10\/17-discours-pendant-une-c&eacute;r&eacute;monie-de-mariage-laique-a-urspelt-300x200.jpg 300w, https:\/\/www.joliehistoire.com\/wp-content\/uploads\/2018\/10\/17-discours-pendant-une-c&eacute;r&eacute;monie-de-mariage-laique-a-urspelt-768x512.jpg 768w\" sizes=\"(max-width: 800px) 100vw, 800px\"><\/noscript><img decoding=\"async\" width=\"800\" height=\"533\" src=\"data:image\/svg+xml,%3Csvg%20xmlns%3D%22http%3A%2F%2Fwww.w3.org%2F2000%2Fsvg%22%20viewBox%3D%220%200%20800%20533%22%3E%3C%2Fsvg%3E\" class=\"attachment-full size-full lazyload\" alt=\"discours pendant une c&eacute;r&eacute;monie de mariage laique a urspelt\" srcset=\"data:image\/svg+xml,%3Csvg%20xmlns%3D%22http%3A%2F%2Fwww.w3.org%2F2000%2Fsvg%22%20viewBox%3D%220%200%20800%20533%22%3E%3C%2Fsvg%3E 800w\" sizes=\"(max-width: 800px) 100vw, 800px\" data-srcset=\"https:\/\/www.joliehistoire.com\/wp-content\/uploads\/2018\/10\/17-discours-pendant-une-c&eacute;r&eacute;monie-de-mariage-laique-a-urspelt.jpg 800w, https:\/\/www.joliehistoire.com\/wp-content\/uploads\/2018\/10\/17-discours-pendant-une-c&eacute;r&eacute;monie-de-mariage-laique-a-urspelt-300x200.jpg 300w, https:\/\/www.joliehistoire.com\/wp-content\/uploads\/2018\/10\/17-discours-pendant-une-c&eacute;r&eacute;monie-de-mariage-laique-a-urspelt-768x512.jpg 768w\" data-src=\"https:\/\/www.joliehistoire.com\/wp-content\/uploads\/2018\/10\/17-discours-pendant-une-c%C3%A9r%C3%A9monie-de-mariage-laique-a-urspelt.jpg\"><\/a>\n\n\t\t\t<\/dt><\/dl><dl class=\"gallery-item\">\n\t\t\t<dt class=\"gallery-icon landscape\">\n\t\t\t\t<a href=\"https:\/\/www.joliehistoire.com\/lu\/blog-lu\/ceremonie-mariage-laique-luxembourg\/attachment\/19-dicours-dun-proche-lors-dune-ceremonie-laique\/\" source=\"https:\/\/www.joliehistoire.com\/wp-content\/uploads\/2018\/10\/19-dicours-dun-proche-lors-dune-c&eacute;r&eacute;monie-laique.jpg\" data-options=\"thumbnail: 'https:\/\/www.joliehistoire.com\/wp-content\/uploads\/2018\/10\/19-dicours-dun-proche-lors-dune-c&eacute;r&eacute;monie-laique-200x200.jpg'\"><noscript><img decoding=\"async\" width=\"800\" height=\"533\" src=\"https:\/\/www.joliehistoire.com\/wp-content\/uploads\/2018\/10\/19-dicours-dun-proche-lors-dune-c%C3%A9r%C3%A9monie-laique.jpg\" class=\"attachment-full size-full\" alt=\"dicours d'un proche lors d'une c&eacute;r&eacute;monie laique\" srcset=\"https:\/\/www.joliehistoire.com\/wp-content\/uploads\/2018\/10\/19-dicours-dun-proche-lors-dune-c&eacute;r&eacute;monie-laique.jpg 800w, https:\/\/www.joliehistoire.com\/wp-content\/uploads\/2018\/10\/19-dicours-dun-proche-lors-dune-c&eacute;r&eacute;monie-laique-300x200.jpg 300w, https:\/\/www.joliehistoire.com\/wp-content\/uploads\/2018\/10\/19-dicours-dun-proche-lors-dune-c&eacute;r&eacute;monie-laique-768x512.jpg 768w\" sizes=\"(max-width: 800px) 100vw, 800px\"><\/noscript><img decoding=\"async\" width=\"800\" height=\"533\" src=\"data:image\/svg+xml,%3Csvg%20xmlns%3D%22http%3A%2F%2Fwww.w3.org%2F2000%2Fsvg%22%20viewBox%3D%220%200%20800%20533%22%3E%3C%2Fsvg%3E\" class=\"attachment-full size-full lazyload\" alt=\"dicours d'un proche lors d'une c&eacute;r&eacute;monie laique\" srcset=\"data:image\/svg+xml,%3Csvg%20xmlns%3D%22http%3A%2F%2Fwww.w3.org%2F2000%2Fsvg%22%20viewBox%3D%220%200%20800%20533%22%3E%3C%2Fsvg%3E 800w\" sizes=\"(max-width: 800px) 100vw, 800px\" data-srcset=\"https:\/\/www.joliehistoire.com\/wp-content\/uploads\/2018\/10\/19-dicours-dun-proche-lors-dune-c&eacute;r&eacute;monie-laique.jpg 800w, https:\/\/www.joliehistoire.com\/wp-content\/uploads\/2018\/10\/19-dicours-dun-proche-lors-dune-c&eacute;r&eacute;monie-laique-300x200.jpg 300w, https:\/\/www.joliehistoire.com\/wp-content\/uploads\/2018\/10\/19-dicours-dun-proche-lors-dune-c&eacute;r&eacute;monie-laique-768x512.jpg 768w\" data-src=\"https:\/\/www.joliehistoire.com\/wp-content\/uploads\/2018\/10\/19-dicours-dun-proche-lors-dune-c%C3%A9r%C3%A9monie-laique.jpg\"><\/a>\n\n\t\t\t<\/dt><\/dl><br style=\"clear: both\">\n\t\t<\/div>\n\n<h3>Les interludes musicaux<\/h3>\n<p>Faire appel \u00e0 des musiciens, que ce soit des amis ou des professionnels (ou les deux), est une tr\u00e8s bonne id\u00e9e pour rendre votre c\u00e9r\u00e9monie plus belle encore. Un violon pour l&#8217;entr\u00e9e de la mari\u00e9e, des c\u0153urs gospels pour mettre l&#8217;ambiance ou pour la sortie des mari\u00e9s. Les possibilit\u00e9s sont nombreuses et d\u00e9pendront de vos go\u00fbts musicaux \u00e9galement.<\/p>\n\n\t\t<style type=\"text\/css\">\n\t\t\t#gallery-4 {\n\t\t\t\tmargin: auto;\n\t\t\t}\n\t\t\t#gallery-4 .gallery-item {\n\t\t\t\tfloat: left;\n\t\t\t\tmargin-top: 10px;\n\t\t\t\ttext-align: center;\n\t\t\t\twidth: 33%;\n\t\t\t}\n\t\t\t#gallery-4 img {\n\t\t\t\tborder: 2px solid #cfcfcf;\n\t\t\t}\n\t\t\t#gallery-4 .gallery-caption {\n\t\t\t\tmargin-left: 0;\n\t\t\t}\n\t\t\t\/* see gallery_shortcode() in wp-includes\/media.php *\/\n\t\t<\/style>\n\t\t<div id=\"gallery-4\" class=\"gallery galleryid-20416 gallery-columns-3 gallery-size-full ilightbox_gallery\" data-options=\"{attr:'source',path:'horizontal'}\"><dl class=\"gallery-item\">\n\t\t\t<dt class=\"gallery-icon landscape\">\n\t\t\t\t<a href=\"https:\/\/www.joliehistoire.com\/lu\/blog-lu\/ceremonie-mariage-laique-luxembourg\/attachment\/12-chorale-pour-ceremonie-laique\/\" source=\"https:\/\/www.joliehistoire.com\/wp-content\/uploads\/2018\/10\/12-chorale-pour-c&eacute;r&eacute;monie-laique.jpg\" data-options=\"thumbnail: 'https:\/\/www.joliehistoire.com\/wp-content\/uploads\/2018\/10\/12-chorale-pour-c&eacute;r&eacute;monie-laique-200x200.jpg'\"><noscript><img decoding=\"async\" width=\"800\" height=\"533\" src=\"https:\/\/www.joliehistoire.com\/wp-content\/uploads\/2018\/10\/12-chorale-pour-c%C3%A9r%C3%A9monie-laique.jpg\" class=\"attachment-full size-full\" alt=\"chorale pour c&eacute;r&eacute;monie laique\" srcset=\"https:\/\/www.joliehistoire.com\/wp-content\/uploads\/2018\/10\/12-chorale-pour-c&eacute;r&eacute;monie-laique.jpg 800w, https:\/\/www.joliehistoire.com\/wp-content\/uploads\/2018\/10\/12-chorale-pour-c&eacute;r&eacute;monie-laique-300x200.jpg 300w, https:\/\/www.joliehistoire.com\/wp-content\/uploads\/2018\/10\/12-chorale-pour-c&eacute;r&eacute;monie-laique-768x512.jpg 768w\" sizes=\"(max-width: 800px) 100vw, 800px\"><\/noscript><img decoding=\"async\" width=\"800\" height=\"533\" src=\"data:image\/svg+xml,%3Csvg%20xmlns%3D%22http%3A%2F%2Fwww.w3.org%2F2000%2Fsvg%22%20viewBox%3D%220%200%20800%20533%22%3E%3C%2Fsvg%3E\" class=\"attachment-full size-full lazyload\" alt=\"chorale pour c&eacute;r&eacute;monie laique\" srcset=\"data:image\/svg+xml,%3Csvg%20xmlns%3D%22http%3A%2F%2Fwww.w3.org%2F2000%2Fsvg%22%20viewBox%3D%220%200%20800%20533%22%3E%3C%2Fsvg%3E 800w\" sizes=\"(max-width: 800px) 100vw, 800px\" data-srcset=\"https:\/\/www.joliehistoire.com\/wp-content\/uploads\/2018\/10\/12-chorale-pour-c&eacute;r&eacute;monie-laique.jpg 800w, https:\/\/www.joliehistoire.com\/wp-content\/uploads\/2018\/10\/12-chorale-pour-c&eacute;r&eacute;monie-laique-300x200.jpg 300w, https:\/\/www.joliehistoire.com\/wp-content\/uploads\/2018\/10\/12-chorale-pour-c&eacute;r&eacute;monie-laique-768x512.jpg 768w\" data-src=\"https:\/\/www.joliehistoire.com\/wp-content\/uploads\/2018\/10\/12-chorale-pour-c%C3%A9r%C3%A9monie-laique.jpg\"><\/a>\n\n\t\t\t<\/dt><\/dl><dl class=\"gallery-item\">\n\t\t\t<dt class=\"gallery-icon landscape\">\n\t\t\t\t<a href=\"https:\/\/www.joliehistoire.com\/lu\/blog-lu\/ceremonie-mariage-laique-luxembourg\/attachment\/24-violoniste-pour-ceremonie-laique-lors-dun-mariage\/\" source=\"https:\/\/www.joliehistoire.com\/wp-content\/uploads\/2018\/10\/24-violoniste-pour-c&eacute;r&eacute;monie-laique-lors-dun-mariage.jpg\" data-options=\"thumbnail: 'https:\/\/www.joliehistoire.com\/wp-content\/uploads\/2018\/10\/24-violoniste-pour-c&eacute;r&eacute;monie-laique-lors-dun-mariage-200x200.jpg'\"><noscript><img decoding=\"async\" width=\"800\" height=\"533\" src=\"https:\/\/www.joliehistoire.com\/wp-content\/uploads\/2018\/10\/24-violoniste-pour-c%C3%A9r%C3%A9monie-laique-lors-dun-mariage.jpg\" class=\"attachment-full size-full\" alt=\"violoniste pour c&eacute;r&eacute;monie laique lors d'un mariage\" srcset=\"https:\/\/www.joliehistoire.com\/wp-content\/uploads\/2018\/10\/24-violoniste-pour-c&eacute;r&eacute;monie-laique-lors-dun-mariage.jpg 800w, https:\/\/www.joliehistoire.com\/wp-content\/uploads\/2018\/10\/24-violoniste-pour-c&eacute;r&eacute;monie-laique-lors-dun-mariage-300x200.jpg 300w, https:\/\/www.joliehistoire.com\/wp-content\/uploads\/2018\/10\/24-violoniste-pour-c&eacute;r&eacute;monie-laique-lors-dun-mariage-768x512.jpg 768w\" sizes=\"(max-width: 800px) 100vw, 800px\"><\/noscript><img decoding=\"async\" width=\"800\" height=\"533\" src=\"data:image\/svg+xml,%3Csvg%20xmlns%3D%22http%3A%2F%2Fwww.w3.org%2F2000%2Fsvg%22%20viewBox%3D%220%200%20800%20533%22%3E%3C%2Fsvg%3E\" class=\"attachment-full size-full lazyload\" alt=\"violoniste pour c&eacute;r&eacute;monie laique lors d'un mariage\" srcset=\"data:image\/svg+xml,%3Csvg%20xmlns%3D%22http%3A%2F%2Fwww.w3.org%2F2000%2Fsvg%22%20viewBox%3D%220%200%20800%20533%22%3E%3C%2Fsvg%3E 800w\" sizes=\"(max-width: 800px) 100vw, 800px\" data-srcset=\"https:\/\/www.joliehistoire.com\/wp-content\/uploads\/2018\/10\/24-violoniste-pour-c&eacute;r&eacute;monie-laique-lors-dun-mariage.jpg 800w, https:\/\/www.joliehistoire.com\/wp-content\/uploads\/2018\/10\/24-violoniste-pour-c&eacute;r&eacute;monie-laique-lors-dun-mariage-300x200.jpg 300w, https:\/\/www.joliehistoire.com\/wp-content\/uploads\/2018\/10\/24-violoniste-pour-c&eacute;r&eacute;monie-laique-lors-dun-mariage-768x512.jpg 768w\" data-src=\"https:\/\/www.joliehistoire.com\/wp-content\/uploads\/2018\/10\/24-violoniste-pour-c%C3%A9r%C3%A9monie-laique-lors-dun-mariage.jpg\"><\/a>\n\n\t\t\t<\/dt><\/dl><dl class=\"gallery-item\">\n\t\t\t<dt class=\"gallery-icon landscape\">\n\t\t\t\t<a href=\"https:\/\/www.joliehistoire.com\/lu\/blog-lu\/ceremonie-mariage-laique-luxembourg\/attachment\/22-chorale-pour-ceremonie-de-mariage-laique\/\" source=\"https:\/\/www.joliehistoire.com\/wp-content\/uploads\/2018\/10\/22-chorale-pour-c&eacute;r&eacute;monie-de-mariage-laique.jpg\" data-options=\"thumbnail: 'https:\/\/www.joliehistoire.com\/wp-content\/uploads\/2018\/10\/22-chorale-pour-c&eacute;r&eacute;monie-de-mariage-laique-200x200.jpg'\"><noscript><img decoding=\"async\" width=\"800\" height=\"533\" src=\"https:\/\/www.joliehistoire.com\/wp-content\/uploads\/2018\/10\/22-chorale-pour-c%C3%A9r%C3%A9monie-de-mariage-laique.jpg\" class=\"attachment-full size-full\" alt=\"chorale pour c&eacute;r&eacute;monie de mariage laique\" srcset=\"https:\/\/www.joliehistoire.com\/wp-content\/uploads\/2018\/10\/22-chorale-pour-c&eacute;r&eacute;monie-de-mariage-laique.jpg 800w, https:\/\/www.joliehistoire.com\/wp-content\/uploads\/2018\/10\/22-chorale-pour-c&eacute;r&eacute;monie-de-mariage-laique-300x200.jpg 300w, https:\/\/www.joliehistoire.com\/wp-content\/uploads\/2018\/10\/22-chorale-pour-c&eacute;r&eacute;monie-de-mariage-laique-768x512.jpg 768w\" sizes=\"(max-width: 800px) 100vw, 800px\"><\/noscript><img decoding=\"async\" width=\"800\" height=\"533\" src=\"data:image\/svg+xml,%3Csvg%20xmlns%3D%22http%3A%2F%2Fwww.w3.org%2F2000%2Fsvg%22%20viewBox%3D%220%200%20800%20533%22%3E%3C%2Fsvg%3E\" class=\"attachment-full size-full lazyload\" alt=\"chorale pour c&eacute;r&eacute;monie de mariage laique\" srcset=\"data:image\/svg+xml,%3Csvg%20xmlns%3D%22http%3A%2F%2Fwww.w3.org%2F2000%2Fsvg%22%20viewBox%3D%220%200%20800%20533%22%3E%3C%2Fsvg%3E 800w\" sizes=\"(max-width: 800px) 100vw, 800px\" data-srcset=\"https:\/\/www.joliehistoire.com\/wp-content\/uploads\/2018\/10\/22-chorale-pour-c&eacute;r&eacute;monie-de-mariage-laique.jpg 800w, https:\/\/www.joliehistoire.com\/wp-content\/uploads\/2018\/10\/22-chorale-pour-c&eacute;r&eacute;monie-de-mariage-laique-300x200.jpg 300w, https:\/\/www.joliehistoire.com\/wp-content\/uploads\/2018\/10\/22-chorale-pour-c&eacute;r&eacute;monie-de-mariage-laique-768x512.jpg 768w\" data-src=\"https:\/\/www.joliehistoire.com\/wp-content\/uploads\/2018\/10\/22-chorale-pour-c%C3%A9r%C3%A9monie-de-mariage-laique.jpg\"><\/a>\n\n\t\t\t<\/dt><\/dl><br style=\"clear: both\">\n\t\t<\/div>\n\n<h3>Ombrelles, chapeaux et&#8230; tonnelles<\/h3>\n<p>Si votre c\u00e9r\u00e9monie se d\u00e9roule en ext\u00e9rieur pensez qu&#8217;il peut faire tr\u00e8s chaud, surtout en \u00e9t\u00e9, ou \u00e0 l&#8217;inverse&#8230; pluvieux. Cela peut \u00eatre une bonne id\u00e9e de distribuer des chapeaux et des ombrelles \u00e0 vos invit\u00e9s. Vous pourrez \u00e9galement faire appel \u00e0 des professionnels pour louer une grande tonnelle et mettre tout le monde \u00e0 l&#8217;abris en cas de pluie. De mani\u00e8re g\u00e9n\u00e9rale il est toutefois pr\u00e9f\u00e9rable de ne pas organiser la c\u00e9r\u00e9monie la\u00efque sous une tonnelle. Cela assombrit consid\u00e9rablement, et cela peut co\u00fbter tr\u00e8s cher d&#8217;en trouver une suffisamment grande pour l&#8217;ensemble de vos invit\u00e9s.<\/p>\n\n\t\t<style type=\"text\/css\">\n\t\t\t#gallery-5 {\n\t\t\t\tmargin: auto;\n\t\t\t}\n\t\t\t#gallery-5 .gallery-item {\n\t\t\t\tfloat: left;\n\t\t\t\tmargin-top: 10px;\n\t\t\t\ttext-align: center;\n\t\t\t\twidth: 50%;\n\t\t\t}\n\t\t\t#gallery-5 img {\n\t\t\t\tborder: 2px solid #cfcfcf;\n\t\t\t}\n\t\t\t#gallery-5 .gallery-caption {\n\t\t\t\tmargin-left: 0;\n\t\t\t}\n\t\t\t\/* see gallery_shortcode() in wp-includes\/media.php *\/\n\t\t<\/style>\n\t\t<div id=\"gallery-5\" class=\"gallery galleryid-20416 gallery-columns-2 gallery-size-full ilightbox_gallery\" data-options=\"{attr:'source',path:'horizontal'}\"><dl class=\"gallery-item\">\n\t\t\t<dt class=\"gallery-icon landscape\">\n\t\t\t\t<a href=\"https:\/\/www.joliehistoire.com\/lu\/blog-lu\/ceremonie-mariage-laique-luxembourg\/attachment\/02-ceremonie-laique-avec-tonnelle\/\" source=\"https:\/\/www.joliehistoire.com\/wp-content\/uploads\/2018\/10\/02-c&eacute;r&eacute;monie-laique-avec-tonnelle.jpg\" data-options=\"thumbnail: 'https:\/\/www.joliehistoire.com\/wp-content\/uploads\/2018\/10\/02-c&eacute;r&eacute;monie-laique-avec-tonnelle-200x200.jpg'\"><noscript><img decoding=\"async\" width=\"800\" height=\"533\" src=\"https:\/\/www.joliehistoire.com\/wp-content\/uploads\/2018\/10\/02-c%C3%A9r%C3%A9monie-laique-avec-tonnelle.jpg\" class=\"attachment-full size-full\" alt=\"c&eacute;r&eacute;monie laique avec tonnelle\" srcset=\"https:\/\/www.joliehistoire.com\/wp-content\/uploads\/2018\/10\/02-c&eacute;r&eacute;monie-laique-avec-tonnelle.jpg 800w, https:\/\/www.joliehistoire.com\/wp-content\/uploads\/2018\/10\/02-c&eacute;r&eacute;monie-laique-avec-tonnelle-300x200.jpg 300w, https:\/\/www.joliehistoire.com\/wp-content\/uploads\/2018\/10\/02-c&eacute;r&eacute;monie-laique-avec-tonnelle-768x512.jpg 768w\" sizes=\"(max-width: 800px) 100vw, 800px\"><\/noscript><img decoding=\"async\" width=\"800\" height=\"533\" src=\"data:image\/svg+xml,%3Csvg%20xmlns%3D%22http%3A%2F%2Fwww.w3.org%2F2000%2Fsvg%22%20viewBox%3D%220%200%20800%20533%22%3E%3C%2Fsvg%3E\" class=\"attachment-full size-full lazyload\" alt=\"c&eacute;r&eacute;monie laique avec tonnelle\" srcset=\"data:image\/svg+xml,%3Csvg%20xmlns%3D%22http%3A%2F%2Fwww.w3.org%2F2000%2Fsvg%22%20viewBox%3D%220%200%20800%20533%22%3E%3C%2Fsvg%3E 800w\" sizes=\"(max-width: 800px) 100vw, 800px\" data-srcset=\"https:\/\/www.joliehistoire.com\/wp-content\/uploads\/2018\/10\/02-c&eacute;r&eacute;monie-laique-avec-tonnelle.jpg 800w, https:\/\/www.joliehistoire.com\/wp-content\/uploads\/2018\/10\/02-c&eacute;r&eacute;monie-laique-avec-tonnelle-300x200.jpg 300w, https:\/\/www.joliehistoire.com\/wp-content\/uploads\/2018\/10\/02-c&eacute;r&eacute;monie-laique-avec-tonnelle-768x512.jpg 768w\" data-src=\"https:\/\/www.joliehistoire.com\/wp-content\/uploads\/2018\/10\/02-c%C3%A9r%C3%A9monie-laique-avec-tonnelle.jpg\"><\/a>\n\n\t\t\t<\/dt><\/dl><dl class=\"gallery-item\">\n\t\t\t<dt class=\"gallery-icon landscape\">\n\t\t\t\t<a href=\"https:\/\/www.joliehistoire.com\/lu\/blog-lu\/ceremonie-mariage-laique-luxembourg\/attachment\/08-les-chapeaux-pour-se-proteger-du-soleil-pendant-la-ceremonie-de-mariage-laique\/\" source=\"https:\/\/www.joliehistoire.com\/wp-content\/uploads\/2018\/10\/08-les-chapeaux-pour-se-prot&eacute;ger-du-soleil-pendant-la-c&eacute;r&eacute;monie-de-mariage-laique.jpg\" data-options=\"thumbnail: 'https:\/\/www.joliehistoire.com\/wp-content\/uploads\/2018\/10\/08-les-chapeaux-pour-se-prot&eacute;ger-du-soleil-pendant-la-c&eacute;r&eacute;monie-de-mariage-laique-200x200.jpg'\"><noscript><img decoding=\"async\" width=\"800\" height=\"533\" src=\"https:\/\/www.joliehistoire.com\/wp-content\/uploads\/2018\/10\/08-les-chapeaux-pour-se-prot%C3%A9ger-du-soleil-pendant-la-c%C3%A9r%C3%A9monie-de-mariage-laique.jpg\" class=\"attachment-full size-full\" alt=\"les chapeaux pour se prot&eacute;ger du soleil pendant la c&eacute;r&eacute;monie de mariage laique\" srcset=\"https:\/\/www.joliehistoire.com\/wp-content\/uploads\/2018\/10\/08-les-chapeaux-pour-se-prot&eacute;ger-du-soleil-pendant-la-c&eacute;r&eacute;monie-de-mariage-laique.jpg 800w, https:\/\/www.joliehistoire.com\/wp-content\/uploads\/2018\/10\/08-les-chapeaux-pour-se-prot&eacute;ger-du-soleil-pendant-la-c&eacute;r&eacute;monie-de-mariage-laique-300x200.jpg 300w, https:\/\/www.joliehistoire.com\/wp-content\/uploads\/2018\/10\/08-les-chapeaux-pour-se-prot&eacute;ger-du-soleil-pendant-la-c&eacute;r&eacute;monie-de-mariage-laique-768x512.jpg 768w\" sizes=\"(max-width: 800px) 100vw, 800px\"><\/noscript><img decoding=\"async\" width=\"800\" height=\"533\" src=\"data:image\/svg+xml,%3Csvg%20xmlns%3D%22http%3A%2F%2Fwww.w3.org%2F2000%2Fsvg%22%20viewBox%3D%220%200%20800%20533%22%3E%3C%2Fsvg%3E\" class=\"attachment-full size-full lazyload\" alt=\"les chapeaux pour se prot&eacute;ger du soleil pendant la c&eacute;r&eacute;monie de mariage laique\" srcset=\"data:image\/svg+xml,%3Csvg%20xmlns%3D%22http%3A%2F%2Fwww.w3.org%2F2000%2Fsvg%22%20viewBox%3D%220%200%20800%20533%22%3E%3C%2Fsvg%3E 800w\" sizes=\"(max-width: 800px) 100vw, 800px\" data-srcset=\"https:\/\/www.joliehistoire.com\/wp-content\/uploads\/2018\/10\/08-les-chapeaux-pour-se-prot&eacute;ger-du-soleil-pendant-la-c&eacute;r&eacute;monie-de-mariage-laique.jpg 800w, https:\/\/www.joliehistoire.com\/wp-content\/uploads\/2018\/10\/08-les-chapeaux-pour-se-prot&eacute;ger-du-soleil-pendant-la-c&eacute;r&eacute;monie-de-mariage-laique-300x200.jpg 300w, https:\/\/www.joliehistoire.com\/wp-content\/uploads\/2018\/10\/08-les-chapeaux-pour-se-prot&eacute;ger-du-soleil-pendant-la-c&eacute;r&eacute;monie-de-mariage-laique-768x512.jpg 768w\" data-src=\"https:\/\/www.joliehistoire.com\/wp-content\/uploads\/2018\/10\/08-les-chapeaux-pour-se-prot%C3%A9ger-du-soleil-pendant-la-c%C3%A9r%C3%A9monie-de-mariage-laique.jpg\"><\/a>\n\n\t\t\t<\/dt><\/dl><br style=\"clear: both\">\n\t\t<\/div>\n\n<p>[\/vc_column_text][\/vc_column][\/vc_row][vc_row][vc_column][vc_column_text]<\/p>\n<h2>C\u00e9r\u00e9monies de mariages la\u00efques au Luxembourg<\/h2>\n<h3>Au parc de l&#8217;Orangerie, Mondorf-les-bains<\/h3>\n\n\t\t<style type=\"text\/css\">\n\t\t\t#gallery-6 {\n\t\t\t\tmargin: auto;\n\t\t\t}\n\t\t\t#gallery-6 .gallery-item {\n\t\t\t\tfloat: left;\n\t\t\t\tmargin-top: 10px;\n\t\t\t\ttext-align: center;\n\t\t\t\twidth: 50%;\n\t\t\t}\n\t\t\t#gallery-6 img {\n\t\t\t\tborder: 2px solid #cfcfcf;\n\t\t\t}\n\t\t\t#gallery-6 .gallery-caption {\n\t\t\t\tmargin-left: 0;\n\t\t\t}\n\t\t\t\/* see gallery_shortcode() in wp-includes\/media.php *\/\n\t\t<\/style>\n\t\t<div id=\"gallery-6\" class=\"gallery galleryid-20416 gallery-columns-2 gallery-size-full ilightbox_gallery\" data-options=\"{attr:'source',path:'horizontal'}\"><dl class=\"gallery-item\">\n\t\t\t<dt class=\"gallery-icon landscape\">\n\t\t\t\t<a href=\"https:\/\/www.joliehistoire.com\/lu\/blog-lu\/ceremonie-mariage-laique-luxembourg\/attachment\/14-jolie-mise-en-place-dune-ceremonie-laique\/\" source=\"https:\/\/www.joliehistoire.com\/wp-content\/uploads\/2018\/10\/14-jolie-mise-en-place-dune-c&eacute;r&eacute;monie-laique.jpg\" data-options=\"thumbnail: 'https:\/\/www.joliehistoire.com\/wp-content\/uploads\/2018\/10\/14-jolie-mise-en-place-dune-c&eacute;r&eacute;monie-laique-200x200.jpg'\"><noscript><img decoding=\"async\" width=\"800\" height=\"533\" src=\"https:\/\/www.joliehistoire.com\/wp-content\/uploads\/2018\/10\/14-jolie-mise-en-place-dune-c%C3%A9r%C3%A9monie-laique.jpg\" class=\"attachment-full size-full\" alt=\"jolie mise en place d'une c&eacute;r&eacute;monie laique\" srcset=\"https:\/\/www.joliehistoire.com\/wp-content\/uploads\/2018\/10\/14-jolie-mise-en-place-dune-c&eacute;r&eacute;monie-laique.jpg 800w, https:\/\/www.joliehistoire.com\/wp-content\/uploads\/2018\/10\/14-jolie-mise-en-place-dune-c&eacute;r&eacute;monie-laique-300x200.jpg 300w, https:\/\/www.joliehistoire.com\/wp-content\/uploads\/2018\/10\/14-jolie-mise-en-place-dune-c&eacute;r&eacute;monie-laique-768x512.jpg 768w\" sizes=\"(max-width: 800px) 100vw, 800px\"><\/noscript><img decoding=\"async\" width=\"800\" height=\"533\" src=\"data:image\/svg+xml,%3Csvg%20xmlns%3D%22http%3A%2F%2Fwww.w3.org%2F2000%2Fsvg%22%20viewBox%3D%220%200%20800%20533%22%3E%3C%2Fsvg%3E\" class=\"attachment-full size-full lazyload\" alt=\"jolie mise en place d'une c&eacute;r&eacute;monie laique\" srcset=\"data:image\/svg+xml,%3Csvg%20xmlns%3D%22http%3A%2F%2Fwww.w3.org%2F2000%2Fsvg%22%20viewBox%3D%220%200%20800%20533%22%3E%3C%2Fsvg%3E 800w\" sizes=\"(max-width: 800px) 100vw, 800px\" data-srcset=\"https:\/\/www.joliehistoire.com\/wp-content\/uploads\/2018\/10\/14-jolie-mise-en-place-dune-c&eacute;r&eacute;monie-laique.jpg 800w, https:\/\/www.joliehistoire.com\/wp-content\/uploads\/2018\/10\/14-jolie-mise-en-place-dune-c&eacute;r&eacute;monie-laique-300x200.jpg 300w, https:\/\/www.joliehistoire.com\/wp-content\/uploads\/2018\/10\/14-jolie-mise-en-place-dune-c&eacute;r&eacute;monie-laique-768x512.jpg 768w\" data-src=\"https:\/\/www.joliehistoire.com\/wp-content\/uploads\/2018\/10\/14-jolie-mise-en-place-dune-c%C3%A9r%C3%A9monie-laique.jpg\"><\/a>\n\n\t\t\t<\/dt><\/dl><dl class=\"gallery-item\">\n\t\t\t<dt class=\"gallery-icon landscape\">\n\t\t\t\t<a href=\"https:\/\/www.joliehistoire.com\/lu\/blog-lu\/ceremonie-mariage-laique-luxembourg\/attachment\/15-deroulement-dune-ceremonie-laique-a-lorangerie-de-mondorf\/\" source=\"https:\/\/www.joliehistoire.com\/wp-content\/uploads\/2018\/10\/15-d&eacute;roulement-dune-c&eacute;r&eacute;monie-laique-&agrave;-lorangerie-de-mondorf.jpg\" data-options=\"thumbnail: 'https:\/\/www.joliehistoire.com\/wp-content\/uploads\/2018\/10\/15-d&eacute;roulement-dune-c&eacute;r&eacute;monie-laique-&agrave;-lorangerie-de-mondorf-200x200.jpg'\"><noscript><img decoding=\"async\" width=\"800\" height=\"533\" src=\"https:\/\/www.joliehistoire.com\/wp-content\/uploads\/2018\/10\/15-d%C3%A9roulement-dune-c%C3%A9r%C3%A9monie-laique-%C3%A0-lorangerie-de-mondorf.jpg\" class=\"attachment-full size-full\" alt=\"d&eacute;roulement d'une c&eacute;r&eacute;monie laique &agrave; l'orangerie de mondorf\" srcset=\"https:\/\/www.joliehistoire.com\/wp-content\/uploads\/2018\/10\/15-d&eacute;roulement-dune-c&eacute;r&eacute;monie-laique-&agrave;-lorangerie-de-mondorf.jpg 800w, https:\/\/www.joliehistoire.com\/wp-content\/uploads\/2018\/10\/15-d&eacute;roulement-dune-c&eacute;r&eacute;monie-laique-&agrave;-lorangerie-de-mondorf-300x200.jpg 300w, https:\/\/www.joliehistoire.com\/wp-content\/uploads\/2018\/10\/15-d&eacute;roulement-dune-c&eacute;r&eacute;monie-laique-&agrave;-lorangerie-de-mondorf-768x512.jpg 768w\" sizes=\"(max-width: 800px) 100vw, 800px\"><\/noscript><img decoding=\"async\" width=\"800\" height=\"533\" src=\"data:image\/svg+xml,%3Csvg%20xmlns%3D%22http%3A%2F%2Fwww.w3.org%2F2000%2Fsvg%22%20viewBox%3D%220%200%20800%20533%22%3E%3C%2Fsvg%3E\" class=\"attachment-full size-full lazyload\" alt=\"d&eacute;roulement d'une c&eacute;r&eacute;monie laique &agrave; l'orangerie de mondorf\" srcset=\"data:image\/svg+xml,%3Csvg%20xmlns%3D%22http%3A%2F%2Fwww.w3.org%2F2000%2Fsvg%22%20viewBox%3D%220%200%20800%20533%22%3E%3C%2Fsvg%3E 800w\" sizes=\"(max-width: 800px) 100vw, 800px\" data-srcset=\"https:\/\/www.joliehistoire.com\/wp-content\/uploads\/2018\/10\/15-d&eacute;roulement-dune-c&eacute;r&eacute;monie-laique-&agrave;-lorangerie-de-mondorf.jpg 800w, https:\/\/www.joliehistoire.com\/wp-content\/uploads\/2018\/10\/15-d&eacute;roulement-dune-c&eacute;r&eacute;monie-laique-&agrave;-lorangerie-de-mondorf-300x200.jpg 300w, https:\/\/www.joliehistoire.com\/wp-content\/uploads\/2018\/10\/15-d&eacute;roulement-dune-c&eacute;r&eacute;monie-laique-&agrave;-lorangerie-de-mondorf-768x512.jpg 768w\" data-src=\"https:\/\/www.joliehistoire.com\/wp-content\/uploads\/2018\/10\/15-d%C3%A9roulement-dune-c%C3%A9r%C3%A9monie-laique-%C3%A0-lorangerie-de-mondorf.jpg\"><\/a>\n\n\t\t\t<\/dt><\/dl><br style=\"clear: both\"><dl class=\"gallery-item\">\n\t\t\t<dt class=\"gallery-icon landscape\">\n\t\t\t\t<a href=\"https:\/\/www.joliehistoire.com\/lu\/blog-lu\/ceremonie-mariage-laique-luxembourg\/attachment\/13-ceremonie-laique-a-lorangerie-de-mondorf\/\" source=\"https:\/\/www.joliehistoire.com\/wp-content\/uploads\/2018\/10\/13-c&eacute;r&eacute;monie-laique-&agrave;-lorangerie-de-mondorf.jpg\" data-options=\"thumbnail: 'https:\/\/www.joliehistoire.com\/wp-content\/uploads\/2018\/10\/13-c&eacute;r&eacute;monie-laique-&agrave;-lorangerie-de-mondorf-200x200.jpg'\"><noscript><img decoding=\"async\" width=\"800\" height=\"533\" src=\"https:\/\/www.joliehistoire.com\/wp-content\/uploads\/2018\/10\/13-c%C3%A9r%C3%A9monie-laique-%C3%A0-lorangerie-de-mondorf.jpg\" class=\"attachment-full size-full\" alt=\"c&eacute;r&eacute;monie laique &agrave; l'orangerie de mondorf\" srcset=\"https:\/\/www.joliehistoire.com\/wp-content\/uploads\/2018\/10\/13-c&eacute;r&eacute;monie-laique-&agrave;-lorangerie-de-mondorf.jpg 800w, https:\/\/www.joliehistoire.com\/wp-content\/uploads\/2018\/10\/13-c&eacute;r&eacute;monie-laique-&agrave;-lorangerie-de-mondorf-300x200.jpg 300w, https:\/\/www.joliehistoire.com\/wp-content\/uploads\/2018\/10\/13-c&eacute;r&eacute;monie-laique-&agrave;-lorangerie-de-mondorf-768x512.jpg 768w\" sizes=\"(max-width: 800px) 100vw, 800px\"><\/noscript><img decoding=\"async\" width=\"800\" height=\"533\" src=\"data:image\/svg+xml,%3Csvg%20xmlns%3D%22http%3A%2F%2Fwww.w3.org%2F2000%2Fsvg%22%20viewBox%3D%220%200%20800%20533%22%3E%3C%2Fsvg%3E\" class=\"attachment-full size-full lazyload\" alt=\"c&eacute;r&eacute;monie laique &agrave; l'orangerie de mondorf\" srcset=\"data:image\/svg+xml,%3Csvg%20xmlns%3D%22http%3A%2F%2Fwww.w3.org%2F2000%2Fsvg%22%20viewBox%3D%220%200%20800%20533%22%3E%3C%2Fsvg%3E 800w\" sizes=\"(max-width: 800px) 100vw, 800px\" data-srcset=\"https:\/\/www.joliehistoire.com\/wp-content\/uploads\/2018\/10\/13-c&eacute;r&eacute;monie-laique-&agrave;-lorangerie-de-mondorf.jpg 800w, https:\/\/www.joliehistoire.com\/wp-content\/uploads\/2018\/10\/13-c&eacute;r&eacute;monie-laique-&agrave;-lorangerie-de-mondorf-300x200.jpg 300w, https:\/\/www.joliehistoire.com\/wp-content\/uploads\/2018\/10\/13-c&eacute;r&eacute;monie-laique-&agrave;-lorangerie-de-mondorf-768x512.jpg 768w\" data-src=\"https:\/\/www.joliehistoire.com\/wp-content\/uploads\/2018\/10\/13-c%C3%A9r%C3%A9monie-laique-%C3%A0-lorangerie-de-mondorf.jpg\"><\/a>\n\n\t\t\t<\/dt><\/dl><dl class=\"gallery-item\">\n\t\t\t<dt class=\"gallery-icon landscape\">\n\t\t\t\t<a href=\"https:\/\/www.joliehistoire.com\/lu\/blog-lu\/ceremonie-mariage-laique-luxembourg\/attachment\/11-ceremonie-de-mariage-laique-a-mondorf-les-bains\/\" source=\"https:\/\/www.joliehistoire.com\/wp-content\/uploads\/2018\/10\/11-c&eacute;r&eacute;monie-de-mariage-laique-&agrave;-mondorf-les-bains.jpg\" data-options=\"thumbnail: 'https:\/\/www.joliehistoire.com\/wp-content\/uploads\/2018\/10\/11-c&eacute;r&eacute;monie-de-mariage-laique-&agrave;-mondorf-les-bains-200x200.jpg'\"><noscript><img decoding=\"async\" width=\"800\" height=\"533\" src=\"https:\/\/www.joliehistoire.com\/wp-content\/uploads\/2018\/10\/11-c%C3%A9r%C3%A9monie-de-mariage-laique-%C3%A0-mondorf-les-bains.jpg\" class=\"attachment-full size-full\" alt=\"c&eacute;r&eacute;monie de mariage laique &agrave; mondorf les bains\" srcset=\"https:\/\/www.joliehistoire.com\/wp-content\/uploads\/2018\/10\/11-c&eacute;r&eacute;monie-de-mariage-laique-&agrave;-mondorf-les-bains.jpg 800w, https:\/\/www.joliehistoire.com\/wp-content\/uploads\/2018\/10\/11-c&eacute;r&eacute;monie-de-mariage-laique-&agrave;-mondorf-les-bains-300x200.jpg 300w, https:\/\/www.joliehistoire.com\/wp-content\/uploads\/2018\/10\/11-c&eacute;r&eacute;monie-de-mariage-laique-&agrave;-mondorf-les-bains-768x512.jpg 768w\" sizes=\"(max-width: 800px) 100vw, 800px\"><\/noscript><img decoding=\"async\" width=\"800\" height=\"533\" src=\"data:image\/svg+xml,%3Csvg%20xmlns%3D%22http%3A%2F%2Fwww.w3.org%2F2000%2Fsvg%22%20viewBox%3D%220%200%20800%20533%22%3E%3C%2Fsvg%3E\" class=\"attachment-full size-full lazyload\" alt=\"c&eacute;r&eacute;monie de mariage laique &agrave; mondorf les bains\" srcset=\"data:image\/svg+xml,%3Csvg%20xmlns%3D%22http%3A%2F%2Fwww.w3.org%2F2000%2Fsvg%22%20viewBox%3D%220%200%20800%20533%22%3E%3C%2Fsvg%3E 800w\" sizes=\"(max-width: 800px) 100vw, 800px\" data-srcset=\"https:\/\/www.joliehistoire.com\/wp-content\/uploads\/2018\/10\/11-c&eacute;r&eacute;monie-de-mariage-laique-&agrave;-mondorf-les-bains.jpg 800w, https:\/\/www.joliehistoire.com\/wp-content\/uploads\/2018\/10\/11-c&eacute;r&eacute;monie-de-mariage-laique-&agrave;-mondorf-les-bains-300x200.jpg 300w, https:\/\/www.joliehistoire.com\/wp-content\/uploads\/2018\/10\/11-c&eacute;r&eacute;monie-de-mariage-laique-&agrave;-mondorf-les-bains-768x512.jpg 768w\" data-src=\"https:\/\/www.joliehistoire.com\/wp-content\/uploads\/2018\/10\/11-c%C3%A9r%C3%A9monie-de-mariage-laique-%C3%A0-mondorf-les-bains.jpg\"><\/a>\n\n\t\t\t<\/dt><\/dl><br style=\"clear: both\">\n\t\t<\/div>\n\n<h3>Dans la cour du ch\u00e2teau d&#8217;Urspelt<\/h3>\n\n\t\t<style type=\"text\/css\">\n\t\t\t#gallery-7 {\n\t\t\t\tmargin: auto;\n\t\t\t}\n\t\t\t#gallery-7 .gallery-item {\n\t\t\t\tfloat: left;\n\t\t\t\tmargin-top: 10px;\n\t\t\t\ttext-align: center;\n\t\t\t\twidth: 33%;\n\t\t\t}\n\t\t\t#gallery-7 img {\n\t\t\t\tborder: 2px solid #cfcfcf;\n\t\t\t}\n\t\t\t#gallery-7 .gallery-caption {\n\t\t\t\tmargin-left: 0;\n\t\t\t}\n\t\t\t\/* see gallery_shortcode() in wp-includes\/media.php *\/\n\t\t<\/style>\n\t\t<div id=\"gallery-7\" class=\"gallery galleryid-20416 gallery-columns-3 gallery-size-full ilightbox_gallery\" data-options=\"{attr:'source',path:'horizontal'}\"><dl class=\"gallery-item\">\n\t\t\t<dt class=\"gallery-icon landscape\">\n\t\t\t\t<a href=\"https:\/\/www.joliehistoire.com\/lu\/blog-lu\/ceremonie-mariage-laique-luxembourg\/attachment\/05-mise-en-place-de-la-ceremonie-laique\/\" source=\"https:\/\/www.joliehistoire.com\/wp-content\/uploads\/2018\/10\/05-mise-en-place-de-la-c&eacute;r&eacute;monie-laique.jpg\" data-options=\"thumbnail: 'https:\/\/www.joliehistoire.com\/wp-content\/uploads\/2018\/10\/05-mise-en-place-de-la-c&eacute;r&eacute;monie-laique-200x200.jpg'\"><noscript><img decoding=\"async\" width=\"800\" height=\"533\" src=\"https:\/\/www.joliehistoire.com\/wp-content\/uploads\/2018\/10\/05-mise-en-place-de-la-c%C3%A9r%C3%A9monie-laique.jpg\" class=\"attachment-full size-full\" alt=\"mise en place de la c&eacute;r&eacute;monie laique\" srcset=\"https:\/\/www.joliehistoire.com\/wp-content\/uploads\/2018\/10\/05-mise-en-place-de-la-c&eacute;r&eacute;monie-laique.jpg 800w, https:\/\/www.joliehistoire.com\/wp-content\/uploads\/2018\/10\/05-mise-en-place-de-la-c&eacute;r&eacute;monie-laique-300x200.jpg 300w, https:\/\/www.joliehistoire.com\/wp-content\/uploads\/2018\/10\/05-mise-en-place-de-la-c&eacute;r&eacute;monie-laique-768x512.jpg 768w\" sizes=\"(max-width: 800px) 100vw, 800px\"><\/noscript><img decoding=\"async\" width=\"800\" height=\"533\" src=\"data:image\/svg+xml,%3Csvg%20xmlns%3D%22http%3A%2F%2Fwww.w3.org%2F2000%2Fsvg%22%20viewBox%3D%220%200%20800%20533%22%3E%3C%2Fsvg%3E\" class=\"attachment-full size-full lazyload\" alt=\"mise en place de la c&eacute;r&eacute;monie laique\" srcset=\"data:image\/svg+xml,%3Csvg%20xmlns%3D%22http%3A%2F%2Fwww.w3.org%2F2000%2Fsvg%22%20viewBox%3D%220%200%20800%20533%22%3E%3C%2Fsvg%3E 800w\" sizes=\"(max-width: 800px) 100vw, 800px\" data-srcset=\"https:\/\/www.joliehistoire.com\/wp-content\/uploads\/2018\/10\/05-mise-en-place-de-la-c&eacute;r&eacute;monie-laique.jpg 800w, https:\/\/www.joliehistoire.com\/wp-content\/uploads\/2018\/10\/05-mise-en-place-de-la-c&eacute;r&eacute;monie-laique-300x200.jpg 300w, https:\/\/www.joliehistoire.com\/wp-content\/uploads\/2018\/10\/05-mise-en-place-de-la-c&eacute;r&eacute;monie-laique-768x512.jpg 768w\" data-src=\"https:\/\/www.joliehistoire.com\/wp-content\/uploads\/2018\/10\/05-mise-en-place-de-la-c%C3%A9r%C3%A9monie-laique.jpg\"><\/a>\n\n\t\t\t<\/dt><\/dl><dl class=\"gallery-item\">\n\t\t\t<dt class=\"gallery-icon landscape\">\n\t\t\t\t<a href=\"https:\/\/www.joliehistoire.com\/lu\/blog-lu\/ceremonie-mariage-laique-luxembourg\/attachment\/04-ceremonie-de-mariage-laique-au-chateau-durspelt\/\" source=\"https:\/\/www.joliehistoire.com\/wp-content\/uploads\/2018\/10\/04-c&eacute;r&eacute;monie-de-mariage-laique-au-chateau-durspelt.jpg\" data-options=\"thumbnail: 'https:\/\/www.joliehistoire.com\/wp-content\/uploads\/2018\/10\/04-c&eacute;r&eacute;monie-de-mariage-laique-au-chateau-durspelt-200x200.jpg'\"><noscript><img decoding=\"async\" width=\"800\" height=\"533\" src=\"https:\/\/www.joliehistoire.com\/wp-content\/uploads\/2018\/10\/04-c%C3%A9r%C3%A9monie-de-mariage-laique-au-chateau-durspelt.jpg\" class=\"attachment-full size-full\" alt=\"c&eacute;r&eacute;monie de mariage laique au chateau d'urspelt\" srcset=\"https:\/\/www.joliehistoire.com\/wp-content\/uploads\/2018\/10\/04-c&eacute;r&eacute;monie-de-mariage-laique-au-chateau-durspelt.jpg 800w, https:\/\/www.joliehistoire.com\/wp-content\/uploads\/2018\/10\/04-c&eacute;r&eacute;monie-de-mariage-laique-au-chateau-durspelt-300x200.jpg 300w, https:\/\/www.joliehistoire.com\/wp-content\/uploads\/2018\/10\/04-c&eacute;r&eacute;monie-de-mariage-laique-au-chateau-durspelt-768x512.jpg 768w\" sizes=\"(max-width: 800px) 100vw, 800px\"><\/noscript><img decoding=\"async\" width=\"800\" height=\"533\" src=\"data:image\/svg+xml,%3Csvg%20xmlns%3D%22http%3A%2F%2Fwww.w3.org%2F2000%2Fsvg%22%20viewBox%3D%220%200%20800%20533%22%3E%3C%2Fsvg%3E\" class=\"attachment-full size-full lazyload\" alt=\"c&eacute;r&eacute;monie de mariage laique au chateau d'urspelt\" srcset=\"data:image\/svg+xml,%3Csvg%20xmlns%3D%22http%3A%2F%2Fwww.w3.org%2F2000%2Fsvg%22%20viewBox%3D%220%200%20800%20533%22%3E%3C%2Fsvg%3E 800w\" sizes=\"(max-width: 800px) 100vw, 800px\" data-srcset=\"https:\/\/www.joliehistoire.com\/wp-content\/uploads\/2018\/10\/04-c&eacute;r&eacute;monie-de-mariage-laique-au-chateau-durspelt.jpg 800w, https:\/\/www.joliehistoire.com\/wp-content\/uploads\/2018\/10\/04-c&eacute;r&eacute;monie-de-mariage-laique-au-chateau-durspelt-300x200.jpg 300w, https:\/\/www.joliehistoire.com\/wp-content\/uploads\/2018\/10\/04-c&eacute;r&eacute;monie-de-mariage-laique-au-chateau-durspelt-768x512.jpg 768w\" data-src=\"https:\/\/www.joliehistoire.com\/wp-content\/uploads\/2018\/10\/04-c%C3%A9r%C3%A9monie-de-mariage-laique-au-chateau-durspelt.jpg\"><\/a>\n\n\t\t\t<\/dt><\/dl><dl class=\"gallery-item\">\n\t\t\t<dt class=\"gallery-icon landscape\">\n\t\t\t\t<a href=\"https:\/\/www.joliehistoire.com\/lu\/blog-lu\/ceremonie-mariage-laique-luxembourg\/attachment\/07-fleurs-pour-ceremonie-de-mariage\/\" source=\"https:\/\/www.joliehistoire.com\/wp-content\/uploads\/2018\/10\/07-fleurs-pour-c&eacute;r&eacute;monie-de-mariage.jpg\" data-options=\"thumbnail: 'https:\/\/www.joliehistoire.com\/wp-content\/uploads\/2018\/10\/07-fleurs-pour-c&eacute;r&eacute;monie-de-mariage-200x200.jpg'\"><noscript><img decoding=\"async\" width=\"800\" height=\"533\" src=\"https:\/\/www.joliehistoire.com\/wp-content\/uploads\/2018\/10\/07-fleurs-pour-c%C3%A9r%C3%A9monie-de-mariage.jpg\" class=\"attachment-full size-full\" alt=\"fleurs pour c&eacute;r&eacute;monie de mariage\" srcset=\"https:\/\/www.joliehistoire.com\/wp-content\/uploads\/2018\/10\/07-fleurs-pour-c&eacute;r&eacute;monie-de-mariage.jpg 800w, https:\/\/www.joliehistoire.com\/wp-content\/uploads\/2018\/10\/07-fleurs-pour-c&eacute;r&eacute;monie-de-mariage-300x200.jpg 300w, https:\/\/www.joliehistoire.com\/wp-content\/uploads\/2018\/10\/07-fleurs-pour-c&eacute;r&eacute;monie-de-mariage-768x512.jpg 768w\" sizes=\"(max-width: 800px) 100vw, 800px\"><\/noscript><img decoding=\"async\" width=\"800\" height=\"533\" src=\"data:image\/svg+xml,%3Csvg%20xmlns%3D%22http%3A%2F%2Fwww.w3.org%2F2000%2Fsvg%22%20viewBox%3D%220%200%20800%20533%22%3E%3C%2Fsvg%3E\" class=\"attachment-full size-full lazyload\" alt=\"fleurs pour c&eacute;r&eacute;monie de mariage\" srcset=\"data:image\/svg+xml,%3Csvg%20xmlns%3D%22http%3A%2F%2Fwww.w3.org%2F2000%2Fsvg%22%20viewBox%3D%220%200%20800%20533%22%3E%3C%2Fsvg%3E 800w\" sizes=\"(max-width: 800px) 100vw, 800px\" data-srcset=\"https:\/\/www.joliehistoire.com\/wp-content\/uploads\/2018\/10\/07-fleurs-pour-c&eacute;r&eacute;monie-de-mariage.jpg 800w, https:\/\/www.joliehistoire.com\/wp-content\/uploads\/2018\/10\/07-fleurs-pour-c&eacute;r&eacute;monie-de-mariage-300x200.jpg 300w, https:\/\/www.joliehistoire.com\/wp-content\/uploads\/2018\/10\/07-fleurs-pour-c&eacute;r&eacute;monie-de-mariage-768x512.jpg 768w\" data-src=\"https:\/\/www.joliehistoire.com\/wp-content\/uploads\/2018\/10\/07-fleurs-pour-c%C3%A9r%C3%A9monie-de-mariage.jpg\"><\/a>\n\n\t\t\t<\/dt><\/dl><br style=\"clear: both\">\n\t\t<\/div>\n\n<h3>Au ch\u00e2teau de Bourglinster<\/h3>\n<p><noscript><img decoding=\"async\" class=\"alignnone size-full wp-image-20427\" src=\"https:\/\/www.joliehistoire.com\/wp-content\/uploads\/2018\/10\/03-c\u00e9r\u00e9monie-laique-dans-le-chateau-de-bourglinster.jpg\" alt=\"c\u00e9r\u00e9monie laique dans le chateau de bourglinster\" width=\"800\" height=\"533\" srcset=\"https:\/\/www.joliehistoire.com\/wp-content\/uploads\/2018\/10\/03-c\u00e9r\u00e9monie-laique-dans-le-chateau-de-bourglinster.jpg 800w, https:\/\/www.joliehistoire.com\/wp-content\/uploads\/2018\/10\/03-c\u00e9r\u00e9monie-laique-dans-le-chateau-de-bourglinster-300x200.jpg 300w, https:\/\/www.joliehistoire.com\/wp-content\/uploads\/2018\/10\/03-c\u00e9r\u00e9monie-laique-dans-le-chateau-de-bourglinster-768x512.jpg 768w\" sizes=\"(max-width: 800px) 100vw, 800px\"><\/noscript><img decoding=\"async\" class=\"alignnone size-full wp-image-20427 lazyload\" src=\"data:image\/svg+xml,%3Csvg%20xmlns%3D%22http%3A%2F%2Fwww.w3.org%2F2000%2Fsvg%22%20viewBox%3D%220%200%20800%20533%22%3E%3C%2Fsvg%3E\" alt=\"c\u00e9r\u00e9monie laique dans le chateau de bourglinster\" width=\"800\" height=\"533\" srcset=\"data:image\/svg+xml,%3Csvg%20xmlns%3D%22http%3A%2F%2Fwww.w3.org%2F2000%2Fsvg%22%20viewBox%3D%220%200%20800%20533%22%3E%3C%2Fsvg%3E 800w\" sizes=\"(max-width: 800px) 100vw, 800px\" data-srcset=\"https:\/\/www.joliehistoire.com\/wp-content\/uploads\/2018\/10\/03-c\u00e9r\u00e9monie-laique-dans-le-chateau-de-bourglinster.jpg 800w, https:\/\/www.joliehistoire.com\/wp-content\/uploads\/2018\/10\/03-c\u00e9r\u00e9monie-laique-dans-le-chateau-de-bourglinster-300x200.jpg 300w, https:\/\/www.joliehistoire.com\/wp-content\/uploads\/2018\/10\/03-c\u00e9r\u00e9monie-laique-dans-le-chateau-de-bourglinster-768x512.jpg 768w\" data-src=\"https:\/\/www.joliehistoire.com\/wp-content\/uploads\/2018\/10\/03-c\u00e9r\u00e9monie-laique-dans-le-chateau-de-bourglinster.jpg\"><\/p>\n<h3>Dans votre jardin !<\/h3>\n\n\t\t<style type=\"text\/css\">\n\t\t\t#gallery-8 {\n\t\t\t\tmargin: auto;\n\t\t\t}\n\t\t\t#gallery-8 .gallery-item {\n\t\t\t\tfloat: left;\n\t\t\t\tmargin-top: 10px;\n\t\t\t\ttext-align: center;\n\t\t\t\twidth: 50%;\n\t\t\t}\n\t\t\t#gallery-8 img {\n\t\t\t\tborder: 2px solid #cfcfcf;\n\t\t\t}\n\t\t\t#gallery-8 .gallery-caption {\n\t\t\t\tmargin-left: 0;\n\t\t\t}\n\t\t\t\/* see gallery_shortcode() in wp-includes\/media.php *\/\n\t\t<\/style>\n\t\t<div id=\"gallery-8\" class=\"gallery galleryid-20416 gallery-columns-2 gallery-size-full ilightbox_gallery\" data-options=\"{attr:'source',path:'horizontal'}\"><dl class=\"gallery-item\">\n\t\t\t<dt class=\"gallery-icon landscape\">\n\t\t\t\t<a href=\"https:\/\/www.joliehistoire.com\/lu\/blog-lu\/ceremonie-mariage-laique-luxembourg\/attachment\/01-ceremonie-de-mariage-laique-dans-un-jardin\/\" source=\"https:\/\/www.joliehistoire.com\/wp-content\/uploads\/2018\/10\/01-c&eacute;r&eacute;monie-de-mariage-laique-dans-un-jardin.jpg\" data-options=\"thumbnail: 'https:\/\/www.joliehistoire.com\/wp-content\/uploads\/2018\/10\/01-c&eacute;r&eacute;monie-de-mariage-laique-dans-un-jardin-200x200.jpg'\"><noscript><img decoding=\"async\" width=\"800\" height=\"533\" src=\"https:\/\/www.joliehistoire.com\/wp-content\/uploads\/2018\/10\/01-c%C3%A9r%C3%A9monie-de-mariage-laique-dans-un-jardin.jpg\" class=\"attachment-full size-full\" alt=\"c&eacute;r&eacute;monie de mariage laique dans un jardin\" srcset=\"https:\/\/www.joliehistoire.com\/wp-content\/uploads\/2018\/10\/01-c&eacute;r&eacute;monie-de-mariage-laique-dans-un-jardin.jpg 800w, https:\/\/www.joliehistoire.com\/wp-content\/uploads\/2018\/10\/01-c&eacute;r&eacute;monie-de-mariage-laique-dans-un-jardin-300x200.jpg 300w, https:\/\/www.joliehistoire.com\/wp-content\/uploads\/2018\/10\/01-c&eacute;r&eacute;monie-de-mariage-laique-dans-un-jardin-768x512.jpg 768w\" sizes=\"(max-width: 800px) 100vw, 800px\"><\/noscript><img decoding=\"async\" width=\"800\" height=\"533\" src=\"data:image\/svg+xml,%3Csvg%20xmlns%3D%22http%3A%2F%2Fwww.w3.org%2F2000%2Fsvg%22%20viewBox%3D%220%200%20800%20533%22%3E%3C%2Fsvg%3E\" class=\"attachment-full size-full lazyload\" alt=\"c&eacute;r&eacute;monie de mariage laique dans un jardin\" srcset=\"data:image\/svg+xml,%3Csvg%20xmlns%3D%22http%3A%2F%2Fwww.w3.org%2F2000%2Fsvg%22%20viewBox%3D%220%200%20800%20533%22%3E%3C%2Fsvg%3E 800w\" sizes=\"(max-width: 800px) 100vw, 800px\" data-srcset=\"https:\/\/www.joliehistoire.com\/wp-content\/uploads\/2018\/10\/01-c&eacute;r&eacute;monie-de-mariage-laique-dans-un-jardin.jpg 800w, https:\/\/www.joliehistoire.com\/wp-content\/uploads\/2018\/10\/01-c&eacute;r&eacute;monie-de-mariage-laique-dans-un-jardin-300x200.jpg 300w, https:\/\/www.joliehistoire.com\/wp-content\/uploads\/2018\/10\/01-c&eacute;r&eacute;monie-de-mariage-laique-dans-un-jardin-768x512.jpg 768w\" data-src=\"https:\/\/www.joliehistoire.com\/wp-content\/uploads\/2018\/10\/01-c%C3%A9r%C3%A9monie-de-mariage-laique-dans-un-jardin.jpg\"><\/a>\n\n\t\t\t<\/dt><\/dl><dl class=\"gallery-item\">\n\t\t\t<dt class=\"gallery-icon landscape\">\n\t\t\t\t<a href=\"https:\/\/www.joliehistoire.com\/lu\/blog-lu\/ceremonie-mariage-laique-luxembourg\/attachment\/25-discour-du-marie-pendant-la-ceremonie-laique\/\" source=\"https:\/\/www.joliehistoire.com\/wp-content\/uploads\/2018\/10\/25-discour-du-mari&eacute;-pendant-la-c&eacute;r&eacute;monie-laique.jpg\" data-options=\"thumbnail: 'https:\/\/www.joliehistoire.com\/wp-content\/uploads\/2018\/10\/25-discour-du-mari&eacute;-pendant-la-c&eacute;r&eacute;monie-laique-200x200.jpg'\"><noscript><img decoding=\"async\" width=\"800\" height=\"533\" src=\"https:\/\/www.joliehistoire.com\/wp-content\/uploads\/2018\/10\/25-discour-du-mari%C3%A9-pendant-la-c%C3%A9r%C3%A9monie-laique.jpg\" class=\"attachment-full size-full\" alt=\"discour du mari&eacute; pendant la c&eacute;r&eacute;monie laique\" srcset=\"https:\/\/www.joliehistoire.com\/wp-content\/uploads\/2018\/10\/25-discour-du-mari&eacute;-pendant-la-c&eacute;r&eacute;monie-laique.jpg 800w, https:\/\/www.joliehistoire.com\/wp-content\/uploads\/2018\/10\/25-discour-du-mari&eacute;-pendant-la-c&eacute;r&eacute;monie-laique-300x200.jpg 300w, https:\/\/www.joliehistoire.com\/wp-content\/uploads\/2018\/10\/25-discour-du-mari&eacute;-pendant-la-c&eacute;r&eacute;monie-laique-768x512.jpg 768w\" sizes=\"(max-width: 800px) 100vw, 800px\"><\/noscript><img decoding=\"async\" width=\"800\" height=\"533\" src=\"data:image\/svg+xml,%3Csvg%20xmlns%3D%22http%3A%2F%2Fwww.w3.org%2F2000%2Fsvg%22%20viewBox%3D%220%200%20800%20533%22%3E%3C%2Fsvg%3E\" class=\"attachment-full size-full lazyload\" alt=\"discour du mari&eacute; pendant la c&eacute;r&eacute;monie laique\" srcset=\"data:image\/svg+xml,%3Csvg%20xmlns%3D%22http%3A%2F%2Fwww.w3.org%2F2000%2Fsvg%22%20viewBox%3D%220%200%20800%20533%22%3E%3C%2Fsvg%3E 800w\" sizes=\"(max-width: 800px) 100vw, 800px\" data-srcset=\"https:\/\/www.joliehistoire.com\/wp-content\/uploads\/2018\/10\/25-discour-du-mari&eacute;-pendant-la-c&eacute;r&eacute;monie-laique.jpg 800w, https:\/\/www.joliehistoire.com\/wp-content\/uploads\/2018\/10\/25-discour-du-mari&eacute;-pendant-la-c&eacute;r&eacute;monie-laique-300x200.jpg 300w, https:\/\/www.joliehistoire.com\/wp-content\/uploads\/2018\/10\/25-discour-du-mari&eacute;-pendant-la-c&eacute;r&eacute;monie-laique-768x512.jpg 768w\" data-src=\"https:\/\/www.joliehistoire.com\/wp-content\/uploads\/2018\/10\/25-discour-du-mari%C3%A9-pendant-la-c%C3%A9r%C3%A9monie-laique.jpg\"><\/a>\n\n\t\t\t<\/dt><\/dl><br style=\"clear: both\">\n\t\t<\/div>\n\n<p>[\/vc_column_text][\/vc_column][\/vc_row][vc_row][vc_column][vc_column_text]<\/p>\n<p>[\/vc_column_text][\/vc_column][\/vc_row]<\/p>\n","protected":false},"excerpt":{"rendered":"<p>[vc_row][vc_column][vc_column_text] Pourquoi une c\u00e9r\u00e9monie la\u00efque ? Apr\u00e8s le passage oblig\u00e9 par la mairie, 15 minutes grand max pour signer un papier, vous aurez le choix entre : vous marier religieusement, selon vos croyances. organiser une c\u00e9r\u00e9monie la\u00efque faire la f\u00eate tout de suite \ud83d\ude42 Bien \u00e9videmment, les deux premiers choix sont exclusifs. Cependant beaucoup de [&hellip;]<\/p>\n","protected":false},"author":1,"featured_media":20459,"comment_status":"open","ping_status":"open","sticky":false,"template":"","format":"standard","meta":{"footnotes":""},"categories":[48],"tags":[],"class_list":["post-20416","post","type-post","status-publish","format-standard","has-post-thumbnail","hentry","category-blog-lu"],"yoast_head":"<!-- This site is optimized with the Yoast SEO plugin v27.4 - https:\/\/yoast.com\/product\/yoast-seo-wordpress\/ -->\n<title>C\u00e9r\u00e9monie de mariage la\u00efque au Luxembourg - Conseils et astuces.<\/title>\n<meta name=\"description\" content=\"Bien choisir son ma\u00eetre de c\u00e9r\u00e9monie au Luxembourg, organiser le d\u00e9roulement de la c\u00e9r\u00e9monmie la\u00efque de votre mariage, utilisation des rituels symboliques.\" \/>\n<meta name=\"robots\" content=\"index, follow, max-snippet:-1, max-image-preview:large, max-video-preview:-1\" \/>\n<link rel=\"canonical\" href=\"https:\/\/www.joliehistoire.com\/lu\/blog-lu\/ceremonie-mariage-laique-luxembourg\/\" \/>\n<meta name=\"twitter:card\" content=\"summary_large_image\" \/>\n<meta name=\"twitter:title\" content=\"C\u00e9r\u00e9monie de mariage la\u00efque au Luxembourg - Conseils et astuces.\" \/>\n<meta name=\"twitter:description\" content=\"Bien choisir son ma\u00eetre de c\u00e9r\u00e9monie au Luxembourg, organiser le d\u00e9roulement de la c\u00e9r\u00e9monmie la\u00efque de votre mariage, utilisation des rituels symboliques.\" \/>\n<meta name=\"twitter:image\" content=\"https:\/\/www.joliehistoire.com\/wp-content\/uploads\/2018\/10\/11-c\u00e9r\u00e9monie-de-mariage-laique-\u00e0-mondorf-les-bains.jpg\" \/>\n<meta name=\"twitter:label1\" content=\"Written by\" \/>\n\t<meta name=\"twitter:data1\" content=\"photographe luxembourg\" \/>\n\t<meta name=\"twitter:label2\" content=\"Est. reading time\" \/>\n\t<meta name=\"twitter:data2\" content=\"6 minutes\" \/>\n<script type=\"application\/ld+json\" class=\"yoast-schema-graph\">{\"@context\":\"https:\\\/\\\/schema.org\",\"@graph\":[{\"@type\":\"Article\",\"@id\":\"https:\\\/\\\/www.joliehistoire.com\\\/lu\\\/blog-lu\\\/ceremonie-mariage-laique-luxembourg\\\/#article\",\"isPartOf\":{\"@id\":\"https:\\\/\\\/www.joliehistoire.com\\\/lu\\\/blog-lu\\\/ceremonie-mariage-laique-luxembourg\\\/\"},\"author\":{\"name\":\"photographe luxembourg\",\"@id\":\"https:\\\/\\\/www.joliehistoire.com\\\/#\\\/schema\\\/person\\\/bd008c25130122120b7a541135b27f8b\"},\"headline\":\"C\u00e9r\u00e9monie de mariage la\u00efque au Luxembourg\",\"datePublished\":\"2018-10-08T20:53:28+00:00\",\"dateModified\":\"2018-11-12T09:21:21+00:00\",\"mainEntityOfPage\":{\"@id\":\"https:\\\/\\\/www.joliehistoire.com\\\/lu\\\/blog-lu\\\/ceremonie-mariage-laique-luxembourg\\\/\"},\"wordCount\":1187,\"commentCount\":0,\"image\":{\"@id\":\"https:\\\/\\\/www.joliehistoire.com\\\/lu\\\/blog-lu\\\/ceremonie-mariage-laique-luxembourg\\\/#primaryimage\"},\"thumbnailUrl\":\"https:\\\/\\\/www.joliehistoire.com\\\/wp-content\\\/uploads\\\/2018\\\/10\\\/11-c\u00e9r\u00e9monie-de-mariage-laique-\u00e0-mondorf-les-bains.jpg\",\"articleSection\":[\"blog\"],\"inLanguage\":\"fr-LU\",\"potentialAction\":[{\"@type\":\"CommentAction\",\"name\":\"Comment\",\"target\":[\"https:\\\/\\\/www.joliehistoire.com\\\/lu\\\/blog-lu\\\/ceremonie-mariage-laique-luxembourg\\\/#respond\"]}]},{\"@type\":\"WebPage\",\"@id\":\"https:\\\/\\\/www.joliehistoire.com\\\/lu\\\/blog-lu\\\/ceremonie-mariage-laique-luxembourg\\\/\",\"url\":\"https:\\\/\\\/www.joliehistoire.com\\\/lu\\\/blog-lu\\\/ceremonie-mariage-laique-luxembourg\\\/\",\"name\":\"C\u00e9r\u00e9monie de mariage la\u00efque au Luxembourg - Conseils et astuces.\",\"isPartOf\":{\"@id\":\"https:\\\/\\\/www.joliehistoire.com\\\/#website\"},\"primaryImageOfPage\":{\"@id\":\"https:\\\/\\\/www.joliehistoire.com\\\/lu\\\/blog-lu\\\/ceremonie-mariage-laique-luxembourg\\\/#primaryimage\"},\"image\":{\"@id\":\"https:\\\/\\\/www.joliehistoire.com\\\/lu\\\/blog-lu\\\/ceremonie-mariage-laique-luxembourg\\\/#primaryimage\"},\"thumbnailUrl\":\"https:\\\/\\\/www.joliehistoire.com\\\/wp-content\\\/uploads\\\/2018\\\/10\\\/11-c\u00e9r\u00e9monie-de-mariage-laique-\u00e0-mondorf-les-bains.jpg\",\"datePublished\":\"2018-10-08T20:53:28+00:00\",\"dateModified\":\"2018-11-12T09:21:21+00:00\",\"author\":{\"@id\":\"https:\\\/\\\/www.joliehistoire.com\\\/#\\\/schema\\\/person\\\/bd008c25130122120b7a541135b27f8b\"},\"description\":\"Bien choisir son ma\u00eetre de c\u00e9r\u00e9monie au Luxembourg, organiser le d\u00e9roulement de la c\u00e9r\u00e9monmie la\u00efque de votre mariage, utilisation des rituels symboliques.\",\"breadcrumb\":{\"@id\":\"https:\\\/\\\/www.joliehistoire.com\\\/lu\\\/blog-lu\\\/ceremonie-mariage-laique-luxembourg\\\/#breadcrumb\"},\"inLanguage\":\"fr-LU\",\"potentialAction\":[{\"@type\":\"ReadAction\",\"target\":[\"https:\\\/\\\/www.joliehistoire.com\\\/lu\\\/blog-lu\\\/ceremonie-mariage-laique-luxembourg\\\/\"]}]},{\"@type\":\"ImageObject\",\"inLanguage\":\"fr-LU\",\"@id\":\"https:\\\/\\\/www.joliehistoire.com\\\/lu\\\/blog-lu\\\/ceremonie-mariage-laique-luxembourg\\\/#primaryimage\",\"url\":\"https:\\\/\\\/www.joliehistoire.com\\\/wp-content\\\/uploads\\\/2018\\\/10\\\/11-c\u00e9r\u00e9monie-de-mariage-laique-\u00e0-mondorf-les-bains.jpg\",\"contentUrl\":\"https:\\\/\\\/www.joliehistoire.com\\\/wp-content\\\/uploads\\\/2018\\\/10\\\/11-c\u00e9r\u00e9monie-de-mariage-laique-\u00e0-mondorf-les-bains.jpg\",\"width\":800,\"height\":533,\"caption\":\"c\u00e9r\u00e9monie de mariage laique \u00e0 mondorf les bains\"},{\"@type\":\"BreadcrumbList\",\"@id\":\"https:\\\/\\\/www.joliehistoire.com\\\/lu\\\/blog-lu\\\/ceremonie-mariage-laique-luxembourg\\\/#breadcrumb\",\"itemListElement\":[{\"@type\":\"ListItem\",\"position\":1,\"name\":\"Home\",\"item\":\"https:\\\/\\\/www.joliehistoire.com\\\/lu\\\/\"},{\"@type\":\"ListItem\",\"position\":2,\"name\":\"C\u00e9r\u00e9monie de mariage la\u00efque au Luxembourg\"}]},{\"@type\":\"WebSite\",\"@id\":\"https:\\\/\\\/www.joliehistoire.com\\\/#website\",\"url\":\"https:\\\/\\\/www.joliehistoire.com\\\/\",\"name\":\"joliehistoire\",\"description\":\"wedding photographer\",\"potentialAction\":[{\"@type\":\"SearchAction\",\"target\":{\"@type\":\"EntryPoint\",\"urlTemplate\":\"https:\\\/\\\/www.joliehistoire.com\\\/?s={search_term_string}\"},\"query-input\":{\"@type\":\"PropertyValueSpecification\",\"valueRequired\":true,\"valueName\":\"search_term_string\"}}],\"inLanguage\":\"fr-LU\"},{\"@type\":\"Person\",\"@id\":\"https:\\\/\\\/www.joliehistoire.com\\\/#\\\/schema\\\/person\\\/bd008c25130122120b7a541135b27f8b\",\"name\":\"photographe luxembourg\",\"image\":{\"@type\":\"ImageObject\",\"inLanguage\":\"fr-LU\",\"@id\":\"https:\\\/\\\/secure.gravatar.com\\\/avatar\\\/03679d8c33ffd4c1861f7eb3f232c608660617a0925ee9f5edb0d1de0df20058?s=96&d=mm&r=g\",\"url\":\"https:\\\/\\\/secure.gravatar.com\\\/avatar\\\/03679d8c33ffd4c1861f7eb3f232c608660617a0925ee9f5edb0d1de0df20058?s=96&d=mm&r=g\",\"contentUrl\":\"https:\\\/\\\/secure.gravatar.com\\\/avatar\\\/03679d8c33ffd4c1861f7eb3f232c608660617a0925ee9f5edb0d1de0df20058?s=96&d=mm&r=g\",\"caption\":\"photographe luxembourg\"}}]}<\/script>\n<!-- \/ Yoast SEO plugin. -->","yoast_head_json":{"title":"C\u00e9r\u00e9monie de mariage la\u00efque au Luxembourg - Conseils et astuces.","description":"Bien choisir son ma\u00eetre de c\u00e9r\u00e9monie au Luxembourg, organiser le d\u00e9roulement de la c\u00e9r\u00e9monmie la\u00efque de votre mariage, utilisation des rituels symboliques.","robots":{"index":"index","follow":"follow","max-snippet":"max-snippet:-1","max-image-preview":"max-image-preview:large","max-video-preview":"max-video-preview:-1"},"canonical":"https:\/\/www.joliehistoire.com\/lu\/blog-lu\/ceremonie-mariage-laique-luxembourg\/","twitter_card":"summary_large_image","twitter_title":"C\u00e9r\u00e9monie de mariage la\u00efque au Luxembourg - Conseils et astuces.","twitter_description":"Bien choisir son ma\u00eetre de c\u00e9r\u00e9monie au Luxembourg, organiser le d\u00e9roulement de la c\u00e9r\u00e9monmie la\u00efque de votre mariage, utilisation des rituels symboliques.","twitter_image":"https:\/\/www.joliehistoire.com\/wp-content\/uploads\/2018\/10\/11-c\u00e9r\u00e9monie-de-mariage-laique-\u00e0-mondorf-les-bains.jpg","twitter_misc":{"Written by":"photographe luxembourg","Est. reading time":"6 minutes"},"schema":{"@context":"https:\/\/schema.org","@graph":[{"@type":"Article","@id":"https:\/\/www.joliehistoire.com\/lu\/blog-lu\/ceremonie-mariage-laique-luxembourg\/#article","isPartOf":{"@id":"https:\/\/www.joliehistoire.com\/lu\/blog-lu\/ceremonie-mariage-laique-luxembourg\/"},"author":{"name":"photographe luxembourg","@id":"https:\/\/www.joliehistoire.com\/#\/schema\/person\/bd008c25130122120b7a541135b27f8b"},"headline":"C\u00e9r\u00e9monie de mariage la\u00efque au Luxembourg","datePublished":"2018-10-08T20:53:28+00:00","dateModified":"2018-11-12T09:21:21+00:00","mainEntityOfPage":{"@id":"https:\/\/www.joliehistoire.com\/lu\/blog-lu\/ceremonie-mariage-laique-luxembourg\/"},"wordCount":1187,"commentCount":0,"image":{"@id":"https:\/\/www.joliehistoire.com\/lu\/blog-lu\/ceremonie-mariage-laique-luxembourg\/#primaryimage"},"thumbnailUrl":"https:\/\/www.joliehistoire.com\/wp-content\/uploads\/2018\/10\/11-c\u00e9r\u00e9monie-de-mariage-laique-\u00e0-mondorf-les-bains.jpg","articleSection":["blog"],"inLanguage":"fr-LU","potentialAction":[{"@type":"CommentAction","name":"Comment","target":["https:\/\/www.joliehistoire.com\/lu\/blog-lu\/ceremonie-mariage-laique-luxembourg\/#respond"]}]},{"@type":"WebPage","@id":"https:\/\/www.joliehistoire.com\/lu\/blog-lu\/ceremonie-mariage-laique-luxembourg\/","url":"https:\/\/www.joliehistoire.com\/lu\/blog-lu\/ceremonie-mariage-laique-luxembourg\/","name":"C\u00e9r\u00e9monie de mariage la\u00efque au Luxembourg - Conseils et astuces.","isPartOf":{"@id":"https:\/\/www.joliehistoire.com\/#website"},"primaryImageOfPage":{"@id":"https:\/\/www.joliehistoire.com\/lu\/blog-lu\/ceremonie-mariage-laique-luxembourg\/#primaryimage"},"image":{"@id":"https:\/\/www.joliehistoire.com\/lu\/blog-lu\/ceremonie-mariage-laique-luxembourg\/#primaryimage"},"thumbnailUrl":"https:\/\/www.joliehistoire.com\/wp-content\/uploads\/2018\/10\/11-c\u00e9r\u00e9monie-de-mariage-laique-\u00e0-mondorf-les-bains.jpg","datePublished":"2018-10-08T20:53:28+00:00","dateModified":"2018-11-12T09:21:21+00:00","author":{"@id":"https:\/\/www.joliehistoire.com\/#\/schema\/person\/bd008c25130122120b7a541135b27f8b"},"description":"Bien choisir son ma\u00eetre de c\u00e9r\u00e9monie au Luxembourg, organiser le d\u00e9roulement de la c\u00e9r\u00e9monmie la\u00efque de votre mariage, utilisation des rituels symboliques.","breadcrumb":{"@id":"https:\/\/www.joliehistoire.com\/lu\/blog-lu\/ceremonie-mariage-laique-luxembourg\/#breadcrumb"},"inLanguage":"fr-LU","potentialAction":[{"@type":"ReadAction","target":["https:\/\/www.joliehistoire.com\/lu\/blog-lu\/ceremonie-mariage-laique-luxembourg\/"]}]},{"@type":"ImageObject","inLanguage":"fr-LU","@id":"https:\/\/www.joliehistoire.com\/lu\/blog-lu\/ceremonie-mariage-laique-luxembourg\/#primaryimage","url":"https:\/\/www.joliehistoire.com\/wp-content\/uploads\/2018\/10\/11-c\u00e9r\u00e9monie-de-mariage-laique-\u00e0-mondorf-les-bains.jpg","contentUrl":"https:\/\/www.joliehistoire.com\/wp-content\/uploads\/2018\/10\/11-c\u00e9r\u00e9monie-de-mariage-laique-\u00e0-mondorf-les-bains.jpg","width":800,"height":533,"caption":"c\u00e9r\u00e9monie de mariage laique \u00e0 mondorf les bains"},{"@type":"BreadcrumbList","@id":"https:\/\/www.joliehistoire.com\/lu\/blog-lu\/ceremonie-mariage-laique-luxembourg\/#breadcrumb","itemListElement":[{"@type":"ListItem","position":1,"name":"Home","item":"https:\/\/www.joliehistoire.com\/lu\/"},{"@type":"ListItem","position":2,"name":"C\u00e9r\u00e9monie de mariage la\u00efque au Luxembourg"}]},{"@type":"WebSite","@id":"https:\/\/www.joliehistoire.com\/#website","url":"https:\/\/www.joliehistoire.com\/","name":"joliehistoire","description":"wedding photographer","potentialAction":[{"@type":"SearchAction","target":{"@type":"EntryPoint","urlTemplate":"https:\/\/www.joliehistoire.com\/?s={search_term_string}"},"query-input":{"@type":"PropertyValueSpecification","valueRequired":true,"valueName":"search_term_string"}}],"inLanguage":"fr-LU"},{"@type":"Person","@id":"https:\/\/www.joliehistoire.com\/#\/schema\/person\/bd008c25130122120b7a541135b27f8b","name":"photographe luxembourg","image":{"@type":"ImageObject","inLanguage":"fr-LU","@id":"https:\/\/secure.gravatar.com\/avatar\/03679d8c33ffd4c1861f7eb3f232c608660617a0925ee9f5edb0d1de0df20058?s=96&d=mm&r=g","url":"https:\/\/secure.gravatar.com\/avatar\/03679d8c33ffd4c1861f7eb3f232c608660617a0925ee9f5edb0d1de0df20058?s=96&d=mm&r=g","contentUrl":"https:\/\/secure.gravatar.com\/avatar\/03679d8c33ffd4c1861f7eb3f232c608660617a0925ee9f5edb0d1de0df20058?s=96&d=mm&r=g","caption":"photographe luxembourg"}}]}},"_links":{"self":[{"href":"https:\/\/www.joliehistoire.com\/lu\/wp-json\/wp\/v2\/posts\/20416\/"}],"collection":[{"href":"https:\/\/www.joliehistoire.com\/lu\/wp-json\/wp\/v2\/posts\/"}],"about":[{"href":"https:\/\/www.joliehistoire.com\/lu\/wp-json\/wp\/v2\/types\/post\/"}],"author":[{"embeddable":true,"href":"https:\/\/www.joliehistoire.com\/lu\/wp-json\/wp\/v2\/users\/1\/"}],"replies":[{"embeddable":true,"href":"https:\/\/www.joliehistoire.com\/lu\/wp-json\/wp\/v2\/comments\/?post=20416"}],"version-history":[{"count":15,"href":"https:\/\/www.joliehistoire.com\/lu\/wp-json\/wp\/v2\/posts\/20416\/revisions\/"}],"predecessor-version":[{"id":20908,"href":"https:\/\/www.joliehistoire.com\/lu\/wp-json\/wp\/v2\/posts\/20416\/revisions\/20908\/"}],"wp:featuredmedia":[{"embeddable":true,"href":"https:\/\/www.joliehistoire.com\/lu\/wp-json\/wp\/v2\/media\/20459\/"}],"wp:attachment":[{"href":"https:\/\/www.joliehistoire.com\/lu\/wp-json\/wp\/v2\/media\/?parent=20416"}],"wp:term":[{"taxonomy":"category","embeddable":true,"href":"https:\/\/www.joliehistoire.com\/lu\/wp-json\/wp\/v2\/categories\/?post=20416"},{"taxonomy":"post_tag","embeddable":true,"href":"https:\/\/www.joliehistoire.com\/lu\/wp-json\/wp\/v2\/tags\/?post=20416"}],"curies":[{"name":"wp","href":"https:\/\/api.w.org\/{rel}","templated":true}]}}