{"id":8279,"date":"2016-01-03T15:39:44","date_gmt":"2016-01-03T15:39:44","guid":{"rendered":"https:\/\/www.joliehistoire.com\/be\/?p=8279"},"modified":"2016-01-03T15:45:20","modified_gmt":"2016-01-03T15:45:20","slug":"seance-fiancailles-au-philharmonie-du-luxembourg","status":"publish","type":"post","link":"https:\/\/www.joliehistoire.com\/be\/blog-be\/seance-fiancailles-au-philharmonie-du-luxembourg\/","title":{"rendered":"La s\u00e9ance fian\u00e7ailles de L&#038;J \u00e0 l&rsquo;op\u00e9ra du Luxembourg"},"content":{"rendered":"<p><a href=\"https:\/\/www.joliehistoire.com\/be\/blog-be\/reportage-mariage-en-belgique\/\">L&amp;J se marieront en Mai prochain et <strong>m&rsquo;ont fait confiance pour \u00eatre leur photographe<\/strong><\/a>.&nbsp;Quoi de mieux pour apprendre \u00e0 se connaitre qu&rsquo;u<strong>ne s\u00e9ance fian\u00e7ailles ou s\u00e9ance engagement<\/strong> ? Nous avons profit\u00e9 d&rsquo;une journ\u00e9e ensoleill\u00e9e pour aller faire quelques photos de couple au Luxembourg.<\/p>\n<h3>Une s\u00e9ance fian\u00e7ailles \u00e0 l&rsquo;op\u00e9ra du Luxembourg<\/h3>\n<p>J&rsquo;avais envie de quelque chose de moderne pour contraster avec le lieu du mariage &#8211; une ancienne ferme restaur\u00e9e &#8211; plus rustique. Les futurs mari\u00e9s \u00e9taient d&rsquo;accords avec cette id\u00e9e et je leur ais donc propos\u00e9 de nous rendre au Philharmonie, <a title=\"O\u00f9 faire ses photos de mariage dans la r\u00e9gion du Luxembourg ? \u2013 Philharmonie, au Kirchberg.\" href=\"https:\/\/www.joliehistoire.com\/be\/blog-be\/photos-de-mariage-au-luxembourg-et-belgique\/\">l&rsquo;op\u00e9ra du Luxembourg situ\u00e9 dans le quartier du Kirchberg<\/a>. C&rsquo;est un lieu id\u00e9al pour une s\u00e9ance fian\u00e7ailles car il est peu fr\u00e9quent\u00e9 le Dimanche: les fianc\u00e9s sont donc plus \u00e0 l&rsquo;aise devant le photographe et je n&rsquo;ai pas besoin de composer avec les badauds.<\/p>\n<p>J&rsquo;ai pass\u00e9 un tr\u00e8s bon moment \u00e0 photographier ce couple belge fort sympathique. Vivement le jour de leur mariage !<\/p>\n<p>Si vous \u00eates int\u00e9ress\u00e9s par une s\u00e9ance fian\u00e7ailles, n&rsquo;h\u00e9sitez pas \u00e0 <a title=\"contacter votre photographe de mariage au Luxembourg\" href=\"https:\/\/www.joliehistoire.com\/be\/contact\/\">me contacter<\/a> pour en discuter !<\/p>\n\n\t\t<style type=\"text\/css\">\n\t\t\t#gallery-1 {\n\t\t\t\tmargin: auto;\n\t\t\t}\n\t\t\t#gallery-1 .gallery-item {\n\t\t\t\tfloat: left;\n\t\t\t\tmargin-top: 10px;\n\t\t\t\ttext-align: center;\n\t\t\t\twidth: 100%;\n\t\t\t}\n\t\t\t#gallery-1 img {\n\t\t\t\tborder: 2px solid #cfcfcf;\n\t\t\t}\n\t\t\t#gallery-1 .gallery-caption {\n\t\t\t\tmargin-left: 0;\n\t\t\t}\n\t\t\t\/* see gallery_shortcode() in wp-includes\/media.php *\/\n\t\t<\/style>\n\t\t<div id=\"gallery-1\" class=\"gallery galleryid-8279 gallery-columns-1 gallery-size-full ilightbox_gallery\" data-options=\"{attr:'source',path:'horizontal'}\"><dl class=\"gallery-item\">\n\t\t\t<dt class=\"gallery-icon landscape\">\n\t\t\t\t<noscript><img decoding=\"async\" width=\"800\" height=\"533\" src=\"https:\/\/www.joliehistoire.com\/wp-content\/uploads\/2015\/03\/couple-marchant-main-dans-la-main-au-philharmonie-du-luxembourg.jpg\" class=\"attachment-full size-full\" alt srcset=\"https:\/\/www.joliehistoire.com\/wp-content\/uploads\/2015\/03\/couple-marchant-main-dans-la-main-au-philharmonie-du-luxembourg.jpg 800w, https:\/\/www.joliehistoire.com\/wp-content\/uploads\/2015\/03\/couple-marchant-main-dans-la-main-au-philharmonie-du-luxembourg-300x200.jpg 300w, https:\/\/www.joliehistoire.com\/wp-content\/uploads\/2015\/03\/couple-marchant-main-dans-la-main-au-philharmonie-du-luxembourg-750x500.jpg 750w, https:\/\/www.joliehistoire.com\/wp-content\/uploads\/2015\/03\/couple-marchant-main-dans-la-main-au-philharmonie-du-luxembourg-480x320.jpg 480w\" sizes=\"(max-width: 800px) 100vw, 800px\"><\/noscript><img decoding=\"async\" width=\"800\" height=\"533\" src=\"data:image\/svg+xml,%3Csvg%20xmlns%3D%22http%3A%2F%2Fwww.w3.org%2F2000%2Fsvg%22%20viewBox%3D%220%200%20800%20533%22%3E%3C%2Fsvg%3E\" class=\"attachment-full size-full lazyload\" alt srcset=\"data:image\/svg+xml,%3Csvg%20xmlns%3D%22http%3A%2F%2Fwww.w3.org%2F2000%2Fsvg%22%20viewBox%3D%220%200%20800%20533%22%3E%3C%2Fsvg%3E 800w\" sizes=\"(max-width: 800px) 100vw, 800px\" data-srcset=\"https:\/\/www.joliehistoire.com\/wp-content\/uploads\/2015\/03\/couple-marchant-main-dans-la-main-au-philharmonie-du-luxembourg.jpg 800w, https:\/\/www.joliehistoire.com\/wp-content\/uploads\/2015\/03\/couple-marchant-main-dans-la-main-au-philharmonie-du-luxembourg-300x200.jpg 300w, https:\/\/www.joliehistoire.com\/wp-content\/uploads\/2015\/03\/couple-marchant-main-dans-la-main-au-philharmonie-du-luxembourg-750x500.jpg 750w, https:\/\/www.joliehistoire.com\/wp-content\/uploads\/2015\/03\/couple-marchant-main-dans-la-main-au-philharmonie-du-luxembourg-480x320.jpg 480w\" data-src=\"https:\/\/www.joliehistoire.com\/wp-content\/uploads\/2015\/03\/couple-marchant-main-dans-la-main-au-philharmonie-du-luxembourg.jpg\">\n\t\t\t<\/dt><\/dl><br style=\"clear: both\"><dl class=\"gallery-item\">\n\t\t\t<dt class=\"gallery-icon portrait\">\n\t\t\t\t<noscript><img decoding=\"async\" width=\"400\" height=\"600\" src=\"https:\/\/www.joliehistoire.com\/wp-content\/uploads\/2015\/03\/couple-se-tenant-la-main-au-philharmonie.jpg\" class=\"attachment-full size-full\" alt srcset=\"https:\/\/www.joliehistoire.com\/wp-content\/uploads\/2015\/03\/couple-se-tenant-la-main-au-philharmonie.jpg 400w, https:\/\/www.joliehistoire.com\/wp-content\/uploads\/2015\/03\/couple-se-tenant-la-main-au-philharmonie-200x300.jpg 200w, https:\/\/www.joliehistoire.com\/wp-content\/uploads\/2015\/03\/couple-se-tenant-la-main-au-philharmonie-333x500.jpg 333w\" sizes=\"(max-width: 400px) 100vw, 400px\"><\/noscript><img decoding=\"async\" width=\"400\" height=\"600\" src=\"data:image\/svg+xml,%3Csvg%20xmlns%3D%22http%3A%2F%2Fwww.w3.org%2F2000%2Fsvg%22%20viewBox%3D%220%200%20400%20600%22%3E%3C%2Fsvg%3E\" class=\"attachment-full size-full lazyload\" alt srcset=\"data:image\/svg+xml,%3Csvg%20xmlns%3D%22http%3A%2F%2Fwww.w3.org%2F2000%2Fsvg%22%20viewBox%3D%220%200%20400%20600%22%3E%3C%2Fsvg%3E 400w\" sizes=\"(max-width: 400px) 100vw, 400px\" data-srcset=\"https:\/\/www.joliehistoire.com\/wp-content\/uploads\/2015\/03\/couple-se-tenant-la-main-au-philharmonie.jpg 400w, https:\/\/www.joliehistoire.com\/wp-content\/uploads\/2015\/03\/couple-se-tenant-la-main-au-philharmonie-200x300.jpg 200w, https:\/\/www.joliehistoire.com\/wp-content\/uploads\/2015\/03\/couple-se-tenant-la-main-au-philharmonie-333x500.jpg 333w\" data-src=\"https:\/\/www.joliehistoire.com\/wp-content\/uploads\/2015\/03\/couple-se-tenant-la-main-au-philharmonie.jpg\">\n\t\t\t<\/dt><\/dl><br style=\"clear: both\"><dl class=\"gallery-item\">\n\t\t\t<dt class=\"gallery-icon portrait\">\n\t\t\t\t<noscript><img decoding=\"async\" width=\"400\" height=\"600\" src=\"https:\/\/www.joliehistoire.com\/wp-content\/uploads\/2015\/03\/le-couple-samuse-avec-le-photographe.jpg\" class=\"attachment-full size-full\" alt srcset=\"https:\/\/www.joliehistoire.com\/wp-content\/uploads\/2015\/03\/le-couple-samuse-avec-le-photographe.jpg 400w, https:\/\/www.joliehistoire.com\/wp-content\/uploads\/2015\/03\/le-couple-samuse-avec-le-photographe-200x300.jpg 200w, https:\/\/www.joliehistoire.com\/wp-content\/uploads\/2015\/03\/le-couple-samuse-avec-le-photographe-333x500.jpg 333w\" sizes=\"(max-width: 400px) 100vw, 400px\"><\/noscript><img decoding=\"async\" width=\"400\" height=\"600\" src=\"data:image\/svg+xml,%3Csvg%20xmlns%3D%22http%3A%2F%2Fwww.w3.org%2F2000%2Fsvg%22%20viewBox%3D%220%200%20400%20600%22%3E%3C%2Fsvg%3E\" class=\"attachment-full size-full lazyload\" alt srcset=\"data:image\/svg+xml,%3Csvg%20xmlns%3D%22http%3A%2F%2Fwww.w3.org%2F2000%2Fsvg%22%20viewBox%3D%220%200%20400%20600%22%3E%3C%2Fsvg%3E 400w\" sizes=\"(max-width: 400px) 100vw, 400px\" data-srcset=\"https:\/\/www.joliehistoire.com\/wp-content\/uploads\/2015\/03\/le-couple-samuse-avec-le-photographe.jpg 400w, https:\/\/www.joliehistoire.com\/wp-content\/uploads\/2015\/03\/le-couple-samuse-avec-le-photographe-200x300.jpg 200w, https:\/\/www.joliehistoire.com\/wp-content\/uploads\/2015\/03\/le-couple-samuse-avec-le-photographe-333x500.jpg 333w\" data-src=\"https:\/\/www.joliehistoire.com\/wp-content\/uploads\/2015\/03\/le-couple-samuse-avec-le-photographe.jpg\">\n\t\t\t<\/dt><\/dl><br style=\"clear: both\"><dl class=\"gallery-item\">\n\t\t\t<dt class=\"gallery-icon landscape\">\n\t\t\t\t<noscript><img decoding=\"async\" width=\"800\" height=\"533\" src=\"https:\/\/www.joliehistoire.com\/wp-content\/uploads\/2015\/03\/portrait-de-couple-regardant-le-photographe.jpg\" class=\"attachment-full size-full\" alt srcset=\"https:\/\/www.joliehistoire.com\/wp-content\/uploads\/2015\/03\/portrait-de-couple-regardant-le-photographe.jpg 800w, https:\/\/www.joliehistoire.com\/wp-content\/uploads\/2015\/03\/portrait-de-couple-regardant-le-photographe-300x200.jpg 300w, https:\/\/www.joliehistoire.com\/wp-content\/uploads\/2015\/03\/portrait-de-couple-regardant-le-photographe-750x500.jpg 750w, https:\/\/www.joliehistoire.com\/wp-content\/uploads\/2015\/03\/portrait-de-couple-regardant-le-photographe-480x320.jpg 480w\" sizes=\"(max-width: 800px) 100vw, 800px\"><\/noscript><img decoding=\"async\" width=\"800\" height=\"533\" src=\"data:image\/svg+xml,%3Csvg%20xmlns%3D%22http%3A%2F%2Fwww.w3.org%2F2000%2Fsvg%22%20viewBox%3D%220%200%20800%20533%22%3E%3C%2Fsvg%3E\" class=\"attachment-full size-full lazyload\" alt srcset=\"data:image\/svg+xml,%3Csvg%20xmlns%3D%22http%3A%2F%2Fwww.w3.org%2F2000%2Fsvg%22%20viewBox%3D%220%200%20800%20533%22%3E%3C%2Fsvg%3E 800w\" sizes=\"(max-width: 800px) 100vw, 800px\" data-srcset=\"https:\/\/www.joliehistoire.com\/wp-content\/uploads\/2015\/03\/portrait-de-couple-regardant-le-photographe.jpg 800w, https:\/\/www.joliehistoire.com\/wp-content\/uploads\/2015\/03\/portrait-de-couple-regardant-le-photographe-300x200.jpg 300w, https:\/\/www.joliehistoire.com\/wp-content\/uploads\/2015\/03\/portrait-de-couple-regardant-le-photographe-750x500.jpg 750w, https:\/\/www.joliehistoire.com\/wp-content\/uploads\/2015\/03\/portrait-de-couple-regardant-le-photographe-480x320.jpg 480w\" data-src=\"https:\/\/www.joliehistoire.com\/wp-content\/uploads\/2015\/03\/portrait-de-couple-regardant-le-photographe.jpg\">\n\t\t\t<\/dt><\/dl><br style=\"clear: both\"><dl class=\"gallery-item\">\n\t\t\t<dt class=\"gallery-icon landscape\">\n\t\t\t\t<noscript><img decoding=\"async\" width=\"800\" height=\"533\" src=\"https:\/\/www.joliehistoire.com\/wp-content\/uploads\/2015\/03\/le-photographe-fait-rire-les-amoureux.jpg\" class=\"attachment-full size-full\" alt srcset=\"https:\/\/www.joliehistoire.com\/wp-content\/uploads\/2015\/03\/le-photographe-fait-rire-les-amoureux.jpg 800w, https:\/\/www.joliehistoire.com\/wp-content\/uploads\/2015\/03\/le-photographe-fait-rire-les-amoureux-300x200.jpg 300w, https:\/\/www.joliehistoire.com\/wp-content\/uploads\/2015\/03\/le-photographe-fait-rire-les-amoureux-750x500.jpg 750w, https:\/\/www.joliehistoire.com\/wp-content\/uploads\/2015\/03\/le-photographe-fait-rire-les-amoureux-480x320.jpg 480w\" sizes=\"(max-width: 800px) 100vw, 800px\"><\/noscript><img decoding=\"async\" width=\"800\" height=\"533\" src=\"data:image\/svg+xml,%3Csvg%20xmlns%3D%22http%3A%2F%2Fwww.w3.org%2F2000%2Fsvg%22%20viewBox%3D%220%200%20800%20533%22%3E%3C%2Fsvg%3E\" class=\"attachment-full size-full lazyload\" alt srcset=\"data:image\/svg+xml,%3Csvg%20xmlns%3D%22http%3A%2F%2Fwww.w3.org%2F2000%2Fsvg%22%20viewBox%3D%220%200%20800%20533%22%3E%3C%2Fsvg%3E 800w\" sizes=\"(max-width: 800px) 100vw, 800px\" data-srcset=\"https:\/\/www.joliehistoire.com\/wp-content\/uploads\/2015\/03\/le-photographe-fait-rire-les-amoureux.jpg 800w, https:\/\/www.joliehistoire.com\/wp-content\/uploads\/2015\/03\/le-photographe-fait-rire-les-amoureux-300x200.jpg 300w, https:\/\/www.joliehistoire.com\/wp-content\/uploads\/2015\/03\/le-photographe-fait-rire-les-amoureux-750x500.jpg 750w, https:\/\/www.joliehistoire.com\/wp-content\/uploads\/2015\/03\/le-photographe-fait-rire-les-amoureux-480x320.jpg 480w\" data-src=\"https:\/\/www.joliehistoire.com\/wp-content\/uploads\/2015\/03\/le-photographe-fait-rire-les-amoureux.jpg\">\n\t\t\t<\/dt><\/dl><br style=\"clear: both\"><dl class=\"gallery-item\">\n\t\t\t<dt class=\"gallery-icon landscape\">\n\t\t\t\t<noscript><img decoding=\"async\" width=\"800\" height=\"533\" src=\"https:\/\/www.joliehistoire.com\/wp-content\/uploads\/2015\/03\/les-amoureux-courent-vers-le-photographe.jpg\" class=\"attachment-full size-full\" alt srcset=\"https:\/\/www.joliehistoire.com\/wp-content\/uploads\/2015\/03\/les-amoureux-courent-vers-le-photographe.jpg 800w, https:\/\/www.joliehistoire.com\/wp-content\/uploads\/2015\/03\/les-amoureux-courent-vers-le-photographe-300x200.jpg 300w, https:\/\/www.joliehistoire.com\/wp-content\/uploads\/2015\/03\/les-amoureux-courent-vers-le-photographe-750x500.jpg 750w, https:\/\/www.joliehistoire.com\/wp-content\/uploads\/2015\/03\/les-amoureux-courent-vers-le-photographe-480x320.jpg 480w\" sizes=\"(max-width: 800px) 100vw, 800px\"><\/noscript><img decoding=\"async\" width=\"800\" height=\"533\" src=\"data:image\/svg+xml,%3Csvg%20xmlns%3D%22http%3A%2F%2Fwww.w3.org%2F2000%2Fsvg%22%20viewBox%3D%220%200%20800%20533%22%3E%3C%2Fsvg%3E\" class=\"attachment-full size-full lazyload\" alt srcset=\"data:image\/svg+xml,%3Csvg%20xmlns%3D%22http%3A%2F%2Fwww.w3.org%2F2000%2Fsvg%22%20viewBox%3D%220%200%20800%20533%22%3E%3C%2Fsvg%3E 800w\" sizes=\"(max-width: 800px) 100vw, 800px\" data-srcset=\"https:\/\/www.joliehistoire.com\/wp-content\/uploads\/2015\/03\/les-amoureux-courent-vers-le-photographe.jpg 800w, https:\/\/www.joliehistoire.com\/wp-content\/uploads\/2015\/03\/les-amoureux-courent-vers-le-photographe-300x200.jpg 300w, https:\/\/www.joliehistoire.com\/wp-content\/uploads\/2015\/03\/les-amoureux-courent-vers-le-photographe-750x500.jpg 750w, https:\/\/www.joliehistoire.com\/wp-content\/uploads\/2015\/03\/les-amoureux-courent-vers-le-photographe-480x320.jpg 480w\" data-src=\"https:\/\/www.joliehistoire.com\/wp-content\/uploads\/2015\/03\/les-amoureux-courent-vers-le-photographe.jpg\">\n\t\t\t<\/dt><\/dl><br style=\"clear: both\"><dl class=\"gallery-item\">\n\t\t\t<dt class=\"gallery-icon landscape\">\n\t\t\t\t<noscript><img decoding=\"async\" width=\"800\" height=\"533\" src=\"https:\/\/www.joliehistoire.com\/wp-content\/uploads\/2015\/03\/belle-composition-du-photographe-qui-met-en-valeur-larchitecture-du-kirchberg.jpg\" class=\"attachment-full size-full\" alt srcset=\"https:\/\/www.joliehistoire.com\/wp-content\/uploads\/2015\/03\/belle-composition-du-photographe-qui-met-en-valeur-larchitecture-du-kirchberg.jpg 800w, https:\/\/www.joliehistoire.com\/wp-content\/uploads\/2015\/03\/belle-composition-du-photographe-qui-met-en-valeur-larchitecture-du-kirchberg-300x200.jpg 300w, https:\/\/www.joliehistoire.com\/wp-content\/uploads\/2015\/03\/belle-composition-du-photographe-qui-met-en-valeur-larchitecture-du-kirchberg-750x500.jpg 750w, https:\/\/www.joliehistoire.com\/wp-content\/uploads\/2015\/03\/belle-composition-du-photographe-qui-met-en-valeur-larchitecture-du-kirchberg-480x320.jpg 480w\" sizes=\"(max-width: 800px) 100vw, 800px\"><\/noscript><img decoding=\"async\" width=\"800\" height=\"533\" src=\"data:image\/svg+xml,%3Csvg%20xmlns%3D%22http%3A%2F%2Fwww.w3.org%2F2000%2Fsvg%22%20viewBox%3D%220%200%20800%20533%22%3E%3C%2Fsvg%3E\" class=\"attachment-full size-full lazyload\" alt srcset=\"data:image\/svg+xml,%3Csvg%20xmlns%3D%22http%3A%2F%2Fwww.w3.org%2F2000%2Fsvg%22%20viewBox%3D%220%200%20800%20533%22%3E%3C%2Fsvg%3E 800w\" sizes=\"(max-width: 800px) 100vw, 800px\" data-srcset=\"https:\/\/www.joliehistoire.com\/wp-content\/uploads\/2015\/03\/belle-composition-du-photographe-qui-met-en-valeur-larchitecture-du-kirchberg.jpg 800w, https:\/\/www.joliehistoire.com\/wp-content\/uploads\/2015\/03\/belle-composition-du-photographe-qui-met-en-valeur-larchitecture-du-kirchberg-300x200.jpg 300w, https:\/\/www.joliehistoire.com\/wp-content\/uploads\/2015\/03\/belle-composition-du-photographe-qui-met-en-valeur-larchitecture-du-kirchberg-750x500.jpg 750w, https:\/\/www.joliehistoire.com\/wp-content\/uploads\/2015\/03\/belle-composition-du-photographe-qui-met-en-valeur-larchitecture-du-kirchberg-480x320.jpg 480w\" data-src=\"https:\/\/www.joliehistoire.com\/wp-content\/uploads\/2015\/03\/belle-composition-du-photographe-qui-met-en-valeur-larchitecture-du-kirchberg.jpg\">\n\t\t\t<\/dt><\/dl><br style=\"clear: both\"><dl class=\"gallery-item\">\n\t\t\t<dt class=\"gallery-icon landscape\">\n\t\t\t\t<noscript><img decoding=\"async\" width=\"800\" height=\"533\" src=\"https:\/\/www.joliehistoire.com\/wp-content\/uploads\/2015\/03\/un-couple-court-devant-le-philharmonie.jpg\" class=\"attachment-full size-full\" alt srcset=\"https:\/\/www.joliehistoire.com\/wp-content\/uploads\/2015\/03\/un-couple-court-devant-le-philharmonie.jpg 800w, https:\/\/www.joliehistoire.com\/wp-content\/uploads\/2015\/03\/un-couple-court-devant-le-philharmonie-300x200.jpg 300w, https:\/\/www.joliehistoire.com\/wp-content\/uploads\/2015\/03\/un-couple-court-devant-le-philharmonie-750x500.jpg 750w, https:\/\/www.joliehistoire.com\/wp-content\/uploads\/2015\/03\/un-couple-court-devant-le-philharmonie-480x320.jpg 480w\" sizes=\"(max-width: 800px) 100vw, 800px\"><\/noscript><img decoding=\"async\" width=\"800\" height=\"533\" src=\"data:image\/svg+xml,%3Csvg%20xmlns%3D%22http%3A%2F%2Fwww.w3.org%2F2000%2Fsvg%22%20viewBox%3D%220%200%20800%20533%22%3E%3C%2Fsvg%3E\" class=\"attachment-full size-full lazyload\" alt srcset=\"data:image\/svg+xml,%3Csvg%20xmlns%3D%22http%3A%2F%2Fwww.w3.org%2F2000%2Fsvg%22%20viewBox%3D%220%200%20800%20533%22%3E%3C%2Fsvg%3E 800w\" sizes=\"(max-width: 800px) 100vw, 800px\" data-srcset=\"https:\/\/www.joliehistoire.com\/wp-content\/uploads\/2015\/03\/un-couple-court-devant-le-philharmonie.jpg 800w, https:\/\/www.joliehistoire.com\/wp-content\/uploads\/2015\/03\/un-couple-court-devant-le-philharmonie-300x200.jpg 300w, https:\/\/www.joliehistoire.com\/wp-content\/uploads\/2015\/03\/un-couple-court-devant-le-philharmonie-750x500.jpg 750w, https:\/\/www.joliehistoire.com\/wp-content\/uploads\/2015\/03\/un-couple-court-devant-le-philharmonie-480x320.jpg 480w\" data-src=\"https:\/\/www.joliehistoire.com\/wp-content\/uploads\/2015\/03\/un-couple-court-devant-le-philharmonie.jpg\">\n\t\t\t<\/dt><\/dl><br style=\"clear: both\"><dl class=\"gallery-item\">\n\t\t\t<dt class=\"gallery-icon landscape\">\n\t\t\t\t<noscript><img decoding=\"async\" width=\"800\" height=\"533\" src=\"https:\/\/www.joliehistoire.com\/wp-content\/uploads\/2015\/03\/amoureux-sur-un-banc-au-kirchberg.jpg\" class=\"attachment-full size-full\" alt srcset=\"https:\/\/www.joliehistoire.com\/wp-content\/uploads\/2015\/03\/amoureux-sur-un-banc-au-kirchberg.jpg 800w, https:\/\/www.joliehistoire.com\/wp-content\/uploads\/2015\/03\/amoureux-sur-un-banc-au-kirchberg-300x200.jpg 300w, https:\/\/www.joliehistoire.com\/wp-content\/uploads\/2015\/03\/amoureux-sur-un-banc-au-kirchberg-750x500.jpg 750w, https:\/\/www.joliehistoire.com\/wp-content\/uploads\/2015\/03\/amoureux-sur-un-banc-au-kirchberg-480x320.jpg 480w\" sizes=\"(max-width: 800px) 100vw, 800px\"><\/noscript><img decoding=\"async\" width=\"800\" height=\"533\" src=\"data:image\/svg+xml,%3Csvg%20xmlns%3D%22http%3A%2F%2Fwww.w3.org%2F2000%2Fsvg%22%20viewBox%3D%220%200%20800%20533%22%3E%3C%2Fsvg%3E\" class=\"attachment-full size-full lazyload\" alt srcset=\"data:image\/svg+xml,%3Csvg%20xmlns%3D%22http%3A%2F%2Fwww.w3.org%2F2000%2Fsvg%22%20viewBox%3D%220%200%20800%20533%22%3E%3C%2Fsvg%3E 800w\" sizes=\"(max-width: 800px) 100vw, 800px\" data-srcset=\"https:\/\/www.joliehistoire.com\/wp-content\/uploads\/2015\/03\/amoureux-sur-un-banc-au-kirchberg.jpg 800w, https:\/\/www.joliehistoire.com\/wp-content\/uploads\/2015\/03\/amoureux-sur-un-banc-au-kirchberg-300x200.jpg 300w, https:\/\/www.joliehistoire.com\/wp-content\/uploads\/2015\/03\/amoureux-sur-un-banc-au-kirchberg-750x500.jpg 750w, https:\/\/www.joliehistoire.com\/wp-content\/uploads\/2015\/03\/amoureux-sur-un-banc-au-kirchberg-480x320.jpg 480w\" data-src=\"https:\/\/www.joliehistoire.com\/wp-content\/uploads\/2015\/03\/amoureux-sur-un-banc-au-kirchberg.jpg\">\n\t\t\t<\/dt><\/dl><br style=\"clear: both\"><dl class=\"gallery-item\">\n\t\t\t<dt class=\"gallery-icon landscape\">\n\t\t\t\t<noscript><img decoding=\"async\" width=\"800\" height=\"533\" src=\"https:\/\/www.joliehistoire.com\/wp-content\/uploads\/2015\/03\/couple-allonge-sur-un-banc-au-kirchberg.jpg\" class=\"attachment-full size-full\" alt srcset=\"https:\/\/www.joliehistoire.com\/wp-content\/uploads\/2015\/03\/couple-allonge-sur-un-banc-au-kirchberg.jpg 800w, https:\/\/www.joliehistoire.com\/wp-content\/uploads\/2015\/03\/couple-allonge-sur-un-banc-au-kirchberg-300x200.jpg 300w, https:\/\/www.joliehistoire.com\/wp-content\/uploads\/2015\/03\/couple-allonge-sur-un-banc-au-kirchberg-750x500.jpg 750w, https:\/\/www.joliehistoire.com\/wp-content\/uploads\/2015\/03\/couple-allonge-sur-un-banc-au-kirchberg-480x320.jpg 480w\" sizes=\"(max-width: 800px) 100vw, 800px\"><\/noscript><img decoding=\"async\" width=\"800\" height=\"533\" src=\"data:image\/svg+xml,%3Csvg%20xmlns%3D%22http%3A%2F%2Fwww.w3.org%2F2000%2Fsvg%22%20viewBox%3D%220%200%20800%20533%22%3E%3C%2Fsvg%3E\" class=\"attachment-full size-full lazyload\" alt srcset=\"data:image\/svg+xml,%3Csvg%20xmlns%3D%22http%3A%2F%2Fwww.w3.org%2F2000%2Fsvg%22%20viewBox%3D%220%200%20800%20533%22%3E%3C%2Fsvg%3E 800w\" sizes=\"(max-width: 800px) 100vw, 800px\" data-srcset=\"https:\/\/www.joliehistoire.com\/wp-content\/uploads\/2015\/03\/couple-allonge-sur-un-banc-au-kirchberg.jpg 800w, https:\/\/www.joliehistoire.com\/wp-content\/uploads\/2015\/03\/couple-allonge-sur-un-banc-au-kirchberg-300x200.jpg 300w, https:\/\/www.joliehistoire.com\/wp-content\/uploads\/2015\/03\/couple-allonge-sur-un-banc-au-kirchberg-750x500.jpg 750w, https:\/\/www.joliehistoire.com\/wp-content\/uploads\/2015\/03\/couple-allonge-sur-un-banc-au-kirchberg-480x320.jpg 480w\" data-src=\"https:\/\/www.joliehistoire.com\/wp-content\/uploads\/2015\/03\/couple-allonge-sur-un-banc-au-kirchberg.jpg\">\n\t\t\t<\/dt><\/dl><br style=\"clear: both\"><dl class=\"gallery-item\">\n\t\t\t<dt class=\"gallery-icon landscape\">\n\t\t\t\t<noscript><img decoding=\"async\" width=\"800\" height=\"533\" src=\"https:\/\/www.joliehistoire.com\/wp-content\/uploads\/2015\/03\/un-couple-de-fiances-devant-le-philharmonie-du-luxembourg.jpg\" class=\"attachment-full size-full\" alt srcset=\"https:\/\/www.joliehistoire.com\/wp-content\/uploads\/2015\/03\/un-couple-de-fiances-devant-le-philharmonie-du-luxembourg.jpg 800w, https:\/\/www.joliehistoire.com\/wp-content\/uploads\/2015\/03\/un-couple-de-fiances-devant-le-philharmonie-du-luxembourg-300x200.jpg 300w, https:\/\/www.joliehistoire.com\/wp-content\/uploads\/2015\/03\/un-couple-de-fiances-devant-le-philharmonie-du-luxembourg-750x500.jpg 750w, https:\/\/www.joliehistoire.com\/wp-content\/uploads\/2015\/03\/un-couple-de-fiances-devant-le-philharmonie-du-luxembourg-480x320.jpg 480w\" sizes=\"(max-width: 800px) 100vw, 800px\"><\/noscript><img decoding=\"async\" width=\"800\" height=\"533\" src=\"data:image\/svg+xml,%3Csvg%20xmlns%3D%22http%3A%2F%2Fwww.w3.org%2F2000%2Fsvg%22%20viewBox%3D%220%200%20800%20533%22%3E%3C%2Fsvg%3E\" class=\"attachment-full size-full lazyload\" alt srcset=\"data:image\/svg+xml,%3Csvg%20xmlns%3D%22http%3A%2F%2Fwww.w3.org%2F2000%2Fsvg%22%20viewBox%3D%220%200%20800%20533%22%3E%3C%2Fsvg%3E 800w\" sizes=\"(max-width: 800px) 100vw, 800px\" data-srcset=\"https:\/\/www.joliehistoire.com\/wp-content\/uploads\/2015\/03\/un-couple-de-fiances-devant-le-philharmonie-du-luxembourg.jpg 800w, https:\/\/www.joliehistoire.com\/wp-content\/uploads\/2015\/03\/un-couple-de-fiances-devant-le-philharmonie-du-luxembourg-300x200.jpg 300w, https:\/\/www.joliehistoire.com\/wp-content\/uploads\/2015\/03\/un-couple-de-fiances-devant-le-philharmonie-du-luxembourg-750x500.jpg 750w, https:\/\/www.joliehistoire.com\/wp-content\/uploads\/2015\/03\/un-couple-de-fiances-devant-le-philharmonie-du-luxembourg-480x320.jpg 480w\" data-src=\"https:\/\/www.joliehistoire.com\/wp-content\/uploads\/2015\/03\/un-couple-de-fiances-devant-le-philharmonie-du-luxembourg.jpg\">\n\t\t\t<\/dt><\/dl><br style=\"clear: both\">\n\t\t<\/div>\n\n","protected":false},"excerpt":{"rendered":"<p>L&amp;J se marieront en Mai prochain et m&rsquo;ont fait confiance pour \u00eatre leur photographe.\u00a0Quoi de mieux pour apprendre \u00e0 se connaitre qu&rsquo;une s\u00e9ance fian\u00e7ailles ou s\u00e9ance engagement ? Nous avons profit\u00e9 d&rsquo;une journ\u00e9e ensoleill\u00e9e pour aller faire quelques photos de couple au Luxembourg. Une s\u00e9ance fian\u00e7ailles \u00e0 l&rsquo;op\u00e9ra du Luxembourg J&rsquo;avais envie de quelque chose [&hellip;]<\/p>\n","protected":false},"author":1,"featured_media":10603,"comment_status":"open","ping_status":"open","sticky":false,"template":"","format":"standard","meta":{"footnotes":""},"categories":[58],"tags":[],"class_list":["post-8279","post","type-post","status-publish","format-standard","has-post-thumbnail","hentry","category-blog-be"],"yoast_head":"<!-- This site is optimized with the Yoast SEO plugin v27.4 - https:\/\/yoast.com\/product\/yoast-seo-wordpress\/ -->\n<title>Les photos d&#039;une s\u00e9ance fian\u00e7ailles au Luxembourg<\/title>\n<meta name=\"description\" content=\"La s\u00e9ance fian\u00e7ailles de L&amp;J, un charmant couple venu sp\u00e9cialement de Belgique. La s\u00e9ance a \u00e9t\u00e9 r\u00e9alis\u00e9e devant le Philharmonie, l&#039;op\u00e9ra du Luxembourg.\" \/>\n<meta name=\"robots\" content=\"index, follow, max-snippet:-1, max-image-preview:large, max-video-preview:-1\" \/>\n<link rel=\"canonical\" href=\"https:\/\/www.joliehistoire.com\/be\/blog-be\/seance-fiancailles-au-philharmonie-du-luxembourg\/\" \/>\n<meta name=\"twitter:card\" content=\"summary_large_image\" \/>\n<meta name=\"twitter:title\" content=\"Les photos d&#039;une s\u00e9ance fian\u00e7ailles au Luxembourg\" \/>\n<meta name=\"twitter:description\" content=\"La s\u00e9ance fian\u00e7ailles de L&amp;J, un charmant couple venu sp\u00e9cialement de Belgique. La s\u00e9ance a \u00e9t\u00e9 r\u00e9alis\u00e9e devant le Philharmonie, l&#039;op\u00e9ra du Luxembourg.\" \/>\n<meta name=\"twitter:image\" content=\"https:\/\/www.joliehistoire.com\/wp-content\/uploads\/2015\/03\/demande-en-mariage-au-luxembourg.jpg\" \/>\n<meta name=\"twitter:label1\" content=\"\u00c9crit par\" \/>\n\t<meta name=\"twitter:data1\" content=\"photographe luxembourg\" \/>\n\t<meta name=\"twitter:label2\" content=\"Dur\u00e9e de lecture est.\" \/>\n\t<meta name=\"twitter:data2\" content=\"1 minute\" \/>\n<script type=\"application\/ld+json\" class=\"yoast-schema-graph\">{\"@context\":\"https:\\\/\\\/schema.org\",\"@graph\":[{\"@type\":\"Article\",\"@id\":\"https:\\\/\\\/www.joliehistoire.com\\\/be\\\/blog-be\\\/seance-fiancailles-au-philharmonie-du-luxembourg\\\/#article\",\"isPartOf\":{\"@id\":\"https:\\\/\\\/www.joliehistoire.com\\\/be\\\/blog-be\\\/seance-fiancailles-au-philharmonie-du-luxembourg\\\/\"},\"author\":{\"name\":\"photographe luxembourg\",\"@id\":\"https:\\\/\\\/www.joliehistoire.com\\\/#\\\/schema\\\/person\\\/bd008c25130122120b7a541135b27f8b\"},\"headline\":\"La s\u00e9ance fian\u00e7ailles de L&#038;J \u00e0 l&rsquo;op\u00e9ra du Luxembourg\",\"datePublished\":\"2016-01-03T15:39:44+00:00\",\"dateModified\":\"2016-01-03T15:45:20+00:00\",\"mainEntityOfPage\":{\"@id\":\"https:\\\/\\\/www.joliehistoire.com\\\/be\\\/blog-be\\\/seance-fiancailles-au-philharmonie-du-luxembourg\\\/\"},\"wordCount\":222,\"commentCount\":0,\"image\":{\"@id\":\"https:\\\/\\\/www.joliehistoire.com\\\/be\\\/blog-be\\\/seance-fiancailles-au-philharmonie-du-luxembourg\\\/#primaryimage\"},\"thumbnailUrl\":\"https:\\\/\\\/www.joliehistoire.com\\\/wp-content\\\/uploads\\\/2015\\\/03\\\/demande-en-mariage-au-luxembourg.jpg\",\"articleSection\":[\"blog\"],\"inLanguage\":\"fr-BE\",\"potentialAction\":[{\"@type\":\"CommentAction\",\"name\":\"Comment\",\"target\":[\"https:\\\/\\\/www.joliehistoire.com\\\/be\\\/blog-be\\\/seance-fiancailles-au-philharmonie-du-luxembourg\\\/#respond\"]}]},{\"@type\":\"WebPage\",\"@id\":\"https:\\\/\\\/www.joliehistoire.com\\\/be\\\/blog-be\\\/seance-fiancailles-au-philharmonie-du-luxembourg\\\/\",\"url\":\"https:\\\/\\\/www.joliehistoire.com\\\/be\\\/blog-be\\\/seance-fiancailles-au-philharmonie-du-luxembourg\\\/\",\"name\":\"Les photos d'une s\u00e9ance fian\u00e7ailles au Luxembourg\",\"isPartOf\":{\"@id\":\"https:\\\/\\\/www.joliehistoire.com\\\/#website\"},\"primaryImageOfPage\":{\"@id\":\"https:\\\/\\\/www.joliehistoire.com\\\/be\\\/blog-be\\\/seance-fiancailles-au-philharmonie-du-luxembourg\\\/#primaryimage\"},\"image\":{\"@id\":\"https:\\\/\\\/www.joliehistoire.com\\\/be\\\/blog-be\\\/seance-fiancailles-au-philharmonie-du-luxembourg\\\/#primaryimage\"},\"thumbnailUrl\":\"https:\\\/\\\/www.joliehistoire.com\\\/wp-content\\\/uploads\\\/2015\\\/03\\\/demande-en-mariage-au-luxembourg.jpg\",\"datePublished\":\"2016-01-03T15:39:44+00:00\",\"dateModified\":\"2016-01-03T15:45:20+00:00\",\"author\":{\"@id\":\"https:\\\/\\\/www.joliehistoire.com\\\/#\\\/schema\\\/person\\\/bd008c25130122120b7a541135b27f8b\"},\"description\":\"La s\u00e9ance fian\u00e7ailles de L&J, un charmant couple venu sp\u00e9cialement de Belgique. La s\u00e9ance a \u00e9t\u00e9 r\u00e9alis\u00e9e devant le Philharmonie, l'op\u00e9ra du Luxembourg.\",\"breadcrumb\":{\"@id\":\"https:\\\/\\\/www.joliehistoire.com\\\/be\\\/blog-be\\\/seance-fiancailles-au-philharmonie-du-luxembourg\\\/#breadcrumb\"},\"inLanguage\":\"fr-BE\",\"potentialAction\":[{\"@type\":\"ReadAction\",\"target\":[\"https:\\\/\\\/www.joliehistoire.com\\\/be\\\/blog-be\\\/seance-fiancailles-au-philharmonie-du-luxembourg\\\/\"]}]},{\"@type\":\"ImageObject\",\"inLanguage\":\"fr-BE\",\"@id\":\"https:\\\/\\\/www.joliehistoire.com\\\/be\\\/blog-be\\\/seance-fiancailles-au-philharmonie-du-luxembourg\\\/#primaryimage\",\"url\":\"https:\\\/\\\/www.joliehistoire.com\\\/wp-content\\\/uploads\\\/2015\\\/03\\\/demande-en-mariage-au-luxembourg.jpg\",\"contentUrl\":\"https:\\\/\\\/www.joliehistoire.com\\\/wp-content\\\/uploads\\\/2015\\\/03\\\/demande-en-mariage-au-luxembourg.jpg\",\"width\":800,\"height\":533},{\"@type\":\"BreadcrumbList\",\"@id\":\"https:\\\/\\\/www.joliehistoire.com\\\/be\\\/blog-be\\\/seance-fiancailles-au-philharmonie-du-luxembourg\\\/#breadcrumb\",\"itemListElement\":[{\"@type\":\"ListItem\",\"position\":1,\"name\":\"Home\",\"item\":\"https:\\\/\\\/www.joliehistoire.com\\\/be\\\/\"},{\"@type\":\"ListItem\",\"position\":2,\"name\":\"La s\u00e9ance fian\u00e7ailles de L&#038;J \u00e0 l&rsquo;op\u00e9ra du Luxembourg\"}]},{\"@type\":\"WebSite\",\"@id\":\"https:\\\/\\\/www.joliehistoire.com\\\/#website\",\"url\":\"https:\\\/\\\/www.joliehistoire.com\\\/\",\"name\":\"joliehistoire\",\"description\":\"wedding photographer\",\"potentialAction\":[{\"@type\":\"SearchAction\",\"target\":{\"@type\":\"EntryPoint\",\"urlTemplate\":\"https:\\\/\\\/www.joliehistoire.com\\\/?s={search_term_string}\"},\"query-input\":{\"@type\":\"PropertyValueSpecification\",\"valueRequired\":true,\"valueName\":\"search_term_string\"}}],\"inLanguage\":\"fr-BE\"},{\"@type\":\"Person\",\"@id\":\"https:\\\/\\\/www.joliehistoire.com\\\/#\\\/schema\\\/person\\\/bd008c25130122120b7a541135b27f8b\",\"name\":\"photographe luxembourg\",\"image\":{\"@type\":\"ImageObject\",\"inLanguage\":\"fr-BE\",\"@id\":\"https:\\\/\\\/secure.gravatar.com\\\/avatar\\\/03679d8c33ffd4c1861f7eb3f232c608660617a0925ee9f5edb0d1de0df20058?s=96&d=mm&r=g\",\"url\":\"https:\\\/\\\/secure.gravatar.com\\\/avatar\\\/03679d8c33ffd4c1861f7eb3f232c608660617a0925ee9f5edb0d1de0df20058?s=96&d=mm&r=g\",\"contentUrl\":\"https:\\\/\\\/secure.gravatar.com\\\/avatar\\\/03679d8c33ffd4c1861f7eb3f232c608660617a0925ee9f5edb0d1de0df20058?s=96&d=mm&r=g\",\"caption\":\"photographe luxembourg\"}}]}<\/script>\n<!-- \/ Yoast SEO plugin. -->","yoast_head_json":{"title":"Les photos d'une s\u00e9ance fian\u00e7ailles au Luxembourg","description":"La s\u00e9ance fian\u00e7ailles de L&J, un charmant couple venu sp\u00e9cialement de Belgique. La s\u00e9ance a \u00e9t\u00e9 r\u00e9alis\u00e9e devant le Philharmonie, l'op\u00e9ra du Luxembourg.","robots":{"index":"index","follow":"follow","max-snippet":"max-snippet:-1","max-image-preview":"max-image-preview:large","max-video-preview":"max-video-preview:-1"},"canonical":"https:\/\/www.joliehistoire.com\/be\/blog-be\/seance-fiancailles-au-philharmonie-du-luxembourg\/","twitter_card":"summary_large_image","twitter_title":"Les photos d'une s\u00e9ance fian\u00e7ailles au Luxembourg","twitter_description":"La s\u00e9ance fian\u00e7ailles de L&J, un charmant couple venu sp\u00e9cialement de Belgique. La s\u00e9ance a \u00e9t\u00e9 r\u00e9alis\u00e9e devant le Philharmonie, l'op\u00e9ra du Luxembourg.","twitter_image":"https:\/\/www.joliehistoire.com\/wp-content\/uploads\/2015\/03\/demande-en-mariage-au-luxembourg.jpg","twitter_misc":{"\u00c9crit par":"photographe luxembourg","Dur\u00e9e de lecture est.":"1 minute"},"schema":{"@context":"https:\/\/schema.org","@graph":[{"@type":"Article","@id":"https:\/\/www.joliehistoire.com\/be\/blog-be\/seance-fiancailles-au-philharmonie-du-luxembourg\/#article","isPartOf":{"@id":"https:\/\/www.joliehistoire.com\/be\/blog-be\/seance-fiancailles-au-philharmonie-du-luxembourg\/"},"author":{"name":"photographe luxembourg","@id":"https:\/\/www.joliehistoire.com\/#\/schema\/person\/bd008c25130122120b7a541135b27f8b"},"headline":"La s\u00e9ance fian\u00e7ailles de L&#038;J \u00e0 l&rsquo;op\u00e9ra du Luxembourg","datePublished":"2016-01-03T15:39:44+00:00","dateModified":"2016-01-03T15:45:20+00:00","mainEntityOfPage":{"@id":"https:\/\/www.joliehistoire.com\/be\/blog-be\/seance-fiancailles-au-philharmonie-du-luxembourg\/"},"wordCount":222,"commentCount":0,"image":{"@id":"https:\/\/www.joliehistoire.com\/be\/blog-be\/seance-fiancailles-au-philharmonie-du-luxembourg\/#primaryimage"},"thumbnailUrl":"https:\/\/www.joliehistoire.com\/wp-content\/uploads\/2015\/03\/demande-en-mariage-au-luxembourg.jpg","articleSection":["blog"],"inLanguage":"fr-BE","potentialAction":[{"@type":"CommentAction","name":"Comment","target":["https:\/\/www.joliehistoire.com\/be\/blog-be\/seance-fiancailles-au-philharmonie-du-luxembourg\/#respond"]}]},{"@type":"WebPage","@id":"https:\/\/www.joliehistoire.com\/be\/blog-be\/seance-fiancailles-au-philharmonie-du-luxembourg\/","url":"https:\/\/www.joliehistoire.com\/be\/blog-be\/seance-fiancailles-au-philharmonie-du-luxembourg\/","name":"Les photos d'une s\u00e9ance fian\u00e7ailles au Luxembourg","isPartOf":{"@id":"https:\/\/www.joliehistoire.com\/#website"},"primaryImageOfPage":{"@id":"https:\/\/www.joliehistoire.com\/be\/blog-be\/seance-fiancailles-au-philharmonie-du-luxembourg\/#primaryimage"},"image":{"@id":"https:\/\/www.joliehistoire.com\/be\/blog-be\/seance-fiancailles-au-philharmonie-du-luxembourg\/#primaryimage"},"thumbnailUrl":"https:\/\/www.joliehistoire.com\/wp-content\/uploads\/2015\/03\/demande-en-mariage-au-luxembourg.jpg","datePublished":"2016-01-03T15:39:44+00:00","dateModified":"2016-01-03T15:45:20+00:00","author":{"@id":"https:\/\/www.joliehistoire.com\/#\/schema\/person\/bd008c25130122120b7a541135b27f8b"},"description":"La s\u00e9ance fian\u00e7ailles de L&J, un charmant couple venu sp\u00e9cialement de Belgique. La s\u00e9ance a \u00e9t\u00e9 r\u00e9alis\u00e9e devant le Philharmonie, l'op\u00e9ra du Luxembourg.","breadcrumb":{"@id":"https:\/\/www.joliehistoire.com\/be\/blog-be\/seance-fiancailles-au-philharmonie-du-luxembourg\/#breadcrumb"},"inLanguage":"fr-BE","potentialAction":[{"@type":"ReadAction","target":["https:\/\/www.joliehistoire.com\/be\/blog-be\/seance-fiancailles-au-philharmonie-du-luxembourg\/"]}]},{"@type":"ImageObject","inLanguage":"fr-BE","@id":"https:\/\/www.joliehistoire.com\/be\/blog-be\/seance-fiancailles-au-philharmonie-du-luxembourg\/#primaryimage","url":"https:\/\/www.joliehistoire.com\/wp-content\/uploads\/2015\/03\/demande-en-mariage-au-luxembourg.jpg","contentUrl":"https:\/\/www.joliehistoire.com\/wp-content\/uploads\/2015\/03\/demande-en-mariage-au-luxembourg.jpg","width":800,"height":533},{"@type":"BreadcrumbList","@id":"https:\/\/www.joliehistoire.com\/be\/blog-be\/seance-fiancailles-au-philharmonie-du-luxembourg\/#breadcrumb","itemListElement":[{"@type":"ListItem","position":1,"name":"Home","item":"https:\/\/www.joliehistoire.com\/be\/"},{"@type":"ListItem","position":2,"name":"La s\u00e9ance fian\u00e7ailles de L&#038;J \u00e0 l&rsquo;op\u00e9ra du Luxembourg"}]},{"@type":"WebSite","@id":"https:\/\/www.joliehistoire.com\/#website","url":"https:\/\/www.joliehistoire.com\/","name":"joliehistoire","description":"wedding photographer","potentialAction":[{"@type":"SearchAction","target":{"@type":"EntryPoint","urlTemplate":"https:\/\/www.joliehistoire.com\/?s={search_term_string}"},"query-input":{"@type":"PropertyValueSpecification","valueRequired":true,"valueName":"search_term_string"}}],"inLanguage":"fr-BE"},{"@type":"Person","@id":"https:\/\/www.joliehistoire.com\/#\/schema\/person\/bd008c25130122120b7a541135b27f8b","name":"photographe luxembourg","image":{"@type":"ImageObject","inLanguage":"fr-BE","@id":"https:\/\/secure.gravatar.com\/avatar\/03679d8c33ffd4c1861f7eb3f232c608660617a0925ee9f5edb0d1de0df20058?s=96&d=mm&r=g","url":"https:\/\/secure.gravatar.com\/avatar\/03679d8c33ffd4c1861f7eb3f232c608660617a0925ee9f5edb0d1de0df20058?s=96&d=mm&r=g","contentUrl":"https:\/\/secure.gravatar.com\/avatar\/03679d8c33ffd4c1861f7eb3f232c608660617a0925ee9f5edb0d1de0df20058?s=96&d=mm&r=g","caption":"photographe luxembourg"}}]}},"_links":{"self":[{"href":"https:\/\/www.joliehistoire.com\/be\/wp-json\/wp\/v2\/posts\/8279\/"}],"collection":[{"href":"https:\/\/www.joliehistoire.com\/be\/wp-json\/wp\/v2\/posts\/"}],"about":[{"href":"https:\/\/www.joliehistoire.com\/be\/wp-json\/wp\/v2\/types\/post\/"}],"author":[{"embeddable":true,"href":"https:\/\/www.joliehistoire.com\/be\/wp-json\/wp\/v2\/users\/1\/"}],"replies":[{"embeddable":true,"href":"https:\/\/www.joliehistoire.com\/be\/wp-json\/wp\/v2\/comments\/?post=8279"}],"version-history":[{"count":2,"href":"https:\/\/www.joliehistoire.com\/be\/wp-json\/wp\/v2\/posts\/8279\/revisions\/"}],"predecessor-version":[{"id":8461,"href":"https:\/\/www.joliehistoire.com\/be\/wp-json\/wp\/v2\/posts\/8279\/revisions\/8461\/"}],"wp:featuredmedia":[{"embeddable":true,"href":"https:\/\/www.joliehistoire.com\/be\/wp-json\/wp\/v2\/media\/10603\/"}],"wp:attachment":[{"href":"https:\/\/www.joliehistoire.com\/be\/wp-json\/wp\/v2\/media\/?parent=8279"}],"wp:term":[{"taxonomy":"category","embeddable":true,"href":"https:\/\/www.joliehistoire.com\/be\/wp-json\/wp\/v2\/categories\/?post=8279"},{"taxonomy":"post_tag","embeddable":true,"href":"https:\/\/www.joliehistoire.com\/be\/wp-json\/wp\/v2\/tags\/?post=8279"}],"curies":[{"name":"wp","href":"https:\/\/api.w.org\/{rel}","templated":true}]}}