{"id":15858,"date":"2016-11-08T10:10:57","date_gmt":"2016-11-08T10:10:57","guid":{"rendered":"https:\/\/www.joliehistoire.com\/be\/uncategorized-be\/mariage-marly-moselle\/"},"modified":"2016-11-10T10:24:33","modified_gmt":"2016-11-10T10:24:33","slug":"mariage-marly-moselle","status":"publish","type":"post","link":"https:\/\/www.joliehistoire.com\/be\/blog-be\/mariage-marly-moselle\/","title":{"rendered":"Le mariage de L\u00e9a &#038; Quentin en Moselle"},"content":{"rendered":"<p>Le mois dernier je vous avais pr\u00e9sent\u00e9 <a href=\"https:\/\/www.joliehistoire.com\/be\/blog-be\/moselle-fiancailles-photos\/\">la s\u00e9ance fian\u00e7ailles de L\u00e9a &amp; Quentin<\/a>, ce&nbsp;charmant couple du Nord de la France. Aujourd&rsquo;hui je vous propose un retour sur leur mariage qui avait lieu en Ao\u00fbt dernier \u00e0 <strong>Marly, en Moselle.<\/strong> Ce f\u00fbt un magnifique mariage que j&rsquo;ai eu la chance de photographier des pr\u00e9paratifs jusqu&rsquo;au feu d&rsquo;artifice final !<\/p>\n\n\t\t<style type=\"text\/css\">\n\t\t\t#gallery-1 {\n\t\t\t\tmargin: auto;\n\t\t\t}\n\t\t\t#gallery-1 .gallery-item {\n\t\t\t\tfloat: left;\n\t\t\t\tmargin-top: 10px;\n\t\t\t\ttext-align: center;\n\t\t\t\twidth: 100%;\n\t\t\t}\n\t\t\t#gallery-1 img {\n\t\t\t\tborder: 2px solid #cfcfcf;\n\t\t\t}\n\t\t\t#gallery-1 .gallery-caption {\n\t\t\t\tmargin-left: 0;\n\t\t\t}\n\t\t\t\/* see gallery_shortcode() in wp-includes\/media.php *\/\n\t\t<\/style>\n\t\t<div id=\"gallery-1\" class=\"gallery galleryid-15858 gallery-columns-1 gallery-size-full ilightbox_gallery\" data-options=\"{attr:'source',path:'horizontal'}\"><dl class=\"gallery-item\">\n\t\t\t<dt class=\"gallery-icon landscape\">\n\t\t\t\t<noscript><img decoding=\"async\" width=\"576\" height=\"384\" src=\"https:\/\/www.joliehistoire.com\/wp-content\/uploads\/2016\/11\/01-la-mari\u00e9e-se-fait-coiffer-chez-k-artist-\u00e0-thionville.jpg\" class=\"attachment-full size-full\" alt=\"la mari\u00e9e se fait coiffer chez k artist \u00e0 thionville\" srcset=\"https:\/\/www.joliehistoire.com\/wp-content\/uploads\/2016\/11\/01-la-mari\u00e9e-se-fait-coiffer-chez-k-artist-\u00e0-thionville.jpg 576w, https:\/\/www.joliehistoire.com\/wp-content\/uploads\/2016\/11\/01-la-mari\u00e9e-se-fait-coiffer-chez-k-artist-\u00e0-thionville-300x200.jpg 300w\" sizes=\"(max-width: 576px) 100vw, 576px\"><\/noscript><img decoding=\"async\" width=\"576\" height=\"384\" src=\"data:image\/svg+xml,%3Csvg%20xmlns%3D%22http%3A%2F%2Fwww.w3.org%2F2000%2Fsvg%22%20viewBox%3D%220%200%20576%20384%22%3E%3C%2Fsvg%3E\" class=\"attachment-full size-full lazyload\" alt=\"la mari\u00e9e se fait coiffer chez k artist \u00e0 thionville\" srcset=\"data:image\/svg+xml,%3Csvg%20xmlns%3D%22http%3A%2F%2Fwww.w3.org%2F2000%2Fsvg%22%20viewBox%3D%220%200%20576%20384%22%3E%3C%2Fsvg%3E 576w\" sizes=\"(max-width: 576px) 100vw, 576px\" data-srcset=\"https:\/\/www.joliehistoire.com\/wp-content\/uploads\/2016\/11\/01-la-mari\u00e9e-se-fait-coiffer-chez-k-artist-\u00e0-thionville.jpg 576w, https:\/\/www.joliehistoire.com\/wp-content\/uploads\/2016\/11\/01-la-mari\u00e9e-se-fait-coiffer-chez-k-artist-\u00e0-thionville-300x200.jpg 300w\" data-src=\"https:\/\/www.joliehistoire.com\/wp-content\/uploads\/2016\/11\/01-la-mari\u00e9e-se-fait-coiffer-chez-k-artist-\u00e0-thionville.jpg\">\n\t\t\t<\/dt><\/dl><br style=\"clear: both\"><dl class=\"gallery-item\">\n\t\t\t<dt class=\"gallery-icon landscape\">\n\t\t\t\t<noscript><img decoding=\"async\" width=\"766\" height=\"511\" src=\"https:\/\/www.joliehistoire.com\/wp-content\/uploads\/2016\/11\/02-les-alliances-pos\u00e9es-sur-une-table.jpg\" class=\"attachment-full size-full\" alt=\"les alliances pos\u00e9es sur une table\" srcset=\"https:\/\/www.joliehistoire.com\/wp-content\/uploads\/2016\/11\/02-les-alliances-pos\u00e9es-sur-une-table.jpg 766w, https:\/\/www.joliehistoire.com\/wp-content\/uploads\/2016\/11\/02-les-alliances-pos\u00e9es-sur-une-table-300x200.jpg 300w\" sizes=\"(max-width: 766px) 100vw, 766px\"><\/noscript><img decoding=\"async\" width=\"766\" height=\"511\" src=\"data:image\/svg+xml,%3Csvg%20xmlns%3D%22http%3A%2F%2Fwww.w3.org%2F2000%2Fsvg%22%20viewBox%3D%220%200%20766%20511%22%3E%3C%2Fsvg%3E\" class=\"attachment-full size-full lazyload\" alt=\"les alliances pos\u00e9es sur une table\" srcset=\"data:image\/svg+xml,%3Csvg%20xmlns%3D%22http%3A%2F%2Fwww.w3.org%2F2000%2Fsvg%22%20viewBox%3D%220%200%20766%20511%22%3E%3C%2Fsvg%3E 766w\" sizes=\"(max-width: 766px) 100vw, 766px\" data-srcset=\"https:\/\/www.joliehistoire.com\/wp-content\/uploads\/2016\/11\/02-les-alliances-pos\u00e9es-sur-une-table.jpg 766w, https:\/\/www.joliehistoire.com\/wp-content\/uploads\/2016\/11\/02-les-alliances-pos\u00e9es-sur-une-table-300x200.jpg 300w\" data-src=\"https:\/\/www.joliehistoire.com\/wp-content\/uploads\/2016\/11\/02-les-alliances-pos\u00e9es-sur-une-table.jpg\">\n\t\t\t<\/dt><\/dl><br style=\"clear: both\"><dl class=\"gallery-item\">\n\t\t\t<dt class=\"gallery-icon landscape\">\n\t\t\t\t<noscript><img decoding=\"async\" width=\"800\" height=\"533\" src=\"https:\/\/www.joliehistoire.com\/wp-content\/uploads\/2016\/11\/03-la-mari\u00e9e-suspend-sa-robe-\u00e0-la-fenetre-de-sa-chambre.jpg\" class=\"attachment-full size-full\" alt=\"a mari\u00e9e suspend sa robe \u00e0 la fenetre de sa chambre\" srcset=\"https:\/\/www.joliehistoire.com\/wp-content\/uploads\/2016\/11\/03-la-mari\u00e9e-suspend-sa-robe-\u00e0-la-fenetre-de-sa-chambre.jpg 800w, https:\/\/www.joliehistoire.com\/wp-content\/uploads\/2016\/11\/03-la-mari\u00e9e-suspend-sa-robe-\u00e0-la-fenetre-de-sa-chambre-300x200.jpg 300w, https:\/\/www.joliehistoire.com\/wp-content\/uploads\/2016\/11\/03-la-mari\u00e9e-suspend-sa-robe-\u00e0-la-fenetre-de-sa-chambre-768x512.jpg 768w\" sizes=\"(max-width: 800px) 100vw, 800px\"><\/noscript><img decoding=\"async\" width=\"800\" height=\"533\" src=\"data:image\/svg+xml,%3Csvg%20xmlns%3D%22http%3A%2F%2Fwww.w3.org%2F2000%2Fsvg%22%20viewBox%3D%220%200%20800%20533%22%3E%3C%2Fsvg%3E\" class=\"attachment-full size-full lazyload\" alt=\"a mari\u00e9e suspend sa robe \u00e0 la fenetre de sa chambre\" srcset=\"data:image\/svg+xml,%3Csvg%20xmlns%3D%22http%3A%2F%2Fwww.w3.org%2F2000%2Fsvg%22%20viewBox%3D%220%200%20800%20533%22%3E%3C%2Fsvg%3E 800w\" sizes=\"(max-width: 800px) 100vw, 800px\" data-srcset=\"https:\/\/www.joliehistoire.com\/wp-content\/uploads\/2016\/11\/03-la-mari\u00e9e-suspend-sa-robe-\u00e0-la-fenetre-de-sa-chambre.jpg 800w, https:\/\/www.joliehistoire.com\/wp-content\/uploads\/2016\/11\/03-la-mari\u00e9e-suspend-sa-robe-\u00e0-la-fenetre-de-sa-chambre-300x200.jpg 300w, https:\/\/www.joliehistoire.com\/wp-content\/uploads\/2016\/11\/03-la-mari\u00e9e-suspend-sa-robe-\u00e0-la-fenetre-de-sa-chambre-768x512.jpg 768w\" data-src=\"https:\/\/www.joliehistoire.com\/wp-content\/uploads\/2016\/11\/03-la-mari\u00e9e-suspend-sa-robe-\u00e0-la-fenetre-de-sa-chambre.jpg\">\n\t\t\t<\/dt><\/dl><br style=\"clear: both\"><dl class=\"gallery-item\">\n\t\t\t<dt class=\"gallery-icon landscape\">\n\t\t\t\t<noscript><img decoding=\"async\" width=\"800\" height=\"533\" src=\"https:\/\/www.joliehistoire.com\/wp-content\/uploads\/2016\/11\/04-La-mari\u00e9e-sourit-au-photographe.jpg\" class=\"attachment-full size-full\" alt=\"La mari\u00e9e sourit au photographe\" srcset=\"https:\/\/www.joliehistoire.com\/wp-content\/uploads\/2016\/11\/04-La-mari\u00e9e-sourit-au-photographe.jpg 800w, https:\/\/www.joliehistoire.com\/wp-content\/uploads\/2016\/11\/04-La-mari\u00e9e-sourit-au-photographe-300x200.jpg 300w, https:\/\/www.joliehistoire.com\/wp-content\/uploads\/2016\/11\/04-La-mari\u00e9e-sourit-au-photographe-768x512.jpg 768w\" sizes=\"(max-width: 800px) 100vw, 800px\"><\/noscript><img decoding=\"async\" width=\"800\" height=\"533\" src=\"data:image\/svg+xml,%3Csvg%20xmlns%3D%22http%3A%2F%2Fwww.w3.org%2F2000%2Fsvg%22%20viewBox%3D%220%200%20800%20533%22%3E%3C%2Fsvg%3E\" class=\"attachment-full size-full lazyload\" alt=\"La mari\u00e9e sourit au photographe\" srcset=\"data:image\/svg+xml,%3Csvg%20xmlns%3D%22http%3A%2F%2Fwww.w3.org%2F2000%2Fsvg%22%20viewBox%3D%220%200%20800%20533%22%3E%3C%2Fsvg%3E 800w\" sizes=\"(max-width: 800px) 100vw, 800px\" data-srcset=\"https:\/\/www.joliehistoire.com\/wp-content\/uploads\/2016\/11\/04-La-mari\u00e9e-sourit-au-photographe.jpg 800w, https:\/\/www.joliehistoire.com\/wp-content\/uploads\/2016\/11\/04-La-mari\u00e9e-sourit-au-photographe-300x200.jpg 300w, https:\/\/www.joliehistoire.com\/wp-content\/uploads\/2016\/11\/04-La-mari\u00e9e-sourit-au-photographe-768x512.jpg 768w\" data-src=\"https:\/\/www.joliehistoire.com\/wp-content\/uploads\/2016\/11\/04-La-mari\u00e9e-sourit-au-photographe.jpg\">\n\t\t\t<\/dt><\/dl><br style=\"clear: both\"><dl class=\"gallery-item\">\n\t\t\t<dt class=\"gallery-icon landscape\">\n\t\t\t\t<noscript><img decoding=\"async\" width=\"653\" height=\"435\" src=\"https:\/\/www.joliehistoire.com\/wp-content\/uploads\/2016\/11\/05-la-mari\u00e9e-vue-de-haut-par-le-photographe.jpg\" class=\"attachment-full size-full\" alt=\"5 la mari\u00e9e vue de haut par le photographe\" srcset=\"https:\/\/www.joliehistoire.com\/wp-content\/uploads\/2016\/11\/05-la-mari\u00e9e-vue-de-haut-par-le-photographe.jpg 653w, https:\/\/www.joliehistoire.com\/wp-content\/uploads\/2016\/11\/05-la-mari\u00e9e-vue-de-haut-par-le-photographe-300x200.jpg 300w\" sizes=\"(max-width: 653px) 100vw, 653px\"><\/noscript><img decoding=\"async\" width=\"653\" height=\"435\" src=\"data:image\/svg+xml,%3Csvg%20xmlns%3D%22http%3A%2F%2Fwww.w3.org%2F2000%2Fsvg%22%20viewBox%3D%220%200%20653%20435%22%3E%3C%2Fsvg%3E\" class=\"attachment-full size-full lazyload\" alt=\"5 la mari\u00e9e vue de haut par le photographe\" srcset=\"data:image\/svg+xml,%3Csvg%20xmlns%3D%22http%3A%2F%2Fwww.w3.org%2F2000%2Fsvg%22%20viewBox%3D%220%200%20653%20435%22%3E%3C%2Fsvg%3E 653w\" sizes=\"(max-width: 653px) 100vw, 653px\" data-srcset=\"https:\/\/www.joliehistoire.com\/wp-content\/uploads\/2016\/11\/05-la-mari\u00e9e-vue-de-haut-par-le-photographe.jpg 653w, https:\/\/www.joliehistoire.com\/wp-content\/uploads\/2016\/11\/05-la-mari\u00e9e-vue-de-haut-par-le-photographe-300x200.jpg 300w\" data-src=\"https:\/\/www.joliehistoire.com\/wp-content\/uploads\/2016\/11\/05-la-mari\u00e9e-vue-de-haut-par-le-photographe.jpg\">\n\t\t\t<\/dt><\/dl><br style=\"clear: both\"><dl class=\"gallery-item\">\n\t\t\t<dt class=\"gallery-icon landscape\">\n\t\t\t\t<noscript><img decoding=\"async\" width=\"1221\" height=\"439\" src=\"https:\/\/www.joliehistoire.com\/wp-content\/uploads\/2016\/11\/06-la-rencontre-entre-les-mari\u00e9s.jpg\" class=\"attachment-full size-full\" alt=\"la rencontre entre les mari\u00e9s\" srcset=\"https:\/\/www.joliehistoire.com\/wp-content\/uploads\/2016\/11\/06-la-rencontre-entre-les-mari\u00e9s.jpg 1221w, https:\/\/www.joliehistoire.com\/wp-content\/uploads\/2016\/11\/06-la-rencontre-entre-les-mari\u00e9s-300x108.jpg 300w, https:\/\/www.joliehistoire.com\/wp-content\/uploads\/2016\/11\/06-la-rencontre-entre-les-mari\u00e9s-768x276.jpg 768w, https:\/\/www.joliehistoire.com\/wp-content\/uploads\/2016\/11\/06-la-rencontre-entre-les-mari\u00e9s-1024x368.jpg 1024w\" sizes=\"(max-width: 1221px) 100vw, 1221px\"><\/noscript><img decoding=\"async\" width=\"1221\" height=\"439\" src=\"data:image\/svg+xml,%3Csvg%20xmlns%3D%22http%3A%2F%2Fwww.w3.org%2F2000%2Fsvg%22%20viewBox%3D%220%200%201221%20439%22%3E%3C%2Fsvg%3E\" class=\"attachment-full size-full lazyload\" alt=\"la rencontre entre les mari\u00e9s\" srcset=\"data:image\/svg+xml,%3Csvg%20xmlns%3D%22http%3A%2F%2Fwww.w3.org%2F2000%2Fsvg%22%20viewBox%3D%220%200%201221%20439%22%3E%3C%2Fsvg%3E 1221w\" sizes=\"(max-width: 1221px) 100vw, 1221px\" data-srcset=\"https:\/\/www.joliehistoire.com\/wp-content\/uploads\/2016\/11\/06-la-rencontre-entre-les-mari\u00e9s.jpg 1221w, https:\/\/www.joliehistoire.com\/wp-content\/uploads\/2016\/11\/06-la-rencontre-entre-les-mari\u00e9s-300x108.jpg 300w, https:\/\/www.joliehistoire.com\/wp-content\/uploads\/2016\/11\/06-la-rencontre-entre-les-mari\u00e9s-768x276.jpg 768w, https:\/\/www.joliehistoire.com\/wp-content\/uploads\/2016\/11\/06-la-rencontre-entre-les-mari\u00e9s-1024x368.jpg 1024w\" data-src=\"https:\/\/www.joliehistoire.com\/wp-content\/uploads\/2016\/11\/06-la-rencontre-entre-les-mari\u00e9s.jpg\">\n\t\t\t<\/dt><\/dl><br style=\"clear: both\"><dl class=\"gallery-item\">\n\t\t\t<dt class=\"gallery-icon landscape\">\n\t\t\t\t<noscript><img decoding=\"async\" width=\"1221\" height=\"473\" src=\"https:\/\/www.joliehistoire.com\/wp-content\/uploads\/2016\/11\/07-une-histoire-de-mari\u00e9s.jpg\" class=\"attachment-full size-full\" alt=\"ne histoire de mari\u00e9s\" srcset=\"https:\/\/www.joliehistoire.com\/wp-content\/uploads\/2016\/11\/07-une-histoire-de-mari\u00e9s.jpg 1221w, https:\/\/www.joliehistoire.com\/wp-content\/uploads\/2016\/11\/07-une-histoire-de-mari\u00e9s-300x116.jpg 300w, https:\/\/www.joliehistoire.com\/wp-content\/uploads\/2016\/11\/07-une-histoire-de-mari\u00e9s-768x298.jpg 768w, https:\/\/www.joliehistoire.com\/wp-content\/uploads\/2016\/11\/07-une-histoire-de-mari\u00e9s-1024x397.jpg 1024w\" sizes=\"(max-width: 1221px) 100vw, 1221px\"><\/noscript><img decoding=\"async\" width=\"1221\" height=\"473\" src=\"data:image\/svg+xml,%3Csvg%20xmlns%3D%22http%3A%2F%2Fwww.w3.org%2F2000%2Fsvg%22%20viewBox%3D%220%200%201221%20473%22%3E%3C%2Fsvg%3E\" class=\"attachment-full size-full lazyload\" alt=\"ne histoire de mari\u00e9s\" srcset=\"data:image\/svg+xml,%3Csvg%20xmlns%3D%22http%3A%2F%2Fwww.w3.org%2F2000%2Fsvg%22%20viewBox%3D%220%200%201221%20473%22%3E%3C%2Fsvg%3E 1221w\" sizes=\"(max-width: 1221px) 100vw, 1221px\" data-srcset=\"https:\/\/www.joliehistoire.com\/wp-content\/uploads\/2016\/11\/07-une-histoire-de-mari\u00e9s.jpg 1221w, https:\/\/www.joliehistoire.com\/wp-content\/uploads\/2016\/11\/07-une-histoire-de-mari\u00e9s-300x116.jpg 300w, https:\/\/www.joliehistoire.com\/wp-content\/uploads\/2016\/11\/07-une-histoire-de-mari\u00e9s-768x298.jpg 768w, https:\/\/www.joliehistoire.com\/wp-content\/uploads\/2016\/11\/07-une-histoire-de-mari\u00e9s-1024x397.jpg 1024w\" data-src=\"https:\/\/www.joliehistoire.com\/wp-content\/uploads\/2016\/11\/07-une-histoire-de-mari\u00e9s.jpg\">\n\t\t\t<\/dt><\/dl><br style=\"clear: both\"><dl class=\"gallery-item\">\n\t\t\t<dt class=\"gallery-icon landscape\">\n\t\t\t\t<noscript><img decoding=\"async\" width=\"800\" height=\"533\" src=\"https:\/\/www.joliehistoire.com\/wp-content\/uploads\/2016\/11\/09-un-regard-entre-la-maman-et-son-fils.jpg\" class=\"attachment-full size-full\" alt=\"9 un regard entre la maman et son fils\" srcset=\"https:\/\/www.joliehistoire.com\/wp-content\/uploads\/2016\/11\/09-un-regard-entre-la-maman-et-son-fils.jpg 800w, https:\/\/www.joliehistoire.com\/wp-content\/uploads\/2016\/11\/09-un-regard-entre-la-maman-et-son-fils-300x200.jpg 300w, https:\/\/www.joliehistoire.com\/wp-content\/uploads\/2016\/11\/09-un-regard-entre-la-maman-et-son-fils-768x512.jpg 768w\" sizes=\"(max-width: 800px) 100vw, 800px\"><\/noscript><img decoding=\"async\" width=\"800\" height=\"533\" src=\"data:image\/svg+xml,%3Csvg%20xmlns%3D%22http%3A%2F%2Fwww.w3.org%2F2000%2Fsvg%22%20viewBox%3D%220%200%20800%20533%22%3E%3C%2Fsvg%3E\" class=\"attachment-full size-full lazyload\" alt=\"9 un regard entre la maman et son fils\" srcset=\"data:image\/svg+xml,%3Csvg%20xmlns%3D%22http%3A%2F%2Fwww.w3.org%2F2000%2Fsvg%22%20viewBox%3D%220%200%20800%20533%22%3E%3C%2Fsvg%3E 800w\" sizes=\"(max-width: 800px) 100vw, 800px\" data-srcset=\"https:\/\/www.joliehistoire.com\/wp-content\/uploads\/2016\/11\/09-un-regard-entre-la-maman-et-son-fils.jpg 800w, https:\/\/www.joliehistoire.com\/wp-content\/uploads\/2016\/11\/09-un-regard-entre-la-maman-et-son-fils-300x200.jpg 300w, https:\/\/www.joliehistoire.com\/wp-content\/uploads\/2016\/11\/09-un-regard-entre-la-maman-et-son-fils-768x512.jpg 768w\" data-src=\"https:\/\/www.joliehistoire.com\/wp-content\/uploads\/2016\/11\/09-un-regard-entre-la-maman-et-son-fils.jpg\">\n\t\t\t<\/dt><\/dl><br style=\"clear: both\"><dl class=\"gallery-item\">\n\t\t\t<dt class=\"gallery-icon landscape\">\n\t\t\t\t<noscript><img decoding=\"async\" width=\"751\" height=\"500\" src=\"https:\/\/www.joliehistoire.com\/wp-content\/uploads\/2016\/11\/10-le-t\u00e9moin-aide-avec-les-boutons-de-manchette.jpg\" class=\"attachment-full size-full\" alt=\"le t\u00e9moin aide avec les boutons de manchette\" srcset=\"https:\/\/www.joliehistoire.com\/wp-content\/uploads\/2016\/11\/10-le-t\u00e9moin-aide-avec-les-boutons-de-manchette.jpg 751w, https:\/\/www.joliehistoire.com\/wp-content\/uploads\/2016\/11\/10-le-t\u00e9moin-aide-avec-les-boutons-de-manchette-300x200.jpg 300w\" sizes=\"(max-width: 751px) 100vw, 751px\"><\/noscript><img decoding=\"async\" width=\"751\" height=\"500\" src=\"data:image\/svg+xml,%3Csvg%20xmlns%3D%22http%3A%2F%2Fwww.w3.org%2F2000%2Fsvg%22%20viewBox%3D%220%200%20751%20500%22%3E%3C%2Fsvg%3E\" class=\"attachment-full size-full lazyload\" alt=\"le t\u00e9moin aide avec les boutons de manchette\" srcset=\"data:image\/svg+xml,%3Csvg%20xmlns%3D%22http%3A%2F%2Fwww.w3.org%2F2000%2Fsvg%22%20viewBox%3D%220%200%20751%20500%22%3E%3C%2Fsvg%3E 751w\" sizes=\"(max-width: 751px) 100vw, 751px\" data-srcset=\"https:\/\/www.joliehistoire.com\/wp-content\/uploads\/2016\/11\/10-le-t\u00e9moin-aide-avec-les-boutons-de-manchette.jpg 751w, https:\/\/www.joliehistoire.com\/wp-content\/uploads\/2016\/11\/10-le-t\u00e9moin-aide-avec-les-boutons-de-manchette-300x200.jpg 300w\" data-src=\"https:\/\/www.joliehistoire.com\/wp-content\/uploads\/2016\/11\/10-le-t\u00e9moin-aide-avec-les-boutons-de-manchette.jpg\">\n\t\t\t<\/dt><\/dl><br style=\"clear: both\"><dl class=\"gallery-item\">\n\t\t\t<dt class=\"gallery-icon landscape\">\n\t\t\t\t<noscript><img decoding=\"async\" width=\"800\" height=\"533\" src=\"https:\/\/www.joliehistoire.com\/wp-content\/uploads\/2016\/11\/11-les-mari\u00e9s-trinquent-et-sembrassent.jpg\" class=\"attachment-full size-full\" alt=\"es mari\u00e9s trinquent et sembrassent\" srcset=\"https:\/\/www.joliehistoire.com\/wp-content\/uploads\/2016\/11\/11-les-mari\u00e9s-trinquent-et-sembrassent.jpg 800w, https:\/\/www.joliehistoire.com\/wp-content\/uploads\/2016\/11\/11-les-mari\u00e9s-trinquent-et-sembrassent-300x200.jpg 300w, https:\/\/www.joliehistoire.com\/wp-content\/uploads\/2016\/11\/11-les-mari\u00e9s-trinquent-et-sembrassent-768x512.jpg 768w\" sizes=\"(max-width: 800px) 100vw, 800px\"><\/noscript><img decoding=\"async\" width=\"800\" height=\"533\" src=\"data:image\/svg+xml,%3Csvg%20xmlns%3D%22http%3A%2F%2Fwww.w3.org%2F2000%2Fsvg%22%20viewBox%3D%220%200%20800%20533%22%3E%3C%2Fsvg%3E\" class=\"attachment-full size-full lazyload\" alt=\"es mari\u00e9s trinquent et sembrassent\" srcset=\"data:image\/svg+xml,%3Csvg%20xmlns%3D%22http%3A%2F%2Fwww.w3.org%2F2000%2Fsvg%22%20viewBox%3D%220%200%20800%20533%22%3E%3C%2Fsvg%3E 800w\" sizes=\"(max-width: 800px) 100vw, 800px\" data-srcset=\"https:\/\/www.joliehistoire.com\/wp-content\/uploads\/2016\/11\/11-les-mari\u00e9s-trinquent-et-sembrassent.jpg 800w, https:\/\/www.joliehistoire.com\/wp-content\/uploads\/2016\/11\/11-les-mari\u00e9s-trinquent-et-sembrassent-300x200.jpg 300w, https:\/\/www.joliehistoire.com\/wp-content\/uploads\/2016\/11\/11-les-mari\u00e9s-trinquent-et-sembrassent-768x512.jpg 768w\" data-src=\"https:\/\/www.joliehistoire.com\/wp-content\/uploads\/2016\/11\/11-les-mari\u00e9s-trinquent-et-sembrassent.jpg\">\n\t\t\t<\/dt><\/dl><br style=\"clear: both\"><dl class=\"gallery-item\">\n\t\t\t<dt class=\"gallery-icon landscape\">\n\t\t\t\t<noscript><img decoding=\"async\" width=\"800\" height=\"533\" src=\"https:\/\/www.joliehistoire.com\/wp-content\/uploads\/2016\/11\/12-le-mari\u00e9-trinquent-avec-ses-t\u00e9moins.jpg\" class=\"attachment-full size-full\" alt=\"le mari\u00e9 trinquent avec ses t\u00e9moins\" srcset=\"https:\/\/www.joliehistoire.com\/wp-content\/uploads\/2016\/11\/12-le-mari\u00e9-trinquent-avec-ses-t\u00e9moins.jpg 800w, https:\/\/www.joliehistoire.com\/wp-content\/uploads\/2016\/11\/12-le-mari\u00e9-trinquent-avec-ses-t\u00e9moins-300x200.jpg 300w, https:\/\/www.joliehistoire.com\/wp-content\/uploads\/2016\/11\/12-le-mari\u00e9-trinquent-avec-ses-t\u00e9moins-768x512.jpg 768w\" sizes=\"(max-width: 800px) 100vw, 800px\"><\/noscript><img decoding=\"async\" width=\"800\" height=\"533\" src=\"data:image\/svg+xml,%3Csvg%20xmlns%3D%22http%3A%2F%2Fwww.w3.org%2F2000%2Fsvg%22%20viewBox%3D%220%200%20800%20533%22%3E%3C%2Fsvg%3E\" class=\"attachment-full size-full lazyload\" alt=\"le mari\u00e9 trinquent avec ses t\u00e9moins\" srcset=\"data:image\/svg+xml,%3Csvg%20xmlns%3D%22http%3A%2F%2Fwww.w3.org%2F2000%2Fsvg%22%20viewBox%3D%220%200%20800%20533%22%3E%3C%2Fsvg%3E 800w\" sizes=\"(max-width: 800px) 100vw, 800px\" data-srcset=\"https:\/\/www.joliehistoire.com\/wp-content\/uploads\/2016\/11\/12-le-mari\u00e9-trinquent-avec-ses-t\u00e9moins.jpg 800w, https:\/\/www.joliehistoire.com\/wp-content\/uploads\/2016\/11\/12-le-mari\u00e9-trinquent-avec-ses-t\u00e9moins-300x200.jpg 300w, https:\/\/www.joliehistoire.com\/wp-content\/uploads\/2016\/11\/12-le-mari\u00e9-trinquent-avec-ses-t\u00e9moins-768x512.jpg 768w\" data-src=\"https:\/\/www.joliehistoire.com\/wp-content\/uploads\/2016\/11\/12-le-mari\u00e9-trinquent-avec-ses-t\u00e9moins.jpg\">\n\t\t\t<\/dt><\/dl><br style=\"clear: both\"><dl class=\"gallery-item\">\n\t\t\t<dt class=\"gallery-icon landscape\">\n\t\t\t\t<noscript><img decoding=\"async\" width=\"800\" height=\"533\" src=\"https:\/\/www.joliehistoire.com\/wp-content\/uploads\/2016\/11\/13-accolade-du-mari\u00e9-et-de-sa-maman.jpg\" class=\"attachment-full size-full\" alt=\"ccolade du mari\u00e9 et de sa maman\" srcset=\"https:\/\/www.joliehistoire.com\/wp-content\/uploads\/2016\/11\/13-accolade-du-mari\u00e9-et-de-sa-maman.jpg 800w, https:\/\/www.joliehistoire.com\/wp-content\/uploads\/2016\/11\/13-accolade-du-mari\u00e9-et-de-sa-maman-300x200.jpg 300w, https:\/\/www.joliehistoire.com\/wp-content\/uploads\/2016\/11\/13-accolade-du-mari\u00e9-et-de-sa-maman-768x512.jpg 768w\" sizes=\"(max-width: 800px) 100vw, 800px\"><\/noscript><img decoding=\"async\" width=\"800\" height=\"533\" src=\"data:image\/svg+xml,%3Csvg%20xmlns%3D%22http%3A%2F%2Fwww.w3.org%2F2000%2Fsvg%22%20viewBox%3D%220%200%20800%20533%22%3E%3C%2Fsvg%3E\" class=\"attachment-full size-full lazyload\" alt=\"ccolade du mari\u00e9 et de sa maman\" srcset=\"data:image\/svg+xml,%3Csvg%20xmlns%3D%22http%3A%2F%2Fwww.w3.org%2F2000%2Fsvg%22%20viewBox%3D%220%200%20800%20533%22%3E%3C%2Fsvg%3E 800w\" sizes=\"(max-width: 800px) 100vw, 800px\" data-srcset=\"https:\/\/www.joliehistoire.com\/wp-content\/uploads\/2016\/11\/13-accolade-du-mari\u00e9-et-de-sa-maman.jpg 800w, https:\/\/www.joliehistoire.com\/wp-content\/uploads\/2016\/11\/13-accolade-du-mari\u00e9-et-de-sa-maman-300x200.jpg 300w, https:\/\/www.joliehistoire.com\/wp-content\/uploads\/2016\/11\/13-accolade-du-mari\u00e9-et-de-sa-maman-768x512.jpg 768w\" data-src=\"https:\/\/www.joliehistoire.com\/wp-content\/uploads\/2016\/11\/13-accolade-du-mari\u00e9-et-de-sa-maman.jpg\">\n\t\t\t<\/dt><\/dl><br style=\"clear: both\"><dl class=\"gallery-item\">\n\t\t\t<dt class=\"gallery-icon landscape\">\n\t\t\t\t<noscript><img decoding=\"async\" width=\"728\" height=\"485\" src=\"https:\/\/www.joliehistoire.com\/wp-content\/uploads\/2016\/11\/14-embrassade-entre-un-homme-et-sa-grand-m\u00e8re.jpg\" class=\"attachment-full size-full\" alt=\"embrassade entre un homme et sa grand m\u00e8re\" srcset=\"https:\/\/www.joliehistoire.com\/wp-content\/uploads\/2016\/11\/14-embrassade-entre-un-homme-et-sa-grand-m\u00e8re.jpg 728w, https:\/\/www.joliehistoire.com\/wp-content\/uploads\/2016\/11\/14-embrassade-entre-un-homme-et-sa-grand-m\u00e8re-300x200.jpg 300w\" sizes=\"(max-width: 728px) 100vw, 728px\"><\/noscript><img decoding=\"async\" width=\"728\" height=\"485\" src=\"data:image\/svg+xml,%3Csvg%20xmlns%3D%22http%3A%2F%2Fwww.w3.org%2F2000%2Fsvg%22%20viewBox%3D%220%200%20728%20485%22%3E%3C%2Fsvg%3E\" class=\"attachment-full size-full lazyload\" alt=\"embrassade entre un homme et sa grand m\u00e8re\" srcset=\"data:image\/svg+xml,%3Csvg%20xmlns%3D%22http%3A%2F%2Fwww.w3.org%2F2000%2Fsvg%22%20viewBox%3D%220%200%20728%20485%22%3E%3C%2Fsvg%3E 728w\" sizes=\"(max-width: 728px) 100vw, 728px\" data-srcset=\"https:\/\/www.joliehistoire.com\/wp-content\/uploads\/2016\/11\/14-embrassade-entre-un-homme-et-sa-grand-m\u00e8re.jpg 728w, https:\/\/www.joliehistoire.com\/wp-content\/uploads\/2016\/11\/14-embrassade-entre-un-homme-et-sa-grand-m\u00e8re-300x200.jpg 300w\" data-src=\"https:\/\/www.joliehistoire.com\/wp-content\/uploads\/2016\/11\/14-embrassade-entre-un-homme-et-sa-grand-m\u00e8re.jpg\">\n\t\t\t<\/dt><\/dl><br style=\"clear: both\"><dl class=\"gallery-item\">\n\t\t\t<dt class=\"gallery-icon landscape\">\n\t\t\t\t<noscript><img decoding=\"async\" width=\"780\" height=\"520\" src=\"https:\/\/www.joliehistoire.com\/wp-content\/uploads\/2016\/11\/15-portrait-des-mari\u00e9s.jpg\" class=\"attachment-full size-full\" alt=\"portrait des mari\u00e9s\" srcset=\"https:\/\/www.joliehistoire.com\/wp-content\/uploads\/2016\/11\/15-portrait-des-mari\u00e9s.jpg 780w, https:\/\/www.joliehistoire.com\/wp-content\/uploads\/2016\/11\/15-portrait-des-mari\u00e9s-300x200.jpg 300w, https:\/\/www.joliehistoire.com\/wp-content\/uploads\/2016\/11\/15-portrait-des-mari\u00e9s-768x512.jpg 768w\" sizes=\"(max-width: 780px) 100vw, 780px\"><\/noscript><img decoding=\"async\" width=\"780\" height=\"520\" src=\"data:image\/svg+xml,%3Csvg%20xmlns%3D%22http%3A%2F%2Fwww.w3.org%2F2000%2Fsvg%22%20viewBox%3D%220%200%20780%20520%22%3E%3C%2Fsvg%3E\" class=\"attachment-full size-full lazyload\" alt=\"portrait des mari\u00e9s\" srcset=\"data:image\/svg+xml,%3Csvg%20xmlns%3D%22http%3A%2F%2Fwww.w3.org%2F2000%2Fsvg%22%20viewBox%3D%220%200%20780%20520%22%3E%3C%2Fsvg%3E 780w\" sizes=\"(max-width: 780px) 100vw, 780px\" data-srcset=\"https:\/\/www.joliehistoire.com\/wp-content\/uploads\/2016\/11\/15-portrait-des-mari\u00e9s.jpg 780w, https:\/\/www.joliehistoire.com\/wp-content\/uploads\/2016\/11\/15-portrait-des-mari\u00e9s-300x200.jpg 300w, https:\/\/www.joliehistoire.com\/wp-content\/uploads\/2016\/11\/15-portrait-des-mari\u00e9s-768x512.jpg 768w\" data-src=\"https:\/\/www.joliehistoire.com\/wp-content\/uploads\/2016\/11\/15-portrait-des-mari\u00e9s.jpg\">\n\t\t\t<\/dt><\/dl><br style=\"clear: both\"><dl class=\"gallery-item\">\n\t\t\t<dt class=\"gallery-icon landscape\">\n\t\t\t\t<noscript><img decoding=\"async\" width=\"780\" height=\"520\" src=\"https:\/\/www.joliehistoire.com\/wp-content\/uploads\/2016\/11\/16-la-mari\u00e9e-r\u00eaveuse-dans-la-voiture.jpg\" class=\"attachment-full size-full\" alt=\"la mari\u00e9e r\u00eaveuse dans la voiture\" srcset=\"https:\/\/www.joliehistoire.com\/wp-content\/uploads\/2016\/11\/16-la-mari\u00e9e-r\u00eaveuse-dans-la-voiture.jpg 780w, https:\/\/www.joliehistoire.com\/wp-content\/uploads\/2016\/11\/16-la-mari\u00e9e-r\u00eaveuse-dans-la-voiture-300x200.jpg 300w, https:\/\/www.joliehistoire.com\/wp-content\/uploads\/2016\/11\/16-la-mari\u00e9e-r\u00eaveuse-dans-la-voiture-768x512.jpg 768w\" sizes=\"(max-width: 780px) 100vw, 780px\"><\/noscript><img decoding=\"async\" width=\"780\" height=\"520\" src=\"data:image\/svg+xml,%3Csvg%20xmlns%3D%22http%3A%2F%2Fwww.w3.org%2F2000%2Fsvg%22%20viewBox%3D%220%200%20780%20520%22%3E%3C%2Fsvg%3E\" class=\"attachment-full size-full lazyload\" alt=\"la mari\u00e9e r\u00eaveuse dans la voiture\" srcset=\"data:image\/svg+xml,%3Csvg%20xmlns%3D%22http%3A%2F%2Fwww.w3.org%2F2000%2Fsvg%22%20viewBox%3D%220%200%20780%20520%22%3E%3C%2Fsvg%3E 780w\" sizes=\"(max-width: 780px) 100vw, 780px\" data-srcset=\"https:\/\/www.joliehistoire.com\/wp-content\/uploads\/2016\/11\/16-la-mari\u00e9e-r\u00eaveuse-dans-la-voiture.jpg 780w, https:\/\/www.joliehistoire.com\/wp-content\/uploads\/2016\/11\/16-la-mari\u00e9e-r\u00eaveuse-dans-la-voiture-300x200.jpg 300w, https:\/\/www.joliehistoire.com\/wp-content\/uploads\/2016\/11\/16-la-mari\u00e9e-r\u00eaveuse-dans-la-voiture-768x512.jpg 768w\" data-src=\"https:\/\/www.joliehistoire.com\/wp-content\/uploads\/2016\/11\/16-la-mari\u00e9e-r\u00eaveuse-dans-la-voiture.jpg\">\n\t\t\t<\/dt><\/dl><br style=\"clear: both\"><dl class=\"gallery-item\">\n\t\t\t<dt class=\"gallery-icon landscape\">\n\t\t\t\t<noscript><img decoding=\"async\" width=\"677\" height=\"451\" src=\"https:\/\/www.joliehistoire.com\/wp-content\/uploads\/2016\/11\/17-la-mari\u00e9e-pleure-\u00e0-la-mairie-de-ser\u00e9mange-en-moselle.jpg\" class=\"attachment-full size-full\" alt=\"la mari\u00e9e r\u00eaveuse dans la voiture\" srcset=\"https:\/\/www.joliehistoire.com\/wp-content\/uploads\/2016\/11\/17-la-mari\u00e9e-pleure-\u00e0-la-mairie-de-ser\u00e9mange-en-moselle.jpg 677w, https:\/\/www.joliehistoire.com\/wp-content\/uploads\/2016\/11\/17-la-mari\u00e9e-pleure-\u00e0-la-mairie-de-ser\u00e9mange-en-moselle-300x200.jpg 300w\" sizes=\"(max-width: 677px) 100vw, 677px\"><\/noscript><img decoding=\"async\" width=\"677\" height=\"451\" src=\"data:image\/svg+xml,%3Csvg%20xmlns%3D%22http%3A%2F%2Fwww.w3.org%2F2000%2Fsvg%22%20viewBox%3D%220%200%20677%20451%22%3E%3C%2Fsvg%3E\" class=\"attachment-full size-full lazyload\" alt=\"la mari\u00e9e r\u00eaveuse dans la voiture\" srcset=\"data:image\/svg+xml,%3Csvg%20xmlns%3D%22http%3A%2F%2Fwww.w3.org%2F2000%2Fsvg%22%20viewBox%3D%220%200%20677%20451%22%3E%3C%2Fsvg%3E 677w\" sizes=\"(max-width: 677px) 100vw, 677px\" data-srcset=\"https:\/\/www.joliehistoire.com\/wp-content\/uploads\/2016\/11\/17-la-mari\u00e9e-pleure-\u00e0-la-mairie-de-ser\u00e9mange-en-moselle.jpg 677w, https:\/\/www.joliehistoire.com\/wp-content\/uploads\/2016\/11\/17-la-mari\u00e9e-pleure-\u00e0-la-mairie-de-ser\u00e9mange-en-moselle-300x200.jpg 300w\" data-src=\"https:\/\/www.joliehistoire.com\/wp-content\/uploads\/2016\/11\/17-la-mari\u00e9e-pleure-\u00e0-la-mairie-de-ser\u00e9mange-en-moselle.jpg\">\n\t\t\t<\/dt><\/dl><br style=\"clear: both\"><dl class=\"gallery-item\">\n\t\t\t<dt class=\"gallery-icon landscape\">\n\t\t\t\t<noscript><img decoding=\"async\" width=\"762\" height=\"508\" src=\"https:\/\/www.joliehistoire.com\/wp-content\/uploads\/2016\/11\/18-mariage-\u00e0-la-mairie-de-ser\u00e9mange.jpg\" class=\"attachment-full size-full\" alt=\"mariage \u00e0 la mairie de ser\u00e9mange\" srcset=\"https:\/\/www.joliehistoire.com\/wp-content\/uploads\/2016\/11\/18-mariage-\u00e0-la-mairie-de-ser\u00e9mange.jpg 762w, https:\/\/www.joliehistoire.com\/wp-content\/uploads\/2016\/11\/18-mariage-\u00e0-la-mairie-de-ser\u00e9mange-300x200.jpg 300w\" sizes=\"(max-width: 762px) 100vw, 762px\"><\/noscript><img decoding=\"async\" width=\"762\" height=\"508\" src=\"data:image\/svg+xml,%3Csvg%20xmlns%3D%22http%3A%2F%2Fwww.w3.org%2F2000%2Fsvg%22%20viewBox%3D%220%200%20762%20508%22%3E%3C%2Fsvg%3E\" class=\"attachment-full size-full lazyload\" alt=\"mariage \u00e0 la mairie de ser\u00e9mange\" srcset=\"data:image\/svg+xml,%3Csvg%20xmlns%3D%22http%3A%2F%2Fwww.w3.org%2F2000%2Fsvg%22%20viewBox%3D%220%200%20762%20508%22%3E%3C%2Fsvg%3E 762w\" sizes=\"(max-width: 762px) 100vw, 762px\" data-srcset=\"https:\/\/www.joliehistoire.com\/wp-content\/uploads\/2016\/11\/18-mariage-\u00e0-la-mairie-de-ser\u00e9mange.jpg 762w, https:\/\/www.joliehistoire.com\/wp-content\/uploads\/2016\/11\/18-mariage-\u00e0-la-mairie-de-ser\u00e9mange-300x200.jpg 300w\" data-src=\"https:\/\/www.joliehistoire.com\/wp-content\/uploads\/2016\/11\/18-mariage-\u00e0-la-mairie-de-ser\u00e9mange.jpg\">\n\t\t\t<\/dt><\/dl><br style=\"clear: both\"><dl class=\"gallery-item\">\n\t\t\t<dt class=\"gallery-icon landscape\">\n\t\t\t\t<noscript><img decoding=\"async\" width=\"800\" height=\"533\" src=\"https:\/\/www.joliehistoire.com\/wp-content\/uploads\/2016\/11\/19-embrassade-apr\u00e8s-la-c\u00e9r\u00e9monie-civile.jpg\" class=\"attachment-full size-full\" alt=\"embrassade apr\u00e8s la c\u00e9r\u00e9monie civile\" srcset=\"https:\/\/www.joliehistoire.com\/wp-content\/uploads\/2016\/11\/19-embrassade-apr\u00e8s-la-c\u00e9r\u00e9monie-civile.jpg 800w, https:\/\/www.joliehistoire.com\/wp-content\/uploads\/2016\/11\/19-embrassade-apr\u00e8s-la-c\u00e9r\u00e9monie-civile-300x200.jpg 300w, https:\/\/www.joliehistoire.com\/wp-content\/uploads\/2016\/11\/19-embrassade-apr\u00e8s-la-c\u00e9r\u00e9monie-civile-768x512.jpg 768w\" sizes=\"(max-width: 800px) 100vw, 800px\"><\/noscript><img decoding=\"async\" width=\"800\" height=\"533\" src=\"data:image\/svg+xml,%3Csvg%20xmlns%3D%22http%3A%2F%2Fwww.w3.org%2F2000%2Fsvg%22%20viewBox%3D%220%200%20800%20533%22%3E%3C%2Fsvg%3E\" class=\"attachment-full size-full lazyload\" alt=\"embrassade apr\u00e8s la c\u00e9r\u00e9monie civile\" srcset=\"data:image\/svg+xml,%3Csvg%20xmlns%3D%22http%3A%2F%2Fwww.w3.org%2F2000%2Fsvg%22%20viewBox%3D%220%200%20800%20533%22%3E%3C%2Fsvg%3E 800w\" sizes=\"(max-width: 800px) 100vw, 800px\" data-srcset=\"https:\/\/www.joliehistoire.com\/wp-content\/uploads\/2016\/11\/19-embrassade-apr\u00e8s-la-c\u00e9r\u00e9monie-civile.jpg 800w, https:\/\/www.joliehistoire.com\/wp-content\/uploads\/2016\/11\/19-embrassade-apr\u00e8s-la-c\u00e9r\u00e9monie-civile-300x200.jpg 300w, https:\/\/www.joliehistoire.com\/wp-content\/uploads\/2016\/11\/19-embrassade-apr\u00e8s-la-c\u00e9r\u00e9monie-civile-768x512.jpg 768w\" data-src=\"https:\/\/www.joliehistoire.com\/wp-content\/uploads\/2016\/11\/19-embrassade-apr\u00e8s-la-c\u00e9r\u00e9monie-civile.jpg\">\n\t\t\t<\/dt><\/dl><br style=\"clear: both\"><dl class=\"gallery-item\">\n\t\t\t<dt class=\"gallery-icon landscape\">\n\t\t\t\t<noscript><img decoding=\"async\" width=\"800\" height=\"533\" src=\"https:\/\/www.joliehistoire.com\/wp-content\/uploads\/2016\/11\/19b-\u00e9motion-du-grand-p\u00e8re-et-de-sa-petite-fille.jpg\" class=\"attachment-full size-full\" alt=\"\u00e9motion du grand p\u00e8re et de sa petite fille\" srcset=\"https:\/\/www.joliehistoire.com\/wp-content\/uploads\/2016\/11\/19b-\u00e9motion-du-grand-p\u00e8re-et-de-sa-petite-fille.jpg 800w, https:\/\/www.joliehistoire.com\/wp-content\/uploads\/2016\/11\/19b-\u00e9motion-du-grand-p\u00e8re-et-de-sa-petite-fille-300x200.jpg 300w, https:\/\/www.joliehistoire.com\/wp-content\/uploads\/2016\/11\/19b-\u00e9motion-du-grand-p\u00e8re-et-de-sa-petite-fille-768x512.jpg 768w\" sizes=\"(max-width: 800px) 100vw, 800px\"><\/noscript><img decoding=\"async\" width=\"800\" height=\"533\" src=\"data:image\/svg+xml,%3Csvg%20xmlns%3D%22http%3A%2F%2Fwww.w3.org%2F2000%2Fsvg%22%20viewBox%3D%220%200%20800%20533%22%3E%3C%2Fsvg%3E\" class=\"attachment-full size-full lazyload\" alt=\"\u00e9motion du grand p\u00e8re et de sa petite fille\" srcset=\"data:image\/svg+xml,%3Csvg%20xmlns%3D%22http%3A%2F%2Fwww.w3.org%2F2000%2Fsvg%22%20viewBox%3D%220%200%20800%20533%22%3E%3C%2Fsvg%3E 800w\" sizes=\"(max-width: 800px) 100vw, 800px\" data-srcset=\"https:\/\/www.joliehistoire.com\/wp-content\/uploads\/2016\/11\/19b-\u00e9motion-du-grand-p\u00e8re-et-de-sa-petite-fille.jpg 800w, https:\/\/www.joliehistoire.com\/wp-content\/uploads\/2016\/11\/19b-\u00e9motion-du-grand-p\u00e8re-et-de-sa-petite-fille-300x200.jpg 300w, https:\/\/www.joliehistoire.com\/wp-content\/uploads\/2016\/11\/19b-\u00e9motion-du-grand-p\u00e8re-et-de-sa-petite-fille-768x512.jpg 768w\" data-src=\"https:\/\/www.joliehistoire.com\/wp-content\/uploads\/2016\/11\/19b-\u00e9motion-du-grand-p\u00e8re-et-de-sa-petite-fille.jpg\">\n\t\t\t<\/dt><\/dl><br style=\"clear: both\"><dl class=\"gallery-item\">\n\t\t\t<dt class=\"gallery-icon landscape\">\n\t\t\t\t<noscript><img decoding=\"async\" width=\"800\" height=\"533\" src=\"https:\/\/www.joliehistoire.com\/wp-content\/uploads\/2016\/11\/20-arriv\u00e9e-\u00e0-l\u00e9glise-de-ser\u00e9mange.jpg\" class=\"attachment-full size-full\" alt=\"arriv\u00e9e \u00e0 l\u00e9glise de ser\u00e9mange\" srcset=\"https:\/\/www.joliehistoire.com\/wp-content\/uploads\/2016\/11\/20-arriv\u00e9e-\u00e0-l\u00e9glise-de-ser\u00e9mange.jpg 800w, https:\/\/www.joliehistoire.com\/wp-content\/uploads\/2016\/11\/20-arriv\u00e9e-\u00e0-l\u00e9glise-de-ser\u00e9mange-300x200.jpg 300w, https:\/\/www.joliehistoire.com\/wp-content\/uploads\/2016\/11\/20-arriv\u00e9e-\u00e0-l\u00e9glise-de-ser\u00e9mange-768x512.jpg 768w\" sizes=\"(max-width: 800px) 100vw, 800px\"><\/noscript><img decoding=\"async\" width=\"800\" height=\"533\" src=\"data:image\/svg+xml,%3Csvg%20xmlns%3D%22http%3A%2F%2Fwww.w3.org%2F2000%2Fsvg%22%20viewBox%3D%220%200%20800%20533%22%3E%3C%2Fsvg%3E\" class=\"attachment-full size-full lazyload\" alt=\"arriv\u00e9e \u00e0 l\u00e9glise de ser\u00e9mange\" srcset=\"data:image\/svg+xml,%3Csvg%20xmlns%3D%22http%3A%2F%2Fwww.w3.org%2F2000%2Fsvg%22%20viewBox%3D%220%200%20800%20533%22%3E%3C%2Fsvg%3E 800w\" sizes=\"(max-width: 800px) 100vw, 800px\" data-srcset=\"https:\/\/www.joliehistoire.com\/wp-content\/uploads\/2016\/11\/20-arriv\u00e9e-\u00e0-l\u00e9glise-de-ser\u00e9mange.jpg 800w, https:\/\/www.joliehistoire.com\/wp-content\/uploads\/2016\/11\/20-arriv\u00e9e-\u00e0-l\u00e9glise-de-ser\u00e9mange-300x200.jpg 300w, https:\/\/www.joliehistoire.com\/wp-content\/uploads\/2016\/11\/20-arriv\u00e9e-\u00e0-l\u00e9glise-de-ser\u00e9mange-768x512.jpg 768w\" data-src=\"https:\/\/www.joliehistoire.com\/wp-content\/uploads\/2016\/11\/20-arriv\u00e9e-\u00e0-l\u00e9glise-de-ser\u00e9mange.jpg\">\n\t\t\t<\/dt><\/dl><br style=\"clear: both\"><dl class=\"gallery-item\">\n\t\t\t<dt class=\"gallery-icon landscape\">\n\t\t\t\t<noscript><img decoding=\"async\" width=\"800\" height=\"533\" src=\"https:\/\/www.joliehistoire.com\/wp-content\/uploads\/2016\/11\/21-vue-densemble-dans-l\u00e9glise-de-ser\u00e9mange-en-lorraine.jpg\" class=\"attachment-full size-full\" alt=\"vue densemble dans l\u00e9glise de ser\u00e9mange en lorraine\" srcset=\"https:\/\/www.joliehistoire.com\/wp-content\/uploads\/2016\/11\/21-vue-densemble-dans-l\u00e9glise-de-ser\u00e9mange-en-lorraine.jpg 800w, https:\/\/www.joliehistoire.com\/wp-content\/uploads\/2016\/11\/21-vue-densemble-dans-l\u00e9glise-de-ser\u00e9mange-en-lorraine-300x200.jpg 300w, https:\/\/www.joliehistoire.com\/wp-content\/uploads\/2016\/11\/21-vue-densemble-dans-l\u00e9glise-de-ser\u00e9mange-en-lorraine-768x512.jpg 768w\" sizes=\"(max-width: 800px) 100vw, 800px\"><\/noscript><img decoding=\"async\" width=\"800\" height=\"533\" src=\"data:image\/svg+xml,%3Csvg%20xmlns%3D%22http%3A%2F%2Fwww.w3.org%2F2000%2Fsvg%22%20viewBox%3D%220%200%20800%20533%22%3E%3C%2Fsvg%3E\" class=\"attachment-full size-full lazyload\" alt=\"vue densemble dans l\u00e9glise de ser\u00e9mange en lorraine\" srcset=\"data:image\/svg+xml,%3Csvg%20xmlns%3D%22http%3A%2F%2Fwww.w3.org%2F2000%2Fsvg%22%20viewBox%3D%220%200%20800%20533%22%3E%3C%2Fsvg%3E 800w\" sizes=\"(max-width: 800px) 100vw, 800px\" data-srcset=\"https:\/\/www.joliehistoire.com\/wp-content\/uploads\/2016\/11\/21-vue-densemble-dans-l\u00e9glise-de-ser\u00e9mange-en-lorraine.jpg 800w, https:\/\/www.joliehistoire.com\/wp-content\/uploads\/2016\/11\/21-vue-densemble-dans-l\u00e9glise-de-ser\u00e9mange-en-lorraine-300x200.jpg 300w, https:\/\/www.joliehistoire.com\/wp-content\/uploads\/2016\/11\/21-vue-densemble-dans-l\u00e9glise-de-ser\u00e9mange-en-lorraine-768x512.jpg 768w\" data-src=\"https:\/\/www.joliehistoire.com\/wp-content\/uploads\/2016\/11\/21-vue-densemble-dans-l\u00e9glise-de-ser\u00e9mange-en-lorraine.jpg\">\n\t\t\t<\/dt><\/dl><br style=\"clear: both\"><dl class=\"gallery-item\">\n\t\t\t<dt class=\"gallery-icon landscape\">\n\t\t\t\t<noscript><img decoding=\"async\" width=\"780\" height=\"520\" src=\"https:\/\/www.joliehistoire.com\/wp-content\/uploads\/2016\/11\/22-joueuse-de-harpe-lors-dun-mariage-en-moselle.jpg\" class=\"attachment-full size-full\" alt=\"joueuse de harpe lors dun mariage en moselle\" srcset=\"https:\/\/www.joliehistoire.com\/wp-content\/uploads\/2016\/11\/22-joueuse-de-harpe-lors-dun-mariage-en-moselle.jpg 780w, https:\/\/www.joliehistoire.com\/wp-content\/uploads\/2016\/11\/22-joueuse-de-harpe-lors-dun-mariage-en-moselle-300x200.jpg 300w, https:\/\/www.joliehistoire.com\/wp-content\/uploads\/2016\/11\/22-joueuse-de-harpe-lors-dun-mariage-en-moselle-768x512.jpg 768w\" sizes=\"(max-width: 780px) 100vw, 780px\"><\/noscript><img decoding=\"async\" width=\"780\" height=\"520\" src=\"data:image\/svg+xml,%3Csvg%20xmlns%3D%22http%3A%2F%2Fwww.w3.org%2F2000%2Fsvg%22%20viewBox%3D%220%200%20780%20520%22%3E%3C%2Fsvg%3E\" class=\"attachment-full size-full lazyload\" alt=\"joueuse de harpe lors dun mariage en moselle\" srcset=\"data:image\/svg+xml,%3Csvg%20xmlns%3D%22http%3A%2F%2Fwww.w3.org%2F2000%2Fsvg%22%20viewBox%3D%220%200%20780%20520%22%3E%3C%2Fsvg%3E 780w\" sizes=\"(max-width: 780px) 100vw, 780px\" data-srcset=\"https:\/\/www.joliehistoire.com\/wp-content\/uploads\/2016\/11\/22-joueuse-de-harpe-lors-dun-mariage-en-moselle.jpg 780w, https:\/\/www.joliehistoire.com\/wp-content\/uploads\/2016\/11\/22-joueuse-de-harpe-lors-dun-mariage-en-moselle-300x200.jpg 300w, https:\/\/www.joliehistoire.com\/wp-content\/uploads\/2016\/11\/22-joueuse-de-harpe-lors-dun-mariage-en-moselle-768x512.jpg 768w\" data-src=\"https:\/\/www.joliehistoire.com\/wp-content\/uploads\/2016\/11\/22-joueuse-de-harpe-lors-dun-mariage-en-moselle.jpg\">\n\t\t\t<\/dt><\/dl><br style=\"clear: both\"><dl class=\"gallery-item\">\n\t\t\t<dt class=\"gallery-icon landscape\">\n\t\t\t\t<noscript><img decoding=\"async\" width=\"780\" height=\"520\" src=\"https:\/\/www.joliehistoire.com\/wp-content\/uploads\/2016\/11\/23-la-musicienne-lance-un-baiser-au-mari\u00e9s.jpg\" class=\"attachment-full size-full\" alt=\"la musicienne lance un baiser au mari\u00e9s\" srcset=\"https:\/\/www.joliehistoire.com\/wp-content\/uploads\/2016\/11\/23-la-musicienne-lance-un-baiser-au-mari\u00e9s.jpg 780w, https:\/\/www.joliehistoire.com\/wp-content\/uploads\/2016\/11\/23-la-musicienne-lance-un-baiser-au-mari\u00e9s-300x200.jpg 300w, https:\/\/www.joliehistoire.com\/wp-content\/uploads\/2016\/11\/23-la-musicienne-lance-un-baiser-au-mari\u00e9s-768x512.jpg 768w\" sizes=\"(max-width: 780px) 100vw, 780px\"><\/noscript><img decoding=\"async\" width=\"780\" height=\"520\" src=\"data:image\/svg+xml,%3Csvg%20xmlns%3D%22http%3A%2F%2Fwww.w3.org%2F2000%2Fsvg%22%20viewBox%3D%220%200%20780%20520%22%3E%3C%2Fsvg%3E\" class=\"attachment-full size-full lazyload\" alt=\"la musicienne lance un baiser au mari\u00e9s\" srcset=\"data:image\/svg+xml,%3Csvg%20xmlns%3D%22http%3A%2F%2Fwww.w3.org%2F2000%2Fsvg%22%20viewBox%3D%220%200%20780%20520%22%3E%3C%2Fsvg%3E 780w\" sizes=\"(max-width: 780px) 100vw, 780px\" data-srcset=\"https:\/\/www.joliehistoire.com\/wp-content\/uploads\/2016\/11\/23-la-musicienne-lance-un-baiser-au-mari\u00e9s.jpg 780w, https:\/\/www.joliehistoire.com\/wp-content\/uploads\/2016\/11\/23-la-musicienne-lance-un-baiser-au-mari\u00e9s-300x200.jpg 300w, https:\/\/www.joliehistoire.com\/wp-content\/uploads\/2016\/11\/23-la-musicienne-lance-un-baiser-au-mari\u00e9s-768x512.jpg 768w\" data-src=\"https:\/\/www.joliehistoire.com\/wp-content\/uploads\/2016\/11\/23-la-musicienne-lance-un-baiser-au-mari\u00e9s.jpg\">\n\t\t\t<\/dt><\/dl><br style=\"clear: both\"><dl class=\"gallery-item\">\n\t\t\t<dt class=\"gallery-icon landscape\">\n\t\t\t\t<noscript><img decoding=\"async\" width=\"650\" height=\"433\" src=\"https:\/\/www.joliehistoire.com\/wp-content\/uploads\/2016\/11\/24-applaudissements-lors-dun-mariage.jpg\" class=\"attachment-full size-full\" alt=\"applaudissements lors dun mariage\" srcset=\"https:\/\/www.joliehistoire.com\/wp-content\/uploads\/2016\/11\/24-applaudissements-lors-dun-mariage.jpg 650w, https:\/\/www.joliehistoire.com\/wp-content\/uploads\/2016\/11\/24-applaudissements-lors-dun-mariage-300x200.jpg 300w\" sizes=\"(max-width: 650px) 100vw, 650px\"><\/noscript><img decoding=\"async\" width=\"650\" height=\"433\" src=\"data:image\/svg+xml,%3Csvg%20xmlns%3D%22http%3A%2F%2Fwww.w3.org%2F2000%2Fsvg%22%20viewBox%3D%220%200%20650%20433%22%3E%3C%2Fsvg%3E\" class=\"attachment-full size-full lazyload\" alt=\"applaudissements lors dun mariage\" srcset=\"data:image\/svg+xml,%3Csvg%20xmlns%3D%22http%3A%2F%2Fwww.w3.org%2F2000%2Fsvg%22%20viewBox%3D%220%200%20650%20433%22%3E%3C%2Fsvg%3E 650w\" sizes=\"(max-width: 650px) 100vw, 650px\" data-srcset=\"https:\/\/www.joliehistoire.com\/wp-content\/uploads\/2016\/11\/24-applaudissements-lors-dun-mariage.jpg 650w, https:\/\/www.joliehistoire.com\/wp-content\/uploads\/2016\/11\/24-applaudissements-lors-dun-mariage-300x200.jpg 300w\" data-src=\"https:\/\/www.joliehistoire.com\/wp-content\/uploads\/2016\/11\/24-applaudissements-lors-dun-mariage.jpg\">\n\t\t\t<\/dt><\/dl><br style=\"clear: both\"><dl class=\"gallery-item\">\n\t\t\t<dt class=\"gallery-icon landscape\">\n\t\t\t\t<noscript><img decoding=\"async\" width=\"780\" height=\"520\" src=\"https:\/\/www.joliehistoire.com\/wp-content\/uploads\/2016\/11\/25-le-p\u00e8re-de-la-mari\u00e9e-\u00e9mu-par-la-c\u00e9r\u00e9monie.jpg\" class=\"attachment-full size-full\" alt=\"le p\u00e8re de la mari\u00e9e \u00e9mu par la c\u00e9r\u00e9monie\" srcset=\"https:\/\/www.joliehistoire.com\/wp-content\/uploads\/2016\/11\/25-le-p\u00e8re-de-la-mari\u00e9e-\u00e9mu-par-la-c\u00e9r\u00e9monie.jpg 780w, https:\/\/www.joliehistoire.com\/wp-content\/uploads\/2016\/11\/25-le-p\u00e8re-de-la-mari\u00e9e-\u00e9mu-par-la-c\u00e9r\u00e9monie-300x200.jpg 300w, https:\/\/www.joliehistoire.com\/wp-content\/uploads\/2016\/11\/25-le-p\u00e8re-de-la-mari\u00e9e-\u00e9mu-par-la-c\u00e9r\u00e9monie-768x512.jpg 768w\" sizes=\"(max-width: 780px) 100vw, 780px\"><\/noscript><img decoding=\"async\" width=\"780\" height=\"520\" src=\"data:image\/svg+xml,%3Csvg%20xmlns%3D%22http%3A%2F%2Fwww.w3.org%2F2000%2Fsvg%22%20viewBox%3D%220%200%20780%20520%22%3E%3C%2Fsvg%3E\" class=\"attachment-full size-full lazyload\" alt=\"le p\u00e8re de la mari\u00e9e \u00e9mu par la c\u00e9r\u00e9monie\" srcset=\"data:image\/svg+xml,%3Csvg%20xmlns%3D%22http%3A%2F%2Fwww.w3.org%2F2000%2Fsvg%22%20viewBox%3D%220%200%20780%20520%22%3E%3C%2Fsvg%3E 780w\" sizes=\"(max-width: 780px) 100vw, 780px\" data-srcset=\"https:\/\/www.joliehistoire.com\/wp-content\/uploads\/2016\/11\/25-le-p\u00e8re-de-la-mari\u00e9e-\u00e9mu-par-la-c\u00e9r\u00e9monie.jpg 780w, https:\/\/www.joliehistoire.com\/wp-content\/uploads\/2016\/11\/25-le-p\u00e8re-de-la-mari\u00e9e-\u00e9mu-par-la-c\u00e9r\u00e9monie-300x200.jpg 300w, https:\/\/www.joliehistoire.com\/wp-content\/uploads\/2016\/11\/25-le-p\u00e8re-de-la-mari\u00e9e-\u00e9mu-par-la-c\u00e9r\u00e9monie-768x512.jpg 768w\" data-src=\"https:\/\/www.joliehistoire.com\/wp-content\/uploads\/2016\/11\/25-le-p\u00e8re-de-la-mari\u00e9e-\u00e9mu-par-la-c\u00e9r\u00e9monie.jpg\">\n\t\t\t<\/dt><\/dl><br style=\"clear: both\"><dl class=\"gallery-item\">\n\t\t\t<dt class=\"gallery-icon landscape\">\n\t\t\t\t<noscript><img decoding=\"async\" width=\"780\" height=\"520\" src=\"https:\/\/www.joliehistoire.com\/wp-content\/uploads\/2016\/11\/26-moment-drole-capt\u00e9-par-le-photographe-lors-de-la-c\u00e9r\u00e9monie-de-mariage.jpg\" class=\"attachment-full size-full\" alt=\"moment drole capt\u00e9 par le photographe lors de la c\u00e9r\u00e9monie de mariage\" srcset=\"https:\/\/www.joliehistoire.com\/wp-content\/uploads\/2016\/11\/26-moment-drole-capt\u00e9-par-le-photographe-lors-de-la-c\u00e9r\u00e9monie-de-mariage.jpg 780w, https:\/\/www.joliehistoire.com\/wp-content\/uploads\/2016\/11\/26-moment-drole-capt\u00e9-par-le-photographe-lors-de-la-c\u00e9r\u00e9monie-de-mariage-300x200.jpg 300w, https:\/\/www.joliehistoire.com\/wp-content\/uploads\/2016\/11\/26-moment-drole-capt\u00e9-par-le-photographe-lors-de-la-c\u00e9r\u00e9monie-de-mariage-768x512.jpg 768w\" sizes=\"(max-width: 780px) 100vw, 780px\"><\/noscript><img decoding=\"async\" width=\"780\" height=\"520\" src=\"data:image\/svg+xml,%3Csvg%20xmlns%3D%22http%3A%2F%2Fwww.w3.org%2F2000%2Fsvg%22%20viewBox%3D%220%200%20780%20520%22%3E%3C%2Fsvg%3E\" class=\"attachment-full size-full lazyload\" alt=\"moment drole capt\u00e9 par le photographe lors de la c\u00e9r\u00e9monie de mariage\" srcset=\"data:image\/svg+xml,%3Csvg%20xmlns%3D%22http%3A%2F%2Fwww.w3.org%2F2000%2Fsvg%22%20viewBox%3D%220%200%20780%20520%22%3E%3C%2Fsvg%3E 780w\" sizes=\"(max-width: 780px) 100vw, 780px\" data-srcset=\"https:\/\/www.joliehistoire.com\/wp-content\/uploads\/2016\/11\/26-moment-drole-capt\u00e9-par-le-photographe-lors-de-la-c\u00e9r\u00e9monie-de-mariage.jpg 780w, https:\/\/www.joliehistoire.com\/wp-content\/uploads\/2016\/11\/26-moment-drole-capt\u00e9-par-le-photographe-lors-de-la-c\u00e9r\u00e9monie-de-mariage-300x200.jpg 300w, https:\/\/www.joliehistoire.com\/wp-content\/uploads\/2016\/11\/26-moment-drole-capt\u00e9-par-le-photographe-lors-de-la-c\u00e9r\u00e9monie-de-mariage-768x512.jpg 768w\" data-src=\"https:\/\/www.joliehistoire.com\/wp-content\/uploads\/2016\/11\/26-moment-drole-capt\u00e9-par-le-photographe-lors-de-la-c\u00e9r\u00e9monie-de-mariage.jpg\">\n\t\t\t<\/dt><\/dl><br style=\"clear: both\"><dl class=\"gallery-item\">\n\t\t\t<dt class=\"gallery-icon landscape\">\n\t\t\t\t<noscript><img decoding=\"async\" width=\"790\" height=\"526\" src=\"https:\/\/www.joliehistoire.com\/wp-content\/uploads\/2016\/11\/12-sortie-des-mari\u00e9s-\u00e0-l\u00e9glise-de-metz.jpg\" class=\"attachment-full size-full\" alt=\"sortie des mari\u00e9s \u00e0 l\u00e9glise de metz\" srcset=\"https:\/\/www.joliehistoire.com\/wp-content\/uploads\/2016\/11\/12-sortie-des-mari\u00e9s-\u00e0-l\u00e9glise-de-metz.jpg 790w, https:\/\/www.joliehistoire.com\/wp-content\/uploads\/2016\/11\/12-sortie-des-mari\u00e9s-\u00e0-l\u00e9glise-de-metz-300x200.jpg 300w, https:\/\/www.joliehistoire.com\/wp-content\/uploads\/2016\/11\/12-sortie-des-mari\u00e9s-\u00e0-l\u00e9glise-de-metz-768x511.jpg 768w\" sizes=\"(max-width: 790px) 100vw, 790px\"><\/noscript><img decoding=\"async\" width=\"790\" height=\"526\" src=\"data:image\/svg+xml,%3Csvg%20xmlns%3D%22http%3A%2F%2Fwww.w3.org%2F2000%2Fsvg%22%20viewBox%3D%220%200%20790%20526%22%3E%3C%2Fsvg%3E\" class=\"attachment-full size-full lazyload\" alt=\"sortie des mari\u00e9s \u00e0 l\u00e9glise de metz\" srcset=\"data:image\/svg+xml,%3Csvg%20xmlns%3D%22http%3A%2F%2Fwww.w3.org%2F2000%2Fsvg%22%20viewBox%3D%220%200%20790%20526%22%3E%3C%2Fsvg%3E 790w\" sizes=\"(max-width: 790px) 100vw, 790px\" data-srcset=\"https:\/\/www.joliehistoire.com\/wp-content\/uploads\/2016\/11\/12-sortie-des-mari\u00e9s-\u00e0-l\u00e9glise-de-metz.jpg 790w, https:\/\/www.joliehistoire.com\/wp-content\/uploads\/2016\/11\/12-sortie-des-mari\u00e9s-\u00e0-l\u00e9glise-de-metz-300x200.jpg 300w, https:\/\/www.joliehistoire.com\/wp-content\/uploads\/2016\/11\/12-sortie-des-mari\u00e9s-\u00e0-l\u00e9glise-de-metz-768x511.jpg 768w\" data-src=\"https:\/\/www.joliehistoire.com\/wp-content\/uploads\/2016\/11\/12-sortie-des-mari\u00e9s-\u00e0-l\u00e9glise-de-metz.jpg\">\n\t\t\t<\/dt><\/dl><br style=\"clear: both\"><dl class=\"gallery-item\">\n\t\t\t<dt class=\"gallery-icon landscape\">\n\t\t\t\t<noscript><img decoding=\"async\" width=\"794\" height=\"529\" src=\"https:\/\/www.joliehistoire.com\/wp-content\/uploads\/2016\/11\/28-portrait-des-mari\u00e9s-au-Domaine-de-la-Grange-aux-Ormes-de-Marly.jpg\" class=\"attachment-full size-full\" alt=\"portrait des mari\u00e9s au Domaine de la Grange aux Ormes de Marly\" srcset=\"https:\/\/www.joliehistoire.com\/wp-content\/uploads\/2016\/11\/28-portrait-des-mari\u00e9s-au-Domaine-de-la-Grange-aux-Ormes-de-Marly.jpg 794w, https:\/\/www.joliehistoire.com\/wp-content\/uploads\/2016\/11\/28-portrait-des-mari\u00e9s-au-Domaine-de-la-Grange-aux-Ormes-de-Marly-300x200.jpg 300w, https:\/\/www.joliehistoire.com\/wp-content\/uploads\/2016\/11\/28-portrait-des-mari\u00e9s-au-Domaine-de-la-Grange-aux-Ormes-de-Marly-768x512.jpg 768w\" sizes=\"(max-width: 794px) 100vw, 794px\"><\/noscript><img decoding=\"async\" width=\"794\" height=\"529\" src=\"data:image\/svg+xml,%3Csvg%20xmlns%3D%22http%3A%2F%2Fwww.w3.org%2F2000%2Fsvg%22%20viewBox%3D%220%200%20794%20529%22%3E%3C%2Fsvg%3E\" class=\"attachment-full size-full lazyload\" alt=\"portrait des mari\u00e9s au Domaine de la Grange aux Ormes de Marly\" srcset=\"data:image\/svg+xml,%3Csvg%20xmlns%3D%22http%3A%2F%2Fwww.w3.org%2F2000%2Fsvg%22%20viewBox%3D%220%200%20794%20529%22%3E%3C%2Fsvg%3E 794w\" sizes=\"(max-width: 794px) 100vw, 794px\" data-srcset=\"https:\/\/www.joliehistoire.com\/wp-content\/uploads\/2016\/11\/28-portrait-des-mari\u00e9s-au-Domaine-de-la-Grange-aux-Ormes-de-Marly.jpg 794w, https:\/\/www.joliehistoire.com\/wp-content\/uploads\/2016\/11\/28-portrait-des-mari\u00e9s-au-Domaine-de-la-Grange-aux-Ormes-de-Marly-300x200.jpg 300w, https:\/\/www.joliehistoire.com\/wp-content\/uploads\/2016\/11\/28-portrait-des-mari\u00e9s-au-Domaine-de-la-Grange-aux-Ormes-de-Marly-768x512.jpg 768w\" data-src=\"https:\/\/www.joliehistoire.com\/wp-content\/uploads\/2016\/11\/28-portrait-des-mari\u00e9s-au-Domaine-de-la-Grange-aux-Ormes-de-Marly.jpg\">\n\t\t\t<\/dt><\/dl><br style=\"clear: both\"><dl class=\"gallery-item\">\n\t\t\t<dt class=\"gallery-icon landscape\">\n\t\t\t\t<noscript><img decoding=\"async\" width=\"662\" height=\"441\" src=\"https:\/\/www.joliehistoire.com\/wp-content\/uploads\/2016\/11\/23-le-mari\u00e9-jet\u00e9-en-lair-\u00e0-marly-en-lorraine.jpg\" class=\"attachment-full size-full\" alt=\"le mari\u00e9 jet\u00e9 en lair \u00e0 marly en lorraine\" srcset=\"https:\/\/www.joliehistoire.com\/wp-content\/uploads\/2016\/11\/23-le-mari\u00e9-jet\u00e9-en-lair-\u00e0-marly-en-lorraine.jpg 662w, https:\/\/www.joliehistoire.com\/wp-content\/uploads\/2016\/11\/23-le-mari\u00e9-jet\u00e9-en-lair-\u00e0-marly-en-lorraine-300x200.jpg 300w\" sizes=\"(max-width: 662px) 100vw, 662px\"><\/noscript><img decoding=\"async\" width=\"662\" height=\"441\" src=\"data:image\/svg+xml,%3Csvg%20xmlns%3D%22http%3A%2F%2Fwww.w3.org%2F2000%2Fsvg%22%20viewBox%3D%220%200%20662%20441%22%3E%3C%2Fsvg%3E\" class=\"attachment-full size-full lazyload\" alt=\"le mari\u00e9 jet\u00e9 en lair \u00e0 marly en lorraine\" srcset=\"data:image\/svg+xml,%3Csvg%20xmlns%3D%22http%3A%2F%2Fwww.w3.org%2F2000%2Fsvg%22%20viewBox%3D%220%200%20662%20441%22%3E%3C%2Fsvg%3E 662w\" sizes=\"(max-width: 662px) 100vw, 662px\" data-srcset=\"https:\/\/www.joliehistoire.com\/wp-content\/uploads\/2016\/11\/23-le-mari\u00e9-jet\u00e9-en-lair-\u00e0-marly-en-lorraine.jpg 662w, https:\/\/www.joliehistoire.com\/wp-content\/uploads\/2016\/11\/23-le-mari\u00e9-jet\u00e9-en-lair-\u00e0-marly-en-lorraine-300x200.jpg 300w\" data-src=\"https:\/\/www.joliehistoire.com\/wp-content\/uploads\/2016\/11\/23-le-mari\u00e9-jet\u00e9-en-lair-\u00e0-marly-en-lorraine.jpg\">\n\t\t\t<\/dt><\/dl><br style=\"clear: both\"><dl class=\"gallery-item\">\n\t\t\t<dt class=\"gallery-icon landscape\">\n\t\t\t\t<noscript><img decoding=\"async\" width=\"800\" height=\"533\" src=\"https:\/\/www.joliehistoire.com\/wp-content\/uploads\/2016\/11\/29-les-mari\u00e9s-dansent-\u00e0-Marly-en-lorraine.jpg\" class=\"attachment-full size-full\" alt=\"les mari\u00e9s dansent \u00e0 Marly en lorraine\" srcset=\"https:\/\/www.joliehistoire.com\/wp-content\/uploads\/2016\/11\/29-les-mari\u00e9s-dansent-\u00e0-Marly-en-lorraine.jpg 800w, https:\/\/www.joliehistoire.com\/wp-content\/uploads\/2016\/11\/29-les-mari\u00e9s-dansent-\u00e0-Marly-en-lorraine-300x200.jpg 300w, https:\/\/www.joliehistoire.com\/wp-content\/uploads\/2016\/11\/29-les-mari\u00e9s-dansent-\u00e0-Marly-en-lorraine-768x512.jpg 768w\" sizes=\"(max-width: 800px) 100vw, 800px\"><\/noscript><img decoding=\"async\" width=\"800\" height=\"533\" src=\"data:image\/svg+xml,%3Csvg%20xmlns%3D%22http%3A%2F%2Fwww.w3.org%2F2000%2Fsvg%22%20viewBox%3D%220%200%20800%20533%22%3E%3C%2Fsvg%3E\" class=\"attachment-full size-full lazyload\" alt=\"les mari\u00e9s dansent \u00e0 Marly en lorraine\" srcset=\"data:image\/svg+xml,%3Csvg%20xmlns%3D%22http%3A%2F%2Fwww.w3.org%2F2000%2Fsvg%22%20viewBox%3D%220%200%20800%20533%22%3E%3C%2Fsvg%3E 800w\" sizes=\"(max-width: 800px) 100vw, 800px\" data-srcset=\"https:\/\/www.joliehistoire.com\/wp-content\/uploads\/2016\/11\/29-les-mari\u00e9s-dansent-\u00e0-Marly-en-lorraine.jpg 800w, https:\/\/www.joliehistoire.com\/wp-content\/uploads\/2016\/11\/29-les-mari\u00e9s-dansent-\u00e0-Marly-en-lorraine-300x200.jpg 300w, https:\/\/www.joliehistoire.com\/wp-content\/uploads\/2016\/11\/29-les-mari\u00e9s-dansent-\u00e0-Marly-en-lorraine-768x512.jpg 768w\" data-src=\"https:\/\/www.joliehistoire.com\/wp-content\/uploads\/2016\/11\/29-les-mari\u00e9s-dansent-\u00e0-Marly-en-lorraine.jpg\">\n\t\t\t<\/dt><\/dl><br style=\"clear: both\"><dl class=\"gallery-item\">\n\t\t\t<dt class=\"gallery-icon landscape\">\n\t\t\t\t<noscript><img decoding=\"async\" width=\"709\" height=\"473\" src=\"https:\/\/www.joliehistoire.com\/wp-content\/uploads\/2016\/11\/30-soir\u00e9e-dansante-du-mariage-pr\u00e8s-de-Metz.jpg\" class=\"attachment-full size-full\" alt=\"soir\u00e9e dansante du mariage pr\u00e8s de Metz\" srcset=\"https:\/\/www.joliehistoire.com\/wp-content\/uploads\/2016\/11\/30-soir\u00e9e-dansante-du-mariage-pr\u00e8s-de-Metz.jpg 709w, https:\/\/www.joliehistoire.com\/wp-content\/uploads\/2016\/11\/30-soir\u00e9e-dansante-du-mariage-pr\u00e8s-de-Metz-300x200.jpg 300w\" sizes=\"(max-width: 709px) 100vw, 709px\"><\/noscript><img decoding=\"async\" width=\"709\" height=\"473\" src=\"data:image\/svg+xml,%3Csvg%20xmlns%3D%22http%3A%2F%2Fwww.w3.org%2F2000%2Fsvg%22%20viewBox%3D%220%200%20709%20473%22%3E%3C%2Fsvg%3E\" class=\"attachment-full size-full lazyload\" alt=\"soir\u00e9e dansante du mariage pr\u00e8s de Metz\" srcset=\"data:image\/svg+xml,%3Csvg%20xmlns%3D%22http%3A%2F%2Fwww.w3.org%2F2000%2Fsvg%22%20viewBox%3D%220%200%20709%20473%22%3E%3C%2Fsvg%3E 709w\" sizes=\"(max-width: 709px) 100vw, 709px\" data-srcset=\"https:\/\/www.joliehistoire.com\/wp-content\/uploads\/2016\/11\/30-soir\u00e9e-dansante-du-mariage-pr\u00e8s-de-Metz.jpg 709w, https:\/\/www.joliehistoire.com\/wp-content\/uploads\/2016\/11\/30-soir\u00e9e-dansante-du-mariage-pr\u00e8s-de-Metz-300x200.jpg 300w\" data-src=\"https:\/\/www.joliehistoire.com\/wp-content\/uploads\/2016\/11\/30-soir\u00e9e-dansante-du-mariage-pr\u00e8s-de-Metz.jpg\">\n\t\t\t<\/dt><\/dl><br style=\"clear: both\"><dl class=\"gallery-item\">\n\t\t\t<dt class=\"gallery-icon landscape\">\n\t\t\t\t<noscript><img decoding=\"async\" width=\"774\" height=\"516\" src=\"https:\/\/www.joliehistoire.com\/wp-content\/uploads\/2016\/11\/32b-les-mari\u00e9s-trinquent-devant-leur-gateau.jpg\" class=\"attachment-full size-full\" alt=\"les mari\u00e9s trinquent devant leur gateau\" srcset=\"https:\/\/www.joliehistoire.com\/wp-content\/uploads\/2016\/11\/32b-les-mari\u00e9s-trinquent-devant-leur-gateau.jpg 774w, https:\/\/www.joliehistoire.com\/wp-content\/uploads\/2016\/11\/32b-les-mari\u00e9s-trinquent-devant-leur-gateau-300x200.jpg 300w, https:\/\/www.joliehistoire.com\/wp-content\/uploads\/2016\/11\/32b-les-mari\u00e9s-trinquent-devant-leur-gateau-768x512.jpg 768w\" sizes=\"(max-width: 774px) 100vw, 774px\"><\/noscript><img decoding=\"async\" width=\"774\" height=\"516\" src=\"data:image\/svg+xml,%3Csvg%20xmlns%3D%22http%3A%2F%2Fwww.w3.org%2F2000%2Fsvg%22%20viewBox%3D%220%200%20774%20516%22%3E%3C%2Fsvg%3E\" class=\"attachment-full size-full lazyload\" alt=\"les mari\u00e9s trinquent devant leur gateau\" srcset=\"data:image\/svg+xml,%3Csvg%20xmlns%3D%22http%3A%2F%2Fwww.w3.org%2F2000%2Fsvg%22%20viewBox%3D%220%200%20774%20516%22%3E%3C%2Fsvg%3E 774w\" sizes=\"(max-width: 774px) 100vw, 774px\" data-srcset=\"https:\/\/www.joliehistoire.com\/wp-content\/uploads\/2016\/11\/32b-les-mari\u00e9s-trinquent-devant-leur-gateau.jpg 774w, https:\/\/www.joliehistoire.com\/wp-content\/uploads\/2016\/11\/32b-les-mari\u00e9s-trinquent-devant-leur-gateau-300x200.jpg 300w, https:\/\/www.joliehistoire.com\/wp-content\/uploads\/2016\/11\/32b-les-mari\u00e9s-trinquent-devant-leur-gateau-768x512.jpg 768w\" data-src=\"https:\/\/www.joliehistoire.com\/wp-content\/uploads\/2016\/11\/32b-les-mari\u00e9s-trinquent-devant-leur-gateau.jpg\">\n\t\t\t<\/dt><\/dl><br style=\"clear: both\"><dl class=\"gallery-item\">\n\t\t\t<dt class=\"gallery-icon landscape\">\n\t\t\t\t<noscript><img decoding=\"async\" width=\"800\" height=\"533\" src=\"https:\/\/www.joliehistoire.com\/wp-content\/uploads\/2016\/11\/32a-les-mari\u00e9s-sous-un-parapluie-de-serpentins.jpg\" class=\"attachment-full size-full\" alt=\"les mari\u00e9s sous un parapluie de serpentins\" srcset=\"https:\/\/www.joliehistoire.com\/wp-content\/uploads\/2016\/11\/32a-les-mari\u00e9s-sous-un-parapluie-de-serpentins.jpg 800w, https:\/\/www.joliehistoire.com\/wp-content\/uploads\/2016\/11\/32a-les-mari\u00e9s-sous-un-parapluie-de-serpentins-300x200.jpg 300w, https:\/\/www.joliehistoire.com\/wp-content\/uploads\/2016\/11\/32a-les-mari\u00e9s-sous-un-parapluie-de-serpentins-768x512.jpg 768w\" sizes=\"(max-width: 800px) 100vw, 800px\"><\/noscript><img decoding=\"async\" width=\"800\" height=\"533\" src=\"data:image\/svg+xml,%3Csvg%20xmlns%3D%22http%3A%2F%2Fwww.w3.org%2F2000%2Fsvg%22%20viewBox%3D%220%200%20800%20533%22%3E%3C%2Fsvg%3E\" class=\"attachment-full size-full lazyload\" alt=\"les mari\u00e9s sous un parapluie de serpentins\" srcset=\"data:image\/svg+xml,%3Csvg%20xmlns%3D%22http%3A%2F%2Fwww.w3.org%2F2000%2Fsvg%22%20viewBox%3D%220%200%20800%20533%22%3E%3C%2Fsvg%3E 800w\" sizes=\"(max-width: 800px) 100vw, 800px\" data-srcset=\"https:\/\/www.joliehistoire.com\/wp-content\/uploads\/2016\/11\/32a-les-mari\u00e9s-sous-un-parapluie-de-serpentins.jpg 800w, https:\/\/www.joliehistoire.com\/wp-content\/uploads\/2016\/11\/32a-les-mari\u00e9s-sous-un-parapluie-de-serpentins-300x200.jpg 300w, https:\/\/www.joliehistoire.com\/wp-content\/uploads\/2016\/11\/32a-les-mari\u00e9s-sous-un-parapluie-de-serpentins-768x512.jpg 768w\" data-src=\"https:\/\/www.joliehistoire.com\/wp-content\/uploads\/2016\/11\/32a-les-mari\u00e9s-sous-un-parapluie-de-serpentins.jpg\">\n\t\t\t<\/dt><\/dl><br style=\"clear: both\"><dl class=\"gallery-item\">\n\t\t\t<dt class=\"gallery-icon landscape\">\n\t\t\t\t<noscript><img decoding=\"async\" width=\"800\" height=\"533\" src=\"https:\/\/www.joliehistoire.com\/wp-content\/uploads\/2016\/11\/33-feux-dartifice-lors-dun-mariage-en-lorraine.jpg\" class=\"attachment-full size-full\" alt=\"feux dartifice lors dun mariage en lorraine\" srcset=\"https:\/\/www.joliehistoire.com\/wp-content\/uploads\/2016\/11\/33-feux-dartifice-lors-dun-mariage-en-lorraine.jpg 800w, https:\/\/www.joliehistoire.com\/wp-content\/uploads\/2016\/11\/33-feux-dartifice-lors-dun-mariage-en-lorraine-300x200.jpg 300w, https:\/\/www.joliehistoire.com\/wp-content\/uploads\/2016\/11\/33-feux-dartifice-lors-dun-mariage-en-lorraine-768x512.jpg 768w\" sizes=\"(max-width: 800px) 100vw, 800px\"><\/noscript><img decoding=\"async\" width=\"800\" height=\"533\" src=\"data:image\/svg+xml,%3Csvg%20xmlns%3D%22http%3A%2F%2Fwww.w3.org%2F2000%2Fsvg%22%20viewBox%3D%220%200%20800%20533%22%3E%3C%2Fsvg%3E\" class=\"attachment-full size-full lazyload\" alt=\"feux dartifice lors dun mariage en lorraine\" srcset=\"data:image\/svg+xml,%3Csvg%20xmlns%3D%22http%3A%2F%2Fwww.w3.org%2F2000%2Fsvg%22%20viewBox%3D%220%200%20800%20533%22%3E%3C%2Fsvg%3E 800w\" sizes=\"(max-width: 800px) 100vw, 800px\" data-srcset=\"https:\/\/www.joliehistoire.com\/wp-content\/uploads\/2016\/11\/33-feux-dartifice-lors-dun-mariage-en-lorraine.jpg 800w, https:\/\/www.joliehistoire.com\/wp-content\/uploads\/2016\/11\/33-feux-dartifice-lors-dun-mariage-en-lorraine-300x200.jpg 300w, https:\/\/www.joliehistoire.com\/wp-content\/uploads\/2016\/11\/33-feux-dartifice-lors-dun-mariage-en-lorraine-768x512.jpg 768w\" data-src=\"https:\/\/www.joliehistoire.com\/wp-content\/uploads\/2016\/11\/33-feux-dartifice-lors-dun-mariage-en-lorraine.jpg\">\n\t\t\t<\/dt><\/dl><br style=\"clear: both\"><dl class=\"gallery-item\">\n\t\t\t<dt class=\"gallery-icon landscape\">\n\t\t\t\t<noscript><img decoding=\"async\" width=\"694\" height=\"462\" src=\"https:\/\/www.joliehistoire.com\/wp-content\/uploads\/2016\/11\/34-ombre-chinoise-des-mari\u00e9s.jpg\" class=\"attachment-full size-full\" alt=\"ombre chinoise des mari\u00e9s\" srcset=\"https:\/\/www.joliehistoire.com\/wp-content\/uploads\/2016\/11\/34-ombre-chinoise-des-mari\u00e9s.jpg 694w, https:\/\/www.joliehistoire.com\/wp-content\/uploads\/2016\/11\/34-ombre-chinoise-des-mari\u00e9s-300x200.jpg 300w\" sizes=\"(max-width: 694px) 100vw, 694px\"><\/noscript><img decoding=\"async\" width=\"694\" height=\"462\" src=\"data:image\/svg+xml,%3Csvg%20xmlns%3D%22http%3A%2F%2Fwww.w3.org%2F2000%2Fsvg%22%20viewBox%3D%220%200%20694%20462%22%3E%3C%2Fsvg%3E\" class=\"attachment-full size-full lazyload\" alt=\"ombre chinoise des mari\u00e9s\" srcset=\"data:image\/svg+xml,%3Csvg%20xmlns%3D%22http%3A%2F%2Fwww.w3.org%2F2000%2Fsvg%22%20viewBox%3D%220%200%20694%20462%22%3E%3C%2Fsvg%3E 694w\" sizes=\"(max-width: 694px) 100vw, 694px\" data-srcset=\"https:\/\/www.joliehistoire.com\/wp-content\/uploads\/2016\/11\/34-ombre-chinoise-des-mari\u00e9s.jpg 694w, https:\/\/www.joliehistoire.com\/wp-content\/uploads\/2016\/11\/34-ombre-chinoise-des-mari\u00e9s-300x200.jpg 300w\" data-src=\"https:\/\/www.joliehistoire.com\/wp-content\/uploads\/2016\/11\/34-ombre-chinoise-des-mari\u00e9s.jpg\">\n\t\t\t<\/dt><\/dl><br style=\"clear: both\">\n\t\t<\/div>\n\n<h2>Rendez-vous \u00e0 Thionville chez le coiffeur<\/h2>\n<p>La journ\u00e9e a commenc\u00e9 t\u00f4t le matin avec la coiffure de la mari\u00e9e \u00e0 Thionville dans le <a href=\"http:\/\/k-artist.fr\/\" target=\"_blank\" rel=\"nofollow\">salon de coiffure K-artist<\/a>. Les t\u00e9moins de la mari\u00e9e \u00e9taient \u00e9galement pr\u00e9sentes, ainsi que sa maman. C&rsquo;est&nbsp;souvent le cas lors des pr\u00e9paratifs et cela permet de capturer de jolies instants complices entre la mari\u00e9e et ses proches.<\/p>\n<h2>La suite des pr\u00e9paratifs&nbsp;chez la mari\u00e9e<\/h2>\n<p>J&rsquo;ai profit\u00e9 d&rsquo;un moment de calme pour photographier la robe de L\u00e9a ainsi que les alliances. Ensuite, une fois la mari\u00e9e habill\u00e9e, nous avons r\u00e9aliser quelques portraits. Puis j&rsquo;ai organis\u00e9 une belle rencontre entre les mari\u00e9s, sous le regard de leur proche. Un grand moment d&rsquo;\u00e9motion ! Toute la famille s&rsquo;est ensuite r\u00e9unie pour un brunch avant de prendre la route, \u00e0 bord d&rsquo;une magnifique voiture de collection, vers la mairie de Ser\u00e9mange.<\/p>\n<h2>C\u00e9r\u00e9monies civile et religieuse \u00e0 Ser\u00e9mange<\/h2>\n<p>C\u00e9tait la deuxi\u00e8me fois que je photographiais&nbsp;<a href=\"https:\/\/www.joliehistoire.com\/be\/blog-be\/photographe-mariage-lorraine\/\" target=\"_blank\">un mariage \u00e0 la mairie de Ser\u00e9mange<\/a>, et la premi\u00e8re fois dans cette \u00e9glise. J&rsquo;ai beaucoup appr\u00e9ci\u00e9 l&rsquo;\u00e9motion qui se d\u00e9gageait de la c\u00e9r\u00e9monie civile, ce n&rsquo;est pas toujours le cas dans les mairies. Et \u00e0 l&rsquo;\u00e9glise nous avons eu \u00e0 deux magnifiques morceaux chant\u00e9s par une proche qui jouait \u00e9galement de la harpe superbement.<\/p>\n<h2>Cocktail et feu d&rsquo;artifice \u00e0 Marly<\/h2>\n<p>Le cocktail ainsi que le reste de la soir\u00e9e se sont d\u00e9roul\u00e9s \u00e0 Marly, au <a href=\"http:\/\/www.grange-aux-ormes.com\/grange_v3\/seminaires_mariage.php\" target=\"_blank\" rel=\"nofollow\">Domaine de la Grange aux Ormes<\/a>.&nbsp;Apr\u00e8s quelques photos de l&rsquo;int\u00e9rieur et des tables, j&rsquo;ai trouv\u00e9 le moyen de laisser tomber l&rsquo;un de mes bo\u00eetiers, un 5D MkII, qui \u00e9tait mont\u00e9 d&rsquo;un 70-200 L ! Autant dire que le tout \u00e0 fait beaucoup de bruit en tombant et que je ne suis pas pass\u00e9 inaper\u00e7u ! La boulette, m\u00eame si au final tout fonctionne encore parfaitement, c&rsquo;est du matos solide. Bon le 5D est quand m\u00eame ouvert sur le dessous, mais comme il arrivait en fin de vie ce n&rsquo;est pas trop grave. Disons qu&rsquo;il n&rsquo;est plus trop \u00e9tanche ^^<\/p>\n<p>Apr\u00e8s quelques photos de couple et de groupe, le diner a pu commencer. En fin de soir\u00e9e, nous avons eu le droit \u00e0 une premi\u00e8re danse suivie d&rsquo;un magnifique feu d&rsquo;artifice ! J&rsquo;avais pr\u00e9vu le coup et avec l&rsquo;aide de&nbsp;Fanny, <a href=\"https:\/\/www.facebook.com\/angodelux\/\" target=\"_blank\" rel=\"nofollow\">mon assistante<\/a>, nous avions plac\u00e9 des leds derri\u00e8re un diffuseur afin d&rsquo;\u00e9clairer les mari\u00e9s pendant le spectacle. Un grand moment !<\/p>\n<p>Je tiens \u00e0 remercier L\u00e9a &amp; Quentin pour ce magnifique mariage en Moselle qu&rsquo;ils m&rsquo;ont permis d&rsquo;immortaliser.<\/p>\n","protected":false},"excerpt":{"rendered":"<p>Le mois dernier je vous avais pr\u00e9sent\u00e9 la s\u00e9ance fian\u00e7ailles de L\u00e9a &amp; Quentin, ce\u00a0charmant couple du Nord de la France. Aujourd&rsquo;hui je vous propose un retour sur leur mariage qui avait lieu en Ao\u00fbt dernier \u00e0 Marly, en Moselle. Ce f\u00fbt un magnifique mariage que j&rsquo;ai eu la chance de photographier des pr\u00e9paratifs jusqu&rsquo;au [&hellip;]<\/p>\n","protected":false},"author":1,"featured_media":15844,"comment_status":"open","ping_status":"open","sticky":false,"template":"","format":"standard","meta":{"footnotes":""},"categories":[58],"tags":[],"class_list":["post-15858","post","type-post","status-publish","format-standard","has-post-thumbnail","hentry","category-blog-be"],"yoast_head":"<!-- This site is optimized with the Yoast SEO plugin v27.4 - https:\/\/yoast.com\/product\/yoast-seo-wordpress\/ -->\n<title>Les photos du mariage de L\u00e9a &amp; Quentin \u00e0 Marly, en Moselle.<\/title>\n<meta name=\"description\" content=\"Ce charmant couple Lillois m&#039;avait fait confiance pour \u00eatre leur photographe de mariage. Retour sur cette magnifique journ\u00e9e c\u00e9l\u00e9br\u00e9e \u00e0 Marly en Moselle.\" \/>\n<meta name=\"robots\" content=\"index, follow, max-snippet:-1, max-image-preview:large, max-video-preview:-1\" \/>\n<link rel=\"canonical\" href=\"https:\/\/www.joliehistoire.com\/be\/blog-be\/mariage-marly-moselle\/\" \/>\n<meta name=\"twitter:card\" content=\"summary_large_image\" \/>\n<meta name=\"twitter:title\" content=\"Les photos du mariage de L\u00e9a &amp; Quentin \u00e0 Marly, en Moselle.\" \/>\n<meta name=\"twitter:description\" content=\"Ce charmant couple Lillois m&#039;avait fait confiance pour \u00eatre leur photographe de mariage. Retour sur cette magnifique journ\u00e9e c\u00e9l\u00e9br\u00e9e \u00e0 Marly en Moselle.\" \/>\n<meta name=\"twitter:image\" content=\"https:\/\/www.joliehistoire.com\/wp-content\/uploads\/2016\/11\/33-feux-dartifice-lors-dun-mariage-en-lorraine.jpg\" \/>\n<meta name=\"twitter:label1\" content=\"\u00c9crit par\" \/>\n\t<meta name=\"twitter:data1\" content=\"photographe luxembourg\" \/>\n\t<meta name=\"twitter:label2\" content=\"Dur\u00e9e de lecture est.\" \/>\n\t<meta name=\"twitter:data2\" content=\"3 minutes\" \/>\n<script type=\"application\/ld+json\" class=\"yoast-schema-graph\">{\"@context\":\"https:\\\/\\\/schema.org\",\"@graph\":[{\"@type\":\"Article\",\"@id\":\"https:\\\/\\\/www.joliehistoire.com\\\/be\\\/blog-be\\\/mariage-marly-moselle\\\/#article\",\"isPartOf\":{\"@id\":\"https:\\\/\\\/www.joliehistoire.com\\\/be\\\/blog-be\\\/mariage-marly-moselle\\\/\"},\"author\":{\"name\":\"photographe luxembourg\",\"@id\":\"https:\\\/\\\/www.joliehistoire.com\\\/#\\\/schema\\\/person\\\/bd008c25130122120b7a541135b27f8b\"},\"headline\":\"Le mariage de L\u00e9a &#038; Quentin en Moselle\",\"datePublished\":\"2016-11-08T10:10:57+00:00\",\"dateModified\":\"2016-11-10T10:24:33+00:00\",\"mainEntityOfPage\":{\"@id\":\"https:\\\/\\\/www.joliehistoire.com\\\/be\\\/blog-be\\\/mariage-marly-moselle\\\/\"},\"wordCount\":548,\"commentCount\":0,\"image\":{\"@id\":\"https:\\\/\\\/www.joliehistoire.com\\\/be\\\/blog-be\\\/mariage-marly-moselle\\\/#primaryimage\"},\"thumbnailUrl\":\"https:\\\/\\\/www.joliehistoire.com\\\/wp-content\\\/uploads\\\/2016\\\/11\\\/33-feux-dartifice-lors-dun-mariage-en-lorraine.jpg\",\"articleSection\":[\"blog\"],\"inLanguage\":\"fr-BE\",\"potentialAction\":[{\"@type\":\"CommentAction\",\"name\":\"Comment\",\"target\":[\"https:\\\/\\\/www.joliehistoire.com\\\/be\\\/blog-be\\\/mariage-marly-moselle\\\/#respond\"]}]},{\"@type\":\"WebPage\",\"@id\":\"https:\\\/\\\/www.joliehistoire.com\\\/be\\\/blog-be\\\/mariage-marly-moselle\\\/\",\"url\":\"https:\\\/\\\/www.joliehistoire.com\\\/be\\\/blog-be\\\/mariage-marly-moselle\\\/\",\"name\":\"Les photos du mariage de L\u00e9a & Quentin \u00e0 Marly, en Moselle.\",\"isPartOf\":{\"@id\":\"https:\\\/\\\/www.joliehistoire.com\\\/#website\"},\"primaryImageOfPage\":{\"@id\":\"https:\\\/\\\/www.joliehistoire.com\\\/be\\\/blog-be\\\/mariage-marly-moselle\\\/#primaryimage\"},\"image\":{\"@id\":\"https:\\\/\\\/www.joliehistoire.com\\\/be\\\/blog-be\\\/mariage-marly-moselle\\\/#primaryimage\"},\"thumbnailUrl\":\"https:\\\/\\\/www.joliehistoire.com\\\/wp-content\\\/uploads\\\/2016\\\/11\\\/33-feux-dartifice-lors-dun-mariage-en-lorraine.jpg\",\"datePublished\":\"2016-11-08T10:10:57+00:00\",\"dateModified\":\"2016-11-10T10:24:33+00:00\",\"author\":{\"@id\":\"https:\\\/\\\/www.joliehistoire.com\\\/#\\\/schema\\\/person\\\/bd008c25130122120b7a541135b27f8b\"},\"description\":\"Ce charmant couple Lillois m'avait fait confiance pour \u00eatre leur photographe de mariage. Retour sur cette magnifique journ\u00e9e c\u00e9l\u00e9br\u00e9e \u00e0 Marly en Moselle.\",\"breadcrumb\":{\"@id\":\"https:\\\/\\\/www.joliehistoire.com\\\/be\\\/blog-be\\\/mariage-marly-moselle\\\/#breadcrumb\"},\"inLanguage\":\"fr-BE\",\"potentialAction\":[{\"@type\":\"ReadAction\",\"target\":[\"https:\\\/\\\/www.joliehistoire.com\\\/be\\\/blog-be\\\/mariage-marly-moselle\\\/\"]}]},{\"@type\":\"ImageObject\",\"inLanguage\":\"fr-BE\",\"@id\":\"https:\\\/\\\/www.joliehistoire.com\\\/be\\\/blog-be\\\/mariage-marly-moselle\\\/#primaryimage\",\"url\":\"https:\\\/\\\/www.joliehistoire.com\\\/wp-content\\\/uploads\\\/2016\\\/11\\\/33-feux-dartifice-lors-dun-mariage-en-lorraine.jpg\",\"contentUrl\":\"https:\\\/\\\/www.joliehistoire.com\\\/wp-content\\\/uploads\\\/2016\\\/11\\\/33-feux-dartifice-lors-dun-mariage-en-lorraine.jpg\",\"width\":800,\"height\":533,\"caption\":\"feux dartifice lors dun mariage en lorraine\"},{\"@type\":\"BreadcrumbList\",\"@id\":\"https:\\\/\\\/www.joliehistoire.com\\\/be\\\/blog-be\\\/mariage-marly-moselle\\\/#breadcrumb\",\"itemListElement\":[{\"@type\":\"ListItem\",\"position\":1,\"name\":\"Home\",\"item\":\"https:\\\/\\\/www.joliehistoire.com\\\/be\\\/\"},{\"@type\":\"ListItem\",\"position\":2,\"name\":\"Le mariage de L\u00e9a &#038; Quentin en Moselle\"}]},{\"@type\":\"WebSite\",\"@id\":\"https:\\\/\\\/www.joliehistoire.com\\\/#website\",\"url\":\"https:\\\/\\\/www.joliehistoire.com\\\/\",\"name\":\"joliehistoire\",\"description\":\"wedding photographer\",\"potentialAction\":[{\"@type\":\"SearchAction\",\"target\":{\"@type\":\"EntryPoint\",\"urlTemplate\":\"https:\\\/\\\/www.joliehistoire.com\\\/?s={search_term_string}\"},\"query-input\":{\"@type\":\"PropertyValueSpecification\",\"valueRequired\":true,\"valueName\":\"search_term_string\"}}],\"inLanguage\":\"fr-BE\"},{\"@type\":\"Person\",\"@id\":\"https:\\\/\\\/www.joliehistoire.com\\\/#\\\/schema\\\/person\\\/bd008c25130122120b7a541135b27f8b\",\"name\":\"photographe luxembourg\",\"image\":{\"@type\":\"ImageObject\",\"inLanguage\":\"fr-BE\",\"@id\":\"https:\\\/\\\/secure.gravatar.com\\\/avatar\\\/03679d8c33ffd4c1861f7eb3f232c608660617a0925ee9f5edb0d1de0df20058?s=96&d=mm&r=g\",\"url\":\"https:\\\/\\\/secure.gravatar.com\\\/avatar\\\/03679d8c33ffd4c1861f7eb3f232c608660617a0925ee9f5edb0d1de0df20058?s=96&d=mm&r=g\",\"contentUrl\":\"https:\\\/\\\/secure.gravatar.com\\\/avatar\\\/03679d8c33ffd4c1861f7eb3f232c608660617a0925ee9f5edb0d1de0df20058?s=96&d=mm&r=g\",\"caption\":\"photographe luxembourg\"}}]}<\/script>\n<!-- \/ Yoast SEO plugin. -->","yoast_head_json":{"title":"Les photos du mariage de L\u00e9a & Quentin \u00e0 Marly, en Moselle.","description":"Ce charmant couple Lillois m'avait fait confiance pour \u00eatre leur photographe de mariage. Retour sur cette magnifique journ\u00e9e c\u00e9l\u00e9br\u00e9e \u00e0 Marly en Moselle.","robots":{"index":"index","follow":"follow","max-snippet":"max-snippet:-1","max-image-preview":"max-image-preview:large","max-video-preview":"max-video-preview:-1"},"canonical":"https:\/\/www.joliehistoire.com\/be\/blog-be\/mariage-marly-moselle\/","twitter_card":"summary_large_image","twitter_title":"Les photos du mariage de L\u00e9a & Quentin \u00e0 Marly, en Moselle.","twitter_description":"Ce charmant couple Lillois m'avait fait confiance pour \u00eatre leur photographe de mariage. Retour sur cette magnifique journ\u00e9e c\u00e9l\u00e9br\u00e9e \u00e0 Marly en Moselle.","twitter_image":"https:\/\/www.joliehistoire.com\/wp-content\/uploads\/2016\/11\/33-feux-dartifice-lors-dun-mariage-en-lorraine.jpg","twitter_misc":{"\u00c9crit par":"photographe luxembourg","Dur\u00e9e de lecture est.":"3 minutes"},"schema":{"@context":"https:\/\/schema.org","@graph":[{"@type":"Article","@id":"https:\/\/www.joliehistoire.com\/be\/blog-be\/mariage-marly-moselle\/#article","isPartOf":{"@id":"https:\/\/www.joliehistoire.com\/be\/blog-be\/mariage-marly-moselle\/"},"author":{"name":"photographe luxembourg","@id":"https:\/\/www.joliehistoire.com\/#\/schema\/person\/bd008c25130122120b7a541135b27f8b"},"headline":"Le mariage de L\u00e9a &#038; Quentin en Moselle","datePublished":"2016-11-08T10:10:57+00:00","dateModified":"2016-11-10T10:24:33+00:00","mainEntityOfPage":{"@id":"https:\/\/www.joliehistoire.com\/be\/blog-be\/mariage-marly-moselle\/"},"wordCount":548,"commentCount":0,"image":{"@id":"https:\/\/www.joliehistoire.com\/be\/blog-be\/mariage-marly-moselle\/#primaryimage"},"thumbnailUrl":"https:\/\/www.joliehistoire.com\/wp-content\/uploads\/2016\/11\/33-feux-dartifice-lors-dun-mariage-en-lorraine.jpg","articleSection":["blog"],"inLanguage":"fr-BE","potentialAction":[{"@type":"CommentAction","name":"Comment","target":["https:\/\/www.joliehistoire.com\/be\/blog-be\/mariage-marly-moselle\/#respond"]}]},{"@type":"WebPage","@id":"https:\/\/www.joliehistoire.com\/be\/blog-be\/mariage-marly-moselle\/","url":"https:\/\/www.joliehistoire.com\/be\/blog-be\/mariage-marly-moselle\/","name":"Les photos du mariage de L\u00e9a & Quentin \u00e0 Marly, en Moselle.","isPartOf":{"@id":"https:\/\/www.joliehistoire.com\/#website"},"primaryImageOfPage":{"@id":"https:\/\/www.joliehistoire.com\/be\/blog-be\/mariage-marly-moselle\/#primaryimage"},"image":{"@id":"https:\/\/www.joliehistoire.com\/be\/blog-be\/mariage-marly-moselle\/#primaryimage"},"thumbnailUrl":"https:\/\/www.joliehistoire.com\/wp-content\/uploads\/2016\/11\/33-feux-dartifice-lors-dun-mariage-en-lorraine.jpg","datePublished":"2016-11-08T10:10:57+00:00","dateModified":"2016-11-10T10:24:33+00:00","author":{"@id":"https:\/\/www.joliehistoire.com\/#\/schema\/person\/bd008c25130122120b7a541135b27f8b"},"description":"Ce charmant couple Lillois m'avait fait confiance pour \u00eatre leur photographe de mariage. Retour sur cette magnifique journ\u00e9e c\u00e9l\u00e9br\u00e9e \u00e0 Marly en Moselle.","breadcrumb":{"@id":"https:\/\/www.joliehistoire.com\/be\/blog-be\/mariage-marly-moselle\/#breadcrumb"},"inLanguage":"fr-BE","potentialAction":[{"@type":"ReadAction","target":["https:\/\/www.joliehistoire.com\/be\/blog-be\/mariage-marly-moselle\/"]}]},{"@type":"ImageObject","inLanguage":"fr-BE","@id":"https:\/\/www.joliehistoire.com\/be\/blog-be\/mariage-marly-moselle\/#primaryimage","url":"https:\/\/www.joliehistoire.com\/wp-content\/uploads\/2016\/11\/33-feux-dartifice-lors-dun-mariage-en-lorraine.jpg","contentUrl":"https:\/\/www.joliehistoire.com\/wp-content\/uploads\/2016\/11\/33-feux-dartifice-lors-dun-mariage-en-lorraine.jpg","width":800,"height":533,"caption":"feux dartifice lors dun mariage en lorraine"},{"@type":"BreadcrumbList","@id":"https:\/\/www.joliehistoire.com\/be\/blog-be\/mariage-marly-moselle\/#breadcrumb","itemListElement":[{"@type":"ListItem","position":1,"name":"Home","item":"https:\/\/www.joliehistoire.com\/be\/"},{"@type":"ListItem","position":2,"name":"Le mariage de L\u00e9a &#038; Quentin en Moselle"}]},{"@type":"WebSite","@id":"https:\/\/www.joliehistoire.com\/#website","url":"https:\/\/www.joliehistoire.com\/","name":"joliehistoire","description":"wedding photographer","potentialAction":[{"@type":"SearchAction","target":{"@type":"EntryPoint","urlTemplate":"https:\/\/www.joliehistoire.com\/?s={search_term_string}"},"query-input":{"@type":"PropertyValueSpecification","valueRequired":true,"valueName":"search_term_string"}}],"inLanguage":"fr-BE"},{"@type":"Person","@id":"https:\/\/www.joliehistoire.com\/#\/schema\/person\/bd008c25130122120b7a541135b27f8b","name":"photographe luxembourg","image":{"@type":"ImageObject","inLanguage":"fr-BE","@id":"https:\/\/secure.gravatar.com\/avatar\/03679d8c33ffd4c1861f7eb3f232c608660617a0925ee9f5edb0d1de0df20058?s=96&d=mm&r=g","url":"https:\/\/secure.gravatar.com\/avatar\/03679d8c33ffd4c1861f7eb3f232c608660617a0925ee9f5edb0d1de0df20058?s=96&d=mm&r=g","contentUrl":"https:\/\/secure.gravatar.com\/avatar\/03679d8c33ffd4c1861f7eb3f232c608660617a0925ee9f5edb0d1de0df20058?s=96&d=mm&r=g","caption":"photographe luxembourg"}}]}},"_links":{"self":[{"href":"https:\/\/www.joliehistoire.com\/be\/wp-json\/wp\/v2\/posts\/15858\/"}],"collection":[{"href":"https:\/\/www.joliehistoire.com\/be\/wp-json\/wp\/v2\/posts\/"}],"about":[{"href":"https:\/\/www.joliehistoire.com\/be\/wp-json\/wp\/v2\/types\/post\/"}],"author":[{"embeddable":true,"href":"https:\/\/www.joliehistoire.com\/be\/wp-json\/wp\/v2\/users\/1\/"}],"replies":[{"embeddable":true,"href":"https:\/\/www.joliehistoire.com\/be\/wp-json\/wp\/v2\/comments\/?post=15858"}],"version-history":[{"count":2,"href":"https:\/\/www.joliehistoire.com\/be\/wp-json\/wp\/v2\/posts\/15858\/revisions\/"}],"predecessor-version":[{"id":15860,"href":"https:\/\/www.joliehistoire.com\/be\/wp-json\/wp\/v2\/posts\/15858\/revisions\/15860\/"}],"wp:featuredmedia":[{"embeddable":true,"href":"https:\/\/www.joliehistoire.com\/be\/wp-json\/wp\/v2\/media\/15844\/"}],"wp:attachment":[{"href":"https:\/\/www.joliehistoire.com\/be\/wp-json\/wp\/v2\/media\/?parent=15858"}],"wp:term":[{"taxonomy":"category","embeddable":true,"href":"https:\/\/www.joliehistoire.com\/be\/wp-json\/wp\/v2\/categories\/?post=15858"},{"taxonomy":"post_tag","embeddable":true,"href":"https:\/\/www.joliehistoire.com\/be\/wp-json\/wp\/v2\/tags\/?post=15858"}],"curies":[{"name":"wp","href":"https:\/\/api.w.org\/{rel}","templated":true}]}}