{"id":14654,"date":"2016-08-11T14:18:22","date_gmt":"2016-08-11T14:18:22","guid":{"rendered":"https:\/\/www.joliehistoire.com\/be\/uncategorized-be\/mariage-moulin-altwies-luxembourg\/"},"modified":"2017-02-06T15:38:31","modified_gmt":"2017-02-06T15:38:31","slug":"mariage-moulin-altwies-luxembourg","status":"publish","type":"post","link":"https:\/\/www.joliehistoire.com\/be\/blog-be\/mariage-moulin-altwies-luxembourg\/","title":{"rendered":"Un mariage au Moulin d&rsquo;Altwies"},"content":{"rendered":"<p>Aujourd&rsquo;hui je vous pr\u00e9sente le mariage de Sonia et Tony. Ce sympathique couple Luxembourgeois m&rsquo;avait fait&nbsp;confiance pour \u00eatre leur photographe et immortaliser cette belle journ\u00e9e.<\/p>\n<p>Ma prestation couvrait la fin des pr\u00e9paratifs jusqu&rsquo;\u00e0 la soir\u00e9e au Moulin d&rsquo;Altwies. Retour sur ce mariage, mais tout d&rsquo;abord les photos !<\/p>\n\n\t\t<style type=\"text\/css\">\n\t\t\t#gallery-1 {\n\t\t\t\tmargin: auto;\n\t\t\t}\n\t\t\t#gallery-1 .gallery-item {\n\t\t\t\tfloat: left;\n\t\t\t\tmargin-top: 10px;\n\t\t\t\ttext-align: center;\n\t\t\t\twidth: 100%;\n\t\t\t}\n\t\t\t#gallery-1 img {\n\t\t\t\tborder: 2px solid #cfcfcf;\n\t\t\t}\n\t\t\t#gallery-1 .gallery-caption {\n\t\t\t\tmargin-left: 0;\n\t\t\t}\n\t\t\t\/* see gallery_shortcode() in wp-includes\/media.php *\/\n\t\t<\/style>\n\t\t<div id=\"gallery-1\" class=\"gallery galleryid-14654 gallery-columns-1 gallery-size-full ilightbox_gallery\" data-options=\"{attr:'source',path:'horizontal'}\"><dl class=\"gallery-item\">\n\t\t\t<dt class=\"gallery-icon landscape\">\n\t\t\t\t<noscript><img decoding=\"async\" width=\"800\" height=\"533\" src=\"https:\/\/www.joliehistoire.com\/wp-content\/uploads\/2016\/06\/vue-intime-sur-la-chambre-de-la-mariee.jpg\" class=\"attachment-full size-full\" alt=\"vue intime sur la chambre de la mari\u00e9e\" srcset=\"https:\/\/www.joliehistoire.com\/wp-content\/uploads\/2016\/06\/vue-intime-sur-la-chambre-de-la-mariee.jpg 800w, https:\/\/www.joliehistoire.com\/wp-content\/uploads\/2016\/06\/vue-intime-sur-la-chambre-de-la-mariee-300x200.jpg 300w, https:\/\/www.joliehistoire.com\/wp-content\/uploads\/2016\/06\/vue-intime-sur-la-chambre-de-la-mariee-768x512.jpg 768w\" sizes=\"(max-width: 800px) 100vw, 800px\"><\/noscript><img decoding=\"async\" width=\"800\" height=\"533\" src=\"data:image\/svg+xml,%3Csvg%20xmlns%3D%22http%3A%2F%2Fwww.w3.org%2F2000%2Fsvg%22%20viewBox%3D%220%200%20800%20533%22%3E%3C%2Fsvg%3E\" class=\"attachment-full size-full lazyload\" alt=\"vue intime sur la chambre de la mari\u00e9e\" srcset=\"data:image\/svg+xml,%3Csvg%20xmlns%3D%22http%3A%2F%2Fwww.w3.org%2F2000%2Fsvg%22%20viewBox%3D%220%200%20800%20533%22%3E%3C%2Fsvg%3E 800w\" sizes=\"(max-width: 800px) 100vw, 800px\" data-srcset=\"https:\/\/www.joliehistoire.com\/wp-content\/uploads\/2016\/06\/vue-intime-sur-la-chambre-de-la-mariee.jpg 800w, https:\/\/www.joliehistoire.com\/wp-content\/uploads\/2016\/06\/vue-intime-sur-la-chambre-de-la-mariee-300x200.jpg 300w, https:\/\/www.joliehistoire.com\/wp-content\/uploads\/2016\/06\/vue-intime-sur-la-chambre-de-la-mariee-768x512.jpg 768w\" data-src=\"https:\/\/www.joliehistoire.com\/wp-content\/uploads\/2016\/06\/vue-intime-sur-la-chambre-de-la-mariee.jpg\">\n\t\t\t<\/dt><\/dl><br style=\"clear: both\"><dl class=\"gallery-item\">\n\t\t\t<dt class=\"gallery-icon landscape\">\n\t\t\t\t<noscript><img decoding=\"async\" width=\"800\" height=\"533\" src=\"https:\/\/www.joliehistoire.com\/wp-content\/uploads\/2016\/06\/gros-plan-sur-la-fermeture-de-la-robe.jpg\" class=\"attachment-full size-full\" alt=\"gros plan sur la fermeture de la robe\" srcset=\"https:\/\/www.joliehistoire.com\/wp-content\/uploads\/2016\/06\/gros-plan-sur-la-fermeture-de-la-robe.jpg 800w, https:\/\/www.joliehistoire.com\/wp-content\/uploads\/2016\/06\/gros-plan-sur-la-fermeture-de-la-robe-300x200.jpg 300w, https:\/\/www.joliehistoire.com\/wp-content\/uploads\/2016\/06\/gros-plan-sur-la-fermeture-de-la-robe-768x512.jpg 768w\" sizes=\"(max-width: 800px) 100vw, 800px\"><\/noscript><img decoding=\"async\" width=\"800\" height=\"533\" src=\"data:image\/svg+xml,%3Csvg%20xmlns%3D%22http%3A%2F%2Fwww.w3.org%2F2000%2Fsvg%22%20viewBox%3D%220%200%20800%20533%22%3E%3C%2Fsvg%3E\" class=\"attachment-full size-full lazyload\" alt=\"gros plan sur la fermeture de la robe\" srcset=\"data:image\/svg+xml,%3Csvg%20xmlns%3D%22http%3A%2F%2Fwww.w3.org%2F2000%2Fsvg%22%20viewBox%3D%220%200%20800%20533%22%3E%3C%2Fsvg%3E 800w\" sizes=\"(max-width: 800px) 100vw, 800px\" data-srcset=\"https:\/\/www.joliehistoire.com\/wp-content\/uploads\/2016\/06\/gros-plan-sur-la-fermeture-de-la-robe.jpg 800w, https:\/\/www.joliehistoire.com\/wp-content\/uploads\/2016\/06\/gros-plan-sur-la-fermeture-de-la-robe-300x200.jpg 300w, https:\/\/www.joliehistoire.com\/wp-content\/uploads\/2016\/06\/gros-plan-sur-la-fermeture-de-la-robe-768x512.jpg 768w\" data-src=\"https:\/\/www.joliehistoire.com\/wp-content\/uploads\/2016\/06\/gros-plan-sur-la-fermeture-de-la-robe.jpg\">\n\t\t\t<\/dt><\/dl><br style=\"clear: both\"><dl class=\"gallery-item\">\n\t\t\t<dt class=\"gallery-icon landscape\">\n\t\t\t\t<noscript><img decoding=\"async\" width=\"800\" height=\"533\" src=\"https:\/\/www.joliehistoire.com\/wp-content\/uploads\/2016\/06\/fermeture-de-la-robe-par-sa-grande-soeur.jpg\" class=\"attachment-full size-full\" alt=\"fermeture de la robe par sa grande soeur\" srcset=\"https:\/\/www.joliehistoire.com\/wp-content\/uploads\/2016\/06\/fermeture-de-la-robe-par-sa-grande-soeur.jpg 800w, https:\/\/www.joliehistoire.com\/wp-content\/uploads\/2016\/06\/fermeture-de-la-robe-par-sa-grande-soeur-300x200.jpg 300w, https:\/\/www.joliehistoire.com\/wp-content\/uploads\/2016\/06\/fermeture-de-la-robe-par-sa-grande-soeur-768x512.jpg 768w\" sizes=\"(max-width: 800px) 100vw, 800px\"><\/noscript><img decoding=\"async\" width=\"800\" height=\"533\" src=\"data:image\/svg+xml,%3Csvg%20xmlns%3D%22http%3A%2F%2Fwww.w3.org%2F2000%2Fsvg%22%20viewBox%3D%220%200%20800%20533%22%3E%3C%2Fsvg%3E\" class=\"attachment-full size-full lazyload\" alt=\"fermeture de la robe par sa grande soeur\" srcset=\"data:image\/svg+xml,%3Csvg%20xmlns%3D%22http%3A%2F%2Fwww.w3.org%2F2000%2Fsvg%22%20viewBox%3D%220%200%20800%20533%22%3E%3C%2Fsvg%3E 800w\" sizes=\"(max-width: 800px) 100vw, 800px\" data-srcset=\"https:\/\/www.joliehistoire.com\/wp-content\/uploads\/2016\/06\/fermeture-de-la-robe-par-sa-grande-soeur.jpg 800w, https:\/\/www.joliehistoire.com\/wp-content\/uploads\/2016\/06\/fermeture-de-la-robe-par-sa-grande-soeur-300x200.jpg 300w, https:\/\/www.joliehistoire.com\/wp-content\/uploads\/2016\/06\/fermeture-de-la-robe-par-sa-grande-soeur-768x512.jpg 768w\" data-src=\"https:\/\/www.joliehistoire.com\/wp-content\/uploads\/2016\/06\/fermeture-de-la-robe-par-sa-grande-soeur.jpg\">\n\t\t\t<\/dt><\/dl><br style=\"clear: both\"><dl class=\"gallery-item\">\n\t\t\t<dt class=\"gallery-icon landscape\">\n\t\t\t\t<noscript><img decoding=\"async\" width=\"800\" height=\"533\" src=\"https:\/\/www.joliehistoire.com\/wp-content\/uploads\/2016\/06\/ajustement-de-la-robe-de-la-mariee.jpg\" class=\"attachment-full size-full\" alt=\"ajustement de la robe de la mari\u00e9e\" srcset=\"https:\/\/www.joliehistoire.com\/wp-content\/uploads\/2016\/06\/ajustement-de-la-robe-de-la-mariee.jpg 800w, https:\/\/www.joliehistoire.com\/wp-content\/uploads\/2016\/06\/ajustement-de-la-robe-de-la-mariee-300x200.jpg 300w, https:\/\/www.joliehistoire.com\/wp-content\/uploads\/2016\/06\/ajustement-de-la-robe-de-la-mariee-768x512.jpg 768w\" sizes=\"(max-width: 800px) 100vw, 800px\"><\/noscript><img decoding=\"async\" width=\"800\" height=\"533\" src=\"data:image\/svg+xml,%3Csvg%20xmlns%3D%22http%3A%2F%2Fwww.w3.org%2F2000%2Fsvg%22%20viewBox%3D%220%200%20800%20533%22%3E%3C%2Fsvg%3E\" class=\"attachment-full size-full lazyload\" alt=\"ajustement de la robe de la mari\u00e9e\" srcset=\"data:image\/svg+xml,%3Csvg%20xmlns%3D%22http%3A%2F%2Fwww.w3.org%2F2000%2Fsvg%22%20viewBox%3D%220%200%20800%20533%22%3E%3C%2Fsvg%3E 800w\" sizes=\"(max-width: 800px) 100vw, 800px\" data-srcset=\"https:\/\/www.joliehistoire.com\/wp-content\/uploads\/2016\/06\/ajustement-de-la-robe-de-la-mariee.jpg 800w, https:\/\/www.joliehistoire.com\/wp-content\/uploads\/2016\/06\/ajustement-de-la-robe-de-la-mariee-300x200.jpg 300w, https:\/\/www.joliehistoire.com\/wp-content\/uploads\/2016\/06\/ajustement-de-la-robe-de-la-mariee-768x512.jpg 768w\" data-src=\"https:\/\/www.joliehistoire.com\/wp-content\/uploads\/2016\/06\/ajustement-de-la-robe-de-la-mariee.jpg\">\n\t\t\t<\/dt><\/dl><br style=\"clear: both\"><dl class=\"gallery-item\">\n\t\t\t<dt class=\"gallery-icon landscape\">\n\t\t\t\t<noscript><img decoding=\"async\" width=\"800\" height=\"533\" src=\"https:\/\/www.joliehistoire.com\/wp-content\/uploads\/2016\/06\/la-mariee-regarde-sa-maman-dans-les-yeux-de-sa-maman-en-pleur.jpg\" class=\"attachment-full size-full\" alt=\"la mari\u00e9e regarde sa maman dans les yeux de sa maman en pleur\" srcset=\"https:\/\/www.joliehistoire.com\/wp-content\/uploads\/2016\/06\/la-mariee-regarde-sa-maman-dans-les-yeux-de-sa-maman-en-pleur.jpg 800w, https:\/\/www.joliehistoire.com\/wp-content\/uploads\/2016\/06\/la-mariee-regarde-sa-maman-dans-les-yeux-de-sa-maman-en-pleur-300x200.jpg 300w, https:\/\/www.joliehistoire.com\/wp-content\/uploads\/2016\/06\/la-mariee-regarde-sa-maman-dans-les-yeux-de-sa-maman-en-pleur-768x512.jpg 768w\" sizes=\"(max-width: 800px) 100vw, 800px\"><\/noscript><img decoding=\"async\" width=\"800\" height=\"533\" src=\"data:image\/svg+xml,%3Csvg%20xmlns%3D%22http%3A%2F%2Fwww.w3.org%2F2000%2Fsvg%22%20viewBox%3D%220%200%20800%20533%22%3E%3C%2Fsvg%3E\" class=\"attachment-full size-full lazyload\" alt=\"la mari\u00e9e regarde sa maman dans les yeux de sa maman en pleur\" srcset=\"data:image\/svg+xml,%3Csvg%20xmlns%3D%22http%3A%2F%2Fwww.w3.org%2F2000%2Fsvg%22%20viewBox%3D%220%200%20800%20533%22%3E%3C%2Fsvg%3E 800w\" sizes=\"(max-width: 800px) 100vw, 800px\" data-srcset=\"https:\/\/www.joliehistoire.com\/wp-content\/uploads\/2016\/06\/la-mariee-regarde-sa-maman-dans-les-yeux-de-sa-maman-en-pleur.jpg 800w, https:\/\/www.joliehistoire.com\/wp-content\/uploads\/2016\/06\/la-mariee-regarde-sa-maman-dans-les-yeux-de-sa-maman-en-pleur-300x200.jpg 300w, https:\/\/www.joliehistoire.com\/wp-content\/uploads\/2016\/06\/la-mariee-regarde-sa-maman-dans-les-yeux-de-sa-maman-en-pleur-768x512.jpg 768w\" data-src=\"https:\/\/www.joliehistoire.com\/wp-content\/uploads\/2016\/06\/la-mariee-regarde-sa-maman-dans-les-yeux-de-sa-maman-en-pleur.jpg\">\n\t\t\t<\/dt><\/dl><br style=\"clear: both\"><dl class=\"gallery-item\">\n\t\t\t<dt class=\"gallery-icon landscape\">\n\t\t\t\t<noscript><img decoding=\"async\" width=\"800\" height=\"533\" src=\"https:\/\/www.joliehistoire.com\/wp-content\/uploads\/2016\/06\/la-mariee-descend-les-escalier-en-recouvrant-son-fils-avec-sa-robe.jpg\" class=\"attachment-full size-full\" alt=\"la mari\u00e9e descend les escalier en recouvrant son fils avec sa robe\" srcset=\"https:\/\/www.joliehistoire.com\/wp-content\/uploads\/2016\/06\/la-mariee-descend-les-escalier-en-recouvrant-son-fils-avec-sa-robe.jpg 800w, https:\/\/www.joliehistoire.com\/wp-content\/uploads\/2016\/06\/la-mariee-descend-les-escalier-en-recouvrant-son-fils-avec-sa-robe-300x200.jpg 300w, https:\/\/www.joliehistoire.com\/wp-content\/uploads\/2016\/06\/la-mariee-descend-les-escalier-en-recouvrant-son-fils-avec-sa-robe-768x512.jpg 768w\" sizes=\"(max-width: 800px) 100vw, 800px\"><\/noscript><img decoding=\"async\" width=\"800\" height=\"533\" src=\"data:image\/svg+xml,%3Csvg%20xmlns%3D%22http%3A%2F%2Fwww.w3.org%2F2000%2Fsvg%22%20viewBox%3D%220%200%20800%20533%22%3E%3C%2Fsvg%3E\" class=\"attachment-full size-full lazyload\" alt=\"la mari\u00e9e descend les escalier en recouvrant son fils avec sa robe\" srcset=\"data:image\/svg+xml,%3Csvg%20xmlns%3D%22http%3A%2F%2Fwww.w3.org%2F2000%2Fsvg%22%20viewBox%3D%220%200%20800%20533%22%3E%3C%2Fsvg%3E 800w\" sizes=\"(max-width: 800px) 100vw, 800px\" data-srcset=\"https:\/\/www.joliehistoire.com\/wp-content\/uploads\/2016\/06\/la-mariee-descend-les-escalier-en-recouvrant-son-fils-avec-sa-robe.jpg 800w, https:\/\/www.joliehistoire.com\/wp-content\/uploads\/2016\/06\/la-mariee-descend-les-escalier-en-recouvrant-son-fils-avec-sa-robe-300x200.jpg 300w, https:\/\/www.joliehistoire.com\/wp-content\/uploads\/2016\/06\/la-mariee-descend-les-escalier-en-recouvrant-son-fils-avec-sa-robe-768x512.jpg 768w\" data-src=\"https:\/\/www.joliehistoire.com\/wp-content\/uploads\/2016\/06\/la-mariee-descend-les-escalier-en-recouvrant-son-fils-avec-sa-robe.jpg\">\n\t\t\t<\/dt><\/dl><br style=\"clear: both\"><dl class=\"gallery-item\">\n\t\t\t<dt class=\"gallery-icon landscape\">\n\t\t\t\t<noscript><img decoding=\"async\" width=\"800\" height=\"533\" src=\"https:\/\/www.joliehistoire.com\/wp-content\/uploads\/2016\/06\/le-temoin-aide-le-marie-avec-les-boutons-de-manchettes.jpg\" class=\"attachment-full size-full\" alt=\"le t\u00e9moin aide le mari\u00e9 avec les boutons de manchettes\" srcset=\"https:\/\/www.joliehistoire.com\/wp-content\/uploads\/2016\/06\/le-temoin-aide-le-marie-avec-les-boutons-de-manchettes.jpg 800w, https:\/\/www.joliehistoire.com\/wp-content\/uploads\/2016\/06\/le-temoin-aide-le-marie-avec-les-boutons-de-manchettes-300x200.jpg 300w, https:\/\/www.joliehistoire.com\/wp-content\/uploads\/2016\/06\/le-temoin-aide-le-marie-avec-les-boutons-de-manchettes-768x512.jpg 768w\" sizes=\"(max-width: 800px) 100vw, 800px\"><\/noscript><img decoding=\"async\" width=\"800\" height=\"533\" src=\"data:image\/svg+xml,%3Csvg%20xmlns%3D%22http%3A%2F%2Fwww.w3.org%2F2000%2Fsvg%22%20viewBox%3D%220%200%20800%20533%22%3E%3C%2Fsvg%3E\" class=\"attachment-full size-full lazyload\" alt=\"le t\u00e9moin aide le mari\u00e9 avec les boutons de manchettes\" srcset=\"data:image\/svg+xml,%3Csvg%20xmlns%3D%22http%3A%2F%2Fwww.w3.org%2F2000%2Fsvg%22%20viewBox%3D%220%200%20800%20533%22%3E%3C%2Fsvg%3E 800w\" sizes=\"(max-width: 800px) 100vw, 800px\" data-srcset=\"https:\/\/www.joliehistoire.com\/wp-content\/uploads\/2016\/06\/le-temoin-aide-le-marie-avec-les-boutons-de-manchettes.jpg 800w, https:\/\/www.joliehistoire.com\/wp-content\/uploads\/2016\/06\/le-temoin-aide-le-marie-avec-les-boutons-de-manchettes-300x200.jpg 300w, https:\/\/www.joliehistoire.com\/wp-content\/uploads\/2016\/06\/le-temoin-aide-le-marie-avec-les-boutons-de-manchettes-768x512.jpg 768w\" data-src=\"https:\/\/www.joliehistoire.com\/wp-content\/uploads\/2016\/06\/le-temoin-aide-le-marie-avec-les-boutons-de-manchettes.jpg\">\n\t\t\t<\/dt><\/dl><br style=\"clear: both\"><dl class=\"gallery-item\">\n\t\t\t<dt class=\"gallery-icon landscape\">\n\t\t\t\t<noscript><img decoding=\"async\" width=\"800\" height=\"533\" src=\"https:\/\/www.joliehistoire.com\/wp-content\/uploads\/2016\/06\/le-marie-bricole-dans-son-garage.jpg\" class=\"attachment-full size-full\" alt=\"le mari\u00e9 bricole dans son garage\" srcset=\"https:\/\/www.joliehistoire.com\/wp-content\/uploads\/2016\/06\/le-marie-bricole-dans-son-garage.jpg 800w, https:\/\/www.joliehistoire.com\/wp-content\/uploads\/2016\/06\/le-marie-bricole-dans-son-garage-300x200.jpg 300w, https:\/\/www.joliehistoire.com\/wp-content\/uploads\/2016\/06\/le-marie-bricole-dans-son-garage-768x512.jpg 768w\" sizes=\"(max-width: 800px) 100vw, 800px\"><\/noscript><img decoding=\"async\" width=\"800\" height=\"533\" src=\"data:image\/svg+xml,%3Csvg%20xmlns%3D%22http%3A%2F%2Fwww.w3.org%2F2000%2Fsvg%22%20viewBox%3D%220%200%20800%20533%22%3E%3C%2Fsvg%3E\" class=\"attachment-full size-full lazyload\" alt=\"le mari\u00e9 bricole dans son garage\" srcset=\"data:image\/svg+xml,%3Csvg%20xmlns%3D%22http%3A%2F%2Fwww.w3.org%2F2000%2Fsvg%22%20viewBox%3D%220%200%20800%20533%22%3E%3C%2Fsvg%3E 800w\" sizes=\"(max-width: 800px) 100vw, 800px\" data-srcset=\"https:\/\/www.joliehistoire.com\/wp-content\/uploads\/2016\/06\/le-marie-bricole-dans-son-garage.jpg 800w, https:\/\/www.joliehistoire.com\/wp-content\/uploads\/2016\/06\/le-marie-bricole-dans-son-garage-300x200.jpg 300w, https:\/\/www.joliehistoire.com\/wp-content\/uploads\/2016\/06\/le-marie-bricole-dans-son-garage-768x512.jpg 768w\" data-src=\"https:\/\/www.joliehistoire.com\/wp-content\/uploads\/2016\/06\/le-marie-bricole-dans-son-garage.jpg\">\n\t\t\t<\/dt><\/dl><br style=\"clear: both\"><dl class=\"gallery-item\">\n\t\t\t<dt class=\"gallery-icon landscape\">\n\t\t\t\t<noscript><img decoding=\"async\" width=\"800\" height=\"533\" src=\"https:\/\/www.joliehistoire.com\/wp-content\/uploads\/2016\/06\/le-marie-frappe-sa-montre-avec-un-marteau.jpg\" class=\"attachment-full size-full\" alt=\"le mari\u00e9 frappe sa montre avec un marteau\" srcset=\"https:\/\/www.joliehistoire.com\/wp-content\/uploads\/2016\/06\/le-marie-frappe-sa-montre-avec-un-marteau.jpg 800w, https:\/\/www.joliehistoire.com\/wp-content\/uploads\/2016\/06\/le-marie-frappe-sa-montre-avec-un-marteau-300x200.jpg 300w, https:\/\/www.joliehistoire.com\/wp-content\/uploads\/2016\/06\/le-marie-frappe-sa-montre-avec-un-marteau-768x512.jpg 768w\" sizes=\"(max-width: 800px) 100vw, 800px\"><\/noscript><img decoding=\"async\" width=\"800\" height=\"533\" src=\"data:image\/svg+xml,%3Csvg%20xmlns%3D%22http%3A%2F%2Fwww.w3.org%2F2000%2Fsvg%22%20viewBox%3D%220%200%20800%20533%22%3E%3C%2Fsvg%3E\" class=\"attachment-full size-full lazyload\" alt=\"le mari\u00e9 frappe sa montre avec un marteau\" srcset=\"data:image\/svg+xml,%3Csvg%20xmlns%3D%22http%3A%2F%2Fwww.w3.org%2F2000%2Fsvg%22%20viewBox%3D%220%200%20800%20533%22%3E%3C%2Fsvg%3E 800w\" sizes=\"(max-width: 800px) 100vw, 800px\" data-srcset=\"https:\/\/www.joliehistoire.com\/wp-content\/uploads\/2016\/06\/le-marie-frappe-sa-montre-avec-un-marteau.jpg 800w, https:\/\/www.joliehistoire.com\/wp-content\/uploads\/2016\/06\/le-marie-frappe-sa-montre-avec-un-marteau-300x200.jpg 300w, https:\/\/www.joliehistoire.com\/wp-content\/uploads\/2016\/06\/le-marie-frappe-sa-montre-avec-un-marteau-768x512.jpg 768w\" data-src=\"https:\/\/www.joliehistoire.com\/wp-content\/uploads\/2016\/06\/le-marie-frappe-sa-montre-avec-un-marteau.jpg\">\n\t\t\t<\/dt><\/dl><br style=\"clear: both\"><dl class=\"gallery-item\">\n\t\t\t<dt class=\"gallery-icon landscape\">\n\t\t\t\t<noscript><img decoding=\"async\" width=\"800\" height=\"533\" src=\"https:\/\/www.joliehistoire.com\/wp-content\/uploads\/2016\/06\/le-marie-bricole-sa-montre-dans-son-garage.jpg\" class=\"attachment-full size-full\" alt=\"le mari\u00e9 bricole sa montre dans son garage\" srcset=\"https:\/\/www.joliehistoire.com\/wp-content\/uploads\/2016\/06\/le-marie-bricole-sa-montre-dans-son-garage.jpg 800w, https:\/\/www.joliehistoire.com\/wp-content\/uploads\/2016\/06\/le-marie-bricole-sa-montre-dans-son-garage-300x200.jpg 300w, https:\/\/www.joliehistoire.com\/wp-content\/uploads\/2016\/06\/le-marie-bricole-sa-montre-dans-son-garage-768x512.jpg 768w\" sizes=\"(max-width: 800px) 100vw, 800px\"><\/noscript><img decoding=\"async\" width=\"800\" height=\"533\" src=\"data:image\/svg+xml,%3Csvg%20xmlns%3D%22http%3A%2F%2Fwww.w3.org%2F2000%2Fsvg%22%20viewBox%3D%220%200%20800%20533%22%3E%3C%2Fsvg%3E\" class=\"attachment-full size-full lazyload\" alt=\"le mari\u00e9 bricole sa montre dans son garage\" srcset=\"data:image\/svg+xml,%3Csvg%20xmlns%3D%22http%3A%2F%2Fwww.w3.org%2F2000%2Fsvg%22%20viewBox%3D%220%200%20800%20533%22%3E%3C%2Fsvg%3E 800w\" sizes=\"(max-width: 800px) 100vw, 800px\" data-srcset=\"https:\/\/www.joliehistoire.com\/wp-content\/uploads\/2016\/06\/le-marie-bricole-sa-montre-dans-son-garage.jpg 800w, https:\/\/www.joliehistoire.com\/wp-content\/uploads\/2016\/06\/le-marie-bricole-sa-montre-dans-son-garage-300x200.jpg 300w, https:\/\/www.joliehistoire.com\/wp-content\/uploads\/2016\/06\/le-marie-bricole-sa-montre-dans-son-garage-768x512.jpg 768w\" data-src=\"https:\/\/www.joliehistoire.com\/wp-content\/uploads\/2016\/06\/le-marie-bricole-sa-montre-dans-son-garage.jpg\">\n\t\t\t<\/dt><\/dl><br style=\"clear: both\"><dl class=\"gallery-item\">\n\t\t\t<dt class=\"gallery-icon landscape\">\n\t\t\t\t<noscript><img decoding=\"async\" width=\"800\" height=\"533\" src=\"https:\/\/www.joliehistoire.com\/wp-content\/uploads\/2016\/06\/ajustement-du-bracelet-de-montre.jpg\" class=\"attachment-full size-full\" alt=\"ajustement du bracelet de montre\" srcset=\"https:\/\/www.joliehistoire.com\/wp-content\/uploads\/2016\/06\/ajustement-du-bracelet-de-montre.jpg 800w, https:\/\/www.joliehistoire.com\/wp-content\/uploads\/2016\/06\/ajustement-du-bracelet-de-montre-300x200.jpg 300w, https:\/\/www.joliehistoire.com\/wp-content\/uploads\/2016\/06\/ajustement-du-bracelet-de-montre-768x512.jpg 768w\" sizes=\"(max-width: 800px) 100vw, 800px\"><\/noscript><img decoding=\"async\" width=\"800\" height=\"533\" src=\"data:image\/svg+xml,%3Csvg%20xmlns%3D%22http%3A%2F%2Fwww.w3.org%2F2000%2Fsvg%22%20viewBox%3D%220%200%20800%20533%22%3E%3C%2Fsvg%3E\" class=\"attachment-full size-full lazyload\" alt=\"ajustement du bracelet de montre\" srcset=\"data:image\/svg+xml,%3Csvg%20xmlns%3D%22http%3A%2F%2Fwww.w3.org%2F2000%2Fsvg%22%20viewBox%3D%220%200%20800%20533%22%3E%3C%2Fsvg%3E 800w\" sizes=\"(max-width: 800px) 100vw, 800px\" data-srcset=\"https:\/\/www.joliehistoire.com\/wp-content\/uploads\/2016\/06\/ajustement-du-bracelet-de-montre.jpg 800w, https:\/\/www.joliehistoire.com\/wp-content\/uploads\/2016\/06\/ajustement-du-bracelet-de-montre-300x200.jpg 300w, https:\/\/www.joliehistoire.com\/wp-content\/uploads\/2016\/06\/ajustement-du-bracelet-de-montre-768x512.jpg 768w\" data-src=\"https:\/\/www.joliehistoire.com\/wp-content\/uploads\/2016\/06\/ajustement-du-bracelet-de-montre.jpg\">\n\t\t\t<\/dt><\/dl><br style=\"clear: both\"><dl class=\"gallery-item\">\n\t\t\t<dt class=\"gallery-icon landscape\">\n\t\t\t\t<noscript><img decoding=\"async\" width=\"800\" height=\"533\" src=\"https:\/\/www.joliehistoire.com\/wp-content\/uploads\/2016\/06\/petit-garcon-grimace-pendant-que-son-pere-le-recoiffe.jpg\" class=\"attachment-full size-full\" alt=\"petit garcon grimace pendant que son p\u00e8re le recoiffe\" srcset=\"https:\/\/www.joliehistoire.com\/wp-content\/uploads\/2016\/06\/petit-garcon-grimace-pendant-que-son-pere-le-recoiffe.jpg 800w, https:\/\/www.joliehistoire.com\/wp-content\/uploads\/2016\/06\/petit-garcon-grimace-pendant-que-son-pere-le-recoiffe-300x200.jpg 300w, https:\/\/www.joliehistoire.com\/wp-content\/uploads\/2016\/06\/petit-garcon-grimace-pendant-que-son-pere-le-recoiffe-768x512.jpg 768w\" sizes=\"(max-width: 800px) 100vw, 800px\"><\/noscript><img decoding=\"async\" width=\"800\" height=\"533\" src=\"data:image\/svg+xml,%3Csvg%20xmlns%3D%22http%3A%2F%2Fwww.w3.org%2F2000%2Fsvg%22%20viewBox%3D%220%200%20800%20533%22%3E%3C%2Fsvg%3E\" class=\"attachment-full size-full lazyload\" alt=\"petit garcon grimace pendant que son p\u00e8re le recoiffe\" srcset=\"data:image\/svg+xml,%3Csvg%20xmlns%3D%22http%3A%2F%2Fwww.w3.org%2F2000%2Fsvg%22%20viewBox%3D%220%200%20800%20533%22%3E%3C%2Fsvg%3E 800w\" sizes=\"(max-width: 800px) 100vw, 800px\" data-srcset=\"https:\/\/www.joliehistoire.com\/wp-content\/uploads\/2016\/06\/petit-garcon-grimace-pendant-que-son-pere-le-recoiffe.jpg 800w, https:\/\/www.joliehistoire.com\/wp-content\/uploads\/2016\/06\/petit-garcon-grimace-pendant-que-son-pere-le-recoiffe-300x200.jpg 300w, https:\/\/www.joliehistoire.com\/wp-content\/uploads\/2016\/06\/petit-garcon-grimace-pendant-que-son-pere-le-recoiffe-768x512.jpg 768w\" data-src=\"https:\/\/www.joliehistoire.com\/wp-content\/uploads\/2016\/06\/petit-garcon-grimace-pendant-que-son-pere-le-recoiffe.jpg\">\n\t\t\t<\/dt><\/dl><br style=\"clear: both\"><dl class=\"gallery-item\">\n\t\t\t<dt class=\"gallery-icon landscape\">\n\t\t\t\t<noscript><img decoding=\"async\" width=\"800\" height=\"533\" src=\"https:\/\/www.joliehistoire.com\/wp-content\/uploads\/2016\/06\/scene-de-rush-et-de-stress-pendant-les-preparatifs-du-mariage.jpg\" class=\"attachment-full size-full\" alt=\"scene de rush et de stress pendant les pr\u00e9paratifs du mariage\" srcset=\"https:\/\/www.joliehistoire.com\/wp-content\/uploads\/2016\/06\/scene-de-rush-et-de-stress-pendant-les-preparatifs-du-mariage.jpg 800w, https:\/\/www.joliehistoire.com\/wp-content\/uploads\/2016\/06\/scene-de-rush-et-de-stress-pendant-les-preparatifs-du-mariage-300x200.jpg 300w, https:\/\/www.joliehistoire.com\/wp-content\/uploads\/2016\/06\/scene-de-rush-et-de-stress-pendant-les-preparatifs-du-mariage-768x512.jpg 768w\" sizes=\"(max-width: 800px) 100vw, 800px\"><\/noscript><img decoding=\"async\" width=\"800\" height=\"533\" src=\"data:image\/svg+xml,%3Csvg%20xmlns%3D%22http%3A%2F%2Fwww.w3.org%2F2000%2Fsvg%22%20viewBox%3D%220%200%20800%20533%22%3E%3C%2Fsvg%3E\" class=\"attachment-full size-full lazyload\" alt=\"scene de rush et de stress pendant les pr\u00e9paratifs du mariage\" srcset=\"data:image\/svg+xml,%3Csvg%20xmlns%3D%22http%3A%2F%2Fwww.w3.org%2F2000%2Fsvg%22%20viewBox%3D%220%200%20800%20533%22%3E%3C%2Fsvg%3E 800w\" sizes=\"(max-width: 800px) 100vw, 800px\" data-srcset=\"https:\/\/www.joliehistoire.com\/wp-content\/uploads\/2016\/06\/scene-de-rush-et-de-stress-pendant-les-preparatifs-du-mariage.jpg 800w, https:\/\/www.joliehistoire.com\/wp-content\/uploads\/2016\/06\/scene-de-rush-et-de-stress-pendant-les-preparatifs-du-mariage-300x200.jpg 300w, https:\/\/www.joliehistoire.com\/wp-content\/uploads\/2016\/06\/scene-de-rush-et-de-stress-pendant-les-preparatifs-du-mariage-768x512.jpg 768w\" data-src=\"https:\/\/www.joliehistoire.com\/wp-content\/uploads\/2016\/06\/scene-de-rush-et-de-stress-pendant-les-preparatifs-du-mariage.jpg\">\n\t\t\t<\/dt><\/dl><br style=\"clear: both\"><dl class=\"gallery-item\">\n\t\t\t<dt class=\"gallery-icon landscape\">\n\t\t\t\t<noscript><img decoding=\"async\" width=\"800\" height=\"533\" src=\"https:\/\/www.joliehistoire.com\/wp-content\/uploads\/2016\/06\/la-rencontre-des-maries-au-parc-de-mondorf-les-bains.jpg\" class=\"attachment-full size-full\" alt=\"la rencontre des mari\u00e9s au parc de mondorf-les-bains\" srcset=\"https:\/\/www.joliehistoire.com\/wp-content\/uploads\/2016\/06\/la-rencontre-des-maries-au-parc-de-mondorf-les-bains.jpg 800w, https:\/\/www.joliehistoire.com\/wp-content\/uploads\/2016\/06\/la-rencontre-des-maries-au-parc-de-mondorf-les-bains-300x200.jpg 300w, https:\/\/www.joliehistoire.com\/wp-content\/uploads\/2016\/06\/la-rencontre-des-maries-au-parc-de-mondorf-les-bains-768x512.jpg 768w\" sizes=\"(max-width: 800px) 100vw, 800px\"><\/noscript><img decoding=\"async\" width=\"800\" height=\"533\" src=\"data:image\/svg+xml,%3Csvg%20xmlns%3D%22http%3A%2F%2Fwww.w3.org%2F2000%2Fsvg%22%20viewBox%3D%220%200%20800%20533%22%3E%3C%2Fsvg%3E\" class=\"attachment-full size-full lazyload\" alt=\"la rencontre des mari\u00e9s au parc de mondorf-les-bains\" srcset=\"data:image\/svg+xml,%3Csvg%20xmlns%3D%22http%3A%2F%2Fwww.w3.org%2F2000%2Fsvg%22%20viewBox%3D%220%200%20800%20533%22%3E%3C%2Fsvg%3E 800w\" sizes=\"(max-width: 800px) 100vw, 800px\" data-srcset=\"https:\/\/www.joliehistoire.com\/wp-content\/uploads\/2016\/06\/la-rencontre-des-maries-au-parc-de-mondorf-les-bains.jpg 800w, https:\/\/www.joliehistoire.com\/wp-content\/uploads\/2016\/06\/la-rencontre-des-maries-au-parc-de-mondorf-les-bains-300x200.jpg 300w, https:\/\/www.joliehistoire.com\/wp-content\/uploads\/2016\/06\/la-rencontre-des-maries-au-parc-de-mondorf-les-bains-768x512.jpg 768w\" data-src=\"https:\/\/www.joliehistoire.com\/wp-content\/uploads\/2016\/06\/la-rencontre-des-maries-au-parc-de-mondorf-les-bains.jpg\">\n\t\t\t<\/dt><\/dl><br style=\"clear: both\"><dl class=\"gallery-item\">\n\t\t\t<dt class=\"gallery-icon landscape\">\n\t\t\t\t<noscript><img decoding=\"async\" width=\"800\" height=\"533\" src=\"https:\/\/www.joliehistoire.com\/wp-content\/uploads\/2016\/06\/juste-avant-de-decouvrir-la-mariee-sur-le-pont-de-mondorf.jpg\" class=\"attachment-full size-full\" alt=\"juste avant de d\u00e9couvrir la mari\u00e9e sur le pont de mondorf\" srcset=\"https:\/\/www.joliehistoire.com\/wp-content\/uploads\/2016\/06\/juste-avant-de-decouvrir-la-mariee-sur-le-pont-de-mondorf.jpg 800w, https:\/\/www.joliehistoire.com\/wp-content\/uploads\/2016\/06\/juste-avant-de-decouvrir-la-mariee-sur-le-pont-de-mondorf-300x200.jpg 300w, https:\/\/www.joliehistoire.com\/wp-content\/uploads\/2016\/06\/juste-avant-de-decouvrir-la-mariee-sur-le-pont-de-mondorf-768x512.jpg 768w\" sizes=\"(max-width: 800px) 100vw, 800px\"><\/noscript><img decoding=\"async\" width=\"800\" height=\"533\" src=\"data:image\/svg+xml,%3Csvg%20xmlns%3D%22http%3A%2F%2Fwww.w3.org%2F2000%2Fsvg%22%20viewBox%3D%220%200%20800%20533%22%3E%3C%2Fsvg%3E\" class=\"attachment-full size-full lazyload\" alt=\"juste avant de d\u00e9couvrir la mari\u00e9e sur le pont de mondorf\" srcset=\"data:image\/svg+xml,%3Csvg%20xmlns%3D%22http%3A%2F%2Fwww.w3.org%2F2000%2Fsvg%22%20viewBox%3D%220%200%20800%20533%22%3E%3C%2Fsvg%3E 800w\" sizes=\"(max-width: 800px) 100vw, 800px\" data-srcset=\"https:\/\/www.joliehistoire.com\/wp-content\/uploads\/2016\/06\/juste-avant-de-decouvrir-la-mariee-sur-le-pont-de-mondorf.jpg 800w, https:\/\/www.joliehistoire.com\/wp-content\/uploads\/2016\/06\/juste-avant-de-decouvrir-la-mariee-sur-le-pont-de-mondorf-300x200.jpg 300w, https:\/\/www.joliehistoire.com\/wp-content\/uploads\/2016\/06\/juste-avant-de-decouvrir-la-mariee-sur-le-pont-de-mondorf-768x512.jpg 768w\" data-src=\"https:\/\/www.joliehistoire.com\/wp-content\/uploads\/2016\/06\/juste-avant-de-decouvrir-la-mariee-sur-le-pont-de-mondorf.jpg\">\n\t\t\t<\/dt><\/dl><br style=\"clear: both\"><dl class=\"gallery-item\">\n\t\t\t<dt class=\"gallery-icon landscape\">\n\t\t\t\t<noscript><img decoding=\"async\" width=\"800\" height=\"533\" src=\"https:\/\/www.joliehistoire.com\/wp-content\/uploads\/2016\/06\/le-marie-decouvre-sa-future-femme-a-mondorf.jpg\" class=\"attachment-full size-full\" alt=\"le mari\u00e9 d\u00e9couvre sa future femme \u00e0 mondorf\" srcset=\"https:\/\/www.joliehistoire.com\/wp-content\/uploads\/2016\/06\/le-marie-decouvre-sa-future-femme-a-mondorf.jpg 800w, https:\/\/www.joliehistoire.com\/wp-content\/uploads\/2016\/06\/le-marie-decouvre-sa-future-femme-a-mondorf-300x200.jpg 300w, https:\/\/www.joliehistoire.com\/wp-content\/uploads\/2016\/06\/le-marie-decouvre-sa-future-femme-a-mondorf-768x512.jpg 768w\" sizes=\"(max-width: 800px) 100vw, 800px\"><\/noscript><img decoding=\"async\" width=\"800\" height=\"533\" src=\"data:image\/svg+xml,%3Csvg%20xmlns%3D%22http%3A%2F%2Fwww.w3.org%2F2000%2Fsvg%22%20viewBox%3D%220%200%20800%20533%22%3E%3C%2Fsvg%3E\" class=\"attachment-full size-full lazyload\" alt=\"le mari\u00e9 d\u00e9couvre sa future femme \u00e0 mondorf\" srcset=\"data:image\/svg+xml,%3Csvg%20xmlns%3D%22http%3A%2F%2Fwww.w3.org%2F2000%2Fsvg%22%20viewBox%3D%220%200%20800%20533%22%3E%3C%2Fsvg%3E 800w\" sizes=\"(max-width: 800px) 100vw, 800px\" data-srcset=\"https:\/\/www.joliehistoire.com\/wp-content\/uploads\/2016\/06\/le-marie-decouvre-sa-future-femme-a-mondorf.jpg 800w, https:\/\/www.joliehistoire.com\/wp-content\/uploads\/2016\/06\/le-marie-decouvre-sa-future-femme-a-mondorf-300x200.jpg 300w, https:\/\/www.joliehistoire.com\/wp-content\/uploads\/2016\/06\/le-marie-decouvre-sa-future-femme-a-mondorf-768x512.jpg 768w\" data-src=\"https:\/\/www.joliehistoire.com\/wp-content\/uploads\/2016\/06\/le-marie-decouvre-sa-future-femme-a-mondorf.jpg\">\n\t\t\t<\/dt><\/dl><br style=\"clear: both\"><dl class=\"gallery-item\">\n\t\t\t<dt class=\"gallery-icon landscape\">\n\t\t\t\t<noscript><img decoding=\"async\" width=\"800\" height=\"533\" src=\"https:\/\/www.joliehistoire.com\/wp-content\/uploads\/2016\/06\/la-mariee-en-pleurs-pendant-la-rencontre.jpg\" class=\"attachment-full size-full\" alt=\"la mari\u00e9e en pleurs pendant la rencontre\" srcset=\"https:\/\/www.joliehistoire.com\/wp-content\/uploads\/2016\/06\/la-mariee-en-pleurs-pendant-la-rencontre.jpg 800w, https:\/\/www.joliehistoire.com\/wp-content\/uploads\/2016\/06\/la-mariee-en-pleurs-pendant-la-rencontre-300x200.jpg 300w, https:\/\/www.joliehistoire.com\/wp-content\/uploads\/2016\/06\/la-mariee-en-pleurs-pendant-la-rencontre-768x512.jpg 768w\" sizes=\"(max-width: 800px) 100vw, 800px\"><\/noscript><img decoding=\"async\" width=\"800\" height=\"533\" src=\"data:image\/svg+xml,%3Csvg%20xmlns%3D%22http%3A%2F%2Fwww.w3.org%2F2000%2Fsvg%22%20viewBox%3D%220%200%20800%20533%22%3E%3C%2Fsvg%3E\" class=\"attachment-full size-full lazyload\" alt=\"la mari\u00e9e en pleurs pendant la rencontre\" srcset=\"data:image\/svg+xml,%3Csvg%20xmlns%3D%22http%3A%2F%2Fwww.w3.org%2F2000%2Fsvg%22%20viewBox%3D%220%200%20800%20533%22%3E%3C%2Fsvg%3E 800w\" sizes=\"(max-width: 800px) 100vw, 800px\" data-srcset=\"https:\/\/www.joliehistoire.com\/wp-content\/uploads\/2016\/06\/la-mariee-en-pleurs-pendant-la-rencontre.jpg 800w, https:\/\/www.joliehistoire.com\/wp-content\/uploads\/2016\/06\/la-mariee-en-pleurs-pendant-la-rencontre-300x200.jpg 300w, https:\/\/www.joliehistoire.com\/wp-content\/uploads\/2016\/06\/la-mariee-en-pleurs-pendant-la-rencontre-768x512.jpg 768w\" data-src=\"https:\/\/www.joliehistoire.com\/wp-content\/uploads\/2016\/06\/la-mariee-en-pleurs-pendant-la-rencontre.jpg\">\n\t\t\t<\/dt><\/dl><br style=\"clear: both\"><dl class=\"gallery-item\">\n\t\t\t<dt class=\"gallery-icon portrait\">\n\t\t\t\t<noscript><img decoding=\"async\" width=\"400\" height=\"600\" src=\"https:\/\/www.joliehistoire.com\/wp-content\/uploads\/2016\/06\/portrait-de-la-mariee-et-son-bouquet.jpg\" class=\"attachment-full size-full\" alt=\"portrait de la mari\u00e9e et son bouquet\" srcset=\"https:\/\/www.joliehistoire.com\/wp-content\/uploads\/2016\/06\/portrait-de-la-mariee-et-son-bouquet.jpg 400w, https:\/\/www.joliehistoire.com\/wp-content\/uploads\/2016\/06\/portrait-de-la-mariee-et-son-bouquet-200x300.jpg 200w\" sizes=\"(max-width: 400px) 100vw, 400px\"><\/noscript><img decoding=\"async\" width=\"400\" height=\"600\" src=\"data:image\/svg+xml,%3Csvg%20xmlns%3D%22http%3A%2F%2Fwww.w3.org%2F2000%2Fsvg%22%20viewBox%3D%220%200%20400%20600%22%3E%3C%2Fsvg%3E\" class=\"attachment-full size-full lazyload\" alt=\"portrait de la mari\u00e9e et son bouquet\" srcset=\"data:image\/svg+xml,%3Csvg%20xmlns%3D%22http%3A%2F%2Fwww.w3.org%2F2000%2Fsvg%22%20viewBox%3D%220%200%20400%20600%22%3E%3C%2Fsvg%3E 400w\" sizes=\"(max-width: 400px) 100vw, 400px\" data-srcset=\"https:\/\/www.joliehistoire.com\/wp-content\/uploads\/2016\/06\/portrait-de-la-mariee-et-son-bouquet.jpg 400w, https:\/\/www.joliehistoire.com\/wp-content\/uploads\/2016\/06\/portrait-de-la-mariee-et-son-bouquet-200x300.jpg 200w\" data-src=\"https:\/\/www.joliehistoire.com\/wp-content\/uploads\/2016\/06\/portrait-de-la-mariee-et-son-bouquet.jpg\">\n\t\t\t<\/dt><\/dl><br style=\"clear: both\"><dl class=\"gallery-item\">\n\t\t\t<dt class=\"gallery-icon landscape\">\n\t\t\t\t<noscript><img decoding=\"async\" width=\"800\" height=\"533\" src=\"https:\/\/www.joliehistoire.com\/wp-content\/uploads\/2016\/06\/le-bouqet-de-la-mariee.jpg\" class=\"attachment-full size-full\" alt=\"le bouqet de la mari\u00e9e\" srcset=\"https:\/\/www.joliehistoire.com\/wp-content\/uploads\/2016\/06\/le-bouqet-de-la-mariee.jpg 800w, https:\/\/www.joliehistoire.com\/wp-content\/uploads\/2016\/06\/le-bouqet-de-la-mariee-300x200.jpg 300w, https:\/\/www.joliehistoire.com\/wp-content\/uploads\/2016\/06\/le-bouqet-de-la-mariee-768x512.jpg 768w\" sizes=\"(max-width: 800px) 100vw, 800px\"><\/noscript><img decoding=\"async\" width=\"800\" height=\"533\" src=\"data:image\/svg+xml,%3Csvg%20xmlns%3D%22http%3A%2F%2Fwww.w3.org%2F2000%2Fsvg%22%20viewBox%3D%220%200%20800%20533%22%3E%3C%2Fsvg%3E\" class=\"attachment-full size-full lazyload\" alt=\"le bouqet de la mari\u00e9e\" srcset=\"data:image\/svg+xml,%3Csvg%20xmlns%3D%22http%3A%2F%2Fwww.w3.org%2F2000%2Fsvg%22%20viewBox%3D%220%200%20800%20533%22%3E%3C%2Fsvg%3E 800w\" sizes=\"(max-width: 800px) 100vw, 800px\" data-srcset=\"https:\/\/www.joliehistoire.com\/wp-content\/uploads\/2016\/06\/le-bouqet-de-la-mariee.jpg 800w, https:\/\/www.joliehistoire.com\/wp-content\/uploads\/2016\/06\/le-bouqet-de-la-mariee-300x200.jpg 300w, https:\/\/www.joliehistoire.com\/wp-content\/uploads\/2016\/06\/le-bouqet-de-la-mariee-768x512.jpg 768w\" data-src=\"https:\/\/www.joliehistoire.com\/wp-content\/uploads\/2016\/06\/le-bouqet-de-la-mariee.jpg\">\n\t\t\t<\/dt><\/dl><br style=\"clear: both\"><dl class=\"gallery-item\">\n\t\t\t<dt class=\"gallery-icon landscape\">\n\t\t\t\t<noscript><img decoding=\"async\" width=\"800\" height=\"533\" src=\"https:\/\/www.joliehistoire.com\/wp-content\/uploads\/2016\/06\/la-mariee-pose-avec-son-bouqet-sous-un-joli-porche.jpg\" class=\"attachment-full size-full\" alt=\"la mari\u00e9e pose avec son bouqet sous un joli porche\" srcset=\"https:\/\/www.joliehistoire.com\/wp-content\/uploads\/2016\/06\/la-mariee-pose-avec-son-bouqet-sous-un-joli-porche.jpg 800w, https:\/\/www.joliehistoire.com\/wp-content\/uploads\/2016\/06\/la-mariee-pose-avec-son-bouqet-sous-un-joli-porche-300x200.jpg 300w, https:\/\/www.joliehistoire.com\/wp-content\/uploads\/2016\/06\/la-mariee-pose-avec-son-bouqet-sous-un-joli-porche-768x512.jpg 768w\" sizes=\"(max-width: 800px) 100vw, 800px\"><\/noscript><img decoding=\"async\" width=\"800\" height=\"533\" src=\"data:image\/svg+xml,%3Csvg%20xmlns%3D%22http%3A%2F%2Fwww.w3.org%2F2000%2Fsvg%22%20viewBox%3D%220%200%20800%20533%22%3E%3C%2Fsvg%3E\" class=\"attachment-full size-full lazyload\" alt=\"la mari\u00e9e pose avec son bouqet sous un joli porche\" srcset=\"data:image\/svg+xml,%3Csvg%20xmlns%3D%22http%3A%2F%2Fwww.w3.org%2F2000%2Fsvg%22%20viewBox%3D%220%200%20800%20533%22%3E%3C%2Fsvg%3E 800w\" sizes=\"(max-width: 800px) 100vw, 800px\" data-srcset=\"https:\/\/www.joliehistoire.com\/wp-content\/uploads\/2016\/06\/la-mariee-pose-avec-son-bouqet-sous-un-joli-porche.jpg 800w, https:\/\/www.joliehistoire.com\/wp-content\/uploads\/2016\/06\/la-mariee-pose-avec-son-bouqet-sous-un-joli-porche-300x200.jpg 300w, https:\/\/www.joliehistoire.com\/wp-content\/uploads\/2016\/06\/la-mariee-pose-avec-son-bouqet-sous-un-joli-porche-768x512.jpg 768w\" data-src=\"https:\/\/www.joliehistoire.com\/wp-content\/uploads\/2016\/06\/la-mariee-pose-avec-son-bouqet-sous-un-joli-porche.jpg\">\n\t\t\t<\/dt><\/dl><br style=\"clear: both\"><dl class=\"gallery-item\">\n\t\t\t<dt class=\"gallery-icon landscape\">\n\t\t\t\t<noscript><img decoding=\"async\" width=\"800\" height=\"533\" src=\"https:\/\/www.joliehistoire.com\/wp-content\/uploads\/2016\/06\/les-maries-sur-un-petit-pont-a-mondorf-les-bains.jpg\" class=\"attachment-full size-full\" alt=\"les mari\u00e9s sur un petit pont \u00e0 mondorf-les-bains\" srcset=\"https:\/\/www.joliehistoire.com\/wp-content\/uploads\/2016\/06\/les-maries-sur-un-petit-pont-a-mondorf-les-bains.jpg 800w, https:\/\/www.joliehistoire.com\/wp-content\/uploads\/2016\/06\/les-maries-sur-un-petit-pont-a-mondorf-les-bains-300x200.jpg 300w, https:\/\/www.joliehistoire.com\/wp-content\/uploads\/2016\/06\/les-maries-sur-un-petit-pont-a-mondorf-les-bains-768x512.jpg 768w\" sizes=\"(max-width: 800px) 100vw, 800px\"><\/noscript><img decoding=\"async\" width=\"800\" height=\"533\" src=\"data:image\/svg+xml,%3Csvg%20xmlns%3D%22http%3A%2F%2Fwww.w3.org%2F2000%2Fsvg%22%20viewBox%3D%220%200%20800%20533%22%3E%3C%2Fsvg%3E\" class=\"attachment-full size-full lazyload\" alt=\"les mari\u00e9s sur un petit pont \u00e0 mondorf-les-bains\" srcset=\"data:image\/svg+xml,%3Csvg%20xmlns%3D%22http%3A%2F%2Fwww.w3.org%2F2000%2Fsvg%22%20viewBox%3D%220%200%20800%20533%22%3E%3C%2Fsvg%3E 800w\" sizes=\"(max-width: 800px) 100vw, 800px\" data-srcset=\"https:\/\/www.joliehistoire.com\/wp-content\/uploads\/2016\/06\/les-maries-sur-un-petit-pont-a-mondorf-les-bains.jpg 800w, https:\/\/www.joliehistoire.com\/wp-content\/uploads\/2016\/06\/les-maries-sur-un-petit-pont-a-mondorf-les-bains-300x200.jpg 300w, https:\/\/www.joliehistoire.com\/wp-content\/uploads\/2016\/06\/les-maries-sur-un-petit-pont-a-mondorf-les-bains-768x512.jpg 768w\" data-src=\"https:\/\/www.joliehistoire.com\/wp-content\/uploads\/2016\/06\/les-maries-sur-un-petit-pont-a-mondorf-les-bains.jpg\">\n\t\t\t<\/dt><\/dl><br style=\"clear: both\"><dl class=\"gallery-item\">\n\t\t\t<dt class=\"gallery-icon landscape\">\n\t\t\t\t<noscript><img decoding=\"async\" width=\"800\" height=\"533\" src=\"https:\/\/www.joliehistoire.com\/wp-content\/uploads\/2016\/06\/pose-des-maries-dans-le-parc-de-mondorf-les-bains.jpg\" class=\"attachment-full size-full\" alt=\"pose des mari\u00e9s dans le parc de mondorf-les-bains\" srcset=\"https:\/\/www.joliehistoire.com\/wp-content\/uploads\/2016\/06\/pose-des-maries-dans-le-parc-de-mondorf-les-bains.jpg 800w, https:\/\/www.joliehistoire.com\/wp-content\/uploads\/2016\/06\/pose-des-maries-dans-le-parc-de-mondorf-les-bains-300x200.jpg 300w, https:\/\/www.joliehistoire.com\/wp-content\/uploads\/2016\/06\/pose-des-maries-dans-le-parc-de-mondorf-les-bains-768x512.jpg 768w\" sizes=\"(max-width: 800px) 100vw, 800px\"><\/noscript><img decoding=\"async\" width=\"800\" height=\"533\" src=\"data:image\/svg+xml,%3Csvg%20xmlns%3D%22http%3A%2F%2Fwww.w3.org%2F2000%2Fsvg%22%20viewBox%3D%220%200%20800%20533%22%3E%3C%2Fsvg%3E\" class=\"attachment-full size-full lazyload\" alt=\"pose des mari\u00e9s dans le parc de mondorf-les-bains\" srcset=\"data:image\/svg+xml,%3Csvg%20xmlns%3D%22http%3A%2F%2Fwww.w3.org%2F2000%2Fsvg%22%20viewBox%3D%220%200%20800%20533%22%3E%3C%2Fsvg%3E 800w\" sizes=\"(max-width: 800px) 100vw, 800px\" data-srcset=\"https:\/\/www.joliehistoire.com\/wp-content\/uploads\/2016\/06\/pose-des-maries-dans-le-parc-de-mondorf-les-bains.jpg 800w, https:\/\/www.joliehistoire.com\/wp-content\/uploads\/2016\/06\/pose-des-maries-dans-le-parc-de-mondorf-les-bains-300x200.jpg 300w, https:\/\/www.joliehistoire.com\/wp-content\/uploads\/2016\/06\/pose-des-maries-dans-le-parc-de-mondorf-les-bains-768x512.jpg 768w\" data-src=\"https:\/\/www.joliehistoire.com\/wp-content\/uploads\/2016\/06\/pose-des-maries-dans-le-parc-de-mondorf-les-bains.jpg\">\n\t\t\t<\/dt><\/dl><br style=\"clear: both\"><dl class=\"gallery-item\">\n\t\t\t<dt class=\"gallery-icon landscape\">\n\t\t\t\t<noscript><img decoding=\"async\" width=\"800\" height=\"533\" src=\"https:\/\/www.joliehistoire.com\/wp-content\/uploads\/2016\/06\/le-passage-des-alliances-a-la-mairie-de-rumelange.jpg\" class=\"attachment-full size-full\" alt=\"le passage des alliances \u00e0 la mairie de Rumelange\" srcset=\"https:\/\/www.joliehistoire.com\/wp-content\/uploads\/2016\/06\/le-passage-des-alliances-a-la-mairie-de-rumelange.jpg 800w, https:\/\/www.joliehistoire.com\/wp-content\/uploads\/2016\/06\/le-passage-des-alliances-a-la-mairie-de-rumelange-300x200.jpg 300w, https:\/\/www.joliehistoire.com\/wp-content\/uploads\/2016\/06\/le-passage-des-alliances-a-la-mairie-de-rumelange-768x512.jpg 768w\" sizes=\"(max-width: 800px) 100vw, 800px\"><\/noscript><img decoding=\"async\" width=\"800\" height=\"533\" src=\"data:image\/svg+xml,%3Csvg%20xmlns%3D%22http%3A%2F%2Fwww.w3.org%2F2000%2Fsvg%22%20viewBox%3D%220%200%20800%20533%22%3E%3C%2Fsvg%3E\" class=\"attachment-full size-full lazyload\" alt=\"le passage des alliances \u00e0 la mairie de Rumelange\" srcset=\"data:image\/svg+xml,%3Csvg%20xmlns%3D%22http%3A%2F%2Fwww.w3.org%2F2000%2Fsvg%22%20viewBox%3D%220%200%20800%20533%22%3E%3C%2Fsvg%3E 800w\" sizes=\"(max-width: 800px) 100vw, 800px\" data-srcset=\"https:\/\/www.joliehistoire.com\/wp-content\/uploads\/2016\/06\/le-passage-des-alliances-a-la-mairie-de-rumelange.jpg 800w, https:\/\/www.joliehistoire.com\/wp-content\/uploads\/2016\/06\/le-passage-des-alliances-a-la-mairie-de-rumelange-300x200.jpg 300w, https:\/\/www.joliehistoire.com\/wp-content\/uploads\/2016\/06\/le-passage-des-alliances-a-la-mairie-de-rumelange-768x512.jpg 768w\" data-src=\"https:\/\/www.joliehistoire.com\/wp-content\/uploads\/2016\/06\/le-passage-des-alliances-a-la-mairie-de-rumelange.jpg\">\n\t\t\t<\/dt><\/dl><br style=\"clear: both\"><dl class=\"gallery-item\">\n\t\t\t<dt class=\"gallery-icon landscape\">\n\t\t\t\t<noscript><img decoding=\"async\" width=\"800\" height=\"533\" src=\"https:\/\/www.joliehistoire.com\/wp-content\/uploads\/2016\/06\/petit-garcon-signe-le-registre-de-mariage-a-la-commune-de-rumelange.jpg\" class=\"attachment-full size-full\" alt=\"petit garcon signe le registre de mariage \u00e0 la commune de Rumelange\" srcset=\"https:\/\/www.joliehistoire.com\/wp-content\/uploads\/2016\/06\/petit-garcon-signe-le-registre-de-mariage-a-la-commune-de-rumelange.jpg 800w, https:\/\/www.joliehistoire.com\/wp-content\/uploads\/2016\/06\/petit-garcon-signe-le-registre-de-mariage-a-la-commune-de-rumelange-300x200.jpg 300w, https:\/\/www.joliehistoire.com\/wp-content\/uploads\/2016\/06\/petit-garcon-signe-le-registre-de-mariage-a-la-commune-de-rumelange-768x512.jpg 768w\" sizes=\"(max-width: 800px) 100vw, 800px\"><\/noscript><img decoding=\"async\" width=\"800\" height=\"533\" src=\"data:image\/svg+xml,%3Csvg%20xmlns%3D%22http%3A%2F%2Fwww.w3.org%2F2000%2Fsvg%22%20viewBox%3D%220%200%20800%20533%22%3E%3C%2Fsvg%3E\" class=\"attachment-full size-full lazyload\" alt=\"petit garcon signe le registre de mariage \u00e0 la commune de Rumelange\" srcset=\"data:image\/svg+xml,%3Csvg%20xmlns%3D%22http%3A%2F%2Fwww.w3.org%2F2000%2Fsvg%22%20viewBox%3D%220%200%20800%20533%22%3E%3C%2Fsvg%3E 800w\" sizes=\"(max-width: 800px) 100vw, 800px\" data-srcset=\"https:\/\/www.joliehistoire.com\/wp-content\/uploads\/2016\/06\/petit-garcon-signe-le-registre-de-mariage-a-la-commune-de-rumelange.jpg 800w, https:\/\/www.joliehistoire.com\/wp-content\/uploads\/2016\/06\/petit-garcon-signe-le-registre-de-mariage-a-la-commune-de-rumelange-300x200.jpg 300w, https:\/\/www.joliehistoire.com\/wp-content\/uploads\/2016\/06\/petit-garcon-signe-le-registre-de-mariage-a-la-commune-de-rumelange-768x512.jpg 768w\" data-src=\"https:\/\/www.joliehistoire.com\/wp-content\/uploads\/2016\/06\/petit-garcon-signe-le-registre-de-mariage-a-la-commune-de-rumelange.jpg\">\n\t\t\t<\/dt><\/dl><br style=\"clear: both\"><dl class=\"gallery-item\">\n\t\t\t<dt class=\"gallery-icon landscape\">\n\t\t\t\t<noscript><img decoding=\"async\" width=\"800\" height=\"533\" src=\"https:\/\/www.joliehistoire.com\/wp-content\/uploads\/2016\/06\/petit-garcon-se-cache-derriere-sa-chaise.jpg\" class=\"attachment-full size-full\" alt=\"petit garcon se cache derri\u00e8re sa chaise\" srcset=\"https:\/\/www.joliehistoire.com\/wp-content\/uploads\/2016\/06\/petit-garcon-se-cache-derriere-sa-chaise.jpg 800w, https:\/\/www.joliehistoire.com\/wp-content\/uploads\/2016\/06\/petit-garcon-se-cache-derriere-sa-chaise-300x200.jpg 300w, https:\/\/www.joliehistoire.com\/wp-content\/uploads\/2016\/06\/petit-garcon-se-cache-derriere-sa-chaise-768x512.jpg 768w\" sizes=\"(max-width: 800px) 100vw, 800px\"><\/noscript><img decoding=\"async\" width=\"800\" height=\"533\" src=\"data:image\/svg+xml,%3Csvg%20xmlns%3D%22http%3A%2F%2Fwww.w3.org%2F2000%2Fsvg%22%20viewBox%3D%220%200%20800%20533%22%3E%3C%2Fsvg%3E\" class=\"attachment-full size-full lazyload\" alt=\"petit garcon se cache derri\u00e8re sa chaise\" srcset=\"data:image\/svg+xml,%3Csvg%20xmlns%3D%22http%3A%2F%2Fwww.w3.org%2F2000%2Fsvg%22%20viewBox%3D%220%200%20800%20533%22%3E%3C%2Fsvg%3E 800w\" sizes=\"(max-width: 800px) 100vw, 800px\" data-srcset=\"https:\/\/www.joliehistoire.com\/wp-content\/uploads\/2016\/06\/petit-garcon-se-cache-derriere-sa-chaise.jpg 800w, https:\/\/www.joliehistoire.com\/wp-content\/uploads\/2016\/06\/petit-garcon-se-cache-derriere-sa-chaise-300x200.jpg 300w, https:\/\/www.joliehistoire.com\/wp-content\/uploads\/2016\/06\/petit-garcon-se-cache-derriere-sa-chaise-768x512.jpg 768w\" data-src=\"https:\/\/www.joliehistoire.com\/wp-content\/uploads\/2016\/06\/petit-garcon-se-cache-derriere-sa-chaise.jpg\">\n\t\t\t<\/dt><\/dl><br style=\"clear: both\"><dl class=\"gallery-item\">\n\t\t\t<dt class=\"gallery-icon landscape\">\n\t\t\t\t<noscript><img decoding=\"async\" width=\"800\" height=\"533\" src=\"https:\/\/www.joliehistoire.com\/wp-content\/uploads\/2016\/06\/tranche-de-vie-avec-un-petit-garcon.jpg\" class=\"attachment-full size-full\" alt=\"tranche de vie avec un petit garcon\" srcset=\"https:\/\/www.joliehistoire.com\/wp-content\/uploads\/2016\/06\/tranche-de-vie-avec-un-petit-garcon.jpg 800w, https:\/\/www.joliehistoire.com\/wp-content\/uploads\/2016\/06\/tranche-de-vie-avec-un-petit-garcon-300x200.jpg 300w, https:\/\/www.joliehistoire.com\/wp-content\/uploads\/2016\/06\/tranche-de-vie-avec-un-petit-garcon-768x512.jpg 768w\" sizes=\"(max-width: 800px) 100vw, 800px\"><\/noscript><img decoding=\"async\" width=\"800\" height=\"533\" src=\"data:image\/svg+xml,%3Csvg%20xmlns%3D%22http%3A%2F%2Fwww.w3.org%2F2000%2Fsvg%22%20viewBox%3D%220%200%20800%20533%22%3E%3C%2Fsvg%3E\" class=\"attachment-full size-full lazyload\" alt=\"tranche de vie avec un petit garcon\" srcset=\"data:image\/svg+xml,%3Csvg%20xmlns%3D%22http%3A%2F%2Fwww.w3.org%2F2000%2Fsvg%22%20viewBox%3D%220%200%20800%20533%22%3E%3C%2Fsvg%3E 800w\" sizes=\"(max-width: 800px) 100vw, 800px\" data-srcset=\"https:\/\/www.joliehistoire.com\/wp-content\/uploads\/2016\/06\/tranche-de-vie-avec-un-petit-garcon.jpg 800w, https:\/\/www.joliehistoire.com\/wp-content\/uploads\/2016\/06\/tranche-de-vie-avec-un-petit-garcon-300x200.jpg 300w, https:\/\/www.joliehistoire.com\/wp-content\/uploads\/2016\/06\/tranche-de-vie-avec-un-petit-garcon-768x512.jpg 768w\" data-src=\"https:\/\/www.joliehistoire.com\/wp-content\/uploads\/2016\/06\/tranche-de-vie-avec-un-petit-garcon.jpg\">\n\t\t\t<\/dt><\/dl><br style=\"clear: both\"><dl class=\"gallery-item\">\n\t\t\t<dt class=\"gallery-icon landscape\">\n\t\t\t\t<noscript><img decoding=\"async\" width=\"800\" height=\"533\" src=\"https:\/\/www.joliehistoire.com\/wp-content\/uploads\/2016\/06\/les-sachets-de-riz-pour-feter-la-sortie-des-maries.jpg\" class=\"attachment-full size-full\" alt=\"les sachets de riz pour f\u00eater la sortie des mari\u00e9s\" srcset=\"https:\/\/www.joliehistoire.com\/wp-content\/uploads\/2016\/06\/les-sachets-de-riz-pour-feter-la-sortie-des-maries.jpg 800w, https:\/\/www.joliehistoire.com\/wp-content\/uploads\/2016\/06\/les-sachets-de-riz-pour-feter-la-sortie-des-maries-300x200.jpg 300w, https:\/\/www.joliehistoire.com\/wp-content\/uploads\/2016\/06\/les-sachets-de-riz-pour-feter-la-sortie-des-maries-768x512.jpg 768w\" sizes=\"(max-width: 800px) 100vw, 800px\"><\/noscript><img decoding=\"async\" width=\"800\" height=\"533\" src=\"data:image\/svg+xml,%3Csvg%20xmlns%3D%22http%3A%2F%2Fwww.w3.org%2F2000%2Fsvg%22%20viewBox%3D%220%200%20800%20533%22%3E%3C%2Fsvg%3E\" class=\"attachment-full size-full lazyload\" alt=\"les sachets de riz pour f\u00eater la sortie des mari\u00e9s\" srcset=\"data:image\/svg+xml,%3Csvg%20xmlns%3D%22http%3A%2F%2Fwww.w3.org%2F2000%2Fsvg%22%20viewBox%3D%220%200%20800%20533%22%3E%3C%2Fsvg%3E 800w\" sizes=\"(max-width: 800px) 100vw, 800px\" data-srcset=\"https:\/\/www.joliehistoire.com\/wp-content\/uploads\/2016\/06\/les-sachets-de-riz-pour-feter-la-sortie-des-maries.jpg 800w, https:\/\/www.joliehistoire.com\/wp-content\/uploads\/2016\/06\/les-sachets-de-riz-pour-feter-la-sortie-des-maries-300x200.jpg 300w, https:\/\/www.joliehistoire.com\/wp-content\/uploads\/2016\/06\/les-sachets-de-riz-pour-feter-la-sortie-des-maries-768x512.jpg 768w\" data-src=\"https:\/\/www.joliehistoire.com\/wp-content\/uploads\/2016\/06\/les-sachets-de-riz-pour-feter-la-sortie-des-maries.jpg\">\n\t\t\t<\/dt><\/dl><br style=\"clear: both\"><dl class=\"gallery-item\">\n\t\t\t<dt class=\"gallery-icon landscape\">\n\t\t\t\t<noscript><img decoding=\"async\" width=\"800\" height=\"533\" src=\"https:\/\/www.joliehistoire.com\/wp-content\/uploads\/2016\/06\/les-maries-dans-lescalier-de-la-mairie-de-rumelange.jpg\" class=\"attachment-full size-full\" alt=\"les mari\u00e9s dans l&#039;escalier de la mairie de Rumelange\" srcset=\"https:\/\/www.joliehistoire.com\/wp-content\/uploads\/2016\/06\/les-maries-dans-lescalier-de-la-mairie-de-rumelange.jpg 800w, https:\/\/www.joliehistoire.com\/wp-content\/uploads\/2016\/06\/les-maries-dans-lescalier-de-la-mairie-de-rumelange-300x200.jpg 300w, https:\/\/www.joliehistoire.com\/wp-content\/uploads\/2016\/06\/les-maries-dans-lescalier-de-la-mairie-de-rumelange-768x512.jpg 768w\" sizes=\"(max-width: 800px) 100vw, 800px\"><\/noscript><img decoding=\"async\" width=\"800\" height=\"533\" src=\"data:image\/svg+xml,%3Csvg%20xmlns%3D%22http%3A%2F%2Fwww.w3.org%2F2000%2Fsvg%22%20viewBox%3D%220%200%20800%20533%22%3E%3C%2Fsvg%3E\" class=\"attachment-full size-full lazyload\" alt=\"les mari\u00e9s dans l&#039;escalier de la mairie de Rumelange\" srcset=\"data:image\/svg+xml,%3Csvg%20xmlns%3D%22http%3A%2F%2Fwww.w3.org%2F2000%2Fsvg%22%20viewBox%3D%220%200%20800%20533%22%3E%3C%2Fsvg%3E 800w\" sizes=\"(max-width: 800px) 100vw, 800px\" data-srcset=\"https:\/\/www.joliehistoire.com\/wp-content\/uploads\/2016\/06\/les-maries-dans-lescalier-de-la-mairie-de-rumelange.jpg 800w, https:\/\/www.joliehistoire.com\/wp-content\/uploads\/2016\/06\/les-maries-dans-lescalier-de-la-mairie-de-rumelange-300x200.jpg 300w, https:\/\/www.joliehistoire.com\/wp-content\/uploads\/2016\/06\/les-maries-dans-lescalier-de-la-mairie-de-rumelange-768x512.jpg 768w\" data-src=\"https:\/\/www.joliehistoire.com\/wp-content\/uploads\/2016\/06\/les-maries-dans-lescalier-de-la-mairie-de-rumelange.jpg\">\n\t\t\t<\/dt><\/dl><br style=\"clear: both\"><dl class=\"gallery-item\">\n\t\t\t<dt class=\"gallery-icon landscape\">\n\t\t\t\t<noscript><img decoding=\"async\" width=\"800\" height=\"533\" src=\"https:\/\/www.joliehistoire.com\/wp-content\/uploads\/2016\/06\/le-marie-dans-le-retroviseur-de-sa-fiat-jaune.jpg\" class=\"attachment-full size-full\" alt=\"le mari\u00e9 dans le r\u00e9troviseur de sa Fiat jaune\" srcset=\"https:\/\/www.joliehistoire.com\/wp-content\/uploads\/2016\/06\/le-marie-dans-le-retroviseur-de-sa-fiat-jaune.jpg 800w, https:\/\/www.joliehistoire.com\/wp-content\/uploads\/2016\/06\/le-marie-dans-le-retroviseur-de-sa-fiat-jaune-300x200.jpg 300w, https:\/\/www.joliehistoire.com\/wp-content\/uploads\/2016\/06\/le-marie-dans-le-retroviseur-de-sa-fiat-jaune-768x512.jpg 768w\" sizes=\"(max-width: 800px) 100vw, 800px\"><\/noscript><img decoding=\"async\" width=\"800\" height=\"533\" src=\"data:image\/svg+xml,%3Csvg%20xmlns%3D%22http%3A%2F%2Fwww.w3.org%2F2000%2Fsvg%22%20viewBox%3D%220%200%20800%20533%22%3E%3C%2Fsvg%3E\" class=\"attachment-full size-full lazyload\" alt=\"le mari\u00e9 dans le r\u00e9troviseur de sa Fiat jaune\" srcset=\"data:image\/svg+xml,%3Csvg%20xmlns%3D%22http%3A%2F%2Fwww.w3.org%2F2000%2Fsvg%22%20viewBox%3D%220%200%20800%20533%22%3E%3C%2Fsvg%3E 800w\" sizes=\"(max-width: 800px) 100vw, 800px\" data-srcset=\"https:\/\/www.joliehistoire.com\/wp-content\/uploads\/2016\/06\/le-marie-dans-le-retroviseur-de-sa-fiat-jaune.jpg 800w, https:\/\/www.joliehistoire.com\/wp-content\/uploads\/2016\/06\/le-marie-dans-le-retroviseur-de-sa-fiat-jaune-300x200.jpg 300w, https:\/\/www.joliehistoire.com\/wp-content\/uploads\/2016\/06\/le-marie-dans-le-retroviseur-de-sa-fiat-jaune-768x512.jpg 768w\" data-src=\"https:\/\/www.joliehistoire.com\/wp-content\/uploads\/2016\/06\/le-marie-dans-le-retroviseur-de-sa-fiat-jaune.jpg\">\n\t\t\t<\/dt><\/dl><br style=\"clear: both\"><dl class=\"gallery-item\">\n\t\t\t<dt class=\"gallery-icon landscape\">\n\t\t\t\t<noscript><img decoding=\"async\" width=\"800\" height=\"533\" src=\"https:\/\/www.joliehistoire.com\/wp-content\/uploads\/2016\/06\/les-maries-ont-perdu-le-cortege.jpg\" class=\"attachment-full size-full\" alt=\"les mari\u00e9s ont perdu le cort\u00e8ge !\" srcset=\"https:\/\/www.joliehistoire.com\/wp-content\/uploads\/2016\/06\/les-maries-ont-perdu-le-cortege.jpg 800w, https:\/\/www.joliehistoire.com\/wp-content\/uploads\/2016\/06\/les-maries-ont-perdu-le-cortege-300x200.jpg 300w, https:\/\/www.joliehistoire.com\/wp-content\/uploads\/2016\/06\/les-maries-ont-perdu-le-cortege-768x512.jpg 768w\" sizes=\"(max-width: 800px) 100vw, 800px\"><\/noscript><img decoding=\"async\" width=\"800\" height=\"533\" src=\"data:image\/svg+xml,%3Csvg%20xmlns%3D%22http%3A%2F%2Fwww.w3.org%2F2000%2Fsvg%22%20viewBox%3D%220%200%20800%20533%22%3E%3C%2Fsvg%3E\" class=\"attachment-full size-full lazyload\" alt=\"les mari\u00e9s ont perdu le cort\u00e8ge !\" srcset=\"data:image\/svg+xml,%3Csvg%20xmlns%3D%22http%3A%2F%2Fwww.w3.org%2F2000%2Fsvg%22%20viewBox%3D%220%200%20800%20533%22%3E%3C%2Fsvg%3E 800w\" sizes=\"(max-width: 800px) 100vw, 800px\" data-srcset=\"https:\/\/www.joliehistoire.com\/wp-content\/uploads\/2016\/06\/les-maries-ont-perdu-le-cortege.jpg 800w, https:\/\/www.joliehistoire.com\/wp-content\/uploads\/2016\/06\/les-maries-ont-perdu-le-cortege-300x200.jpg 300w, https:\/\/www.joliehistoire.com\/wp-content\/uploads\/2016\/06\/les-maries-ont-perdu-le-cortege-768x512.jpg 768w\" data-src=\"https:\/\/www.joliehistoire.com\/wp-content\/uploads\/2016\/06\/les-maries-ont-perdu-le-cortege.jpg\">\n\t\t\t<\/dt><\/dl><br style=\"clear: both\"><dl class=\"gallery-item\">\n\t\t\t<dt class=\"gallery-icon landscape\">\n\t\t\t\t<noscript><img decoding=\"async\" width=\"800\" height=\"533\" src=\"https:\/\/www.joliehistoire.com\/wp-content\/uploads\/2016\/06\/les-maries-retrouvent-le-cortege.jpg\" class=\"attachment-full size-full\" alt=\"les mari\u00e9s retrouvent le cort\u00e8ge !\" srcset=\"https:\/\/www.joliehistoire.com\/wp-content\/uploads\/2016\/06\/les-maries-retrouvent-le-cortege.jpg 800w, https:\/\/www.joliehistoire.com\/wp-content\/uploads\/2016\/06\/les-maries-retrouvent-le-cortege-300x200.jpg 300w, https:\/\/www.joliehistoire.com\/wp-content\/uploads\/2016\/06\/les-maries-retrouvent-le-cortege-768x512.jpg 768w\" sizes=\"(max-width: 800px) 100vw, 800px\"><\/noscript><img decoding=\"async\" width=\"800\" height=\"533\" src=\"data:image\/svg+xml,%3Csvg%20xmlns%3D%22http%3A%2F%2Fwww.w3.org%2F2000%2Fsvg%22%20viewBox%3D%220%200%20800%20533%22%3E%3C%2Fsvg%3E\" class=\"attachment-full size-full lazyload\" alt=\"les mari\u00e9s retrouvent le cort\u00e8ge !\" srcset=\"data:image\/svg+xml,%3Csvg%20xmlns%3D%22http%3A%2F%2Fwww.w3.org%2F2000%2Fsvg%22%20viewBox%3D%220%200%20800%20533%22%3E%3C%2Fsvg%3E 800w\" sizes=\"(max-width: 800px) 100vw, 800px\" data-srcset=\"https:\/\/www.joliehistoire.com\/wp-content\/uploads\/2016\/06\/les-maries-retrouvent-le-cortege.jpg 800w, https:\/\/www.joliehistoire.com\/wp-content\/uploads\/2016\/06\/les-maries-retrouvent-le-cortege-300x200.jpg 300w, https:\/\/www.joliehistoire.com\/wp-content\/uploads\/2016\/06\/les-maries-retrouvent-le-cortege-768x512.jpg 768w\" data-src=\"https:\/\/www.joliehistoire.com\/wp-content\/uploads\/2016\/06\/les-maries-retrouvent-le-cortege.jpg\">\n\t\t\t<\/dt><\/dl><br style=\"clear: both\"><dl class=\"gallery-item\">\n\t\t\t<dt class=\"gallery-icon landscape\">\n\t\t\t\t<noscript><img decoding=\"async\" width=\"800\" height=\"533\" src=\"https:\/\/www.joliehistoire.com\/wp-content\/uploads\/2016\/06\/petite-fille-se-balance-avec-un-ballon-dans-la-bouche.jpg\" class=\"attachment-full size-full\" alt=\"petite fille se balance avec un ballon dans la bouche\" srcset=\"https:\/\/www.joliehistoire.com\/wp-content\/uploads\/2016\/06\/petite-fille-se-balance-avec-un-ballon-dans-la-bouche.jpg 800w, https:\/\/www.joliehistoire.com\/wp-content\/uploads\/2016\/06\/petite-fille-se-balance-avec-un-ballon-dans-la-bouche-300x200.jpg 300w, https:\/\/www.joliehistoire.com\/wp-content\/uploads\/2016\/06\/petite-fille-se-balance-avec-un-ballon-dans-la-bouche-768x512.jpg 768w\" sizes=\"(max-width: 800px) 100vw, 800px\"><\/noscript><img decoding=\"async\" width=\"800\" height=\"533\" src=\"data:image\/svg+xml,%3Csvg%20xmlns%3D%22http%3A%2F%2Fwww.w3.org%2F2000%2Fsvg%22%20viewBox%3D%220%200%20800%20533%22%3E%3C%2Fsvg%3E\" class=\"attachment-full size-full lazyload\" alt=\"petite fille se balance avec un ballon dans la bouche\" srcset=\"data:image\/svg+xml,%3Csvg%20xmlns%3D%22http%3A%2F%2Fwww.w3.org%2F2000%2Fsvg%22%20viewBox%3D%220%200%20800%20533%22%3E%3C%2Fsvg%3E 800w\" sizes=\"(max-width: 800px) 100vw, 800px\" data-srcset=\"https:\/\/www.joliehistoire.com\/wp-content\/uploads\/2016\/06\/petite-fille-se-balance-avec-un-ballon-dans-la-bouche.jpg 800w, https:\/\/www.joliehistoire.com\/wp-content\/uploads\/2016\/06\/petite-fille-se-balance-avec-un-ballon-dans-la-bouche-300x200.jpg 300w, https:\/\/www.joliehistoire.com\/wp-content\/uploads\/2016\/06\/petite-fille-se-balance-avec-un-ballon-dans-la-bouche-768x512.jpg 768w\" data-src=\"https:\/\/www.joliehistoire.com\/wp-content\/uploads\/2016\/06\/petite-fille-se-balance-avec-un-ballon-dans-la-bouche.jpg\">\n\t\t\t<\/dt><\/dl><br style=\"clear: both\"><dl class=\"gallery-item\">\n\t\t\t<dt class=\"gallery-icon landscape\">\n\t\t\t\t<noscript><img decoding=\"async\" width=\"800\" height=\"533\" src=\"https:\/\/www.joliehistoire.com\/wp-content\/uploads\/2016\/06\/petite-fille-portant-une-robe-a-ruban-rose-joue-a-la-balancoire.jpg\" class=\"attachment-full size-full\" alt=\"petite fille portant une robe \u00e0 ruban rose joue \u00e0 la balan\u00e7oire\" srcset=\"https:\/\/www.joliehistoire.com\/wp-content\/uploads\/2016\/06\/petite-fille-portant-une-robe-a-ruban-rose-joue-a-la-balancoire.jpg 800w, https:\/\/www.joliehistoire.com\/wp-content\/uploads\/2016\/06\/petite-fille-portant-une-robe-a-ruban-rose-joue-a-la-balancoire-300x200.jpg 300w, https:\/\/www.joliehistoire.com\/wp-content\/uploads\/2016\/06\/petite-fille-portant-une-robe-a-ruban-rose-joue-a-la-balancoire-768x512.jpg 768w\" sizes=\"(max-width: 800px) 100vw, 800px\"><\/noscript><img decoding=\"async\" width=\"800\" height=\"533\" src=\"data:image\/svg+xml,%3Csvg%20xmlns%3D%22http%3A%2F%2Fwww.w3.org%2F2000%2Fsvg%22%20viewBox%3D%220%200%20800%20533%22%3E%3C%2Fsvg%3E\" class=\"attachment-full size-full lazyload\" alt=\"petite fille portant une robe \u00e0 ruban rose joue \u00e0 la balan\u00e7oire\" srcset=\"data:image\/svg+xml,%3Csvg%20xmlns%3D%22http%3A%2F%2Fwww.w3.org%2F2000%2Fsvg%22%20viewBox%3D%220%200%20800%20533%22%3E%3C%2Fsvg%3E 800w\" sizes=\"(max-width: 800px) 100vw, 800px\" data-srcset=\"https:\/\/www.joliehistoire.com\/wp-content\/uploads\/2016\/06\/petite-fille-portant-une-robe-a-ruban-rose-joue-a-la-balancoire.jpg 800w, https:\/\/www.joliehistoire.com\/wp-content\/uploads\/2016\/06\/petite-fille-portant-une-robe-a-ruban-rose-joue-a-la-balancoire-300x200.jpg 300w, https:\/\/www.joliehistoire.com\/wp-content\/uploads\/2016\/06\/petite-fille-portant-une-robe-a-ruban-rose-joue-a-la-balancoire-768x512.jpg 768w\" data-src=\"https:\/\/www.joliehistoire.com\/wp-content\/uploads\/2016\/06\/petite-fille-portant-une-robe-a-ruban-rose-joue-a-la-balancoire.jpg\">\n\t\t\t<\/dt><\/dl><br style=\"clear: both\"><dl class=\"gallery-item\">\n\t\t\t<dt class=\"gallery-icon landscape\">\n\t\t\t\t<noscript><img decoding=\"async\" width=\"800\" height=\"533\" src=\"https:\/\/www.joliehistoire.com\/wp-content\/uploads\/2016\/06\/le-lancer-du-bouquet-en-contre-jour.jpg\" class=\"attachment-full size-full\" alt=\"le lancer du bouquet en contre-jour\" srcset=\"https:\/\/www.joliehistoire.com\/wp-content\/uploads\/2016\/06\/le-lancer-du-bouquet-en-contre-jour.jpg 800w, https:\/\/www.joliehistoire.com\/wp-content\/uploads\/2016\/06\/le-lancer-du-bouquet-en-contre-jour-300x200.jpg 300w, https:\/\/www.joliehistoire.com\/wp-content\/uploads\/2016\/06\/le-lancer-du-bouquet-en-contre-jour-768x512.jpg 768w\" sizes=\"(max-width: 800px) 100vw, 800px\"><\/noscript><img decoding=\"async\" width=\"800\" height=\"533\" src=\"data:image\/svg+xml,%3Csvg%20xmlns%3D%22http%3A%2F%2Fwww.w3.org%2F2000%2Fsvg%22%20viewBox%3D%220%200%20800%20533%22%3E%3C%2Fsvg%3E\" class=\"attachment-full size-full lazyload\" alt=\"le lancer du bouquet en contre-jour\" srcset=\"data:image\/svg+xml,%3Csvg%20xmlns%3D%22http%3A%2F%2Fwww.w3.org%2F2000%2Fsvg%22%20viewBox%3D%220%200%20800%20533%22%3E%3C%2Fsvg%3E 800w\" sizes=\"(max-width: 800px) 100vw, 800px\" data-srcset=\"https:\/\/www.joliehistoire.com\/wp-content\/uploads\/2016\/06\/le-lancer-du-bouquet-en-contre-jour.jpg 800w, https:\/\/www.joliehistoire.com\/wp-content\/uploads\/2016\/06\/le-lancer-du-bouquet-en-contre-jour-300x200.jpg 300w, https:\/\/www.joliehistoire.com\/wp-content\/uploads\/2016\/06\/le-lancer-du-bouquet-en-contre-jour-768x512.jpg 768w\" data-src=\"https:\/\/www.joliehistoire.com\/wp-content\/uploads\/2016\/06\/le-lancer-du-bouquet-en-contre-jour.jpg\">\n\t\t\t<\/dt><\/dl><br style=\"clear: both\"><dl class=\"gallery-item\">\n\t\t\t<dt class=\"gallery-icon landscape\">\n\t\t\t\t<noscript><img decoding=\"async\" width=\"800\" height=\"533\" src=\"https:\/\/www.joliehistoire.com\/wp-content\/uploads\/2016\/06\/la-mariee-vient-de-lancer-le-bouquet.jpg\" class=\"attachment-full size-full\" alt=\"la mari\u00e9e vient de lancer le bouquet\" srcset=\"https:\/\/www.joliehistoire.com\/wp-content\/uploads\/2016\/06\/la-mariee-vient-de-lancer-le-bouquet.jpg 800w, https:\/\/www.joliehistoire.com\/wp-content\/uploads\/2016\/06\/la-mariee-vient-de-lancer-le-bouquet-300x200.jpg 300w, https:\/\/www.joliehistoire.com\/wp-content\/uploads\/2016\/06\/la-mariee-vient-de-lancer-le-bouquet-768x512.jpg 768w\" sizes=\"(max-width: 800px) 100vw, 800px\"><\/noscript><img decoding=\"async\" width=\"800\" height=\"533\" src=\"data:image\/svg+xml,%3Csvg%20xmlns%3D%22http%3A%2F%2Fwww.w3.org%2F2000%2Fsvg%22%20viewBox%3D%220%200%20800%20533%22%3E%3C%2Fsvg%3E\" class=\"attachment-full size-full lazyload\" alt=\"la mari\u00e9e vient de lancer le bouquet\" srcset=\"data:image\/svg+xml,%3Csvg%20xmlns%3D%22http%3A%2F%2Fwww.w3.org%2F2000%2Fsvg%22%20viewBox%3D%220%200%20800%20533%22%3E%3C%2Fsvg%3E 800w\" sizes=\"(max-width: 800px) 100vw, 800px\" data-srcset=\"https:\/\/www.joliehistoire.com\/wp-content\/uploads\/2016\/06\/la-mariee-vient-de-lancer-le-bouquet.jpg 800w, https:\/\/www.joliehistoire.com\/wp-content\/uploads\/2016\/06\/la-mariee-vient-de-lancer-le-bouquet-300x200.jpg 300w, https:\/\/www.joliehistoire.com\/wp-content\/uploads\/2016\/06\/la-mariee-vient-de-lancer-le-bouquet-768x512.jpg 768w\" data-src=\"https:\/\/www.joliehistoire.com\/wp-content\/uploads\/2016\/06\/la-mariee-vient-de-lancer-le-bouquet.jpg\">\n\t\t\t<\/dt><\/dl><br style=\"clear: both\"><dl class=\"gallery-item\">\n\t\t\t<dt class=\"gallery-icon landscape\">\n\t\t\t\t<noscript><img decoding=\"async\" width=\"800\" height=\"533\" src=\"https:\/\/www.joliehistoire.com\/wp-content\/uploads\/2016\/06\/une-femme-attrape-le-bouquet.jpg\" class=\"attachment-full size-full\" alt=\"une femme attrape le bouquet\" srcset=\"https:\/\/www.joliehistoire.com\/wp-content\/uploads\/2016\/06\/une-femme-attrape-le-bouquet.jpg 800w, https:\/\/www.joliehistoire.com\/wp-content\/uploads\/2016\/06\/une-femme-attrape-le-bouquet-300x200.jpg 300w, https:\/\/www.joliehistoire.com\/wp-content\/uploads\/2016\/06\/une-femme-attrape-le-bouquet-768x512.jpg 768w\" sizes=\"(max-width: 800px) 100vw, 800px\"><\/noscript><img decoding=\"async\" width=\"800\" height=\"533\" src=\"data:image\/svg+xml,%3Csvg%20xmlns%3D%22http%3A%2F%2Fwww.w3.org%2F2000%2Fsvg%22%20viewBox%3D%220%200%20800%20533%22%3E%3C%2Fsvg%3E\" class=\"attachment-full size-full lazyload\" alt=\"une femme attrape le bouquet\" srcset=\"data:image\/svg+xml,%3Csvg%20xmlns%3D%22http%3A%2F%2Fwww.w3.org%2F2000%2Fsvg%22%20viewBox%3D%220%200%20800%20533%22%3E%3C%2Fsvg%3E 800w\" sizes=\"(max-width: 800px) 100vw, 800px\" data-srcset=\"https:\/\/www.joliehistoire.com\/wp-content\/uploads\/2016\/06\/une-femme-attrape-le-bouquet.jpg 800w, https:\/\/www.joliehistoire.com\/wp-content\/uploads\/2016\/06\/une-femme-attrape-le-bouquet-300x200.jpg 300w, https:\/\/www.joliehistoire.com\/wp-content\/uploads\/2016\/06\/une-femme-attrape-le-bouquet-768x512.jpg 768w\" data-src=\"https:\/\/www.joliehistoire.com\/wp-content\/uploads\/2016\/06\/une-femme-attrape-le-bouquet.jpg\">\n\t\t\t<\/dt><\/dl><br style=\"clear: both\"><dl class=\"gallery-item\">\n\t\t\t<dt class=\"gallery-icon landscape\">\n\t\t\t\t<noscript><img decoding=\"async\" width=\"800\" height=\"533\" src=\"https:\/\/www.joliehistoire.com\/wp-content\/uploads\/2016\/06\/scene-dembrassade.jpg\" class=\"attachment-full size-full\" alt=\"sc\u00e8ne d&#039;embrassade\" srcset=\"https:\/\/www.joliehistoire.com\/wp-content\/uploads\/2016\/06\/scene-dembrassade.jpg 800w, https:\/\/www.joliehistoire.com\/wp-content\/uploads\/2016\/06\/scene-dembrassade-300x200.jpg 300w, https:\/\/www.joliehistoire.com\/wp-content\/uploads\/2016\/06\/scene-dembrassade-768x512.jpg 768w\" sizes=\"(max-width: 800px) 100vw, 800px\"><\/noscript><img decoding=\"async\" width=\"800\" height=\"533\" src=\"data:image\/svg+xml,%3Csvg%20xmlns%3D%22http%3A%2F%2Fwww.w3.org%2F2000%2Fsvg%22%20viewBox%3D%220%200%20800%20533%22%3E%3C%2Fsvg%3E\" class=\"attachment-full size-full lazyload\" alt=\"sc\u00e8ne d&#039;embrassade\" srcset=\"data:image\/svg+xml,%3Csvg%20xmlns%3D%22http%3A%2F%2Fwww.w3.org%2F2000%2Fsvg%22%20viewBox%3D%220%200%20800%20533%22%3E%3C%2Fsvg%3E 800w\" sizes=\"(max-width: 800px) 100vw, 800px\" data-srcset=\"https:\/\/www.joliehistoire.com\/wp-content\/uploads\/2016\/06\/scene-dembrassade.jpg 800w, https:\/\/www.joliehistoire.com\/wp-content\/uploads\/2016\/06\/scene-dembrassade-300x200.jpg 300w, https:\/\/www.joliehistoire.com\/wp-content\/uploads\/2016\/06\/scene-dembrassade-768x512.jpg 768w\" data-src=\"https:\/\/www.joliehistoire.com\/wp-content\/uploads\/2016\/06\/scene-dembrassade.jpg\">\n\t\t\t<\/dt><\/dl><br style=\"clear: both\"><dl class=\"gallery-item\">\n\t\t\t<dt class=\"gallery-icon landscape\">\n\t\t\t\t<noscript><img decoding=\"async\" width=\"800\" height=\"533\" src=\"https:\/\/www.joliehistoire.com\/wp-content\/uploads\/2016\/06\/les-invites-du-mariage-jouent-au-babyfoot.jpg\" class=\"attachment-full size-full\" alt=\"les invit\u00e9s du mariage jouent au babyfoot\" srcset=\"https:\/\/www.joliehistoire.com\/wp-content\/uploads\/2016\/06\/les-invites-du-mariage-jouent-au-babyfoot.jpg 800w, https:\/\/www.joliehistoire.com\/wp-content\/uploads\/2016\/06\/les-invites-du-mariage-jouent-au-babyfoot-300x200.jpg 300w, https:\/\/www.joliehistoire.com\/wp-content\/uploads\/2016\/06\/les-invites-du-mariage-jouent-au-babyfoot-768x512.jpg 768w\" sizes=\"(max-width: 800px) 100vw, 800px\"><\/noscript><img decoding=\"async\" width=\"800\" height=\"533\" src=\"data:image\/svg+xml,%3Csvg%20xmlns%3D%22http%3A%2F%2Fwww.w3.org%2F2000%2Fsvg%22%20viewBox%3D%220%200%20800%20533%22%3E%3C%2Fsvg%3E\" class=\"attachment-full size-full lazyload\" alt=\"les invit\u00e9s du mariage jouent au babyfoot\" srcset=\"data:image\/svg+xml,%3Csvg%20xmlns%3D%22http%3A%2F%2Fwww.w3.org%2F2000%2Fsvg%22%20viewBox%3D%220%200%20800%20533%22%3E%3C%2Fsvg%3E 800w\" sizes=\"(max-width: 800px) 100vw, 800px\" data-srcset=\"https:\/\/www.joliehistoire.com\/wp-content\/uploads\/2016\/06\/les-invites-du-mariage-jouent-au-babyfoot.jpg 800w, https:\/\/www.joliehistoire.com\/wp-content\/uploads\/2016\/06\/les-invites-du-mariage-jouent-au-babyfoot-300x200.jpg 300w, https:\/\/www.joliehistoire.com\/wp-content\/uploads\/2016\/06\/les-invites-du-mariage-jouent-au-babyfoot-768x512.jpg 768w\" data-src=\"https:\/\/www.joliehistoire.com\/wp-content\/uploads\/2016\/06\/les-invites-du-mariage-jouent-au-babyfoot.jpg\">\n\t\t\t<\/dt><\/dl><br style=\"clear: both\"><dl class=\"gallery-item\">\n\t\t\t<dt class=\"gallery-icon landscape\">\n\t\t\t\t<noscript><img decoding=\"async\" width=\"800\" height=\"533\" src=\"https:\/\/www.joliehistoire.com\/wp-content\/uploads\/2016\/06\/portrait-du-marie-le-parain-fumant-une-cigarette.jpg\" class=\"attachment-full size-full\" alt=\"portrait du mari\u00e9 le parain fumant une cigarette\" srcset=\"https:\/\/www.joliehistoire.com\/wp-content\/uploads\/2016\/06\/portrait-du-marie-le-parain-fumant-une-cigarette.jpg 800w, https:\/\/www.joliehistoire.com\/wp-content\/uploads\/2016\/06\/portrait-du-marie-le-parain-fumant-une-cigarette-300x200.jpg 300w, https:\/\/www.joliehistoire.com\/wp-content\/uploads\/2016\/06\/portrait-du-marie-le-parain-fumant-une-cigarette-768x512.jpg 768w\" sizes=\"(max-width: 800px) 100vw, 800px\"><\/noscript><img decoding=\"async\" width=\"800\" height=\"533\" src=\"data:image\/svg+xml,%3Csvg%20xmlns%3D%22http%3A%2F%2Fwww.w3.org%2F2000%2Fsvg%22%20viewBox%3D%220%200%20800%20533%22%3E%3C%2Fsvg%3E\" class=\"attachment-full size-full lazyload\" alt=\"portrait du mari\u00e9 le parain fumant une cigarette\" srcset=\"data:image\/svg+xml,%3Csvg%20xmlns%3D%22http%3A%2F%2Fwww.w3.org%2F2000%2Fsvg%22%20viewBox%3D%220%200%20800%20533%22%3E%3C%2Fsvg%3E 800w\" sizes=\"(max-width: 800px) 100vw, 800px\" data-srcset=\"https:\/\/www.joliehistoire.com\/wp-content\/uploads\/2016\/06\/portrait-du-marie-le-parain-fumant-une-cigarette.jpg 800w, https:\/\/www.joliehistoire.com\/wp-content\/uploads\/2016\/06\/portrait-du-marie-le-parain-fumant-une-cigarette-300x200.jpg 300w, https:\/\/www.joliehistoire.com\/wp-content\/uploads\/2016\/06\/portrait-du-marie-le-parain-fumant-une-cigarette-768x512.jpg 768w\" data-src=\"https:\/\/www.joliehistoire.com\/wp-content\/uploads\/2016\/06\/portrait-du-marie-le-parain-fumant-une-cigarette.jpg\">\n\t\t\t<\/dt><\/dl><br style=\"clear: both\"><dl class=\"gallery-item\">\n\t\t\t<dt class=\"gallery-icon landscape\">\n\t\t\t\t<noscript><img decoding=\"async\" width=\"800\" height=\"533\" src=\"https:\/\/www.joliehistoire.com\/wp-content\/uploads\/2016\/06\/les-maries-dansent-au-moulin-daltwies.jpg\" class=\"attachment-full size-full\" alt=\"les mari\u00e9s dansent au moulin d&#039;altwies\" srcset=\"https:\/\/www.joliehistoire.com\/wp-content\/uploads\/2016\/06\/les-maries-dansent-au-moulin-daltwies.jpg 800w, https:\/\/www.joliehistoire.com\/wp-content\/uploads\/2016\/06\/les-maries-dansent-au-moulin-daltwies-300x200.jpg 300w, https:\/\/www.joliehistoire.com\/wp-content\/uploads\/2016\/06\/les-maries-dansent-au-moulin-daltwies-768x512.jpg 768w\" sizes=\"(max-width: 800px) 100vw, 800px\"><\/noscript><img decoding=\"async\" width=\"800\" height=\"533\" src=\"data:image\/svg+xml,%3Csvg%20xmlns%3D%22http%3A%2F%2Fwww.w3.org%2F2000%2Fsvg%22%20viewBox%3D%220%200%20800%20533%22%3E%3C%2Fsvg%3E\" class=\"attachment-full size-full lazyload\" alt=\"les mari\u00e9s dansent au moulin d&#039;altwies\" srcset=\"data:image\/svg+xml,%3Csvg%20xmlns%3D%22http%3A%2F%2Fwww.w3.org%2F2000%2Fsvg%22%20viewBox%3D%220%200%20800%20533%22%3E%3C%2Fsvg%3E 800w\" sizes=\"(max-width: 800px) 100vw, 800px\" data-srcset=\"https:\/\/www.joliehistoire.com\/wp-content\/uploads\/2016\/06\/les-maries-dansent-au-moulin-daltwies.jpg 800w, https:\/\/www.joliehistoire.com\/wp-content\/uploads\/2016\/06\/les-maries-dansent-au-moulin-daltwies-300x200.jpg 300w, https:\/\/www.joliehistoire.com\/wp-content\/uploads\/2016\/06\/les-maries-dansent-au-moulin-daltwies-768x512.jpg 768w\" data-src=\"https:\/\/www.joliehistoire.com\/wp-content\/uploads\/2016\/06\/les-maries-dansent-au-moulin-daltwies.jpg\">\n\t\t\t<\/dt><\/dl><br style=\"clear: both\"><dl class=\"gallery-item\">\n\t\t\t<dt class=\"gallery-icon landscape\">\n\t\t\t\t<noscript><img decoding=\"async\" width=\"800\" height=\"533\" src=\"https:\/\/www.joliehistoire.com\/wp-content\/uploads\/2016\/06\/les-maries-au-moulin-daltwies-pendant-la-soiree-du-mariage.jpg\" class=\"attachment-full size-full\" alt=\"les mari\u00e9s au moulin d&#039;altwies pendant la soir\u00e9e du mariage\" srcset=\"https:\/\/www.joliehistoire.com\/wp-content\/uploads\/2016\/06\/les-maries-au-moulin-daltwies-pendant-la-soiree-du-mariage.jpg 800w, https:\/\/www.joliehistoire.com\/wp-content\/uploads\/2016\/06\/les-maries-au-moulin-daltwies-pendant-la-soiree-du-mariage-300x200.jpg 300w, https:\/\/www.joliehistoire.com\/wp-content\/uploads\/2016\/06\/les-maries-au-moulin-daltwies-pendant-la-soiree-du-mariage-768x512.jpg 768w\" sizes=\"(max-width: 800px) 100vw, 800px\"><\/noscript><img decoding=\"async\" width=\"800\" height=\"533\" src=\"data:image\/svg+xml,%3Csvg%20xmlns%3D%22http%3A%2F%2Fwww.w3.org%2F2000%2Fsvg%22%20viewBox%3D%220%200%20800%20533%22%3E%3C%2Fsvg%3E\" class=\"attachment-full size-full lazyload\" alt=\"les mari\u00e9s au moulin d&#039;altwies pendant la soir\u00e9e du mariage\" srcset=\"data:image\/svg+xml,%3Csvg%20xmlns%3D%22http%3A%2F%2Fwww.w3.org%2F2000%2Fsvg%22%20viewBox%3D%220%200%20800%20533%22%3E%3C%2Fsvg%3E 800w\" sizes=\"(max-width: 800px) 100vw, 800px\" data-srcset=\"https:\/\/www.joliehistoire.com\/wp-content\/uploads\/2016\/06\/les-maries-au-moulin-daltwies-pendant-la-soiree-du-mariage.jpg 800w, https:\/\/www.joliehistoire.com\/wp-content\/uploads\/2016\/06\/les-maries-au-moulin-daltwies-pendant-la-soiree-du-mariage-300x200.jpg 300w, https:\/\/www.joliehistoire.com\/wp-content\/uploads\/2016\/06\/les-maries-au-moulin-daltwies-pendant-la-soiree-du-mariage-768x512.jpg 768w\" data-src=\"https:\/\/www.joliehistoire.com\/wp-content\/uploads\/2016\/06\/les-maries-au-moulin-daltwies-pendant-la-soiree-du-mariage.jpg\">\n\t\t\t<\/dt><\/dl><br style=\"clear: both\"><dl class=\"gallery-item\">\n\t\t\t<dt class=\"gallery-icon landscape\">\n\t\t\t\t<noscript><img decoding=\"async\" width=\"800\" height=\"533\" src=\"https:\/\/www.joliehistoire.com\/wp-content\/uploads\/2016\/06\/enfants-jouant-au-ballon-sur-la-piste-de-danse-du-mariage.jpg\" class=\"attachment-full size-full\" alt=\"enfants jouant au ballon sur la piste de danse du mariage\" srcset=\"https:\/\/www.joliehistoire.com\/wp-content\/uploads\/2016\/06\/enfants-jouant-au-ballon-sur-la-piste-de-danse-du-mariage.jpg 800w, https:\/\/www.joliehistoire.com\/wp-content\/uploads\/2016\/06\/enfants-jouant-au-ballon-sur-la-piste-de-danse-du-mariage-300x200.jpg 300w, https:\/\/www.joliehistoire.com\/wp-content\/uploads\/2016\/06\/enfants-jouant-au-ballon-sur-la-piste-de-danse-du-mariage-768x512.jpg 768w\" sizes=\"(max-width: 800px) 100vw, 800px\"><\/noscript><img decoding=\"async\" width=\"800\" height=\"533\" src=\"data:image\/svg+xml,%3Csvg%20xmlns%3D%22http%3A%2F%2Fwww.w3.org%2F2000%2Fsvg%22%20viewBox%3D%220%200%20800%20533%22%3E%3C%2Fsvg%3E\" class=\"attachment-full size-full lazyload\" alt=\"enfants jouant au ballon sur la piste de danse du mariage\" srcset=\"data:image\/svg+xml,%3Csvg%20xmlns%3D%22http%3A%2F%2Fwww.w3.org%2F2000%2Fsvg%22%20viewBox%3D%220%200%20800%20533%22%3E%3C%2Fsvg%3E 800w\" sizes=\"(max-width: 800px) 100vw, 800px\" data-srcset=\"https:\/\/www.joliehistoire.com\/wp-content\/uploads\/2016\/06\/enfants-jouant-au-ballon-sur-la-piste-de-danse-du-mariage.jpg 800w, https:\/\/www.joliehistoire.com\/wp-content\/uploads\/2016\/06\/enfants-jouant-au-ballon-sur-la-piste-de-danse-du-mariage-300x200.jpg 300w, https:\/\/www.joliehistoire.com\/wp-content\/uploads\/2016\/06\/enfants-jouant-au-ballon-sur-la-piste-de-danse-du-mariage-768x512.jpg 768w\" data-src=\"https:\/\/www.joliehistoire.com\/wp-content\/uploads\/2016\/06\/enfants-jouant-au-ballon-sur-la-piste-de-danse-du-mariage.jpg\">\n\t\t\t<\/dt><\/dl><br style=\"clear: both\"><dl class=\"gallery-item\">\n\t\t\t<dt class=\"gallery-icon landscape\">\n\t\t\t\t<noscript><img decoding=\"async\" width=\"800\" height=\"533\" src=\"https:\/\/www.joliehistoire.com\/wp-content\/uploads\/2016\/06\/les-maries-applaudis-par-les-invites.jpg\" class=\"attachment-full size-full\" alt=\"les mari\u00e9s applaudis par les invit\u00e9s\" srcset=\"https:\/\/www.joliehistoire.com\/wp-content\/uploads\/2016\/06\/les-maries-applaudis-par-les-invites.jpg 800w, https:\/\/www.joliehistoire.com\/wp-content\/uploads\/2016\/06\/les-maries-applaudis-par-les-invites-300x200.jpg 300w, https:\/\/www.joliehistoire.com\/wp-content\/uploads\/2016\/06\/les-maries-applaudis-par-les-invites-768x512.jpg 768w\" sizes=\"(max-width: 800px) 100vw, 800px\"><\/noscript><img decoding=\"async\" width=\"800\" height=\"533\" src=\"data:image\/svg+xml,%3Csvg%20xmlns%3D%22http%3A%2F%2Fwww.w3.org%2F2000%2Fsvg%22%20viewBox%3D%220%200%20800%20533%22%3E%3C%2Fsvg%3E\" class=\"attachment-full size-full lazyload\" alt=\"les mari\u00e9s applaudis par les invit\u00e9s\" srcset=\"data:image\/svg+xml,%3Csvg%20xmlns%3D%22http%3A%2F%2Fwww.w3.org%2F2000%2Fsvg%22%20viewBox%3D%220%200%20800%20533%22%3E%3C%2Fsvg%3E 800w\" sizes=\"(max-width: 800px) 100vw, 800px\" data-srcset=\"https:\/\/www.joliehistoire.com\/wp-content\/uploads\/2016\/06\/les-maries-applaudis-par-les-invites.jpg 800w, https:\/\/www.joliehistoire.com\/wp-content\/uploads\/2016\/06\/les-maries-applaudis-par-les-invites-300x200.jpg 300w, https:\/\/www.joliehistoire.com\/wp-content\/uploads\/2016\/06\/les-maries-applaudis-par-les-invites-768x512.jpg 768w\" data-src=\"https:\/\/www.joliehistoire.com\/wp-content\/uploads\/2016\/06\/les-maries-applaudis-par-les-invites.jpg\">\n\t\t\t<\/dt><\/dl><br style=\"clear: both\"><dl class=\"gallery-item\">\n\t\t\t<dt class=\"gallery-icon landscape\">\n\t\t\t\t<noscript><img decoding=\"async\" width=\"800\" height=\"533\" src=\"https:\/\/www.joliehistoire.com\/wp-content\/uploads\/2016\/06\/photo-de-group-fun-au-moulin-daltwies.jpg\" class=\"attachment-full size-full\" alt=\"photo de group fun au moulin d&#039;altwies\" srcset=\"https:\/\/www.joliehistoire.com\/wp-content\/uploads\/2016\/06\/photo-de-group-fun-au-moulin-daltwies.jpg 800w, https:\/\/www.joliehistoire.com\/wp-content\/uploads\/2016\/06\/photo-de-group-fun-au-moulin-daltwies-300x200.jpg 300w, https:\/\/www.joliehistoire.com\/wp-content\/uploads\/2016\/06\/photo-de-group-fun-au-moulin-daltwies-768x512.jpg 768w\" sizes=\"(max-width: 800px) 100vw, 800px\"><\/noscript><img decoding=\"async\" width=\"800\" height=\"533\" src=\"data:image\/svg+xml,%3Csvg%20xmlns%3D%22http%3A%2F%2Fwww.w3.org%2F2000%2Fsvg%22%20viewBox%3D%220%200%20800%20533%22%3E%3C%2Fsvg%3E\" class=\"attachment-full size-full lazyload\" alt=\"photo de group fun au moulin d&#039;altwies\" srcset=\"data:image\/svg+xml,%3Csvg%20xmlns%3D%22http%3A%2F%2Fwww.w3.org%2F2000%2Fsvg%22%20viewBox%3D%220%200%20800%20533%22%3E%3C%2Fsvg%3E 800w\" sizes=\"(max-width: 800px) 100vw, 800px\" data-srcset=\"https:\/\/www.joliehistoire.com\/wp-content\/uploads\/2016\/06\/photo-de-group-fun-au-moulin-daltwies.jpg 800w, https:\/\/www.joliehistoire.com\/wp-content\/uploads\/2016\/06\/photo-de-group-fun-au-moulin-daltwies-300x200.jpg 300w, https:\/\/www.joliehistoire.com\/wp-content\/uploads\/2016\/06\/photo-de-group-fun-au-moulin-daltwies-768x512.jpg 768w\" data-src=\"https:\/\/www.joliehistoire.com\/wp-content\/uploads\/2016\/06\/photo-de-group-fun-au-moulin-daltwies.jpg\">\n\t\t\t<\/dt><\/dl><br style=\"clear: both\"><dl class=\"gallery-item\">\n\t\t\t<dt class=\"gallery-icon landscape\">\n\t\t\t\t<noscript><img decoding=\"async\" width=\"800\" height=\"533\" src=\"https:\/\/www.joliehistoire.com\/wp-content\/uploads\/2016\/06\/380.jpg\" class=\"attachment-full size-full\" alt=\"joueur de saxophone\" srcset=\"https:\/\/www.joliehistoire.com\/wp-content\/uploads\/2016\/06\/380.jpg 800w, https:\/\/www.joliehistoire.com\/wp-content\/uploads\/2016\/06\/380-300x200.jpg 300w, https:\/\/www.joliehistoire.com\/wp-content\/uploads\/2016\/06\/380-768x512.jpg 768w\" sizes=\"(max-width: 800px) 100vw, 800px\"><\/noscript><img decoding=\"async\" width=\"800\" height=\"533\" src=\"data:image\/svg+xml,%3Csvg%20xmlns%3D%22http%3A%2F%2Fwww.w3.org%2F2000%2Fsvg%22%20viewBox%3D%220%200%20800%20533%22%3E%3C%2Fsvg%3E\" class=\"attachment-full size-full lazyload\" alt=\"joueur de saxophone\" srcset=\"data:image\/svg+xml,%3Csvg%20xmlns%3D%22http%3A%2F%2Fwww.w3.org%2F2000%2Fsvg%22%20viewBox%3D%220%200%20800%20533%22%3E%3C%2Fsvg%3E 800w\" sizes=\"(max-width: 800px) 100vw, 800px\" data-srcset=\"https:\/\/www.joliehistoire.com\/wp-content\/uploads\/2016\/06\/380.jpg 800w, https:\/\/www.joliehistoire.com\/wp-content\/uploads\/2016\/06\/380-300x200.jpg 300w, https:\/\/www.joliehistoire.com\/wp-content\/uploads\/2016\/06\/380-768x512.jpg 768w\" data-src=\"https:\/\/www.joliehistoire.com\/wp-content\/uploads\/2016\/06\/380.jpg\">\n\t\t\t<\/dt><\/dl><br style=\"clear: both\"><dl class=\"gallery-item\">\n\t\t\t<dt class=\"gallery-icon landscape\">\n\t\t\t\t<noscript><img decoding=\"async\" width=\"800\" height=\"533\" src=\"https:\/\/www.joliehistoire.com\/wp-content\/uploads\/2016\/06\/le-marie-joue-du-saxophone-pendant-la-soiree.jpg\" class=\"attachment-full size-full\" alt=\"le mari\u00e9 joue du saxophone pendant la soir\u00e9e\" srcset=\"https:\/\/www.joliehistoire.com\/wp-content\/uploads\/2016\/06\/le-marie-joue-du-saxophone-pendant-la-soiree.jpg 800w, https:\/\/www.joliehistoire.com\/wp-content\/uploads\/2016\/06\/le-marie-joue-du-saxophone-pendant-la-soiree-300x200.jpg 300w, https:\/\/www.joliehistoire.com\/wp-content\/uploads\/2016\/06\/le-marie-joue-du-saxophone-pendant-la-soiree-768x512.jpg 768w\" sizes=\"(max-width: 800px) 100vw, 800px\"><\/noscript><img decoding=\"async\" width=\"800\" height=\"533\" src=\"data:image\/svg+xml,%3Csvg%20xmlns%3D%22http%3A%2F%2Fwww.w3.org%2F2000%2Fsvg%22%20viewBox%3D%220%200%20800%20533%22%3E%3C%2Fsvg%3E\" class=\"attachment-full size-full lazyload\" alt=\"le mari\u00e9 joue du saxophone pendant la soir\u00e9e\" srcset=\"data:image\/svg+xml,%3Csvg%20xmlns%3D%22http%3A%2F%2Fwww.w3.org%2F2000%2Fsvg%22%20viewBox%3D%220%200%20800%20533%22%3E%3C%2Fsvg%3E 800w\" sizes=\"(max-width: 800px) 100vw, 800px\" data-srcset=\"https:\/\/www.joliehistoire.com\/wp-content\/uploads\/2016\/06\/le-marie-joue-du-saxophone-pendant-la-soiree.jpg 800w, https:\/\/www.joliehistoire.com\/wp-content\/uploads\/2016\/06\/le-marie-joue-du-saxophone-pendant-la-soiree-300x200.jpg 300w, https:\/\/www.joliehistoire.com\/wp-content\/uploads\/2016\/06\/le-marie-joue-du-saxophone-pendant-la-soiree-768x512.jpg 768w\" data-src=\"https:\/\/www.joliehistoire.com\/wp-content\/uploads\/2016\/06\/le-marie-joue-du-saxophone-pendant-la-soiree.jpg\">\n\t\t\t<\/dt><\/dl><br style=\"clear: both\">\n\t\t<\/div>\n\n<p>&nbsp;<\/p>\n<h2>&nbsp;La fin des pr\u00e9paratifs<\/h2>\n<p>C&rsquo;est \u00e0 leur domicile dans le Sud du Luxembourg que j&rsquo;ai retrouv\u00e9 les futurs mari\u00e9s et document\u00e9 la fin de leur pr\u00e9paratifs. Quelques photos classiques comme la fermeture de la robe ou les alliances. Mais \u00e9galement <strong>des tranches de vie plus incongrues<\/strong> comme ce bricolage improvis\u00e9 dans le garage pour raccourcir le bracelet de montre au marteau ! Quelques <strong>photos dr\u00f4les et tendres<\/strong> \u00e9galement avec le jeune fils des mari\u00e9s.<\/p>\n<h2>Les photos de couples au parc de Mondorf-les-bains<\/h2>\n<p>C&rsquo;est au joli parc de Mondorf-les-bains que nous avons r\u00e9alis\u00e9 la s\u00e9ance photo de couples. Sous le soleil et la chaleur, mais toujours dans la bonne humeur. D&rsquo;abord <strong>une rencontre \u00e9mouvante entre les mari\u00e9s<\/strong>, puis quelques photos plus traditionnelles pour faire plaisir aux parents.<\/p>\n<h2>La c\u00e9r\u00e9monie \u00e0 la mairie de Rumelange<\/h2>\n<p>Comme \u00e0 peu pr\u00e8s toujours, la mairie n&rsquo;\u00e9tait pas tr\u00e8s belle et la lumi\u00e8re assez dure. Le noir et blanc est donc de rigueur pour ces quelques photos de la c\u00e9r\u00e9monie civile. &nbsp;Ma premi\u00e8re dans cette mairie sur les bords de la Moselle.<\/p>\n<h2>Le cocktail et la soir\u00e9e au Moulin d&rsquo;Altwies<\/h2>\n<p>L\u00e0 je dois dire, j&rsquo;ai \u00e9t\u00e9 bluff\u00e9 par l&rsquo;endroit ! Un cadre magnifique, un lieu un peu rustique mais authentique et bien conserv\u00e9. <a href=\"http:\/\/www.newspirit.lu\/fr\/le-moulin\/\" target=\"_blank\">Le Moulin d&rsquo;Altwies<\/a> est l&rsquo;<strong>un des plus beaux cadres que j&rsquo;ai pu voir au Luxembourg<\/strong> pour organiser une soir\u00e9e de mariage !<\/p>\n<p>Il y a eu des joies, des rires, des larmes, <strong>tous les ingr\u00e9dients d&rsquo;une soir\u00e9e r\u00e9ussie<\/strong>. Des photos de groupe fun et des invit\u00e9s tous tr\u00e8s sympathiques. C&rsquo;est d&rsquo;ailleurs tr\u00e8s appr\u00e9ciable&nbsp;lorsque je me sens bien accueillis par les convives. Les photos n&rsquo;en sont que plus naturelles.<\/p>\n<p>Merci encore \u00e0 Sonia et Tony pour leur confiance et \u00e0 qui je souhaite tout le meilleur !<\/p>\n","protected":false},"excerpt":{"rendered":"<p>Aujourd&rsquo;hui je vous pr\u00e9sente le mariage de Sonia et Tony. Ce sympathique couple Luxembourgeois m&rsquo;avait fait\u00a0confiance pour \u00eatre leur photographe et immortaliser cette belle journ\u00e9e. Ma prestation couvrait la fin des pr\u00e9paratifs jusqu&rsquo;\u00e0 la soir\u00e9e au Moulin d&rsquo;Altwies. Retour sur ce mariage, mais tout d&rsquo;abord les photos ! &nbsp; \u00a0La fin des pr\u00e9paratifs C&rsquo;est \u00e0 [&hellip;]<\/p>\n","protected":false},"author":1,"featured_media":14306,"comment_status":"closed","ping_status":"open","sticky":false,"template":"","format":"standard","meta":{"footnotes":""},"categories":[58],"tags":[],"class_list":["post-14654","post","type-post","status-publish","format-standard","has-post-thumbnail","hentry","category-blog-be"],"yoast_head":"<!-- This site is optimized with the Yoast SEO plugin v27.4 - https:\/\/yoast.com\/product\/yoast-seo-wordpress\/ -->\n<title>Photographe au Luxembourg: un mariage au Moulin d&#039;Altwies<\/title>\n<meta name=\"description\" content=\"Sonia et Tony m&#039;ont fait confiance pour \u00eatre leur photographe de mariage. Celui-ci s&#039;est d\u00e9roul\u00e9 au magnifique Moulin d&#039;Altwies dans le sud du Luxembourg.\" \/>\n<meta name=\"robots\" content=\"index, follow, max-snippet:-1, max-image-preview:large, max-video-preview:-1\" \/>\n<link rel=\"canonical\" href=\"https:\/\/www.joliehistoire.com\/be\/blog-be\/mariage-moulin-altwies-luxembourg\/\" \/>\n<meta name=\"twitter:card\" content=\"summary_large_image\" \/>\n<meta name=\"twitter:title\" content=\"Photographe au Luxembourg: un mariage au Moulin d&#039;Altwies\" \/>\n<meta name=\"twitter:description\" content=\"Sonia et Tony m&#039;ont fait confiance pour \u00eatre leur photographe de mariage. Celui-ci s&#039;est d\u00e9roul\u00e9 au magnifique Moulin d&#039;Altwies dans le sud du Luxembourg.\" \/>\n<meta name=\"twitter:image\" content=\"https:\/\/www.joliehistoire.com\/wp-content\/uploads\/2016\/06\/portrait-du-marie-le-parain-fumant-une-cigarette.jpg\" \/>\n<meta name=\"twitter:label1\" content=\"\u00c9crit par\" \/>\n\t<meta name=\"twitter:data1\" content=\"photographe luxembourg\" \/>\n\t<meta name=\"twitter:label2\" content=\"Dur\u00e9e de lecture est.\" \/>\n\t<meta name=\"twitter:data2\" content=\"2 minutes\" \/>\n<script type=\"application\/ld+json\" class=\"yoast-schema-graph\">{\"@context\":\"https:\\\/\\\/schema.org\",\"@graph\":[{\"@type\":\"Article\",\"@id\":\"https:\\\/\\\/www.joliehistoire.com\\\/be\\\/blog-be\\\/mariage-moulin-altwies-luxembourg\\\/#article\",\"isPartOf\":{\"@id\":\"https:\\\/\\\/www.joliehistoire.com\\\/be\\\/blog-be\\\/mariage-moulin-altwies-luxembourg\\\/\"},\"author\":{\"name\":\"photographe luxembourg\",\"@id\":\"https:\\\/\\\/www.joliehistoire.com\\\/#\\\/schema\\\/person\\\/bd008c25130122120b7a541135b27f8b\"},\"headline\":\"Un mariage au Moulin d&rsquo;Altwies\",\"datePublished\":\"2016-08-11T14:18:22+00:00\",\"dateModified\":\"2017-02-06T15:38:31+00:00\",\"mainEntityOfPage\":{\"@id\":\"https:\\\/\\\/www.joliehistoire.com\\\/be\\\/blog-be\\\/mariage-moulin-altwies-luxembourg\\\/\"},\"wordCount\":395,\"image\":{\"@id\":\"https:\\\/\\\/www.joliehistoire.com\\\/be\\\/blog-be\\\/mariage-moulin-altwies-luxembourg\\\/#primaryimage\"},\"thumbnailUrl\":\"https:\\\/\\\/www.joliehistoire.com\\\/wp-content\\\/uploads\\\/2016\\\/06\\\/portrait-du-marie-le-parain-fumant-une-cigarette.jpg\",\"articleSection\":[\"blog\"],\"inLanguage\":\"fr-BE\"},{\"@type\":\"WebPage\",\"@id\":\"https:\\\/\\\/www.joliehistoire.com\\\/be\\\/blog-be\\\/mariage-moulin-altwies-luxembourg\\\/\",\"url\":\"https:\\\/\\\/www.joliehistoire.com\\\/be\\\/blog-be\\\/mariage-moulin-altwies-luxembourg\\\/\",\"name\":\"Photographe au Luxembourg: un mariage au Moulin d'Altwies\",\"isPartOf\":{\"@id\":\"https:\\\/\\\/www.joliehistoire.com\\\/#website\"},\"primaryImageOfPage\":{\"@id\":\"https:\\\/\\\/www.joliehistoire.com\\\/be\\\/blog-be\\\/mariage-moulin-altwies-luxembourg\\\/#primaryimage\"},\"image\":{\"@id\":\"https:\\\/\\\/www.joliehistoire.com\\\/be\\\/blog-be\\\/mariage-moulin-altwies-luxembourg\\\/#primaryimage\"},\"thumbnailUrl\":\"https:\\\/\\\/www.joliehistoire.com\\\/wp-content\\\/uploads\\\/2016\\\/06\\\/portrait-du-marie-le-parain-fumant-une-cigarette.jpg\",\"datePublished\":\"2016-08-11T14:18:22+00:00\",\"dateModified\":\"2017-02-06T15:38:31+00:00\",\"author\":{\"@id\":\"https:\\\/\\\/www.joliehistoire.com\\\/#\\\/schema\\\/person\\\/bd008c25130122120b7a541135b27f8b\"},\"description\":\"Sonia et Tony m'ont fait confiance pour \u00eatre leur photographe de mariage. Celui-ci s'est d\u00e9roul\u00e9 au magnifique Moulin d'Altwies dans le sud du Luxembourg.\",\"breadcrumb\":{\"@id\":\"https:\\\/\\\/www.joliehistoire.com\\\/be\\\/blog-be\\\/mariage-moulin-altwies-luxembourg\\\/#breadcrumb\"},\"inLanguage\":\"fr-BE\",\"potentialAction\":[{\"@type\":\"ReadAction\",\"target\":[\"https:\\\/\\\/www.joliehistoire.com\\\/be\\\/blog-be\\\/mariage-moulin-altwies-luxembourg\\\/\"]}]},{\"@type\":\"ImageObject\",\"inLanguage\":\"fr-BE\",\"@id\":\"https:\\\/\\\/www.joliehistoire.com\\\/be\\\/blog-be\\\/mariage-moulin-altwies-luxembourg\\\/#primaryimage\",\"url\":\"https:\\\/\\\/www.joliehistoire.com\\\/wp-content\\\/uploads\\\/2016\\\/06\\\/portrait-du-marie-le-parain-fumant-une-cigarette.jpg\",\"contentUrl\":\"https:\\\/\\\/www.joliehistoire.com\\\/wp-content\\\/uploads\\\/2016\\\/06\\\/portrait-du-marie-le-parain-fumant-une-cigarette.jpg\",\"width\":800,\"height\":533,\"caption\":\"portrait du mari\u00e9 le parain fumant une cigarette\"},{\"@type\":\"BreadcrumbList\",\"@id\":\"https:\\\/\\\/www.joliehistoire.com\\\/be\\\/blog-be\\\/mariage-moulin-altwies-luxembourg\\\/#breadcrumb\",\"itemListElement\":[{\"@type\":\"ListItem\",\"position\":1,\"name\":\"Home\",\"item\":\"https:\\\/\\\/www.joliehistoire.com\\\/be\\\/\"},{\"@type\":\"ListItem\",\"position\":2,\"name\":\"Un mariage au Moulin d&rsquo;Altwies\"}]},{\"@type\":\"WebSite\",\"@id\":\"https:\\\/\\\/www.joliehistoire.com\\\/#website\",\"url\":\"https:\\\/\\\/www.joliehistoire.com\\\/\",\"name\":\"joliehistoire\",\"description\":\"wedding photographer\",\"potentialAction\":[{\"@type\":\"SearchAction\",\"target\":{\"@type\":\"EntryPoint\",\"urlTemplate\":\"https:\\\/\\\/www.joliehistoire.com\\\/?s={search_term_string}\"},\"query-input\":{\"@type\":\"PropertyValueSpecification\",\"valueRequired\":true,\"valueName\":\"search_term_string\"}}],\"inLanguage\":\"fr-BE\"},{\"@type\":\"Person\",\"@id\":\"https:\\\/\\\/www.joliehistoire.com\\\/#\\\/schema\\\/person\\\/bd008c25130122120b7a541135b27f8b\",\"name\":\"photographe luxembourg\",\"image\":{\"@type\":\"ImageObject\",\"inLanguage\":\"fr-BE\",\"@id\":\"https:\\\/\\\/secure.gravatar.com\\\/avatar\\\/03679d8c33ffd4c1861f7eb3f232c608660617a0925ee9f5edb0d1de0df20058?s=96&d=mm&r=g\",\"url\":\"https:\\\/\\\/secure.gravatar.com\\\/avatar\\\/03679d8c33ffd4c1861f7eb3f232c608660617a0925ee9f5edb0d1de0df20058?s=96&d=mm&r=g\",\"contentUrl\":\"https:\\\/\\\/secure.gravatar.com\\\/avatar\\\/03679d8c33ffd4c1861f7eb3f232c608660617a0925ee9f5edb0d1de0df20058?s=96&d=mm&r=g\",\"caption\":\"photographe luxembourg\"}}]}<\/script>\n<!-- \/ Yoast SEO plugin. -->","yoast_head_json":{"title":"Photographe au Luxembourg: un mariage au Moulin d'Altwies","description":"Sonia et Tony m'ont fait confiance pour \u00eatre leur photographe de mariage. Celui-ci s'est d\u00e9roul\u00e9 au magnifique Moulin d'Altwies dans le sud du Luxembourg.","robots":{"index":"index","follow":"follow","max-snippet":"max-snippet:-1","max-image-preview":"max-image-preview:large","max-video-preview":"max-video-preview:-1"},"canonical":"https:\/\/www.joliehistoire.com\/be\/blog-be\/mariage-moulin-altwies-luxembourg\/","twitter_card":"summary_large_image","twitter_title":"Photographe au Luxembourg: un mariage au Moulin d'Altwies","twitter_description":"Sonia et Tony m'ont fait confiance pour \u00eatre leur photographe de mariage. Celui-ci s'est d\u00e9roul\u00e9 au magnifique Moulin d'Altwies dans le sud du Luxembourg.","twitter_image":"https:\/\/www.joliehistoire.com\/wp-content\/uploads\/2016\/06\/portrait-du-marie-le-parain-fumant-une-cigarette.jpg","twitter_misc":{"\u00c9crit par":"photographe luxembourg","Dur\u00e9e de lecture est.":"2 minutes"},"schema":{"@context":"https:\/\/schema.org","@graph":[{"@type":"Article","@id":"https:\/\/www.joliehistoire.com\/be\/blog-be\/mariage-moulin-altwies-luxembourg\/#article","isPartOf":{"@id":"https:\/\/www.joliehistoire.com\/be\/blog-be\/mariage-moulin-altwies-luxembourg\/"},"author":{"name":"photographe luxembourg","@id":"https:\/\/www.joliehistoire.com\/#\/schema\/person\/bd008c25130122120b7a541135b27f8b"},"headline":"Un mariage au Moulin d&rsquo;Altwies","datePublished":"2016-08-11T14:18:22+00:00","dateModified":"2017-02-06T15:38:31+00:00","mainEntityOfPage":{"@id":"https:\/\/www.joliehistoire.com\/be\/blog-be\/mariage-moulin-altwies-luxembourg\/"},"wordCount":395,"image":{"@id":"https:\/\/www.joliehistoire.com\/be\/blog-be\/mariage-moulin-altwies-luxembourg\/#primaryimage"},"thumbnailUrl":"https:\/\/www.joliehistoire.com\/wp-content\/uploads\/2016\/06\/portrait-du-marie-le-parain-fumant-une-cigarette.jpg","articleSection":["blog"],"inLanguage":"fr-BE"},{"@type":"WebPage","@id":"https:\/\/www.joliehistoire.com\/be\/blog-be\/mariage-moulin-altwies-luxembourg\/","url":"https:\/\/www.joliehistoire.com\/be\/blog-be\/mariage-moulin-altwies-luxembourg\/","name":"Photographe au Luxembourg: un mariage au Moulin d'Altwies","isPartOf":{"@id":"https:\/\/www.joliehistoire.com\/#website"},"primaryImageOfPage":{"@id":"https:\/\/www.joliehistoire.com\/be\/blog-be\/mariage-moulin-altwies-luxembourg\/#primaryimage"},"image":{"@id":"https:\/\/www.joliehistoire.com\/be\/blog-be\/mariage-moulin-altwies-luxembourg\/#primaryimage"},"thumbnailUrl":"https:\/\/www.joliehistoire.com\/wp-content\/uploads\/2016\/06\/portrait-du-marie-le-parain-fumant-une-cigarette.jpg","datePublished":"2016-08-11T14:18:22+00:00","dateModified":"2017-02-06T15:38:31+00:00","author":{"@id":"https:\/\/www.joliehistoire.com\/#\/schema\/person\/bd008c25130122120b7a541135b27f8b"},"description":"Sonia et Tony m'ont fait confiance pour \u00eatre leur photographe de mariage. Celui-ci s'est d\u00e9roul\u00e9 au magnifique Moulin d'Altwies dans le sud du Luxembourg.","breadcrumb":{"@id":"https:\/\/www.joliehistoire.com\/be\/blog-be\/mariage-moulin-altwies-luxembourg\/#breadcrumb"},"inLanguage":"fr-BE","potentialAction":[{"@type":"ReadAction","target":["https:\/\/www.joliehistoire.com\/be\/blog-be\/mariage-moulin-altwies-luxembourg\/"]}]},{"@type":"ImageObject","inLanguage":"fr-BE","@id":"https:\/\/www.joliehistoire.com\/be\/blog-be\/mariage-moulin-altwies-luxembourg\/#primaryimage","url":"https:\/\/www.joliehistoire.com\/wp-content\/uploads\/2016\/06\/portrait-du-marie-le-parain-fumant-une-cigarette.jpg","contentUrl":"https:\/\/www.joliehistoire.com\/wp-content\/uploads\/2016\/06\/portrait-du-marie-le-parain-fumant-une-cigarette.jpg","width":800,"height":533,"caption":"portrait du mari\u00e9 le parain fumant une cigarette"},{"@type":"BreadcrumbList","@id":"https:\/\/www.joliehistoire.com\/be\/blog-be\/mariage-moulin-altwies-luxembourg\/#breadcrumb","itemListElement":[{"@type":"ListItem","position":1,"name":"Home","item":"https:\/\/www.joliehistoire.com\/be\/"},{"@type":"ListItem","position":2,"name":"Un mariage au Moulin d&rsquo;Altwies"}]},{"@type":"WebSite","@id":"https:\/\/www.joliehistoire.com\/#website","url":"https:\/\/www.joliehistoire.com\/","name":"joliehistoire","description":"wedding photographer","potentialAction":[{"@type":"SearchAction","target":{"@type":"EntryPoint","urlTemplate":"https:\/\/www.joliehistoire.com\/?s={search_term_string}"},"query-input":{"@type":"PropertyValueSpecification","valueRequired":true,"valueName":"search_term_string"}}],"inLanguage":"fr-BE"},{"@type":"Person","@id":"https:\/\/www.joliehistoire.com\/#\/schema\/person\/bd008c25130122120b7a541135b27f8b","name":"photographe luxembourg","image":{"@type":"ImageObject","inLanguage":"fr-BE","@id":"https:\/\/secure.gravatar.com\/avatar\/03679d8c33ffd4c1861f7eb3f232c608660617a0925ee9f5edb0d1de0df20058?s=96&d=mm&r=g","url":"https:\/\/secure.gravatar.com\/avatar\/03679d8c33ffd4c1861f7eb3f232c608660617a0925ee9f5edb0d1de0df20058?s=96&d=mm&r=g","contentUrl":"https:\/\/secure.gravatar.com\/avatar\/03679d8c33ffd4c1861f7eb3f232c608660617a0925ee9f5edb0d1de0df20058?s=96&d=mm&r=g","caption":"photographe luxembourg"}}]}},"_links":{"self":[{"href":"https:\/\/www.joliehistoire.com\/be\/wp-json\/wp\/v2\/posts\/14654\/"}],"collection":[{"href":"https:\/\/www.joliehistoire.com\/be\/wp-json\/wp\/v2\/posts\/"}],"about":[{"href":"https:\/\/www.joliehistoire.com\/be\/wp-json\/wp\/v2\/types\/post\/"}],"author":[{"embeddable":true,"href":"https:\/\/www.joliehistoire.com\/be\/wp-json\/wp\/v2\/users\/1\/"}],"replies":[{"embeddable":true,"href":"https:\/\/www.joliehistoire.com\/be\/wp-json\/wp\/v2\/comments\/?post=14654"}],"version-history":[{"count":2,"href":"https:\/\/www.joliehistoire.com\/be\/wp-json\/wp\/v2\/posts\/14654\/revisions\/"}],"predecessor-version":[{"id":16340,"href":"https:\/\/www.joliehistoire.com\/be\/wp-json\/wp\/v2\/posts\/14654\/revisions\/16340\/"}],"wp:featuredmedia":[{"embeddable":true,"href":"https:\/\/www.joliehistoire.com\/be\/wp-json\/wp\/v2\/media\/14306\/"}],"wp:attachment":[{"href":"https:\/\/www.joliehistoire.com\/be\/wp-json\/wp\/v2\/media\/?parent=14654"}],"wp:term":[{"taxonomy":"category","embeddable":true,"href":"https:\/\/www.joliehistoire.com\/be\/wp-json\/wp\/v2\/categories\/?post=14654"},{"taxonomy":"post_tag","embeddable":true,"href":"https:\/\/www.joliehistoire.com\/be\/wp-json\/wp\/v2\/tags\/?post=14654"}],"curies":[{"name":"wp","href":"https:\/\/api.w.org\/{rel}","templated":true}]}}