{"id":14085,"date":"2016-06-14T12:34:24","date_gmt":"2016-06-14T12:34:24","guid":{"rendered":"https:\/\/www.joliehistoire.com\/be\/?p=14085"},"modified":"2019-02-03T00:16:26","modified_gmt":"2019-02-03T00:16:26","slug":"photos-fiancailles-lifestyle-velo","status":"publish","type":"post","link":"https:\/\/www.joliehistoire.com\/be\/blog-be\/photos-fiancailles-lifestyle-velo\/","title":{"rendered":"S\u00e9ance fian\u00e7ailles lifestyle \u00e0 v\u00e9lo"},"content":{"rendered":"<p>Aujourd&rsquo;hui je vous pr\u00e9sente une seance fian\u00e7ailles tout \u00e0 fait originale en compagnie d&rsquo;Alexandra et de Viki, un couple hispano-luxembourgeois. Viki est un athl\u00e8te de haut niveau puisqu&rsquo;il est \u00e0 ce jour <strong>champion du monde de BMX Flatland<\/strong>, une discipline au croisement du cyclisme et de la danse. C&rsquo;est donc naturellement que nous avons laiss\u00e9 une bonne place au v\u00e9lo lors de cette s\u00e9ance photo.<\/p>\n\n\t\t<style type=\"text\/css\">\n\t\t\t#gallery-1 {\n\t\t\t\tmargin: auto;\n\t\t\t}\n\t\t\t#gallery-1 .gallery-item {\n\t\t\t\tfloat: left;\n\t\t\t\tmargin-top: 10px;\n\t\t\t\ttext-align: center;\n\t\t\t\twidth: 100%;\n\t\t\t}\n\t\t\t#gallery-1 img {\n\t\t\t\tborder: 2px solid #cfcfcf;\n\t\t\t}\n\t\t\t#gallery-1 .gallery-caption {\n\t\t\t\tmargin-left: 0;\n\t\t\t}\n\t\t\t\/* see gallery_shortcode() in wp-includes\/media.php *\/\n\t\t<\/style>\n\t\t<div id=\"gallery-1\" class=\"gallery galleryid-14085 gallery-columns-1 gallery-size-full ilightbox_gallery\" data-options=\"{attr:'source',path:'horizontal'}\"><dl class=\"gallery-item\">\n\t\t\t<dt class=\"gallery-icon landscape\">\n\t\t\t\t<noscript><img decoding=\"async\" width=\"800\" height=\"533\" src=\"https:\/\/www.joliehistoire.com\/wp-content\/uploads\/2016\/05\/les-fiances-sur-leur-velo-au-limbersberg.jpg\" class=\"attachment-full size-full\" alt srcset=\"https:\/\/www.joliehistoire.com\/wp-content\/uploads\/2016\/05\/les-fiances-sur-leur-velo-au-limbersberg.jpg 800w, https:\/\/www.joliehistoire.com\/wp-content\/uploads\/2016\/05\/les-fiances-sur-leur-velo-au-limbersberg-300x200.jpg 300w, https:\/\/www.joliehistoire.com\/wp-content\/uploads\/2016\/05\/les-fiances-sur-leur-velo-au-limbersberg-768x512.jpg 768w\" sizes=\"(max-width: 800px) 100vw, 800px\"><\/noscript><img decoding=\"async\" width=\"800\" height=\"533\" src=\"data:image\/svg+xml,%3Csvg%20xmlns%3D%22http%3A%2F%2Fwww.w3.org%2F2000%2Fsvg%22%20viewBox%3D%220%200%20800%20533%22%3E%3C%2Fsvg%3E\" class=\"attachment-full size-full lazyload\" alt srcset=\"data:image\/svg+xml,%3Csvg%20xmlns%3D%22http%3A%2F%2Fwww.w3.org%2F2000%2Fsvg%22%20viewBox%3D%220%200%20800%20533%22%3E%3C%2Fsvg%3E 800w\" sizes=\"(max-width: 800px) 100vw, 800px\" data-srcset=\"https:\/\/www.joliehistoire.com\/wp-content\/uploads\/2016\/05\/les-fiances-sur-leur-velo-au-limbersberg.jpg 800w, https:\/\/www.joliehistoire.com\/wp-content\/uploads\/2016\/05\/les-fiances-sur-leur-velo-au-limbersberg-300x200.jpg 300w, https:\/\/www.joliehistoire.com\/wp-content\/uploads\/2016\/05\/les-fiances-sur-leur-velo-au-limbersberg-768x512.jpg 768w\" data-src=\"https:\/\/www.joliehistoire.com\/wp-content\/uploads\/2016\/05\/les-fiances-sur-leur-velo-au-limbersberg.jpg\">\n\t\t\t<\/dt><\/dl><br style=\"clear: both\"><dl class=\"gallery-item\">\n\t\t\t<dt class=\"gallery-icon landscape\">\n\t\t\t\t<noscript><img decoding=\"async\" width=\"857\" height=\"571\" src=\"https:\/\/www.joliehistoire.com\/wp-content\/uploads\/2016\/05\/les-fiances-sur-un-banc.jpg\" class=\"attachment-full size-full\" alt srcset=\"https:\/\/www.joliehistoire.com\/wp-content\/uploads\/2016\/05\/les-fiances-sur-un-banc.jpg 857w, https:\/\/www.joliehistoire.com\/wp-content\/uploads\/2016\/05\/les-fiances-sur-un-banc-300x200.jpg 300w, https:\/\/www.joliehistoire.com\/wp-content\/uploads\/2016\/05\/les-fiances-sur-un-banc-768x512.jpg 768w\" sizes=\"(max-width: 857px) 100vw, 857px\"><\/noscript><img decoding=\"async\" width=\"857\" height=\"571\" src=\"data:image\/svg+xml,%3Csvg%20xmlns%3D%22http%3A%2F%2Fwww.w3.org%2F2000%2Fsvg%22%20viewBox%3D%220%200%20857%20571%22%3E%3C%2Fsvg%3E\" class=\"attachment-full size-full lazyload\" alt srcset=\"data:image\/svg+xml,%3Csvg%20xmlns%3D%22http%3A%2F%2Fwww.w3.org%2F2000%2Fsvg%22%20viewBox%3D%220%200%20857%20571%22%3E%3C%2Fsvg%3E 857w\" sizes=\"(max-width: 857px) 100vw, 857px\" data-srcset=\"https:\/\/www.joliehistoire.com\/wp-content\/uploads\/2016\/05\/les-fiances-sur-un-banc.jpg 857w, https:\/\/www.joliehistoire.com\/wp-content\/uploads\/2016\/05\/les-fiances-sur-un-banc-300x200.jpg 300w, https:\/\/www.joliehistoire.com\/wp-content\/uploads\/2016\/05\/les-fiances-sur-un-banc-768x512.jpg 768w\" data-src=\"https:\/\/www.joliehistoire.com\/wp-content\/uploads\/2016\/05\/les-fiances-sur-un-banc.jpg\">\n\t\t\t<\/dt><\/dl><br style=\"clear: both\"><dl class=\"gallery-item\">\n\t\t\t<dt class=\"gallery-icon landscape\">\n\t\t\t\t<noscript><img decoding=\"async\" width=\"975\" height=\"650\" src=\"https:\/\/www.joliehistoire.com\/wp-content\/uploads\/2016\/05\/a-velo-devant-lopera-du-luxembourg.jpg\" class=\"attachment-full size-full\" alt srcset=\"https:\/\/www.joliehistoire.com\/wp-content\/uploads\/2016\/05\/a-velo-devant-lopera-du-luxembourg.jpg 975w, https:\/\/www.joliehistoire.com\/wp-content\/uploads\/2016\/05\/a-velo-devant-lopera-du-luxembourg-300x200.jpg 300w, https:\/\/www.joliehistoire.com\/wp-content\/uploads\/2016\/05\/a-velo-devant-lopera-du-luxembourg-768x512.jpg 768w\" sizes=\"(max-width: 975px) 100vw, 975px\"><\/noscript><img decoding=\"async\" width=\"975\" height=\"650\" src=\"data:image\/svg+xml,%3Csvg%20xmlns%3D%22http%3A%2F%2Fwww.w3.org%2F2000%2Fsvg%22%20viewBox%3D%220%200%20975%20650%22%3E%3C%2Fsvg%3E\" class=\"attachment-full size-full lazyload\" alt srcset=\"data:image\/svg+xml,%3Csvg%20xmlns%3D%22http%3A%2F%2Fwww.w3.org%2F2000%2Fsvg%22%20viewBox%3D%220%200%20975%20650%22%3E%3C%2Fsvg%3E 975w\" sizes=\"(max-width: 975px) 100vw, 975px\" data-srcset=\"https:\/\/www.joliehistoire.com\/wp-content\/uploads\/2016\/05\/a-velo-devant-lopera-du-luxembourg.jpg 975w, https:\/\/www.joliehistoire.com\/wp-content\/uploads\/2016\/05\/a-velo-devant-lopera-du-luxembourg-300x200.jpg 300w, https:\/\/www.joliehistoire.com\/wp-content\/uploads\/2016\/05\/a-velo-devant-lopera-du-luxembourg-768x512.jpg 768w\" data-src=\"https:\/\/www.joliehistoire.com\/wp-content\/uploads\/2016\/05\/a-velo-devant-lopera-du-luxembourg.jpg\">\n\t\t\t<\/dt><\/dl><br style=\"clear: both\"><dl class=\"gallery-item\">\n\t\t\t<dt class=\"gallery-icon landscape\">\n\t\t\t\t<noscript><img decoding=\"async\" width=\"975\" height=\"650\" src=\"https:\/\/www.joliehistoire.com\/wp-content\/uploads\/2016\/05\/un-couple-sous-le-soleil-couchant-du-luxembourg.jpg\" class=\"attachment-full size-full\" alt srcset=\"https:\/\/www.joliehistoire.com\/wp-content\/uploads\/2016\/05\/un-couple-sous-le-soleil-couchant-du-luxembourg.jpg 975w, https:\/\/www.joliehistoire.com\/wp-content\/uploads\/2016\/05\/un-couple-sous-le-soleil-couchant-du-luxembourg-300x200.jpg 300w, https:\/\/www.joliehistoire.com\/wp-content\/uploads\/2016\/05\/un-couple-sous-le-soleil-couchant-du-luxembourg-768x512.jpg 768w\" sizes=\"(max-width: 975px) 100vw, 975px\"><\/noscript><img decoding=\"async\" width=\"975\" height=\"650\" src=\"data:image\/svg+xml,%3Csvg%20xmlns%3D%22http%3A%2F%2Fwww.w3.org%2F2000%2Fsvg%22%20viewBox%3D%220%200%20975%20650%22%3E%3C%2Fsvg%3E\" class=\"attachment-full size-full lazyload\" alt srcset=\"data:image\/svg+xml,%3Csvg%20xmlns%3D%22http%3A%2F%2Fwww.w3.org%2F2000%2Fsvg%22%20viewBox%3D%220%200%20975%20650%22%3E%3C%2Fsvg%3E 975w\" sizes=\"(max-width: 975px) 100vw, 975px\" data-srcset=\"https:\/\/www.joliehistoire.com\/wp-content\/uploads\/2016\/05\/un-couple-sous-le-soleil-couchant-du-luxembourg.jpg 975w, https:\/\/www.joliehistoire.com\/wp-content\/uploads\/2016\/05\/un-couple-sous-le-soleil-couchant-du-luxembourg-300x200.jpg 300w, https:\/\/www.joliehistoire.com\/wp-content\/uploads\/2016\/05\/un-couple-sous-le-soleil-couchant-du-luxembourg-768x512.jpg 768w\" data-src=\"https:\/\/www.joliehistoire.com\/wp-content\/uploads\/2016\/05\/un-couple-sous-le-soleil-couchant-du-luxembourg.jpg\">\n\t\t\t<\/dt><\/dl><br style=\"clear: both\"><dl class=\"gallery-item\">\n\t\t\t<dt class=\"gallery-icon landscape\">\n\t\t\t\t<noscript><img decoding=\"async\" width=\"655\" height=\"437\" src=\"https:\/\/www.joliehistoire.com\/wp-content\/uploads\/2016\/05\/zoom-sur-la-bague-de-fiancailles.jpg\" class=\"attachment-full size-full\" alt srcset=\"https:\/\/www.joliehistoire.com\/wp-content\/uploads\/2016\/05\/zoom-sur-la-bague-de-fiancailles.jpg 655w, https:\/\/www.joliehistoire.com\/wp-content\/uploads\/2016\/05\/zoom-sur-la-bague-de-fiancailles-300x200.jpg 300w\" sizes=\"(max-width: 655px) 100vw, 655px\"><\/noscript><img decoding=\"async\" width=\"655\" height=\"437\" src=\"data:image\/svg+xml,%3Csvg%20xmlns%3D%22http%3A%2F%2Fwww.w3.org%2F2000%2Fsvg%22%20viewBox%3D%220%200%20655%20437%22%3E%3C%2Fsvg%3E\" class=\"attachment-full size-full lazyload\" alt srcset=\"data:image\/svg+xml,%3Csvg%20xmlns%3D%22http%3A%2F%2Fwww.w3.org%2F2000%2Fsvg%22%20viewBox%3D%220%200%20655%20437%22%3E%3C%2Fsvg%3E 655w\" sizes=\"(max-width: 655px) 100vw, 655px\" data-srcset=\"https:\/\/www.joliehistoire.com\/wp-content\/uploads\/2016\/05\/zoom-sur-la-bague-de-fiancailles.jpg 655w, https:\/\/www.joliehistoire.com\/wp-content\/uploads\/2016\/05\/zoom-sur-la-bague-de-fiancailles-300x200.jpg 300w\" data-src=\"https:\/\/www.joliehistoire.com\/wp-content\/uploads\/2016\/05\/zoom-sur-la-bague-de-fiancailles.jpg\">\n\t\t\t<\/dt><\/dl><br style=\"clear: both\"><dl class=\"gallery-item\">\n\t\t\t<dt class=\"gallery-icon landscape\">\n\t\t\t\t<noscript><img decoding=\"async\" width=\"913\" height=\"608\" src=\"https:\/\/www.joliehistoire.com\/wp-content\/uploads\/2016\/05\/couple-marchant-devant-la-philharmonie-en-soiree.jpg\" class=\"attachment-full size-full\" alt srcset=\"https:\/\/www.joliehistoire.com\/wp-content\/uploads\/2016\/05\/couple-marchant-devant-la-philharmonie-en-soiree.jpg 913w, https:\/\/www.joliehistoire.com\/wp-content\/uploads\/2016\/05\/couple-marchant-devant-la-philharmonie-en-soiree-300x200.jpg 300w, https:\/\/www.joliehistoire.com\/wp-content\/uploads\/2016\/05\/couple-marchant-devant-la-philharmonie-en-soiree-768x511.jpg 768w\" sizes=\"(max-width: 913px) 100vw, 913px\"><\/noscript><img decoding=\"async\" width=\"913\" height=\"608\" src=\"data:image\/svg+xml,%3Csvg%20xmlns%3D%22http%3A%2F%2Fwww.w3.org%2F2000%2Fsvg%22%20viewBox%3D%220%200%20913%20608%22%3E%3C%2Fsvg%3E\" class=\"attachment-full size-full lazyload\" alt srcset=\"data:image\/svg+xml,%3Csvg%20xmlns%3D%22http%3A%2F%2Fwww.w3.org%2F2000%2Fsvg%22%20viewBox%3D%220%200%20913%20608%22%3E%3C%2Fsvg%3E 913w\" sizes=\"(max-width: 913px) 100vw, 913px\" data-srcset=\"https:\/\/www.joliehistoire.com\/wp-content\/uploads\/2016\/05\/couple-marchant-devant-la-philharmonie-en-soiree.jpg 913w, https:\/\/www.joliehistoire.com\/wp-content\/uploads\/2016\/05\/couple-marchant-devant-la-philharmonie-en-soiree-300x200.jpg 300w, https:\/\/www.joliehistoire.com\/wp-content\/uploads\/2016\/05\/couple-marchant-devant-la-philharmonie-en-soiree-768x511.jpg 768w\" data-src=\"https:\/\/www.joliehistoire.com\/wp-content\/uploads\/2016\/05\/couple-marchant-devant-la-philharmonie-en-soiree.jpg\">\n\t\t\t<\/dt><\/dl><br style=\"clear: both\"><dl class=\"gallery-item\">\n\t\t\t<dt class=\"gallery-icon landscape\">\n\t\t\t\t<noscript><img decoding=\"async\" width=\"913\" height=\"608\" src=\"https:\/\/www.joliehistoire.com\/wp-content\/uploads\/2016\/05\/couple-damoureux-devant-la-philharmonie.jpg\" class=\"attachment-full size-full\" alt srcset=\"https:\/\/www.joliehistoire.com\/wp-content\/uploads\/2016\/05\/couple-damoureux-devant-la-philharmonie.jpg 913w, https:\/\/www.joliehistoire.com\/wp-content\/uploads\/2016\/05\/couple-damoureux-devant-la-philharmonie-300x200.jpg 300w, https:\/\/www.joliehistoire.com\/wp-content\/uploads\/2016\/05\/couple-damoureux-devant-la-philharmonie-768x511.jpg 768w\" sizes=\"(max-width: 913px) 100vw, 913px\"><\/noscript><img decoding=\"async\" width=\"913\" height=\"608\" src=\"data:image\/svg+xml,%3Csvg%20xmlns%3D%22http%3A%2F%2Fwww.w3.org%2F2000%2Fsvg%22%20viewBox%3D%220%200%20913%20608%22%3E%3C%2Fsvg%3E\" class=\"attachment-full size-full lazyload\" alt srcset=\"data:image\/svg+xml,%3Csvg%20xmlns%3D%22http%3A%2F%2Fwww.w3.org%2F2000%2Fsvg%22%20viewBox%3D%220%200%20913%20608%22%3E%3C%2Fsvg%3E 913w\" sizes=\"(max-width: 913px) 100vw, 913px\" data-srcset=\"https:\/\/www.joliehistoire.com\/wp-content\/uploads\/2016\/05\/couple-damoureux-devant-la-philharmonie.jpg 913w, https:\/\/www.joliehistoire.com\/wp-content\/uploads\/2016\/05\/couple-damoureux-devant-la-philharmonie-300x200.jpg 300w, https:\/\/www.joliehistoire.com\/wp-content\/uploads\/2016\/05\/couple-damoureux-devant-la-philharmonie-768x511.jpg 768w\" data-src=\"https:\/\/www.joliehistoire.com\/wp-content\/uploads\/2016\/05\/couple-damoureux-devant-la-philharmonie.jpg\">\n\t\t\t<\/dt><\/dl><br style=\"clear: both\"><dl class=\"gallery-item\">\n\t\t\t<dt class=\"gallery-icon landscape\">\n\t\t\t\t<noscript><img decoding=\"async\" width=\"975\" height=\"650\" src=\"https:\/\/www.joliehistoire.com\/wp-content\/uploads\/2016\/05\/les-futurs-maries-jouent-avec-les-ardoises-du-photographe.jpg\" class=\"attachment-full size-full\" alt srcset=\"https:\/\/www.joliehistoire.com\/wp-content\/uploads\/2016\/05\/les-futurs-maries-jouent-avec-les-ardoises-du-photographe.jpg 975w, https:\/\/www.joliehistoire.com\/wp-content\/uploads\/2016\/05\/les-futurs-maries-jouent-avec-les-ardoises-du-photographe-300x200.jpg 300w, https:\/\/www.joliehistoire.com\/wp-content\/uploads\/2016\/05\/les-futurs-maries-jouent-avec-les-ardoises-du-photographe-768x512.jpg 768w\" sizes=\"(max-width: 975px) 100vw, 975px\"><\/noscript><img decoding=\"async\" width=\"975\" height=\"650\" src=\"data:image\/svg+xml,%3Csvg%20xmlns%3D%22http%3A%2F%2Fwww.w3.org%2F2000%2Fsvg%22%20viewBox%3D%220%200%20975%20650%22%3E%3C%2Fsvg%3E\" class=\"attachment-full size-full lazyload\" alt srcset=\"data:image\/svg+xml,%3Csvg%20xmlns%3D%22http%3A%2F%2Fwww.w3.org%2F2000%2Fsvg%22%20viewBox%3D%220%200%20975%20650%22%3E%3C%2Fsvg%3E 975w\" sizes=\"(max-width: 975px) 100vw, 975px\" data-srcset=\"https:\/\/www.joliehistoire.com\/wp-content\/uploads\/2016\/05\/les-futurs-maries-jouent-avec-les-ardoises-du-photographe.jpg 975w, https:\/\/www.joliehistoire.com\/wp-content\/uploads\/2016\/05\/les-futurs-maries-jouent-avec-les-ardoises-du-photographe-300x200.jpg 300w, https:\/\/www.joliehistoire.com\/wp-content\/uploads\/2016\/05\/les-futurs-maries-jouent-avec-les-ardoises-du-photographe-768x512.jpg 768w\" data-src=\"https:\/\/www.joliehistoire.com\/wp-content\/uploads\/2016\/05\/les-futurs-maries-jouent-avec-les-ardoises-du-photographe.jpg\">\n\t\t\t<\/dt><\/dl><br style=\"clear: both\"><dl class=\"gallery-item\">\n\t\t\t<dt class=\"gallery-icon landscape\">\n\t\t\t\t<noscript><img decoding=\"async\" width=\"975\" height=\"650\" src=\"https:\/\/www.joliehistoire.com\/wp-content\/uploads\/2016\/05\/seance-fiancailles-au-luxembourg.jpg\" class=\"attachment-full size-full\" alt srcset=\"https:\/\/www.joliehistoire.com\/wp-content\/uploads\/2016\/05\/seance-fiancailles-au-luxembourg.jpg 975w, https:\/\/www.joliehistoire.com\/wp-content\/uploads\/2016\/05\/seance-fiancailles-au-luxembourg-300x200.jpg 300w, https:\/\/www.joliehistoire.com\/wp-content\/uploads\/2016\/05\/seance-fiancailles-au-luxembourg-768x512.jpg 768w\" sizes=\"(max-width: 975px) 100vw, 975px\"><\/noscript><img decoding=\"async\" width=\"975\" height=\"650\" src=\"data:image\/svg+xml,%3Csvg%20xmlns%3D%22http%3A%2F%2Fwww.w3.org%2F2000%2Fsvg%22%20viewBox%3D%220%200%20975%20650%22%3E%3C%2Fsvg%3E\" class=\"attachment-full size-full lazyload\" alt srcset=\"data:image\/svg+xml,%3Csvg%20xmlns%3D%22http%3A%2F%2Fwww.w3.org%2F2000%2Fsvg%22%20viewBox%3D%220%200%20975%20650%22%3E%3C%2Fsvg%3E 975w\" sizes=\"(max-width: 975px) 100vw, 975px\" data-srcset=\"https:\/\/www.joliehistoire.com\/wp-content\/uploads\/2016\/05\/seance-fiancailles-au-luxembourg.jpg 975w, https:\/\/www.joliehistoire.com\/wp-content\/uploads\/2016\/05\/seance-fiancailles-au-luxembourg-300x200.jpg 300w, https:\/\/www.joliehistoire.com\/wp-content\/uploads\/2016\/05\/seance-fiancailles-au-luxembourg-768x512.jpg 768w\" data-src=\"https:\/\/www.joliehistoire.com\/wp-content\/uploads\/2016\/05\/seance-fiancailles-au-luxembourg.jpg\">\n\t\t\t<\/dt><\/dl><br style=\"clear: both\"><dl class=\"gallery-item\">\n\t\t\t<dt class=\"gallery-icon landscape\">\n\t\t\t\t<noscript><img decoding=\"async\" width=\"975\" height=\"650\" src=\"https:\/\/www.joliehistoire.com\/wp-content\/uploads\/2016\/05\/portrait-des-futurs-maries.jpg\" class=\"attachment-full size-full\" alt srcset=\"https:\/\/www.joliehistoire.com\/wp-content\/uploads\/2016\/05\/portrait-des-futurs-maries.jpg 975w, https:\/\/www.joliehistoire.com\/wp-content\/uploads\/2016\/05\/portrait-des-futurs-maries-300x200.jpg 300w, https:\/\/www.joliehistoire.com\/wp-content\/uploads\/2016\/05\/portrait-des-futurs-maries-768x512.jpg 768w\" sizes=\"(max-width: 975px) 100vw, 975px\"><\/noscript><img decoding=\"async\" width=\"975\" height=\"650\" src=\"data:image\/svg+xml,%3Csvg%20xmlns%3D%22http%3A%2F%2Fwww.w3.org%2F2000%2Fsvg%22%20viewBox%3D%220%200%20975%20650%22%3E%3C%2Fsvg%3E\" class=\"attachment-full size-full lazyload\" alt srcset=\"data:image\/svg+xml,%3Csvg%20xmlns%3D%22http%3A%2F%2Fwww.w3.org%2F2000%2Fsvg%22%20viewBox%3D%220%200%20975%20650%22%3E%3C%2Fsvg%3E 975w\" sizes=\"(max-width: 975px) 100vw, 975px\" data-srcset=\"https:\/\/www.joliehistoire.com\/wp-content\/uploads\/2016\/05\/portrait-des-futurs-maries.jpg 975w, https:\/\/www.joliehistoire.com\/wp-content\/uploads\/2016\/05\/portrait-des-futurs-maries-300x200.jpg 300w, https:\/\/www.joliehistoire.com\/wp-content\/uploads\/2016\/05\/portrait-des-futurs-maries-768x512.jpg 768w\" data-src=\"https:\/\/www.joliehistoire.com\/wp-content\/uploads\/2016\/05\/portrait-des-futurs-maries.jpg\">\n\t\t\t<\/dt><\/dl><br style=\"clear: both\"><dl class=\"gallery-item\">\n\t\t\t<dt class=\"gallery-icon landscape\">\n\t\t\t\t<noscript><img decoding=\"async\" width=\"975\" height=\"650\" src=\"https:\/\/www.joliehistoire.com\/wp-content\/uploads\/2016\/05\/jeune-fille-provoquant-son-amoureux.jpg\" class=\"attachment-full size-full\" alt srcset=\"https:\/\/www.joliehistoire.com\/wp-content\/uploads\/2016\/05\/jeune-fille-provoquant-son-amoureux.jpg 975w, https:\/\/www.joliehistoire.com\/wp-content\/uploads\/2016\/05\/jeune-fille-provoquant-son-amoureux-300x200.jpg 300w, https:\/\/www.joliehistoire.com\/wp-content\/uploads\/2016\/05\/jeune-fille-provoquant-son-amoureux-768x512.jpg 768w\" sizes=\"(max-width: 975px) 100vw, 975px\"><\/noscript><img decoding=\"async\" width=\"975\" height=\"650\" src=\"data:image\/svg+xml,%3Csvg%20xmlns%3D%22http%3A%2F%2Fwww.w3.org%2F2000%2Fsvg%22%20viewBox%3D%220%200%20975%20650%22%3E%3C%2Fsvg%3E\" class=\"attachment-full size-full lazyload\" alt srcset=\"data:image\/svg+xml,%3Csvg%20xmlns%3D%22http%3A%2F%2Fwww.w3.org%2F2000%2Fsvg%22%20viewBox%3D%220%200%20975%20650%22%3E%3C%2Fsvg%3E 975w\" sizes=\"(max-width: 975px) 100vw, 975px\" data-srcset=\"https:\/\/www.joliehistoire.com\/wp-content\/uploads\/2016\/05\/jeune-fille-provoquant-son-amoureux.jpg 975w, https:\/\/www.joliehistoire.com\/wp-content\/uploads\/2016\/05\/jeune-fille-provoquant-son-amoureux-300x200.jpg 300w, https:\/\/www.joliehistoire.com\/wp-content\/uploads\/2016\/05\/jeune-fille-provoquant-son-amoureux-768x512.jpg 768w\" data-src=\"https:\/\/www.joliehistoire.com\/wp-content\/uploads\/2016\/05\/jeune-fille-provoquant-son-amoureux.jpg\">\n\t\t\t<\/dt><\/dl><br style=\"clear: both\"><dl class=\"gallery-item\">\n\t\t\t<dt class=\"gallery-icon portrait\">\n\t\t\t\t<noscript><img decoding=\"async\" width=\"650\" height=\"974\" src=\"https:\/\/www.joliehistoire.com\/wp-content\/uploads\/2016\/05\/le-marie-adosse-a-la-philharmonie-du-luxembourg.jpg\" class=\"attachment-full size-full\" alt srcset=\"https:\/\/www.joliehistoire.com\/wp-content\/uploads\/2016\/05\/le-marie-adosse-a-la-philharmonie-du-luxembourg.jpg 650w, https:\/\/www.joliehistoire.com\/wp-content\/uploads\/2016\/05\/le-marie-adosse-a-la-philharmonie-du-luxembourg-200x300.jpg 200w\" sizes=\"(max-width: 650px) 100vw, 650px\"><\/noscript><img decoding=\"async\" width=\"650\" height=\"974\" src=\"data:image\/svg+xml,%3Csvg%20xmlns%3D%22http%3A%2F%2Fwww.w3.org%2F2000%2Fsvg%22%20viewBox%3D%220%200%20650%20974%22%3E%3C%2Fsvg%3E\" class=\"attachment-full size-full lazyload\" alt srcset=\"data:image\/svg+xml,%3Csvg%20xmlns%3D%22http%3A%2F%2Fwww.w3.org%2F2000%2Fsvg%22%20viewBox%3D%220%200%20650%20974%22%3E%3C%2Fsvg%3E 650w\" sizes=\"(max-width: 650px) 100vw, 650px\" data-srcset=\"https:\/\/www.joliehistoire.com\/wp-content\/uploads\/2016\/05\/le-marie-adosse-a-la-philharmonie-du-luxembourg.jpg 650w, https:\/\/www.joliehistoire.com\/wp-content\/uploads\/2016\/05\/le-marie-adosse-a-la-philharmonie-du-luxembourg-200x300.jpg 200w\" data-src=\"https:\/\/www.joliehistoire.com\/wp-content\/uploads\/2016\/05\/le-marie-adosse-a-la-philharmonie-du-luxembourg.jpg\">\n\t\t\t<\/dt><\/dl><br style=\"clear: both\"><dl class=\"gallery-item\">\n\t\t\t<dt class=\"gallery-icon portrait\">\n\t\t\t\t<noscript><img decoding=\"async\" width=\"650\" height=\"974\" src=\"https:\/\/www.joliehistoire.com\/wp-content\/uploads\/2016\/05\/ardoises-a-message-pendant-la-seance-fiancailles.jpg\" class=\"attachment-full size-full\" alt srcset=\"https:\/\/www.joliehistoire.com\/wp-content\/uploads\/2016\/05\/ardoises-a-message-pendant-la-seance-fiancailles.jpg 650w, https:\/\/www.joliehistoire.com\/wp-content\/uploads\/2016\/05\/ardoises-a-message-pendant-la-seance-fiancailles-200x300.jpg 200w\" sizes=\"(max-width: 650px) 100vw, 650px\"><\/noscript><img decoding=\"async\" width=\"650\" height=\"974\" src=\"data:image\/svg+xml,%3Csvg%20xmlns%3D%22http%3A%2F%2Fwww.w3.org%2F2000%2Fsvg%22%20viewBox%3D%220%200%20650%20974%22%3E%3C%2Fsvg%3E\" class=\"attachment-full size-full lazyload\" alt srcset=\"data:image\/svg+xml,%3Csvg%20xmlns%3D%22http%3A%2F%2Fwww.w3.org%2F2000%2Fsvg%22%20viewBox%3D%220%200%20650%20974%22%3E%3C%2Fsvg%3E 650w\" sizes=\"(max-width: 650px) 100vw, 650px\" data-srcset=\"https:\/\/www.joliehistoire.com\/wp-content\/uploads\/2016\/05\/ardoises-a-message-pendant-la-seance-fiancailles.jpg 650w, https:\/\/www.joliehistoire.com\/wp-content\/uploads\/2016\/05\/ardoises-a-message-pendant-la-seance-fiancailles-200x300.jpg 200w\" data-src=\"https:\/\/www.joliehistoire.com\/wp-content\/uploads\/2016\/05\/ardoises-a-message-pendant-la-seance-fiancailles.jpg\">\n\t\t\t<\/dt><\/dl><br style=\"clear: both\"><dl class=\"gallery-item\">\n\t\t\t<dt class=\"gallery-icon landscape\">\n\t\t\t\t<noscript><img decoding=\"async\" width=\"797\" height=\"531\" src=\"https:\/\/www.joliehistoire.com\/wp-content\/uploads\/2016\/05\/seance-fiancailles-lifestyle.jpg\" class=\"attachment-full size-full\" alt srcset=\"https:\/\/www.joliehistoire.com\/wp-content\/uploads\/2016\/05\/seance-fiancailles-lifestyle.jpg 797w, https:\/\/www.joliehistoire.com\/wp-content\/uploads\/2016\/05\/seance-fiancailles-lifestyle-300x200.jpg 300w, https:\/\/www.joliehistoire.com\/wp-content\/uploads\/2016\/05\/seance-fiancailles-lifestyle-768x512.jpg 768w\" sizes=\"(max-width: 797px) 100vw, 797px\"><\/noscript><img decoding=\"async\" width=\"797\" height=\"531\" src=\"data:image\/svg+xml,%3Csvg%20xmlns%3D%22http%3A%2F%2Fwww.w3.org%2F2000%2Fsvg%22%20viewBox%3D%220%200%20797%20531%22%3E%3C%2Fsvg%3E\" class=\"attachment-full size-full lazyload\" alt srcset=\"data:image\/svg+xml,%3Csvg%20xmlns%3D%22http%3A%2F%2Fwww.w3.org%2F2000%2Fsvg%22%20viewBox%3D%220%200%20797%20531%22%3E%3C%2Fsvg%3E 797w\" sizes=\"(max-width: 797px) 100vw, 797px\" data-srcset=\"https:\/\/www.joliehistoire.com\/wp-content\/uploads\/2016\/05\/seance-fiancailles-lifestyle.jpg 797w, https:\/\/www.joliehistoire.com\/wp-content\/uploads\/2016\/05\/seance-fiancailles-lifestyle-300x200.jpg 300w, https:\/\/www.joliehistoire.com\/wp-content\/uploads\/2016\/05\/seance-fiancailles-lifestyle-768x512.jpg 768w\" data-src=\"https:\/\/www.joliehistoire.com\/wp-content\/uploads\/2016\/05\/seance-fiancailles-lifestyle.jpg\">\n\t\t\t<\/dt><\/dl><br style=\"clear: both\"><dl class=\"gallery-item\">\n\t\t\t<dt class=\"gallery-icon landscape\">\n\t\t\t\t<noscript><img decoding=\"async\" width=\"861\" height=\"574\" src=\"https:\/\/www.joliehistoire.com\/wp-content\/uploads\/2016\/05\/lifestyle-photographie-au-luxembourg.jpg\" class=\"attachment-full size-full\" alt srcset=\"https:\/\/www.joliehistoire.com\/wp-content\/uploads\/2016\/05\/lifestyle-photographie-au-luxembourg.jpg 861w, https:\/\/www.joliehistoire.com\/wp-content\/uploads\/2016\/05\/lifestyle-photographie-au-luxembourg-300x200.jpg 300w, https:\/\/www.joliehistoire.com\/wp-content\/uploads\/2016\/05\/lifestyle-photographie-au-luxembourg-768x512.jpg 768w\" sizes=\"(max-width: 861px) 100vw, 861px\"><\/noscript><img decoding=\"async\" width=\"861\" height=\"574\" src=\"data:image\/svg+xml,%3Csvg%20xmlns%3D%22http%3A%2F%2Fwww.w3.org%2F2000%2Fsvg%22%20viewBox%3D%220%200%20861%20574%22%3E%3C%2Fsvg%3E\" class=\"attachment-full size-full lazyload\" alt srcset=\"data:image\/svg+xml,%3Csvg%20xmlns%3D%22http%3A%2F%2Fwww.w3.org%2F2000%2Fsvg%22%20viewBox%3D%220%200%20861%20574%22%3E%3C%2Fsvg%3E 861w\" sizes=\"(max-width: 861px) 100vw, 861px\" data-srcset=\"https:\/\/www.joliehistoire.com\/wp-content\/uploads\/2016\/05\/lifestyle-photographie-au-luxembourg.jpg 861w, https:\/\/www.joliehistoire.com\/wp-content\/uploads\/2016\/05\/lifestyle-photographie-au-luxembourg-300x200.jpg 300w, https:\/\/www.joliehistoire.com\/wp-content\/uploads\/2016\/05\/lifestyle-photographie-au-luxembourg-768x512.jpg 768w\" data-src=\"https:\/\/www.joliehistoire.com\/wp-content\/uploads\/2016\/05\/lifestyle-photographie-au-luxembourg.jpg\">\n\t\t\t<\/dt><\/dl><br style=\"clear: both\"><dl class=\"gallery-item\">\n\t\t\t<dt class=\"gallery-icon landscape\">\n\t\t\t\t<noscript><img decoding=\"async\" width=\"791\" height=\"527\" src=\"https:\/\/www.joliehistoire.com\/wp-content\/uploads\/2016\/05\/regard-amoureux-de-cette-jeune-femme.jpg\" class=\"attachment-full size-full\" alt srcset=\"https:\/\/www.joliehistoire.com\/wp-content\/uploads\/2016\/05\/regard-amoureux-de-cette-jeune-femme.jpg 791w, https:\/\/www.joliehistoire.com\/wp-content\/uploads\/2016\/05\/regard-amoureux-de-cette-jeune-femme-300x200.jpg 300w, https:\/\/www.joliehistoire.com\/wp-content\/uploads\/2016\/05\/regard-amoureux-de-cette-jeune-femme-768x512.jpg 768w\" sizes=\"(max-width: 791px) 100vw, 791px\"><\/noscript><img decoding=\"async\" width=\"791\" height=\"527\" src=\"data:image\/svg+xml,%3Csvg%20xmlns%3D%22http%3A%2F%2Fwww.w3.org%2F2000%2Fsvg%22%20viewBox%3D%220%200%20791%20527%22%3E%3C%2Fsvg%3E\" class=\"attachment-full size-full lazyload\" alt srcset=\"data:image\/svg+xml,%3Csvg%20xmlns%3D%22http%3A%2F%2Fwww.w3.org%2F2000%2Fsvg%22%20viewBox%3D%220%200%20791%20527%22%3E%3C%2Fsvg%3E 791w\" sizes=\"(max-width: 791px) 100vw, 791px\" data-srcset=\"https:\/\/www.joliehistoire.com\/wp-content\/uploads\/2016\/05\/regard-amoureux-de-cette-jeune-femme.jpg 791w, https:\/\/www.joliehistoire.com\/wp-content\/uploads\/2016\/05\/regard-amoureux-de-cette-jeune-femme-300x200.jpg 300w, https:\/\/www.joliehistoire.com\/wp-content\/uploads\/2016\/05\/regard-amoureux-de-cette-jeune-femme-768x512.jpg 768w\" data-src=\"https:\/\/www.joliehistoire.com\/wp-content\/uploads\/2016\/05\/regard-amoureux-de-cette-jeune-femme.jpg\">\n\t\t\t<\/dt><\/dl><br style=\"clear: both\"><dl class=\"gallery-item\">\n\t\t\t<dt class=\"gallery-icon landscape\">\n\t\t\t\t<noscript><img decoding=\"async\" width=\"975\" height=\"650\" src=\"https:\/\/www.joliehistoire.com\/wp-content\/uploads\/2016\/05\/kit-profoto-b2-avec-softbox-pour-cette-photo-lifestyle.jpg\" class=\"attachment-full size-full\" alt srcset=\"https:\/\/www.joliehistoire.com\/wp-content\/uploads\/2016\/05\/kit-profoto-b2-avec-softbox-pour-cette-photo-lifestyle.jpg 975w, https:\/\/www.joliehistoire.com\/wp-content\/uploads\/2016\/05\/kit-profoto-b2-avec-softbox-pour-cette-photo-lifestyle-300x200.jpg 300w, https:\/\/www.joliehistoire.com\/wp-content\/uploads\/2016\/05\/kit-profoto-b2-avec-softbox-pour-cette-photo-lifestyle-768x512.jpg 768w\" sizes=\"(max-width: 975px) 100vw, 975px\"><\/noscript><img decoding=\"async\" width=\"975\" height=\"650\" src=\"data:image\/svg+xml,%3Csvg%20xmlns%3D%22http%3A%2F%2Fwww.w3.org%2F2000%2Fsvg%22%20viewBox%3D%220%200%20975%20650%22%3E%3C%2Fsvg%3E\" class=\"attachment-full size-full lazyload\" alt srcset=\"data:image\/svg+xml,%3Csvg%20xmlns%3D%22http%3A%2F%2Fwww.w3.org%2F2000%2Fsvg%22%20viewBox%3D%220%200%20975%20650%22%3E%3C%2Fsvg%3E 975w\" sizes=\"(max-width: 975px) 100vw, 975px\" data-srcset=\"https:\/\/www.joliehistoire.com\/wp-content\/uploads\/2016\/05\/kit-profoto-b2-avec-softbox-pour-cette-photo-lifestyle.jpg 975w, https:\/\/www.joliehistoire.com\/wp-content\/uploads\/2016\/05\/kit-profoto-b2-avec-softbox-pour-cette-photo-lifestyle-300x200.jpg 300w, https:\/\/www.joliehistoire.com\/wp-content\/uploads\/2016\/05\/kit-profoto-b2-avec-softbox-pour-cette-photo-lifestyle-768x512.jpg 768w\" data-src=\"https:\/\/www.joliehistoire.com\/wp-content\/uploads\/2016\/05\/kit-profoto-b2-avec-softbox-pour-cette-photo-lifestyle.jpg\">\n\t\t\t<\/dt><\/dl><br style=\"clear: both\"><dl class=\"gallery-item\">\n\t\t\t<dt class=\"gallery-icon landscape\">\n\t\t\t\t<noscript><img decoding=\"async\" width=\"879\" height=\"573\" src=\"https:\/\/www.joliehistoire.com\/wp-content\/uploads\/2016\/05\/profoto-b2-kit-utilise-a-la-philharmonie-du-luxembourg.jpg\" class=\"attachment-full size-full\" alt srcset=\"https:\/\/www.joliehistoire.com\/wp-content\/uploads\/2016\/05\/profoto-b2-kit-utilise-a-la-philharmonie-du-luxembourg.jpg 879w, https:\/\/www.joliehistoire.com\/wp-content\/uploads\/2016\/05\/profoto-b2-kit-utilise-a-la-philharmonie-du-luxembourg-300x196.jpg 300w, https:\/\/www.joliehistoire.com\/wp-content\/uploads\/2016\/05\/profoto-b2-kit-utilise-a-la-philharmonie-du-luxembourg-768x501.jpg 768w\" sizes=\"(max-width: 879px) 100vw, 879px\"><\/noscript><img decoding=\"async\" width=\"879\" height=\"573\" src=\"data:image\/svg+xml,%3Csvg%20xmlns%3D%22http%3A%2F%2Fwww.w3.org%2F2000%2Fsvg%22%20viewBox%3D%220%200%20879%20573%22%3E%3C%2Fsvg%3E\" class=\"attachment-full size-full lazyload\" alt srcset=\"data:image\/svg+xml,%3Csvg%20xmlns%3D%22http%3A%2F%2Fwww.w3.org%2F2000%2Fsvg%22%20viewBox%3D%220%200%20879%20573%22%3E%3C%2Fsvg%3E 879w\" sizes=\"(max-width: 879px) 100vw, 879px\" data-srcset=\"https:\/\/www.joliehistoire.com\/wp-content\/uploads\/2016\/05\/profoto-b2-kit-utilise-a-la-philharmonie-du-luxembourg.jpg 879w, https:\/\/www.joliehistoire.com\/wp-content\/uploads\/2016\/05\/profoto-b2-kit-utilise-a-la-philharmonie-du-luxembourg-300x196.jpg 300w, https:\/\/www.joliehistoire.com\/wp-content\/uploads\/2016\/05\/profoto-b2-kit-utilise-a-la-philharmonie-du-luxembourg-768x501.jpg 768w\" data-src=\"https:\/\/www.joliehistoire.com\/wp-content\/uploads\/2016\/05\/profoto-b2-kit-utilise-a-la-philharmonie-du-luxembourg.jpg\">\n\t\t\t<\/dt><\/dl><br style=\"clear: both\"><dl class=\"gallery-item\">\n\t\t\t<dt class=\"gallery-icon landscape\">\n\t\t\t\t<noscript><img decoding=\"async\" width=\"975\" height=\"650\" src=\"https:\/\/www.joliehistoire.com\/wp-content\/uploads\/2016\/05\/une-pose-glamour-de-la-mariee-sous-la-softbox-du-kit-profoto-b2.jpg\" class=\"attachment-full size-full\" alt srcset=\"https:\/\/www.joliehistoire.com\/wp-content\/uploads\/2016\/05\/une-pose-glamour-de-la-mariee-sous-la-softbox-du-kit-profoto-b2.jpg 975w, https:\/\/www.joliehistoire.com\/wp-content\/uploads\/2016\/05\/une-pose-glamour-de-la-mariee-sous-la-softbox-du-kit-profoto-b2-300x200.jpg 300w, https:\/\/www.joliehistoire.com\/wp-content\/uploads\/2016\/05\/une-pose-glamour-de-la-mariee-sous-la-softbox-du-kit-profoto-b2-768x512.jpg 768w\" sizes=\"(max-width: 975px) 100vw, 975px\"><\/noscript><img decoding=\"async\" width=\"975\" height=\"650\" src=\"data:image\/svg+xml,%3Csvg%20xmlns%3D%22http%3A%2F%2Fwww.w3.org%2F2000%2Fsvg%22%20viewBox%3D%220%200%20975%20650%22%3E%3C%2Fsvg%3E\" class=\"attachment-full size-full lazyload\" alt srcset=\"data:image\/svg+xml,%3Csvg%20xmlns%3D%22http%3A%2F%2Fwww.w3.org%2F2000%2Fsvg%22%20viewBox%3D%220%200%20975%20650%22%3E%3C%2Fsvg%3E 975w\" sizes=\"(max-width: 975px) 100vw, 975px\" data-srcset=\"https:\/\/www.joliehistoire.com\/wp-content\/uploads\/2016\/05\/une-pose-glamour-de-la-mariee-sous-la-softbox-du-kit-profoto-b2.jpg 975w, https:\/\/www.joliehistoire.com\/wp-content\/uploads\/2016\/05\/une-pose-glamour-de-la-mariee-sous-la-softbox-du-kit-profoto-b2-300x200.jpg 300w, https:\/\/www.joliehistoire.com\/wp-content\/uploads\/2016\/05\/une-pose-glamour-de-la-mariee-sous-la-softbox-du-kit-profoto-b2-768x512.jpg 768w\" data-src=\"https:\/\/www.joliehistoire.com\/wp-content\/uploads\/2016\/05\/une-pose-glamour-de-la-mariee-sous-la-softbox-du-kit-profoto-b2.jpg\">\n\t\t\t<\/dt><\/dl><br style=\"clear: both\"><dl class=\"gallery-item\">\n\t\t\t<dt class=\"gallery-icon portrait\">\n\t\t\t\t<noscript><img decoding=\"async\" width=\"643\" height=\"964\" src=\"https:\/\/www.joliehistoire.com\/wp-content\/uploads\/2016\/05\/viki-gomez-pose-lors-de-sa-seance-fiancailles.jpg\" class=\"attachment-full size-full\" alt srcset=\"https:\/\/www.joliehistoire.com\/wp-content\/uploads\/2016\/05\/viki-gomez-pose-lors-de-sa-seance-fiancailles.jpg 643w, https:\/\/www.joliehistoire.com\/wp-content\/uploads\/2016\/05\/viki-gomez-pose-lors-de-sa-seance-fiancailles-200x300.jpg 200w\" sizes=\"(max-width: 643px) 100vw, 643px\"><\/noscript><img decoding=\"async\" width=\"643\" height=\"964\" src=\"data:image\/svg+xml,%3Csvg%20xmlns%3D%22http%3A%2F%2Fwww.w3.org%2F2000%2Fsvg%22%20viewBox%3D%220%200%20643%20964%22%3E%3C%2Fsvg%3E\" class=\"attachment-full size-full lazyload\" alt srcset=\"data:image\/svg+xml,%3Csvg%20xmlns%3D%22http%3A%2F%2Fwww.w3.org%2F2000%2Fsvg%22%20viewBox%3D%220%200%20643%20964%22%3E%3C%2Fsvg%3E 643w\" sizes=\"(max-width: 643px) 100vw, 643px\" data-srcset=\"https:\/\/www.joliehistoire.com\/wp-content\/uploads\/2016\/05\/viki-gomez-pose-lors-de-sa-seance-fiancailles.jpg 643w, https:\/\/www.joliehistoire.com\/wp-content\/uploads\/2016\/05\/viki-gomez-pose-lors-de-sa-seance-fiancailles-200x300.jpg 200w\" data-src=\"https:\/\/www.joliehistoire.com\/wp-content\/uploads\/2016\/05\/viki-gomez-pose-lors-de-sa-seance-fiancailles.jpg\">\n\t\t\t<\/dt><\/dl><br style=\"clear: both\"><dl class=\"gallery-item\">\n\t\t\t<dt class=\"gallery-icon landscape\">\n\t\t\t\t<noscript><img decoding=\"async\" width=\"965\" height=\"643\" src=\"https:\/\/www.joliehistoire.com\/wp-content\/uploads\/2016\/05\/les-maries-senlassent.jpg\" class=\"attachment-full size-full\" alt srcset=\"https:\/\/www.joliehistoire.com\/wp-content\/uploads\/2016\/05\/les-maries-senlassent.jpg 965w, https:\/\/www.joliehistoire.com\/wp-content\/uploads\/2016\/05\/les-maries-senlassent-300x200.jpg 300w, https:\/\/www.joliehistoire.com\/wp-content\/uploads\/2016\/05\/les-maries-senlassent-768x512.jpg 768w\" sizes=\"(max-width: 965px) 100vw, 965px\"><\/noscript><img decoding=\"async\" width=\"965\" height=\"643\" src=\"data:image\/svg+xml,%3Csvg%20xmlns%3D%22http%3A%2F%2Fwww.w3.org%2F2000%2Fsvg%22%20viewBox%3D%220%200%20965%20643%22%3E%3C%2Fsvg%3E\" class=\"attachment-full size-full lazyload\" alt srcset=\"data:image\/svg+xml,%3Csvg%20xmlns%3D%22http%3A%2F%2Fwww.w3.org%2F2000%2Fsvg%22%20viewBox%3D%220%200%20965%20643%22%3E%3C%2Fsvg%3E 965w\" sizes=\"(max-width: 965px) 100vw, 965px\" data-srcset=\"https:\/\/www.joliehistoire.com\/wp-content\/uploads\/2016\/05\/les-maries-senlassent.jpg 965w, https:\/\/www.joliehistoire.com\/wp-content\/uploads\/2016\/05\/les-maries-senlassent-300x200.jpg 300w, https:\/\/www.joliehistoire.com\/wp-content\/uploads\/2016\/05\/les-maries-senlassent-768x512.jpg 768w\" data-src=\"https:\/\/www.joliehistoire.com\/wp-content\/uploads\/2016\/05\/les-maries-senlassent.jpg\">\n\t\t\t<\/dt><\/dl><br style=\"clear: both\"><dl class=\"gallery-item\">\n\t\t\t<dt class=\"gallery-icon portrait\">\n\t\t\t\t<noscript><img decoding=\"async\" width=\"607\" height=\"909\" src=\"https:\/\/www.joliehistoire.com\/wp-content\/uploads\/2016\/05\/les-amoureux-montre-leur-complicite.jpg\" class=\"attachment-full size-full\" alt srcset=\"https:\/\/www.joliehistoire.com\/wp-content\/uploads\/2016\/05\/les-amoureux-montre-leur-complicite.jpg 607w, https:\/\/www.joliehistoire.com\/wp-content\/uploads\/2016\/05\/les-amoureux-montre-leur-complicite-200x300.jpg 200w\" sizes=\"(max-width: 607px) 100vw, 607px\"><\/noscript><img decoding=\"async\" width=\"607\" height=\"909\" src=\"data:image\/svg+xml,%3Csvg%20xmlns%3D%22http%3A%2F%2Fwww.w3.org%2F2000%2Fsvg%22%20viewBox%3D%220%200%20607%20909%22%3E%3C%2Fsvg%3E\" class=\"attachment-full size-full lazyload\" alt srcset=\"data:image\/svg+xml,%3Csvg%20xmlns%3D%22http%3A%2F%2Fwww.w3.org%2F2000%2Fsvg%22%20viewBox%3D%220%200%20607%20909%22%3E%3C%2Fsvg%3E 607w\" sizes=\"(max-width: 607px) 100vw, 607px\" data-srcset=\"https:\/\/www.joliehistoire.com\/wp-content\/uploads\/2016\/05\/les-amoureux-montre-leur-complicite.jpg 607w, https:\/\/www.joliehistoire.com\/wp-content\/uploads\/2016\/05\/les-amoureux-montre-leur-complicite-200x300.jpg 200w\" data-src=\"https:\/\/www.joliehistoire.com\/wp-content\/uploads\/2016\/05\/les-amoureux-montre-leur-complicite.jpg\">\n\t\t\t<\/dt><\/dl><br style=\"clear: both\"><dl class=\"gallery-item\">\n\t\t\t<dt class=\"gallery-icon landscape\">\n\t\t\t\t<noscript><img decoding=\"async\" width=\"930\" height=\"620\" src=\"https:\/\/www.joliehistoire.com\/wp-content\/uploads\/2016\/05\/magnifique-perspective-choisie-par-le-photographe.jpg\" class=\"attachment-full size-full\" alt srcset=\"https:\/\/www.joliehistoire.com\/wp-content\/uploads\/2016\/05\/magnifique-perspective-choisie-par-le-photographe.jpg 930w, https:\/\/www.joliehistoire.com\/wp-content\/uploads\/2016\/05\/magnifique-perspective-choisie-par-le-photographe-300x200.jpg 300w, https:\/\/www.joliehistoire.com\/wp-content\/uploads\/2016\/05\/magnifique-perspective-choisie-par-le-photographe-768x512.jpg 768w\" sizes=\"(max-width: 930px) 100vw, 930px\"><\/noscript><img decoding=\"async\" width=\"930\" height=\"620\" src=\"data:image\/svg+xml,%3Csvg%20xmlns%3D%22http%3A%2F%2Fwww.w3.org%2F2000%2Fsvg%22%20viewBox%3D%220%200%20930%20620%22%3E%3C%2Fsvg%3E\" class=\"attachment-full size-full lazyload\" alt srcset=\"data:image\/svg+xml,%3Csvg%20xmlns%3D%22http%3A%2F%2Fwww.w3.org%2F2000%2Fsvg%22%20viewBox%3D%220%200%20930%20620%22%3E%3C%2Fsvg%3E 930w\" sizes=\"(max-width: 930px) 100vw, 930px\" data-srcset=\"https:\/\/www.joliehistoire.com\/wp-content\/uploads\/2016\/05\/magnifique-perspective-choisie-par-le-photographe.jpg 930w, https:\/\/www.joliehistoire.com\/wp-content\/uploads\/2016\/05\/magnifique-perspective-choisie-par-le-photographe-300x200.jpg 300w, https:\/\/www.joliehistoire.com\/wp-content\/uploads\/2016\/05\/magnifique-perspective-choisie-par-le-photographe-768x512.jpg 768w\" data-src=\"https:\/\/www.joliehistoire.com\/wp-content\/uploads\/2016\/05\/magnifique-perspective-choisie-par-le-photographe.jpg\">\n\t\t\t<\/dt><\/dl><br style=\"clear: both\"><dl class=\"gallery-item\">\n\t\t\t<dt class=\"gallery-icon landscape\">\n\t\t\t\t<noscript><img decoding=\"async\" width=\"962\" height=\"647\" src=\"https:\/\/www.joliehistoire.com\/wp-content\/uploads\/2016\/05\/viki-gomez-effectue-une-figure-avec-son-bmx-flatland-et-capture-grace-au-profoto-b2.jpg\" class=\"attachment-full size-full\" alt srcset=\"https:\/\/www.joliehistoire.com\/wp-content\/uploads\/2016\/05\/viki-gomez-effectue-une-figure-avec-son-bmx-flatland-et-capture-grace-au-profoto-b2.jpg 962w, https:\/\/www.joliehistoire.com\/wp-content\/uploads\/2016\/05\/viki-gomez-effectue-une-figure-avec-son-bmx-flatland-et-capture-grace-au-profoto-b2-300x202.jpg 300w, https:\/\/www.joliehistoire.com\/wp-content\/uploads\/2016\/05\/viki-gomez-effectue-une-figure-avec-son-bmx-flatland-et-capture-grace-au-profoto-b2-768x517.jpg 768w\" sizes=\"(max-width: 962px) 100vw, 962px\"><\/noscript><img decoding=\"async\" width=\"962\" height=\"647\" src=\"data:image\/svg+xml,%3Csvg%20xmlns%3D%22http%3A%2F%2Fwww.w3.org%2F2000%2Fsvg%22%20viewBox%3D%220%200%20962%20647%22%3E%3C%2Fsvg%3E\" class=\"attachment-full size-full lazyload\" alt srcset=\"data:image\/svg+xml,%3Csvg%20xmlns%3D%22http%3A%2F%2Fwww.w3.org%2F2000%2Fsvg%22%20viewBox%3D%220%200%20962%20647%22%3E%3C%2Fsvg%3E 962w\" sizes=\"(max-width: 962px) 100vw, 962px\" data-srcset=\"https:\/\/www.joliehistoire.com\/wp-content\/uploads\/2016\/05\/viki-gomez-effectue-une-figure-avec-son-bmx-flatland-et-capture-grace-au-profoto-b2.jpg 962w, https:\/\/www.joliehistoire.com\/wp-content\/uploads\/2016\/05\/viki-gomez-effectue-une-figure-avec-son-bmx-flatland-et-capture-grace-au-profoto-b2-300x202.jpg 300w, https:\/\/www.joliehistoire.com\/wp-content\/uploads\/2016\/05\/viki-gomez-effectue-une-figure-avec-son-bmx-flatland-et-capture-grace-au-profoto-b2-768x517.jpg 768w\" data-src=\"https:\/\/www.joliehistoire.com\/wp-content\/uploads\/2016\/05\/viki-gomez-effectue-une-figure-avec-son-bmx-flatland-et-capture-grace-au-profoto-b2.jpg\">\n\t\t\t<\/dt><\/dl><br style=\"clear: both\"><dl class=\"gallery-item\">\n\t\t\t<dt class=\"gallery-icon landscape\">\n\t\t\t\t<noscript><img decoding=\"async\" width=\"966\" height=\"643\" src=\"https:\/\/www.joliehistoire.com\/wp-content\/uploads\/2016\/05\/demande-en-mariage-sur-un-velo-au-luxembourg.jpg\" class=\"attachment-full size-full\" alt srcset=\"https:\/\/www.joliehistoire.com\/wp-content\/uploads\/2016\/05\/demande-en-mariage-sur-un-velo-au-luxembourg.jpg 966w, https:\/\/www.joliehistoire.com\/wp-content\/uploads\/2016\/05\/demande-en-mariage-sur-un-velo-au-luxembourg-300x200.jpg 300w, https:\/\/www.joliehistoire.com\/wp-content\/uploads\/2016\/05\/demande-en-mariage-sur-un-velo-au-luxembourg-768x511.jpg 768w\" sizes=\"(max-width: 966px) 100vw, 966px\"><\/noscript><img decoding=\"async\" width=\"966\" height=\"643\" src=\"data:image\/svg+xml,%3Csvg%20xmlns%3D%22http%3A%2F%2Fwww.w3.org%2F2000%2Fsvg%22%20viewBox%3D%220%200%20966%20643%22%3E%3C%2Fsvg%3E\" class=\"attachment-full size-full lazyload\" alt srcset=\"data:image\/svg+xml,%3Csvg%20xmlns%3D%22http%3A%2F%2Fwww.w3.org%2F2000%2Fsvg%22%20viewBox%3D%220%200%20966%20643%22%3E%3C%2Fsvg%3E 966w\" sizes=\"(max-width: 966px) 100vw, 966px\" data-srcset=\"https:\/\/www.joliehistoire.com\/wp-content\/uploads\/2016\/05\/demande-en-mariage-sur-un-velo-au-luxembourg.jpg 966w, https:\/\/www.joliehistoire.com\/wp-content\/uploads\/2016\/05\/demande-en-mariage-sur-un-velo-au-luxembourg-300x200.jpg 300w, https:\/\/www.joliehistoire.com\/wp-content\/uploads\/2016\/05\/demande-en-mariage-sur-un-velo-au-luxembourg-768x511.jpg 768w\" data-src=\"https:\/\/www.joliehistoire.com\/wp-content\/uploads\/2016\/05\/demande-en-mariage-sur-un-velo-au-luxembourg.jpg\">\n\t\t\t<\/dt><\/dl><br style=\"clear: both\">\n\t\t<\/div>\n\n<h2>Rendez-vous au Limpersberg<\/h2>\n<p>Au dernier moment les fianc\u00e9s m&rsquo;ont demand\u00e9 de d\u00e9buter la s\u00e9ance non loin de chez eux, dans un j<strong>olie square du quartier Limpersberg<\/strong>. Ce lieu a une importance pour eux et initialement nous pensions faire quelques photos ici lors de leur mariage le 28 Mai prochain. N\u00e9anmoins les futurs mari\u00e9s ont pr\u00e9f\u00e9r\u00e9 profiter de cette s\u00e9ance fian\u00e7ailles pour avoir des photos \u00e0 cet endroit dans le cas o\u00f9 nous manquerions de temps le jour du mariage.<\/p>\n<h2>A v\u00e9lo jusqu&rsquo;\u00e0 la Philharmonie.<\/h2>\n<p>C&rsquo;est \u00e0 v\u00e9lo que les futurs mari\u00e9s se sont rendus <strong>\u00e0 la Philharmonie du Luxembourg<\/strong>. Le mat\u00e9riel de photographe \u00e9tant relativement cons\u00e9quent et lourd, j&rsquo;ai suivi en voiture \ud83d\ude42<br>\nLe temps \u00e9tait magnifique avec une belle lumi\u00e8re de coucher de soleil. L&rsquo;ennui c&rsquo;est qu&rsquo;il est preferable d&rsquo; utiliser le soleil comme \u00e9clairage de fond (backlight). Or dans ce cas on n&rsquo;a plus la Philharmonie en arri\u00e8re-plan, ce qui est dommage. J&rsquo;ai donc expliqu\u00e9 \u00e0 mes fianc\u00e9s qu&rsquo; on devrait faire les photos de l &lsquo;autre c\u00f4t\u00e9 du b\u00e2timent, quitte \u00e0 avoir moins de lumi\u00e8re.<\/p>\n<h2>Une petite mise en sc\u00e8ne avec le BMX de Viki.<\/h2>\n<p>Pour conclure la s\u00e9ance je ne pouvais pas ne pas mettre en sc\u00e8ne Viki et son v\u00e9lo. Malheureusement nous avons beaucoup tard\u00e9 et il faisait pratiquement noir \u00e0 ce moment de la soir\u00e9e. La prise a \u00e9t\u00e9 un peu fastidieuse, avec l&rsquo;appareil sur tr\u00e9pied, mon \u00e9clairage strobiste dans une main et la t\u00e9l\u00e9commande dans l&rsquo;autre ! L&rsquo; id\u00e9e \u00e9tait de r\u00e9aliser une pose longue pour avoir les tra\u00een\u00e9es des phares de voiture de chaque c\u00f4t\u00e9 de l&rsquo;image. La difficult\u00e9 \u00e0 laquelle j&rsquo;ai \u00e9t\u00e9 confront\u00e9 est qu&rsquo;\u00e0 cette heure de la journ\u00e9e, lors d&rsquo;un weekend f\u00e9ri\u00e9, il n&rsquo;y avait quasiment aucun passage ! J&rsquo;ai d\u00fb passer 20 minutes apr\u00e8s le d\u00e9part d&rsquo;Alexandra et Viki pour essayer d&rsquo;avoir un semblant de tra\u00een\u00e9e.<br>\nLe r\u00e9sultat reste correct m\u00eame si je pense que plus de lumi\u00e8re aurait mieux rendue, les tours sont un peu sombres je trouve.<br>\nJ&rsquo;ai pass\u00e9, comme d&rsquo;habitude, un tr\u00e8s bon moment en compagnie des futurs mari\u00e9s et j&rsquo;ai h\u00e2te de photographier leur mariage \u00e0 la fin du mois.<\/p>\n","protected":false},"excerpt":{"rendered":"<p>Aujourd&rsquo;hui je vous pr\u00e9sente une seance fian\u00e7ailles tout \u00e0 fait originale en compagnie d&rsquo;Alexandra et de Viki, un couple hispano-luxembourgeois. Viki est un athl\u00e8te de haut niveau puisqu&rsquo;il est \u00e0 ce jour champion du monde de BMX Flatland, une discipline au croisement du cyclisme et de la danse. C&rsquo;est donc naturellement que nous avons laiss\u00e9 [&hellip;]<\/p>\n","protected":false},"author":1,"featured_media":13750,"comment_status":"closed","ping_status":"open","sticky":false,"template":"","format":"standard","meta":{"footnotes":""},"categories":[58],"tags":[],"class_list":["post-14085","post","type-post","status-publish","format-standard","has-post-thumbnail","hentry","category-blog-be"],"yoast_head":"<!-- This site is optimized with the Yoast SEO plugin v27.4 - https:\/\/yoast.com\/product\/yoast-seo-wordpress\/ -->\n<title>S\u00e9ance fian\u00e7ailles lifestyle avec Alexandra, Viki et son v\u00e9lo.<\/title>\n<meta name=\"description\" content=\"Voici la s\u00e9ance fian\u00e7ailles lifestyle d&#039;Alexandra et Viki au Luxembourg. Champion du monde de BMX Flatland, Viki avait amen\u00e9 son v\u00e9lo avec lui.\" \/>\n<meta name=\"robots\" content=\"index, follow, max-snippet:-1, max-image-preview:large, max-video-preview:-1\" \/>\n<link rel=\"canonical\" href=\"https:\/\/www.joliehistoire.com\/be\/blog-be\/photos-fiancailles-lifestyle-velo\/\" \/>\n<meta name=\"twitter:card\" content=\"summary_large_image\" \/>\n<meta name=\"twitter:title\" content=\"S\u00e9ance fian\u00e7ailles lifestyle avec Alexandra, Viki et son v\u00e9lo.\" \/>\n<meta name=\"twitter:description\" content=\"Voici la s\u00e9ance fian\u00e7ailles lifestyle d&#039;Alexandra et Viki au Luxembourg. Champion du monde de BMX Flatland, Viki avait amen\u00e9 son v\u00e9lo avec lui.\" \/>\n<meta name=\"twitter:image\" content=\"https:\/\/www.joliehistoire.com\/wp-content\/uploads\/2016\/05\/demande-en-mariage-sur-un-velo-au-luxembourg.jpg\" \/>\n<meta name=\"twitter:label1\" content=\"\u00c9crit par\" \/>\n\t<meta name=\"twitter:data1\" content=\"photographe luxembourg\" \/>\n\t<meta name=\"twitter:label2\" content=\"Dur\u00e9e de lecture est.\" \/>\n\t<meta name=\"twitter:data2\" content=\"2 minutes\" \/>\n<script type=\"application\/ld+json\" class=\"yoast-schema-graph\">{\"@context\":\"https:\\\/\\\/schema.org\",\"@graph\":[{\"@type\":\"Article\",\"@id\":\"https:\\\/\\\/www.joliehistoire.com\\\/be\\\/blog-be\\\/photos-fiancailles-lifestyle-velo\\\/#article\",\"isPartOf\":{\"@id\":\"https:\\\/\\\/www.joliehistoire.com\\\/be\\\/blog-be\\\/photos-fiancailles-lifestyle-velo\\\/\"},\"author\":{\"name\":\"photographe luxembourg\",\"@id\":\"https:\\\/\\\/www.joliehistoire.com\\\/#\\\/schema\\\/person\\\/bd008c25130122120b7a541135b27f8b\"},\"headline\":\"S\u00e9ance fian\u00e7ailles lifestyle \u00e0 v\u00e9lo\",\"datePublished\":\"2016-06-14T12:34:24+00:00\",\"dateModified\":\"2019-02-03T00:16:26+00:00\",\"mainEntityOfPage\":{\"@id\":\"https:\\\/\\\/www.joliehistoire.com\\\/be\\\/blog-be\\\/photos-fiancailles-lifestyle-velo\\\/\"},\"wordCount\":495,\"image\":{\"@id\":\"https:\\\/\\\/www.joliehistoire.com\\\/be\\\/blog-be\\\/photos-fiancailles-lifestyle-velo\\\/#primaryimage\"},\"thumbnailUrl\":\"https:\\\/\\\/www.joliehistoire.com\\\/wp-content\\\/uploads\\\/2016\\\/05\\\/demande-en-mariage-sur-un-velo-au-luxembourg.jpg\",\"articleSection\":[\"blog\"],\"inLanguage\":\"fr-BE\"},{\"@type\":\"WebPage\",\"@id\":\"https:\\\/\\\/www.joliehistoire.com\\\/be\\\/blog-be\\\/photos-fiancailles-lifestyle-velo\\\/\",\"url\":\"https:\\\/\\\/www.joliehistoire.com\\\/be\\\/blog-be\\\/photos-fiancailles-lifestyle-velo\\\/\",\"name\":\"S\u00e9ance fian\u00e7ailles lifestyle avec Alexandra, Viki et son v\u00e9lo.\",\"isPartOf\":{\"@id\":\"https:\\\/\\\/www.joliehistoire.com\\\/#website\"},\"primaryImageOfPage\":{\"@id\":\"https:\\\/\\\/www.joliehistoire.com\\\/be\\\/blog-be\\\/photos-fiancailles-lifestyle-velo\\\/#primaryimage\"},\"image\":{\"@id\":\"https:\\\/\\\/www.joliehistoire.com\\\/be\\\/blog-be\\\/photos-fiancailles-lifestyle-velo\\\/#primaryimage\"},\"thumbnailUrl\":\"https:\\\/\\\/www.joliehistoire.com\\\/wp-content\\\/uploads\\\/2016\\\/05\\\/demande-en-mariage-sur-un-velo-au-luxembourg.jpg\",\"datePublished\":\"2016-06-14T12:34:24+00:00\",\"dateModified\":\"2019-02-03T00:16:26+00:00\",\"author\":{\"@id\":\"https:\\\/\\\/www.joliehistoire.com\\\/#\\\/schema\\\/person\\\/bd008c25130122120b7a541135b27f8b\"},\"description\":\"Voici la s\u00e9ance fian\u00e7ailles lifestyle d'Alexandra et Viki au Luxembourg. Champion du monde de BMX Flatland, Viki avait amen\u00e9 son v\u00e9lo avec lui.\",\"breadcrumb\":{\"@id\":\"https:\\\/\\\/www.joliehistoire.com\\\/be\\\/blog-be\\\/photos-fiancailles-lifestyle-velo\\\/#breadcrumb\"},\"inLanguage\":\"fr-BE\",\"potentialAction\":[{\"@type\":\"ReadAction\",\"target\":[\"https:\\\/\\\/www.joliehistoire.com\\\/be\\\/blog-be\\\/photos-fiancailles-lifestyle-velo\\\/\"]}]},{\"@type\":\"ImageObject\",\"inLanguage\":\"fr-BE\",\"@id\":\"https:\\\/\\\/www.joliehistoire.com\\\/be\\\/blog-be\\\/photos-fiancailles-lifestyle-velo\\\/#primaryimage\",\"url\":\"https:\\\/\\\/www.joliehistoire.com\\\/wp-content\\\/uploads\\\/2016\\\/05\\\/demande-en-mariage-sur-un-velo-au-luxembourg.jpg\",\"contentUrl\":\"https:\\\/\\\/www.joliehistoire.com\\\/wp-content\\\/uploads\\\/2016\\\/05\\\/demande-en-mariage-sur-un-velo-au-luxembourg.jpg\",\"width\":966,\"height\":643},{\"@type\":\"BreadcrumbList\",\"@id\":\"https:\\\/\\\/www.joliehistoire.com\\\/be\\\/blog-be\\\/photos-fiancailles-lifestyle-velo\\\/#breadcrumb\",\"itemListElement\":[{\"@type\":\"ListItem\",\"position\":1,\"name\":\"Home\",\"item\":\"https:\\\/\\\/www.joliehistoire.com\\\/be\\\/\"},{\"@type\":\"ListItem\",\"position\":2,\"name\":\"S\u00e9ance fian\u00e7ailles lifestyle \u00e0 v\u00e9lo\"}]},{\"@type\":\"WebSite\",\"@id\":\"https:\\\/\\\/www.joliehistoire.com\\\/#website\",\"url\":\"https:\\\/\\\/www.joliehistoire.com\\\/\",\"name\":\"joliehistoire\",\"description\":\"wedding photographer\",\"potentialAction\":[{\"@type\":\"SearchAction\",\"target\":{\"@type\":\"EntryPoint\",\"urlTemplate\":\"https:\\\/\\\/www.joliehistoire.com\\\/?s={search_term_string}\"},\"query-input\":{\"@type\":\"PropertyValueSpecification\",\"valueRequired\":true,\"valueName\":\"search_term_string\"}}],\"inLanguage\":\"fr-BE\"},{\"@type\":\"Person\",\"@id\":\"https:\\\/\\\/www.joliehistoire.com\\\/#\\\/schema\\\/person\\\/bd008c25130122120b7a541135b27f8b\",\"name\":\"photographe luxembourg\",\"image\":{\"@type\":\"ImageObject\",\"inLanguage\":\"fr-BE\",\"@id\":\"https:\\\/\\\/secure.gravatar.com\\\/avatar\\\/03679d8c33ffd4c1861f7eb3f232c608660617a0925ee9f5edb0d1de0df20058?s=96&d=mm&r=g\",\"url\":\"https:\\\/\\\/secure.gravatar.com\\\/avatar\\\/03679d8c33ffd4c1861f7eb3f232c608660617a0925ee9f5edb0d1de0df20058?s=96&d=mm&r=g\",\"contentUrl\":\"https:\\\/\\\/secure.gravatar.com\\\/avatar\\\/03679d8c33ffd4c1861f7eb3f232c608660617a0925ee9f5edb0d1de0df20058?s=96&d=mm&r=g\",\"caption\":\"photographe luxembourg\"}}]}<\/script>\n<!-- \/ Yoast SEO plugin. -->","yoast_head_json":{"title":"S\u00e9ance fian\u00e7ailles lifestyle avec Alexandra, Viki et son v\u00e9lo.","description":"Voici la s\u00e9ance fian\u00e7ailles lifestyle d'Alexandra et Viki au Luxembourg. Champion du monde de BMX Flatland, Viki avait amen\u00e9 son v\u00e9lo avec lui.","robots":{"index":"index","follow":"follow","max-snippet":"max-snippet:-1","max-image-preview":"max-image-preview:large","max-video-preview":"max-video-preview:-1"},"canonical":"https:\/\/www.joliehistoire.com\/be\/blog-be\/photos-fiancailles-lifestyle-velo\/","twitter_card":"summary_large_image","twitter_title":"S\u00e9ance fian\u00e7ailles lifestyle avec Alexandra, Viki et son v\u00e9lo.","twitter_description":"Voici la s\u00e9ance fian\u00e7ailles lifestyle d'Alexandra et Viki au Luxembourg. Champion du monde de BMX Flatland, Viki avait amen\u00e9 son v\u00e9lo avec lui.","twitter_image":"https:\/\/www.joliehistoire.com\/wp-content\/uploads\/2016\/05\/demande-en-mariage-sur-un-velo-au-luxembourg.jpg","twitter_misc":{"\u00c9crit par":"photographe luxembourg","Dur\u00e9e de lecture est.":"2 minutes"},"schema":{"@context":"https:\/\/schema.org","@graph":[{"@type":"Article","@id":"https:\/\/www.joliehistoire.com\/be\/blog-be\/photos-fiancailles-lifestyle-velo\/#article","isPartOf":{"@id":"https:\/\/www.joliehistoire.com\/be\/blog-be\/photos-fiancailles-lifestyle-velo\/"},"author":{"name":"photographe luxembourg","@id":"https:\/\/www.joliehistoire.com\/#\/schema\/person\/bd008c25130122120b7a541135b27f8b"},"headline":"S\u00e9ance fian\u00e7ailles lifestyle \u00e0 v\u00e9lo","datePublished":"2016-06-14T12:34:24+00:00","dateModified":"2019-02-03T00:16:26+00:00","mainEntityOfPage":{"@id":"https:\/\/www.joliehistoire.com\/be\/blog-be\/photos-fiancailles-lifestyle-velo\/"},"wordCount":495,"image":{"@id":"https:\/\/www.joliehistoire.com\/be\/blog-be\/photos-fiancailles-lifestyle-velo\/#primaryimage"},"thumbnailUrl":"https:\/\/www.joliehistoire.com\/wp-content\/uploads\/2016\/05\/demande-en-mariage-sur-un-velo-au-luxembourg.jpg","articleSection":["blog"],"inLanguage":"fr-BE"},{"@type":"WebPage","@id":"https:\/\/www.joliehistoire.com\/be\/blog-be\/photos-fiancailles-lifestyle-velo\/","url":"https:\/\/www.joliehistoire.com\/be\/blog-be\/photos-fiancailles-lifestyle-velo\/","name":"S\u00e9ance fian\u00e7ailles lifestyle avec Alexandra, Viki et son v\u00e9lo.","isPartOf":{"@id":"https:\/\/www.joliehistoire.com\/#website"},"primaryImageOfPage":{"@id":"https:\/\/www.joliehistoire.com\/be\/blog-be\/photos-fiancailles-lifestyle-velo\/#primaryimage"},"image":{"@id":"https:\/\/www.joliehistoire.com\/be\/blog-be\/photos-fiancailles-lifestyle-velo\/#primaryimage"},"thumbnailUrl":"https:\/\/www.joliehistoire.com\/wp-content\/uploads\/2016\/05\/demande-en-mariage-sur-un-velo-au-luxembourg.jpg","datePublished":"2016-06-14T12:34:24+00:00","dateModified":"2019-02-03T00:16:26+00:00","author":{"@id":"https:\/\/www.joliehistoire.com\/#\/schema\/person\/bd008c25130122120b7a541135b27f8b"},"description":"Voici la s\u00e9ance fian\u00e7ailles lifestyle d'Alexandra et Viki au Luxembourg. Champion du monde de BMX Flatland, Viki avait amen\u00e9 son v\u00e9lo avec lui.","breadcrumb":{"@id":"https:\/\/www.joliehistoire.com\/be\/blog-be\/photos-fiancailles-lifestyle-velo\/#breadcrumb"},"inLanguage":"fr-BE","potentialAction":[{"@type":"ReadAction","target":["https:\/\/www.joliehistoire.com\/be\/blog-be\/photos-fiancailles-lifestyle-velo\/"]}]},{"@type":"ImageObject","inLanguage":"fr-BE","@id":"https:\/\/www.joliehistoire.com\/be\/blog-be\/photos-fiancailles-lifestyle-velo\/#primaryimage","url":"https:\/\/www.joliehistoire.com\/wp-content\/uploads\/2016\/05\/demande-en-mariage-sur-un-velo-au-luxembourg.jpg","contentUrl":"https:\/\/www.joliehistoire.com\/wp-content\/uploads\/2016\/05\/demande-en-mariage-sur-un-velo-au-luxembourg.jpg","width":966,"height":643},{"@type":"BreadcrumbList","@id":"https:\/\/www.joliehistoire.com\/be\/blog-be\/photos-fiancailles-lifestyle-velo\/#breadcrumb","itemListElement":[{"@type":"ListItem","position":1,"name":"Home","item":"https:\/\/www.joliehistoire.com\/be\/"},{"@type":"ListItem","position":2,"name":"S\u00e9ance fian\u00e7ailles lifestyle \u00e0 v\u00e9lo"}]},{"@type":"WebSite","@id":"https:\/\/www.joliehistoire.com\/#website","url":"https:\/\/www.joliehistoire.com\/","name":"joliehistoire","description":"wedding photographer","potentialAction":[{"@type":"SearchAction","target":{"@type":"EntryPoint","urlTemplate":"https:\/\/www.joliehistoire.com\/?s={search_term_string}"},"query-input":{"@type":"PropertyValueSpecification","valueRequired":true,"valueName":"search_term_string"}}],"inLanguage":"fr-BE"},{"@type":"Person","@id":"https:\/\/www.joliehistoire.com\/#\/schema\/person\/bd008c25130122120b7a541135b27f8b","name":"photographe luxembourg","image":{"@type":"ImageObject","inLanguage":"fr-BE","@id":"https:\/\/secure.gravatar.com\/avatar\/03679d8c33ffd4c1861f7eb3f232c608660617a0925ee9f5edb0d1de0df20058?s=96&d=mm&r=g","url":"https:\/\/secure.gravatar.com\/avatar\/03679d8c33ffd4c1861f7eb3f232c608660617a0925ee9f5edb0d1de0df20058?s=96&d=mm&r=g","contentUrl":"https:\/\/secure.gravatar.com\/avatar\/03679d8c33ffd4c1861f7eb3f232c608660617a0925ee9f5edb0d1de0df20058?s=96&d=mm&r=g","caption":"photographe luxembourg"}}]}},"_links":{"self":[{"href":"https:\/\/www.joliehistoire.com\/be\/wp-json\/wp\/v2\/posts\/14085\/"}],"collection":[{"href":"https:\/\/www.joliehistoire.com\/be\/wp-json\/wp\/v2\/posts\/"}],"about":[{"href":"https:\/\/www.joliehistoire.com\/be\/wp-json\/wp\/v2\/types\/post\/"}],"author":[{"embeddable":true,"href":"https:\/\/www.joliehistoire.com\/be\/wp-json\/wp\/v2\/users\/1\/"}],"replies":[{"embeddable":true,"href":"https:\/\/www.joliehistoire.com\/be\/wp-json\/wp\/v2\/comments\/?post=14085"}],"version-history":[{"count":1,"href":"https:\/\/www.joliehistoire.com\/be\/wp-json\/wp\/v2\/posts\/14085\/revisions\/"}],"predecessor-version":[{"id":14088,"href":"https:\/\/www.joliehistoire.com\/be\/wp-json\/wp\/v2\/posts\/14085\/revisions\/14088\/"}],"wp:featuredmedia":[{"embeddable":true,"href":"https:\/\/www.joliehistoire.com\/be\/wp-json\/wp\/v2\/media\/13750\/"}],"wp:attachment":[{"href":"https:\/\/www.joliehistoire.com\/be\/wp-json\/wp\/v2\/media\/?parent=14085"}],"wp:term":[{"taxonomy":"category","embeddable":true,"href":"https:\/\/www.joliehistoire.com\/be\/wp-json\/wp\/v2\/categories\/?post=14085"},{"taxonomy":"post_tag","embeddable":true,"href":"https:\/\/www.joliehistoire.com\/be\/wp-json\/wp\/v2\/tags\/?post=14085"}],"curies":[{"name":"wp","href":"https:\/\/api.w.org\/{rel}","templated":true}]}}